{"id":85926,"date":"2015-05-24T00:00:10","date_gmt":"2015-05-24T03:00:10","guid":{"rendered":"http:\/\/franciscanos.org.br\/?p=85926"},"modified":"2019-10-30T13:19:50","modified_gmt":"2019-10-30T16:19:50","slug":"as-manifestacoes-visiveis-do-espirito-invisivel","status":"publish","type":"post","link":"https:\/\/franciscanos.org.br\/noticias\/as-manifestacoes-visiveis-do-espirito-invisivel.html","title":{"rendered":"As manifesta\u00e7\u00f5es vis\u00edveis do Esp\u00edrito invis\u00edvel"},"content":{"rendered":"<p><img loading=\"lazy\" src=\"https:\/\/franciscanos.org.br\/noticias\/wp-content\/uploads\/2015\/05\/pentecoses-820.jpg\" alt=\"\" width=\"820\" height=\"356\" \/><\/p>\n<p><strong>Frei Gustavo Medella<\/strong><\/p>\n<p>Deus: fogo, vento, sopro. Deus em movimento, Deus Esp\u00edrito Santo. Todas as manifesta\u00e7\u00f5es da terceira pessoa da Sant\u00edssima Trindade apresentam a figura de um Deus surpreendente, multifacetado, que n\u00e3o se deixa aprisionar pelos esquemas humanos. \u00c9 o Esp\u00edrito da Verdade entregue pelo Pai e pelo Filho \u00e0 comunidade, a fim de que ela permane\u00e7a fiel \u00e0 miss\u00e3o que Jesus lhe confiou.<\/p>\n<p>Embora invis\u00edvel, o Esp\u00edrito Santo apresenta manifesta\u00e7\u00f5es muito vis\u00edveis que, ao contr\u00e1rio do que se possa imaginar, n\u00e3o se apoia principalmente em epis\u00f3dios de \u00eaxtase coletivo, de forte apelo emocional, mas no dia a dia discreto e silencioso de fam\u00edlias e comunidades que fazem o amor acontecer. Basta uma leitura atenta da \u201cSequ\u00eancia de Pentecostes\u201d para se ter ideia das variadas formas que o Esp\u00edrito se faz presen\u00e7a concreta:<\/p>\n<p><strong>Consolo que acalma, al\u00edvio nas afli\u00e7\u00f5es<\/strong> \u2013 Sempre que um filho de Deus ou uma comunidade de f\u00e9 se mobiliza em oferecer apoio a quem se encontra aflito ou desesperado, atrav\u00e9s de um abra\u00e7o fraterno, da disposi\u00e7\u00e3o para escutar, do interesse pelo drama do outro, eis que o Esp\u00edrito se manifesta.<\/p>\n<p><strong>Pai dos pobres, aquele que aquece o frio<\/strong> \u2013 A comunidade de f\u00e9 que se desdobra para atender aos necessitados, de alimento, de agasalho, de calor humano, de dignidade, \u00e9 manifesta\u00e7\u00e3o viva e efetiva do Esp\u00edrito de Deus agindo entre os seus.<\/p>\n<p><strong>Cura para os doentes<\/strong> \u2013 Nos hospitais e casas de sa\u00fade, nos lares de idosos, nos centros de recupera\u00e7\u00e3o, nas casas de fam\u00edlia, o Esp\u00edrito se apresenta da disposi\u00e7\u00e3o comprometida de quem se desdobra no cuidado daquele que padece de enfermidades, sejam elas do corpo, da alma, do esp\u00edrito.<\/p>\n<p><strong>Aquele que dobra o que \u00e9 duro<\/strong> \u2013 Em cada epis\u00f3dio de di\u00e1logo, de perd\u00e3o, de reconcilia\u00e7\u00e3o \u00e9 o Esp\u00edrito de Deus que amolece os cora\u00e7\u00f5es, que disp\u00f5e as pessoas ao encontro e ao m\u00faltiplo entendimento, conforme aparece no epis\u00f3dio dos Atos dos Ap\u00f3stolos (At 2,1-11).<\/p>\n<p>Estes s\u00e3o alguns exemplos pr\u00e1ticos da manifesta\u00e7\u00e3o concreta do Esp\u00edrito na vida das pessoas e das comunidades. \u00c9 a criatividade de Deus em a\u00e7\u00e3o, suscitando no seio da Igreja diversos carismas e minist\u00e9rios, como relata S\u00e3o Paulo na Primeira Carta aos Cor\u00edntios (1Cor 12,3b-7.12-13).<\/p>\n<p>Ao soprar sobre os Ap\u00f3stolos, Jesus retoma o sopro criador do Pai narrado no Livro do G\u00eanesis, o sopro que convida o ser humano \u00e0 vida. Jesus chama seu povo \u00e0 vida nova de quem renasce no Esp\u00edrito e, gratamente, se sente enviado a levar esta maravilhosa novidade que Deus entrega gratuitamente a seus filhos e filhas.<\/p>\n","protected":false},"excerpt":{"rendered":"<p>Liturgia Dominical<\/p>\n","protected":false},"author":1,"featured_media":213084,"comment_status":"open","ping_status":"open","sticky":false,"template":"","format":"standard","meta":[],"categories":[1],"tags":[537],"acf":[],"yoast_head":"<!-- This site is optimized with the Yoast SEO plugin v19.2 - https:\/\/yoast.com\/wordpress\/plugins\/seo\/ -->\n<title>As manifesta\u00e7\u00f5es vis\u00edveis do Esp\u00edrito invis\u00edvel - Not\u00edcias - Franciscanos<\/title>\n<meta name=\"robots\" content=\"index, follow, max-snippet:-1, max-image-preview:large, max-video-preview:-1\" \/>\n<link rel=\"canonical\" href=\"https:\/\/franciscanos.org.br\/noticias\/as-manifestacoes-visiveis-do-espirito-invisivel.html\" \/>\n<meta property=\"og:locale\" content=\"pt_BR\" \/>\n<meta property=\"og:type\" content=\"article\" \/>\n<meta property=\"og:title\" content=\"As manifesta\u00e7\u00f5es vis\u00edveis do Esp\u00edrito invis\u00edvel - Not\u00edcias - Franciscanos\" \/>\n<meta property=\"og:description\" content=\"Liturgia Dominical\" \/>\n<meta property=\"og:url\" content=\"https:\/\/franciscanos.org.br\/noticias\/as-manifestacoes-visiveis-do-espirito-invisivel.html\" \/>\n<meta property=\"og:site_name\" content=\"Not\u00edcias - Franciscanos\" \/>\n<meta property=\"article:published_time\" content=\"2015-05-24T03:00:10+00:00\" \/>\n<meta property=\"article:modified_time\" content=\"2019-10-30T16:19:50+00:00\" \/>\n<meta property=\"og:image\" content=\"https:\/\/franciscanos.org.br\/noticias\/wp-content\/uploads\/2015\/05\/pentecoses-820-2.jpg\" \/>\n\t<meta property=\"og:image:width\" content=\"273\" \/>\n\t<meta property=\"og:image:height\" content=\"181\" \/>\n\t<meta property=\"og:image:type\" content=\"image\/jpeg\" \/>\n<meta name=\"author\" content=\"admin\" \/>\n<meta name=\"twitter:card\" content=\"summary_large_image\" \/>\n<meta name=\"twitter:label1\" content=\"Escrito por\" \/>\n\t<meta name=\"twitter:data1\" content=\"admin\" \/>\n\t<meta name=\"twitter:label2\" content=\"Est. tempo de leitura\" \/>\n\t<meta name=\"twitter:data2\" content=\"2 minutos\" \/>\n<script type=\"application\/ld+json\" class=\"yoast-schema-graph\">{\"@context\":\"https:\/\/schema.org\",\"@graph\":[{\"@type\":\"WebSite\",\"@id\":\"https:\/\/franciscanos.org.br\/noticias\/#website\",\"url\":\"https:\/\/franciscanos.org.br\/noticias\/\",\"name\":\"Not\u00edcias - Franciscanos\",\"description\":\"Prov\u00edncia Franciscana da Imaculada Concei\u00e7\u00e3o do Brasil - Ordem dos Frades Menores - OFM\",\"potentialAction\":[{\"@type\":\"SearchAction\",\"target\":{\"@type\":\"EntryPoint\",\"urlTemplate\":\"https:\/\/franciscanos.org.br\/noticias\/?s={search_term_string}\"},\"query-input\":\"required name=search_term_string\"}],\"inLanguage\":\"pt-BR\"},{\"@type\":\"ImageObject\",\"inLanguage\":\"pt-BR\",\"@id\":\"https:\/\/franciscanos.org.br\/noticias\/as-manifestacoes-visiveis-do-espirito-invisivel.html#primaryimage\",\"url\":\"https:\/\/franciscanos.org.br\/noticias\/wp-content\/uploads\/2015\/05\/pentecoses-820-2.jpg\",\"contentUrl\":\"https:\/\/franciscanos.org.br\/noticias\/wp-content\/uploads\/2015\/05\/pentecoses-820-2.jpg\",\"width\":273,\"height\":181},{\"@type\":\"WebPage\",\"@id\":\"https:\/\/franciscanos.org.br\/noticias\/as-manifestacoes-visiveis-do-espirito-invisivel.html#webpage\",\"url\":\"https:\/\/franciscanos.org.br\/noticias\/as-manifestacoes-visiveis-do-espirito-invisivel.html\",\"name\":\"As manifesta\u00e7\u00f5es vis\u00edveis do Esp\u00edrito invis\u00edvel - Not\u00edcias - Franciscanos\",\"isPartOf\":{\"@id\":\"https:\/\/franciscanos.org.br\/noticias\/#website\"},\"primaryImageOfPage\":{\"@id\":\"https:\/\/franciscanos.org.br\/noticias\/as-manifestacoes-visiveis-do-espirito-invisivel.html#primaryimage\"},\"datePublished\":\"2015-05-24T03:00:10+00:00\",\"dateModified\":\"2019-10-30T16:19:50+00:00\",\"author\":{\"@id\":\"https:\/\/franciscanos.org.br\/noticias\/#\/schema\/person\/b38fbf43118f02820bd932f2e4b14ad3\"},\"breadcrumb\":{\"@id\":\"https:\/\/franciscanos.org.br\/noticias\/as-manifestacoes-visiveis-do-espirito-invisivel.html#breadcrumb\"},\"inLanguage\":\"pt-BR\",\"potentialAction\":[{\"@type\":\"ReadAction\",\"target\":[\"https:\/\/franciscanos.org.br\/noticias\/as-manifestacoes-visiveis-do-espirito-invisivel.html\"]}]},{\"@type\":\"BreadcrumbList\",\"@id\":\"https:\/\/franciscanos.org.br\/noticias\/as-manifestacoes-visiveis-do-espirito-invisivel.html#breadcrumb\",\"itemListElement\":[{\"@type\":\"ListItem\",\"position\":1,\"name\":\"Home\",\"item\":\"https:\/\/franciscanos.org.br\/noticias\"},{\"@type\":\"ListItem\",\"position\":2,\"name\":\"As manifesta\u00e7\u00f5es vis\u00edveis do Esp\u00edrito invis\u00edvel\"}]},{\"@type\":\"Person\",\"@id\":\"https:\/\/franciscanos.org.br\/noticias\/#\/schema\/person\/b38fbf43118f02820bd932f2e4b14ad3\",\"name\":\"admin\",\"image\":{\"@type\":\"ImageObject\",\"inLanguage\":\"pt-BR\",\"@id\":\"https:\/\/franciscanos.org.br\/noticias\/#\/schema\/person\/image\/\",\"url\":\"https:\/\/secure.gravatar.com\/avatar\/e8495742d34d0ba6448ea1c628263b3e?s=96&d=mm&r=g\",\"contentUrl\":\"https:\/\/secure.gravatar.com\/avatar\/e8495742d34d0ba6448ea1c628263b3e?s=96&d=mm&r=g\",\"caption\":\"admin\"},\"url\":\"https:\/\/franciscanos.org.br\/noticias\/author\/admin\"}]}<\/script>\n<!-- \/ Yoast SEO plugin. -->","yoast_head_json":{"title":"As manifesta\u00e7\u00f5es vis\u00edveis do Esp\u00edrito invis\u00edvel - Not\u00edcias - Franciscanos","robots":{"index":"index","follow":"follow","max-snippet":"max-snippet:-1","max-image-preview":"max-image-preview:large","max-video-preview":"max-video-preview:-1"},"canonical":"https:\/\/franciscanos.org.br\/noticias\/as-manifestacoes-visiveis-do-espirito-invisivel.html","og_locale":"pt_BR","og_type":"article","og_title":"As manifesta\u00e7\u00f5es vis\u00edveis do Esp\u00edrito invis\u00edvel - Not\u00edcias - Franciscanos","og_description":"Liturgia Dominical","og_url":"https:\/\/franciscanos.org.br\/noticias\/as-manifestacoes-visiveis-do-espirito-invisivel.html","og_site_name":"Not\u00edcias - Franciscanos","article_published_time":"2015-05-24T03:00:10+00:00","article_modified_time":"2019-10-30T16:19:50+00:00","og_image":[{"width":273,"height":181,"url":"https:\/\/franciscanos.org.br\/noticias\/wp-content\/uploads\/2015\/05\/pentecoses-820-2.jpg","type":"image\/jpeg"}],"author":"admin","twitter_card":"summary_large_image","twitter_misc":{"Escrito por":"admin","Est. tempo de leitura":"2 minutos"},"schema":{"@context":"https:\/\/schema.org","@graph":[{"@type":"WebSite","@id":"https:\/\/franciscanos.org.br\/noticias\/#website","url":"https:\/\/franciscanos.org.br\/noticias\/","name":"Not\u00edcias - Franciscanos","description":"Prov\u00edncia Franciscana da Imaculada Concei\u00e7\u00e3o do Brasil - Ordem dos Frades Menores - OFM","potentialAction":[{"@type":"SearchAction","target":{"@type":"EntryPoint","urlTemplate":"https:\/\/franciscanos.org.br\/noticias\/?s={search_term_string}"},"query-input":"required name=search_term_string"}],"inLanguage":"pt-BR"},{"@type":"ImageObject","inLanguage":"pt-BR","@id":"https:\/\/franciscanos.org.br\/noticias\/as-manifestacoes-visiveis-do-espirito-invisivel.html#primaryimage","url":"https:\/\/franciscanos.org.br\/noticias\/wp-content\/uploads\/2015\/05\/pentecoses-820-2.jpg","contentUrl":"https:\/\/franciscanos.org.br\/noticias\/wp-content\/uploads\/2015\/05\/pentecoses-820-2.jpg","width":273,"height":181},{"@type":"WebPage","@id":"https:\/\/franciscanos.org.br\/noticias\/as-manifestacoes-visiveis-do-espirito-invisivel.html#webpage","url":"https:\/\/franciscanos.org.br\/noticias\/as-manifestacoes-visiveis-do-espirito-invisivel.html","name":"As manifesta\u00e7\u00f5es vis\u00edveis do Esp\u00edrito invis\u00edvel - Not\u00edcias - Franciscanos","isPartOf":{"@id":"https:\/\/franciscanos.org.br\/noticias\/#website"},"primaryImageOfPage":{"@id":"https:\/\/franciscanos.org.br\/noticias\/as-manifestacoes-visiveis-do-espirito-invisivel.html#primaryimage"},"datePublished":"2015-05-24T03:00:10+00:00","dateModified":"2019-10-30T16:19:50+00:00","author":{"@id":"https:\/\/franciscanos.org.br\/noticias\/#\/schema\/person\/b38fbf43118f02820bd932f2e4b14ad3"},"breadcrumb":{"@id":"https:\/\/franciscanos.org.br\/noticias\/as-manifestacoes-visiveis-do-espirito-invisivel.html#breadcrumb"},"inLanguage":"pt-BR","potentialAction":[{"@type":"ReadAction","target":["https:\/\/franciscanos.org.br\/noticias\/as-manifestacoes-visiveis-do-espirito-invisivel.html"]}]},{"@type":"BreadcrumbList","@id":"https:\/\/franciscanos.org.br\/noticias\/as-manifestacoes-visiveis-do-espirito-invisivel.html#breadcrumb","itemListElement":[{"@type":"ListItem","position":1,"name":"Home","item":"https:\/\/franciscanos.org.br\/noticias"},{"@type":"ListItem","position":2,"name":"As manifesta\u00e7\u00f5es vis\u00edveis do Esp\u00edrito invis\u00edvel"}]},{"@type":"Person","@id":"https:\/\/franciscanos.org.br\/noticias\/#\/schema\/person\/b38fbf43118f02820bd932f2e4b14ad3","name":"admin","image":{"@type":"ImageObject","inLanguage":"pt-BR","@id":"https:\/\/franciscanos.org.br\/noticias\/#\/schema\/person\/image\/","url":"https:\/\/secure.gravatar.com\/avatar\/e8495742d34d0ba6448ea1c628263b3e?s=96&d=mm&r=g","contentUrl":"https:\/\/secure.gravatar.com\/avatar\/e8495742d34d0ba6448ea1c628263b3e?s=96&d=mm&r=g","caption":"admin"},"url":"https:\/\/franciscanos.org.br\/noticias\/author\/admin"}]}},"_links":{"self":[{"href":"https:\/\/franciscanos.org.br\/noticias\/wp-json\/wp\/v2\/posts\/85926"}],"collection":[{"href":"https:\/\/franciscanos.org.br\/noticias\/wp-json\/wp\/v2\/posts"}],"about":[{"href":"https:\/\/franciscanos.org.br\/noticias\/wp-json\/wp\/v2\/types\/post"}],"author":[{"embeddable":true,"href":"https:\/\/franciscanos.org.br\/noticias\/wp-json\/wp\/v2\/users\/1"}],"replies":[{"embeddable":true,"href":"https:\/\/franciscanos.org.br\/noticias\/wp-json\/wp\/v2\/comments?post=85926"}],"version-history":[{"count":0,"href":"https:\/\/franciscanos.org.br\/noticias\/wp-json\/wp\/v2\/posts\/85926\/revisions"}],"wp:featuredmedia":[{"embeddable":true,"href":"https:\/\/franciscanos.org.br\/noticias\/wp-json\/wp\/v2\/media\/213084"}],"wp:attachment":[{"href":"https:\/\/franciscanos.org.br\/noticias\/wp-json\/wp\/v2\/media?parent=85926"}],"wp:term":[{"taxonomy":"category","embeddable":true,"href":"https:\/\/franciscanos.org.br\/noticias\/wp-json\/wp\/v2\/categories?post=85926"},{"taxonomy":"post_tag","embeddable":true,"href":"https:\/\/franciscanos.org.br\/noticias\/wp-json\/wp\/v2\/tags?post=85926"}],"curies":[{"name":"wp","href":"https:\/\/api.w.org\/{rel}","templated":true}]}}