{"id":85794,"date":"2015-05-21T06:00:38","date_gmt":"2015-05-21T09:00:38","guid":{"rendered":"http:\/\/franciscanos.org.br\/?p=85794"},"modified":"2020-06-10T15:31:00","modified_gmt":"2020-06-10T18:31:00","slug":"presenca-no-jubileu-de-prata-do-jornal-pilar","status":"publish","type":"post","link":"https:\/\/franciscanos.org.br\/noticias\/presenca-no-jubileu-de-prata-do-jornal-pilar.html","title":{"rendered":"Presen\u00e7a no jubileu de prata do jornal \u201cPilar\u201d"},"content":{"rendered":"<p><a href=\"http:\/\/franciscanos.org.br\/wp-content\/uploads\/2015\/05\/pilar.jpg\"><img loading=\"lazy\" class=\"alignright size-full wp-image-85820\" src=\"http:\/\/franciscanos.org.br\/wp-content\/uploads\/2015\/05\/pilar.jpg\" alt=\"pilar\" width=\"450\" height=\"338\" \/><\/a>O anivers\u00e1rio de 25 anos do jornal \u201cPilar&#8221;, \u00f3rg\u00e3o oficial da Diocese de Duque de Caxias (RJ), foi comemorado no \u00faltimo domingo, Solenidade da Ascens\u00e3o do Senhor, com celebra\u00e7\u00e3o de missa e caf\u00e9 da manh\u00e3 que reuniu padres, di\u00e1conos, e agentes da Pastoral da Comunica\u00e7\u00e3o (PASCOM) de diferentes par\u00f3quias da diocese.<\/p>\n<p>A celebra\u00e7\u00e3o aconteceu na Catedral Santo Ant\u00f4nio e foi presidida por Dom Tarc\u00edsio Nascentes dos Santos, bispo diocesano. O diretor do jornal, padre Daniel Felix, tamb\u00e9m esteve presente na missa comemorativa, assim como os padres Marcos Bejarano, ex-diretor do jornal, e os di\u00e1conos permanentes, Adilson Ger\u00f4ncio e Jos\u00e9 Eduardo Soares (assessor da Pastoral da Comunica\u00e7\u00e3o da Par\u00f3quia Santo Ant\u00f4nio).<\/p>\n<p>Em sua homilia, Dom Tarc\u00edsio ressaltou o fato de o jornal ser um instrumento a servi\u00e7o da vida, da pastoral de conjunto, do di\u00e1logo e da comunh\u00e3o na diocese. Para o prelado, a Igreja \u00e9 interpelada pelas mudan\u00e7as trazidas \u00e0 sociedade contempor\u00e2nea pela revolu\u00e7\u00e3o digital e, em meio \u00e0 diversidade de possibilidades de sua atua\u00e7\u00e3o no campo da comunica\u00e7\u00e3o e reconhece o grande desafio de promover uma presen\u00e7a eficaz dos organismos eclesiais neste cen\u00e1rio marcado pelo forte presen\u00e7a dos Meios de Comunica\u00e7\u00e3o Social.<\/p>\n<p>A Fraternidade Santo Ant\u00f4nio de Duque de Caxias, vinculada a Ordem Franciscana do Brasil (OFS), possui\u00a0 irm\u00e3os que integram a Pastoral da Comunica\u00e7\u00e3o da Catedral de Santo Ant\u00f4nio e esteve presente a celebra\u00e7\u00e3o para a cobrir o evento do jubileu de prata e destacou que mesmo antes da exist\u00eancia do jornal paroquial Folha do Padroeiro as not\u00edcias dos grupos e pastorais, mesmo as pequenas e simples, sempre tiveram espa\u00e7o nas p\u00e1ginas do jornal e que essa parceria se tornou um grande diferencial ao longo dos 25 anos de hist\u00f3ria do jornal na Baixada Fluminense.<\/p>\n<p><strong><a href=\"http:\/\/franciscanos.org.br\/wp-content\/uploads\/2015\/05\/povo_rua.jpg\"><img loading=\"lazy\" class=\"alignleft size-full wp-image-85817\" src=\"http:\/\/franciscanos.org.br\/wp-content\/uploads\/2015\/05\/povo_rua.jpg\" alt=\"povo_rua\" width=\"450\" height=\"253\" \/><\/a>OFS participa da Assembleia Nacional da Pastoral do Povo da Rua<\/strong><\/p>\n<p>A Pastoral do Povo da Rua (PPR), reunida na II Assembleia Nacional, de 15 a 17 de maio, reelegeu o bispo de Pesqueira (PE), Dom Jos\u00e9 Luiz Ferreira Sales, como referencial da Pastoral. No evento, realizado em Aparecida (SP), tamb\u00e9m foram escolhidos os membros da nova coordena\u00e7\u00e3o que tamb\u00e9m \u00e9 composta por Solange Dami\u00e3o (coordenadora), Regina Manoel (vice-coordenadora) e Gladston Figueiredo (secret\u00e1rio).<\/p>\n<p>Na oportunidade, a Pastoral do Povo da Rua fez uma reflex\u00e3o sobre a espiritualidade junto ao povo da rua e catadores, que \u201cdeve ser marcada pelo amor-servi\u00e7o aos mais pobres e abandonados\u201d. A proposta de trabalho da Pastoral busca ajudar a Igreja a estar nas \u201csitua\u00e7\u00f5es mais extremas de abando social\u201d, de maneira a efetivar a \u201cpresen\u00e7a transformadora da Igreja na sociedade\u201d por meio das Pastorais Sociais.<\/p>\n<p>A Fraternidade Santo Ant\u00f4nio de Duque de Caxias (RJ), vinculada \u00e0 Ordem Franciscana Secular do Brasil (OFS), participou da assembleia e foi representada pela irm\u00e3 Alcicleia Gomes Maciel Sanuto, que integrou a delega\u00e7\u00e3o do Regional Leste 1 da CNBB. Alcicleia Sanuto tamb\u00e9m integra a coordena\u00e7\u00e3o da Pastoral da Pastoral do Povo da Rua da Catedral Santo Ant\u00f4nio.<\/p>\n","protected":false},"excerpt":{"rendered":"<p>OFS Duque de Caxias<\/p>\n","protected":false},"author":1,"featured_media":200911,"comment_status":"open","ping_status":"open","sticky":false,"template":"","format":"standard","meta":[],"categories":[1],"tags":[60],"acf":[],"yoast_head":"<!-- This site is optimized with the Yoast SEO plugin v19.2 - https:\/\/yoast.com\/wordpress\/plugins\/seo\/ -->\n<title>Presen\u00e7a no jubileu de prata do jornal \u201cPilar\u201d - Not\u00edcias - Franciscanos<\/title>\n<meta name=\"robots\" content=\"index, follow, max-snippet:-1, max-image-preview:large, max-video-preview:-1\" \/>\n<link rel=\"canonical\" href=\"https:\/\/franciscanos.org.br\/noticias\/presenca-no-jubileu-de-prata-do-jornal-pilar.html\" \/>\n<meta property=\"og:locale\" content=\"pt_BR\" \/>\n<meta property=\"og:type\" content=\"article\" \/>\n<meta property=\"og:title\" content=\"Presen\u00e7a no jubileu de prata do jornal \u201cPilar\u201d - Not\u00edcias - Franciscanos\" \/>\n<meta property=\"og:description\" content=\"OFS Duque de Caxias\" \/>\n<meta property=\"og:url\" content=\"https:\/\/franciscanos.org.br\/noticias\/presenca-no-jubileu-de-prata-do-jornal-pilar.html\" \/>\n<meta property=\"og:site_name\" content=\"Not\u00edcias - Franciscanos\" \/>\n<meta property=\"article:published_time\" content=\"2015-05-21T09:00:38+00:00\" \/>\n<meta property=\"article:modified_time\" content=\"2020-06-10T18:31:00+00:00\" \/>\n<meta property=\"og:image\" content=\"https:\/\/franciscanos.org.br\/noticias\/wp-content\/uploads\/2015\/05\/pilar.jpg\" \/>\n\t<meta property=\"og:image:width\" content=\"273\" \/>\n\t<meta property=\"og:image:height\" content=\"181\" \/>\n\t<meta property=\"og:image:type\" content=\"image\/jpeg\" \/>\n<meta name=\"author\" content=\"admin\" \/>\n<meta name=\"twitter:card\" content=\"summary_large_image\" \/>\n<meta name=\"twitter:label1\" content=\"Escrito por\" \/>\n\t<meta name=\"twitter:data1\" content=\"admin\" \/>\n\t<meta name=\"twitter:label2\" content=\"Est. tempo de leitura\" \/>\n\t<meta name=\"twitter:data2\" content=\"3 minutos\" \/>\n<script type=\"application\/ld+json\" class=\"yoast-schema-graph\">{\"@context\":\"https:\/\/schema.org\",\"@graph\":[{\"@type\":\"WebSite\",\"@id\":\"https:\/\/franciscanos.org.br\/noticias\/#website\",\"url\":\"https:\/\/franciscanos.org.br\/noticias\/\",\"name\":\"Not\u00edcias - Franciscanos\",\"description\":\"Prov\u00edncia Franciscana da Imaculada Concei\u00e7\u00e3o do Brasil - Ordem dos Frades Menores - OFM\",\"potentialAction\":[{\"@type\":\"SearchAction\",\"target\":{\"@type\":\"EntryPoint\",\"urlTemplate\":\"https:\/\/franciscanos.org.br\/noticias\/?s={search_term_string}\"},\"query-input\":\"required name=search_term_string\"}],\"inLanguage\":\"pt-BR\"},{\"@type\":\"ImageObject\",\"inLanguage\":\"pt-BR\",\"@id\":\"https:\/\/franciscanos.org.br\/noticias\/presenca-no-jubileu-de-prata-do-jornal-pilar.html#primaryimage\",\"url\":\"https:\/\/franciscanos.org.br\/noticias\/wp-content\/uploads\/2015\/05\/pilar.jpg\",\"contentUrl\":\"https:\/\/franciscanos.org.br\/noticias\/wp-content\/uploads\/2015\/05\/pilar.jpg\",\"width\":273,\"height\":181},{\"@type\":\"WebPage\",\"@id\":\"https:\/\/franciscanos.org.br\/noticias\/presenca-no-jubileu-de-prata-do-jornal-pilar.html#webpage\",\"url\":\"https:\/\/franciscanos.org.br\/noticias\/presenca-no-jubileu-de-prata-do-jornal-pilar.html\",\"name\":\"Presen\u00e7a no jubileu de prata do jornal \u201cPilar\u201d - Not\u00edcias - Franciscanos\",\"isPartOf\":{\"@id\":\"https:\/\/franciscanos.org.br\/noticias\/#website\"},\"primaryImageOfPage\":{\"@id\":\"https:\/\/franciscanos.org.br\/noticias\/presenca-no-jubileu-de-prata-do-jornal-pilar.html#primaryimage\"},\"datePublished\":\"2015-05-21T09:00:38+00:00\",\"dateModified\":\"2020-06-10T18:31:00+00:00\",\"author\":{\"@id\":\"https:\/\/franciscanos.org.br\/noticias\/#\/schema\/person\/b38fbf43118f02820bd932f2e4b14ad3\"},\"breadcrumb\":{\"@id\":\"https:\/\/franciscanos.org.br\/noticias\/presenca-no-jubileu-de-prata-do-jornal-pilar.html#breadcrumb\"},\"inLanguage\":\"pt-BR\",\"potentialAction\":[{\"@type\":\"ReadAction\",\"target\":[\"https:\/\/franciscanos.org.br\/noticias\/presenca-no-jubileu-de-prata-do-jornal-pilar.html\"]}]},{\"@type\":\"BreadcrumbList\",\"@id\":\"https:\/\/franciscanos.org.br\/noticias\/presenca-no-jubileu-de-prata-do-jornal-pilar.html#breadcrumb\",\"itemListElement\":[{\"@type\":\"ListItem\",\"position\":1,\"name\":\"Home\",\"item\":\"https:\/\/franciscanos.org.br\/noticias\"},{\"@type\":\"ListItem\",\"position\":2,\"name\":\"Presen\u00e7a no jubileu de prata do jornal \u201cPilar\u201d\"}]},{\"@type\":\"Person\",\"@id\":\"https:\/\/franciscanos.org.br\/noticias\/#\/schema\/person\/b38fbf43118f02820bd932f2e4b14ad3\",\"name\":\"admin\",\"image\":{\"@type\":\"ImageObject\",\"inLanguage\":\"pt-BR\",\"@id\":\"https:\/\/franciscanos.org.br\/noticias\/#\/schema\/person\/image\/\",\"url\":\"https:\/\/secure.gravatar.com\/avatar\/e8495742d34d0ba6448ea1c628263b3e?s=96&d=mm&r=g\",\"contentUrl\":\"https:\/\/secure.gravatar.com\/avatar\/e8495742d34d0ba6448ea1c628263b3e?s=96&d=mm&r=g\",\"caption\":\"admin\"},\"url\":\"https:\/\/franciscanos.org.br\/noticias\/author\/admin\"}]}<\/script>\n<!-- \/ Yoast SEO plugin. -->","yoast_head_json":{"title":"Presen\u00e7a no jubileu de prata do jornal \u201cPilar\u201d - Not\u00edcias - Franciscanos","robots":{"index":"index","follow":"follow","max-snippet":"max-snippet:-1","max-image-preview":"max-image-preview:large","max-video-preview":"max-video-preview:-1"},"canonical":"https:\/\/franciscanos.org.br\/noticias\/presenca-no-jubileu-de-prata-do-jornal-pilar.html","og_locale":"pt_BR","og_type":"article","og_title":"Presen\u00e7a no jubileu de prata do jornal \u201cPilar\u201d - Not\u00edcias - Franciscanos","og_description":"OFS Duque de Caxias","og_url":"https:\/\/franciscanos.org.br\/noticias\/presenca-no-jubileu-de-prata-do-jornal-pilar.html","og_site_name":"Not\u00edcias - Franciscanos","article_published_time":"2015-05-21T09:00:38+00:00","article_modified_time":"2020-06-10T18:31:00+00:00","og_image":[{"width":273,"height":181,"url":"https:\/\/franciscanos.org.br\/noticias\/wp-content\/uploads\/2015\/05\/pilar.jpg","type":"image\/jpeg"}],"author":"admin","twitter_card":"summary_large_image","twitter_misc":{"Escrito por":"admin","Est. tempo de leitura":"3 minutos"},"schema":{"@context":"https:\/\/schema.org","@graph":[{"@type":"WebSite","@id":"https:\/\/franciscanos.org.br\/noticias\/#website","url":"https:\/\/franciscanos.org.br\/noticias\/","name":"Not\u00edcias - Franciscanos","description":"Prov\u00edncia Franciscana da Imaculada Concei\u00e7\u00e3o do Brasil - Ordem dos Frades Menores - OFM","potentialAction":[{"@type":"SearchAction","target":{"@type":"EntryPoint","urlTemplate":"https:\/\/franciscanos.org.br\/noticias\/?s={search_term_string}"},"query-input":"required name=search_term_string"}],"inLanguage":"pt-BR"},{"@type":"ImageObject","inLanguage":"pt-BR","@id":"https:\/\/franciscanos.org.br\/noticias\/presenca-no-jubileu-de-prata-do-jornal-pilar.html#primaryimage","url":"https:\/\/franciscanos.org.br\/noticias\/wp-content\/uploads\/2015\/05\/pilar.jpg","contentUrl":"https:\/\/franciscanos.org.br\/noticias\/wp-content\/uploads\/2015\/05\/pilar.jpg","width":273,"height":181},{"@type":"WebPage","@id":"https:\/\/franciscanos.org.br\/noticias\/presenca-no-jubileu-de-prata-do-jornal-pilar.html#webpage","url":"https:\/\/franciscanos.org.br\/noticias\/presenca-no-jubileu-de-prata-do-jornal-pilar.html","name":"Presen\u00e7a no jubileu de prata do jornal \u201cPilar\u201d - Not\u00edcias - Franciscanos","isPartOf":{"@id":"https:\/\/franciscanos.org.br\/noticias\/#website"},"primaryImageOfPage":{"@id":"https:\/\/franciscanos.org.br\/noticias\/presenca-no-jubileu-de-prata-do-jornal-pilar.html#primaryimage"},"datePublished":"2015-05-21T09:00:38+00:00","dateModified":"2020-06-10T18:31:00+00:00","author":{"@id":"https:\/\/franciscanos.org.br\/noticias\/#\/schema\/person\/b38fbf43118f02820bd932f2e4b14ad3"},"breadcrumb":{"@id":"https:\/\/franciscanos.org.br\/noticias\/presenca-no-jubileu-de-prata-do-jornal-pilar.html#breadcrumb"},"inLanguage":"pt-BR","potentialAction":[{"@type":"ReadAction","target":["https:\/\/franciscanos.org.br\/noticias\/presenca-no-jubileu-de-prata-do-jornal-pilar.html"]}]},{"@type":"BreadcrumbList","@id":"https:\/\/franciscanos.org.br\/noticias\/presenca-no-jubileu-de-prata-do-jornal-pilar.html#breadcrumb","itemListElement":[{"@type":"ListItem","position":1,"name":"Home","item":"https:\/\/franciscanos.org.br\/noticias"},{"@type":"ListItem","position":2,"name":"Presen\u00e7a no jubileu de prata do jornal \u201cPilar\u201d"}]},{"@type":"Person","@id":"https:\/\/franciscanos.org.br\/noticias\/#\/schema\/person\/b38fbf43118f02820bd932f2e4b14ad3","name":"admin","image":{"@type":"ImageObject","inLanguage":"pt-BR","@id":"https:\/\/franciscanos.org.br\/noticias\/#\/schema\/person\/image\/","url":"https:\/\/secure.gravatar.com\/avatar\/e8495742d34d0ba6448ea1c628263b3e?s=96&d=mm&r=g","contentUrl":"https:\/\/secure.gravatar.com\/avatar\/e8495742d34d0ba6448ea1c628263b3e?s=96&d=mm&r=g","caption":"admin"},"url":"https:\/\/franciscanos.org.br\/noticias\/author\/admin"}]}},"_links":{"self":[{"href":"https:\/\/franciscanos.org.br\/noticias\/wp-json\/wp\/v2\/posts\/85794"}],"collection":[{"href":"https:\/\/franciscanos.org.br\/noticias\/wp-json\/wp\/v2\/posts"}],"about":[{"href":"https:\/\/franciscanos.org.br\/noticias\/wp-json\/wp\/v2\/types\/post"}],"author":[{"embeddable":true,"href":"https:\/\/franciscanos.org.br\/noticias\/wp-json\/wp\/v2\/users\/1"}],"replies":[{"embeddable":true,"href":"https:\/\/franciscanos.org.br\/noticias\/wp-json\/wp\/v2\/comments?post=85794"}],"version-history":[{"count":1,"href":"https:\/\/franciscanos.org.br\/noticias\/wp-json\/wp\/v2\/posts\/85794\/revisions"}],"predecessor-version":[{"id":226059,"href":"https:\/\/franciscanos.org.br\/noticias\/wp-json\/wp\/v2\/posts\/85794\/revisions\/226059"}],"wp:featuredmedia":[{"embeddable":true,"href":"https:\/\/franciscanos.org.br\/noticias\/wp-json\/wp\/v2\/media\/200911"}],"wp:attachment":[{"href":"https:\/\/franciscanos.org.br\/noticias\/wp-json\/wp\/v2\/media?parent=85794"}],"wp:term":[{"taxonomy":"category","embeddable":true,"href":"https:\/\/franciscanos.org.br\/noticias\/wp-json\/wp\/v2\/categories?post=85794"},{"taxonomy":"post_tag","embeddable":true,"href":"https:\/\/franciscanos.org.br\/noticias\/wp-json\/wp\/v2\/tags?post=85794"}],"curies":[{"name":"wp","href":"https:\/\/api.w.org\/{rel}","templated":true}]}}