{"id":85552,"date":"2015-05-19T16:23:00","date_gmt":"2015-05-19T19:23:00","guid":{"rendered":"http:\/\/franciscanos.org.br\/?p=85552"},"modified":"2020-06-24T16:58:28","modified_gmt":"2020-06-24T19:58:28","slug":"pauta-do-capitulo-fidelidade-e-perseveranca-dos-irmaos","status":"publish","type":"post","link":"https:\/\/franciscanos.org.br\/noticias\/pauta-do-capitulo-fidelidade-e-perseveranca-dos-irmaos.html","title":{"rendered":"Cap\u00edtulo: fidelidade e perseveran\u00e7a dos irm\u00e3os"},"content":{"rendered":"<p><strong>Frei Walter de Carvalho J\u00fanior<\/strong><\/p>\n<p><strong>Assis (It\u00e1lia)<\/strong> &#8211; Devido a uma das decis\u00f5es do Cap\u00edtulo de 2009, que j\u00e1 se havia deparado com o acentuado decr\u00e9scimo no n\u00famero dos frades da Ordem, uma comiss\u00e3o especial estudou nos \u00faltimos seis anos a quest\u00e3o da fidelidade e da perseveran\u00e7a dos irm\u00e3os, e, necessariamente, as causas que levam consider\u00e1vel n\u00famero deles a abandonar a Ordem.<\/p>\n<div id=\"attachment_85553\" style=\"width: 510px\" class=\"wp-caption alignleft\"><a href=\"http:\/\/franciscanos.org.br\/wp-content\/uploads\/2015\/05\/capitulares_19.jpg\"><img aria-describedby=\"caption-attachment-85553\" loading=\"lazy\" class=\"wp-image-85553 size-full\" src=\"http:\/\/franciscanos.org.br\/wp-content\/uploads\/2015\/05\/capitulares_19.jpg\" alt=\"capitulares_19\" width=\"500\" height=\"304\" \/><\/a><p id=\"caption-attachment-85553\" class=\"wp-caption-text\">Frades de l\u00edngua portuguesa celebram a Eucaristia neste 9\u00ba dia do Cap\u00edtulo<\/p><\/div>\n<p>Na hist\u00f3ria franciscana n\u00e3o s\u00e3o novidades os altos e baixos em termos de n\u00fameros de frades. Depois de exposi\u00e7\u00e3o de v\u00e1rias estat\u00edsticas e gr\u00e1ficos ilustrativos, Frei Albert Schmucki, em nome da comiss\u00e3o, apresentou reflex\u00e3o em vista de poss\u00edveis interpreta\u00e7\u00f5es dos dados, sobretudo levando em considera\u00e7\u00e3o os frades jovens. Partiu de Jo 1,38-39: \u201cVoltando-se e vendo Jesus que os dois o seguiam, perguntou-lhes: \u2018O que voc\u00eas querem?\u2019 Eles disseram: \u2018Rabi\u2019, ( que significa Mestre ), \u2018onde moras?\u2019. <sup>39<\/sup> Respondeu ele: \u2018Venham e vejam\u2019\u201d. Frei Albert explicou que o verbo \u201cmorar\u201d, no contexto b\u00edblico, carrega uma densidade teol\u00f3gica que remete \u00e0 procura do ser humano pelo sentido mais definitivo da pr\u00f3pria vida, e que \u00e9, afinal, o ponto de partida de toda busca vocacional. Criticou, no entanto, uma certa considera\u00e7\u00e3o instrumental e funcional das entidades da Ordem, muitas vezes preocupadas com elas mesmas, e que n\u00e3o chegam a considerar bem e suficientemente os candidatos que as procuram hoje, na maioria jovens, provindos de um mundo caracterizado por muitas e r\u00e1pidas mudan\u00e7as. Estes, voltados para o presente, para o que lhes possa ser resposta hoje, sem maior mem\u00f3ria hist\u00f3ria, e sem muitas preocupa\u00e7\u00f5es para com um futuro distante, desiludem-se, n\u00e3o raro, e desistem da vida franciscana em uma das etapas do processo formativo inicial, quando n\u00e3o, ap\u00f3s a profiss\u00e3o solene.<\/p>\n<p>Acompanhar os jovens, portanto, \u00e9 um grande desafio, pois envolve, em muitos casos, acampanhar a transforma\u00e7\u00e3o ou desestrutura\u00e7\u00e3o do ideial, e tamb\u00e9m, a reestrutura\u00e7\u00e3o dele. Frei Albert tamb\u00e9m afirmou que em nossos dias, nos contextos culturais e sociais de hoje, nossa identidade carism\u00e1tica n\u00e3o \u00e9 ainda bem clara: \u00e9 mais nost\u00e1lgica que prof\u00e9tica, o que dificulta o processo de recep\u00e7\u00e3o e acompanhamento de novos irm\u00e3os.<\/p>\n<p>No final da manh\u00e3, os grupos lingu\u00edsticos se reuniram para desenvolver reflex\u00e3o a partir da fala de Frei Albert. As pertinentes considera\u00e7\u00f5es dos grupos foram partilhadas na sala capitular pouco antes do almo\u00e7o, e servir\u00e3o para a composi\u00e7\u00e3o das propostas finais do Cap\u00edtulo.<\/p>\n<p><a href=\"http:\/\/franciscanos.org.br\/wp-content\/uploads\/2015\/05\/walter.jpg\"><img loading=\"lazy\" class=\"alignright size-full wp-image-85558\" src=\"http:\/\/franciscanos.org.br\/wp-content\/uploads\/2015\/05\/walter.jpg\" alt=\"walter\" width=\"500\" height=\"328\" \/><\/a>J\u00e1 no per\u00edodo da tarde, deu-se prosseguimento \u00e0 apresenta\u00e7\u00e3o dos relat\u00f3rios das Confer\u00eancias da Ordem, iniciada no dia anterior, inclusive com proje\u00e7\u00e3o de r\u00e1pidos e encantadores v\u00eddeos, mostrando a vida e trabalho dos frades de v\u00e1rias partes do mundo.<\/p>\n<p>Tamb\u00e9m fez parte das atividades da tarde um pr\u00e9-escrut\u00ednio para a elei\u00e7\u00e3o do Ministro Geral.<\/p>\n<p>Conclu\u00edndo os trabalhos do dia, os membros do Definit\u00f3rio, que encerram seu servi\u00e7o, foram chamados \u00e0 mesa por Frei Bill Short, secret\u00e1rio do Cap\u00edtulo. Este dirigiu a ora\u00e7\u00e3o das v\u00e9speras, e, ap\u00f3s a leitura breve, agradeceu a cada membro do Definit\u00f3rio, destacando de cada um alguma qualidade ou particularidade.\u00a0 A cada agradecimento, a assembleia reagia com salva de palmas. Nas intercess\u00f5es, espont\u00e2neas, em v\u00e1rias l\u00ednguas, ouvia-se repetir o refr\u00e3o: \u201cMagnificat anima mea Dominum\u201d.<\/p>\n","protected":false},"excerpt":{"rendered":"<p>Cap\u00edtulo Geral<\/p>\n","protected":false},"author":1,"featured_media":220108,"comment_status":"open","ping_status":"open","sticky":false,"template":"","format":"standard","meta":[],"categories":[1],"tags":[128,397],"acf":[],"yoast_head":"<!-- This site is optimized with the Yoast SEO plugin v19.2 - https:\/\/yoast.com\/wordpress\/plugins\/seo\/ -->\n<title>Cap\u00edtulo: fidelidade e perseveran\u00e7a dos irm\u00e3os - Not\u00edcias - Franciscanos<\/title>\n<meta name=\"robots\" content=\"index, follow, max-snippet:-1, max-image-preview:large, max-video-preview:-1\" \/>\n<link rel=\"canonical\" href=\"https:\/\/franciscanos.org.br\/noticias\/pauta-do-capitulo-fidelidade-e-perseveranca-dos-irmaos.html\" \/>\n<meta property=\"og:locale\" content=\"pt_BR\" \/>\n<meta property=\"og:type\" content=\"article\" \/>\n<meta property=\"og:title\" content=\"Cap\u00edtulo: fidelidade e perseveran\u00e7a dos irm\u00e3os - Not\u00edcias - Franciscanos\" \/>\n<meta property=\"og:description\" content=\"Cap\u00edtulo Geral\" \/>\n<meta property=\"og:url\" content=\"https:\/\/franciscanos.org.br\/noticias\/pauta-do-capitulo-fidelidade-e-perseveranca-dos-irmaos.html\" \/>\n<meta property=\"og:site_name\" content=\"Not\u00edcias - Franciscanos\" \/>\n<meta property=\"article:published_time\" content=\"2015-05-19T19:23:00+00:00\" \/>\n<meta property=\"article:modified_time\" content=\"2020-06-24T19:58:28+00:00\" \/>\n<meta property=\"og:image\" content=\"https:\/\/franciscanos.org.br\/noticias\/wp-content\/uploads\/2015\/05\/capitulares_19.jpg\" \/>\n\t<meta property=\"og:image:width\" content=\"273\" \/>\n\t<meta property=\"og:image:height\" content=\"181\" \/>\n\t<meta property=\"og:image:type\" content=\"image\/jpeg\" \/>\n<meta name=\"author\" content=\"admin\" \/>\n<meta name=\"twitter:card\" content=\"summary_large_image\" \/>\n<meta name=\"twitter:label1\" content=\"Escrito por\" \/>\n\t<meta name=\"twitter:data1\" content=\"admin\" \/>\n\t<meta name=\"twitter:label2\" content=\"Est. tempo de leitura\" \/>\n\t<meta name=\"twitter:data2\" content=\"3 minutos\" \/>\n<script type=\"application\/ld+json\" class=\"yoast-schema-graph\">{\"@context\":\"https:\/\/schema.org\",\"@graph\":[{\"@type\":\"WebSite\",\"@id\":\"https:\/\/franciscanos.org.br\/noticias\/#website\",\"url\":\"https:\/\/franciscanos.org.br\/noticias\/\",\"name\":\"Not\u00edcias - Franciscanos\",\"description\":\"Prov\u00edncia Franciscana da Imaculada Concei\u00e7\u00e3o do Brasil - Ordem dos Frades Menores - OFM\",\"potentialAction\":[{\"@type\":\"SearchAction\",\"target\":{\"@type\":\"EntryPoint\",\"urlTemplate\":\"https:\/\/franciscanos.org.br\/noticias\/?s={search_term_string}\"},\"query-input\":\"required name=search_term_string\"}],\"inLanguage\":\"pt-BR\"},{\"@type\":\"ImageObject\",\"inLanguage\":\"pt-BR\",\"@id\":\"https:\/\/franciscanos.org.br\/noticias\/pauta-do-capitulo-fidelidade-e-perseveranca-dos-irmaos.html#primaryimage\",\"url\":\"https:\/\/franciscanos.org.br\/noticias\/wp-content\/uploads\/2015\/05\/capitulares_19.jpg\",\"contentUrl\":\"https:\/\/franciscanos.org.br\/noticias\/wp-content\/uploads\/2015\/05\/capitulares_19.jpg\",\"width\":273,\"height\":181},{\"@type\":\"WebPage\",\"@id\":\"https:\/\/franciscanos.org.br\/noticias\/pauta-do-capitulo-fidelidade-e-perseveranca-dos-irmaos.html#webpage\",\"url\":\"https:\/\/franciscanos.org.br\/noticias\/pauta-do-capitulo-fidelidade-e-perseveranca-dos-irmaos.html\",\"name\":\"Cap\u00edtulo: fidelidade e perseveran\u00e7a dos irm\u00e3os - Not\u00edcias - Franciscanos\",\"isPartOf\":{\"@id\":\"https:\/\/franciscanos.org.br\/noticias\/#website\"},\"primaryImageOfPage\":{\"@id\":\"https:\/\/franciscanos.org.br\/noticias\/pauta-do-capitulo-fidelidade-e-perseveranca-dos-irmaos.html#primaryimage\"},\"datePublished\":\"2015-05-19T19:23:00+00:00\",\"dateModified\":\"2020-06-24T19:58:28+00:00\",\"author\":{\"@id\":\"https:\/\/franciscanos.org.br\/noticias\/#\/schema\/person\/b38fbf43118f02820bd932f2e4b14ad3\"},\"breadcrumb\":{\"@id\":\"https:\/\/franciscanos.org.br\/noticias\/pauta-do-capitulo-fidelidade-e-perseveranca-dos-irmaos.html#breadcrumb\"},\"inLanguage\":\"pt-BR\",\"potentialAction\":[{\"@type\":\"ReadAction\",\"target\":[\"https:\/\/franciscanos.org.br\/noticias\/pauta-do-capitulo-fidelidade-e-perseveranca-dos-irmaos.html\"]}]},{\"@type\":\"BreadcrumbList\",\"@id\":\"https:\/\/franciscanos.org.br\/noticias\/pauta-do-capitulo-fidelidade-e-perseveranca-dos-irmaos.html#breadcrumb\",\"itemListElement\":[{\"@type\":\"ListItem\",\"position\":1,\"name\":\"Home\",\"item\":\"https:\/\/franciscanos.org.br\/noticias\"},{\"@type\":\"ListItem\",\"position\":2,\"name\":\"Cap\u00edtulo: fidelidade e perseveran\u00e7a dos irm\u00e3os\"}]},{\"@type\":\"Person\",\"@id\":\"https:\/\/franciscanos.org.br\/noticias\/#\/schema\/person\/b38fbf43118f02820bd932f2e4b14ad3\",\"name\":\"admin\",\"image\":{\"@type\":\"ImageObject\",\"inLanguage\":\"pt-BR\",\"@id\":\"https:\/\/franciscanos.org.br\/noticias\/#\/schema\/person\/image\/\",\"url\":\"https:\/\/secure.gravatar.com\/avatar\/e8495742d34d0ba6448ea1c628263b3e?s=96&d=mm&r=g\",\"contentUrl\":\"https:\/\/secure.gravatar.com\/avatar\/e8495742d34d0ba6448ea1c628263b3e?s=96&d=mm&r=g\",\"caption\":\"admin\"},\"url\":\"https:\/\/franciscanos.org.br\/noticias\/author\/admin\"}]}<\/script>\n<!-- \/ Yoast SEO plugin. -->","yoast_head_json":{"title":"Cap\u00edtulo: fidelidade e perseveran\u00e7a dos irm\u00e3os - Not\u00edcias - Franciscanos","robots":{"index":"index","follow":"follow","max-snippet":"max-snippet:-1","max-image-preview":"max-image-preview:large","max-video-preview":"max-video-preview:-1"},"canonical":"https:\/\/franciscanos.org.br\/noticias\/pauta-do-capitulo-fidelidade-e-perseveranca-dos-irmaos.html","og_locale":"pt_BR","og_type":"article","og_title":"Cap\u00edtulo: fidelidade e perseveran\u00e7a dos irm\u00e3os - Not\u00edcias - Franciscanos","og_description":"Cap\u00edtulo Geral","og_url":"https:\/\/franciscanos.org.br\/noticias\/pauta-do-capitulo-fidelidade-e-perseveranca-dos-irmaos.html","og_site_name":"Not\u00edcias - Franciscanos","article_published_time":"2015-05-19T19:23:00+00:00","article_modified_time":"2020-06-24T19:58:28+00:00","og_image":[{"width":273,"height":181,"url":"https:\/\/franciscanos.org.br\/noticias\/wp-content\/uploads\/2015\/05\/capitulares_19.jpg","type":"image\/jpeg"}],"author":"admin","twitter_card":"summary_large_image","twitter_misc":{"Escrito por":"admin","Est. tempo de leitura":"3 minutos"},"schema":{"@context":"https:\/\/schema.org","@graph":[{"@type":"WebSite","@id":"https:\/\/franciscanos.org.br\/noticias\/#website","url":"https:\/\/franciscanos.org.br\/noticias\/","name":"Not\u00edcias - Franciscanos","description":"Prov\u00edncia Franciscana da Imaculada Concei\u00e7\u00e3o do Brasil - Ordem dos Frades Menores - OFM","potentialAction":[{"@type":"SearchAction","target":{"@type":"EntryPoint","urlTemplate":"https:\/\/franciscanos.org.br\/noticias\/?s={search_term_string}"},"query-input":"required name=search_term_string"}],"inLanguage":"pt-BR"},{"@type":"ImageObject","inLanguage":"pt-BR","@id":"https:\/\/franciscanos.org.br\/noticias\/pauta-do-capitulo-fidelidade-e-perseveranca-dos-irmaos.html#primaryimage","url":"https:\/\/franciscanos.org.br\/noticias\/wp-content\/uploads\/2015\/05\/capitulares_19.jpg","contentUrl":"https:\/\/franciscanos.org.br\/noticias\/wp-content\/uploads\/2015\/05\/capitulares_19.jpg","width":273,"height":181},{"@type":"WebPage","@id":"https:\/\/franciscanos.org.br\/noticias\/pauta-do-capitulo-fidelidade-e-perseveranca-dos-irmaos.html#webpage","url":"https:\/\/franciscanos.org.br\/noticias\/pauta-do-capitulo-fidelidade-e-perseveranca-dos-irmaos.html","name":"Cap\u00edtulo: fidelidade e perseveran\u00e7a dos irm\u00e3os - Not\u00edcias - Franciscanos","isPartOf":{"@id":"https:\/\/franciscanos.org.br\/noticias\/#website"},"primaryImageOfPage":{"@id":"https:\/\/franciscanos.org.br\/noticias\/pauta-do-capitulo-fidelidade-e-perseveranca-dos-irmaos.html#primaryimage"},"datePublished":"2015-05-19T19:23:00+00:00","dateModified":"2020-06-24T19:58:28+00:00","author":{"@id":"https:\/\/franciscanos.org.br\/noticias\/#\/schema\/person\/b38fbf43118f02820bd932f2e4b14ad3"},"breadcrumb":{"@id":"https:\/\/franciscanos.org.br\/noticias\/pauta-do-capitulo-fidelidade-e-perseveranca-dos-irmaos.html#breadcrumb"},"inLanguage":"pt-BR","potentialAction":[{"@type":"ReadAction","target":["https:\/\/franciscanos.org.br\/noticias\/pauta-do-capitulo-fidelidade-e-perseveranca-dos-irmaos.html"]}]},{"@type":"BreadcrumbList","@id":"https:\/\/franciscanos.org.br\/noticias\/pauta-do-capitulo-fidelidade-e-perseveranca-dos-irmaos.html#breadcrumb","itemListElement":[{"@type":"ListItem","position":1,"name":"Home","item":"https:\/\/franciscanos.org.br\/noticias"},{"@type":"ListItem","position":2,"name":"Cap\u00edtulo: fidelidade e perseveran\u00e7a dos irm\u00e3os"}]},{"@type":"Person","@id":"https:\/\/franciscanos.org.br\/noticias\/#\/schema\/person\/b38fbf43118f02820bd932f2e4b14ad3","name":"admin","image":{"@type":"ImageObject","inLanguage":"pt-BR","@id":"https:\/\/franciscanos.org.br\/noticias\/#\/schema\/person\/image\/","url":"https:\/\/secure.gravatar.com\/avatar\/e8495742d34d0ba6448ea1c628263b3e?s=96&d=mm&r=g","contentUrl":"https:\/\/secure.gravatar.com\/avatar\/e8495742d34d0ba6448ea1c628263b3e?s=96&d=mm&r=g","caption":"admin"},"url":"https:\/\/franciscanos.org.br\/noticias\/author\/admin"}]}},"_links":{"self":[{"href":"https:\/\/franciscanos.org.br\/noticias\/wp-json\/wp\/v2\/posts\/85552"}],"collection":[{"href":"https:\/\/franciscanos.org.br\/noticias\/wp-json\/wp\/v2\/posts"}],"about":[{"href":"https:\/\/franciscanos.org.br\/noticias\/wp-json\/wp\/v2\/types\/post"}],"author":[{"embeddable":true,"href":"https:\/\/franciscanos.org.br\/noticias\/wp-json\/wp\/v2\/users\/1"}],"replies":[{"embeddable":true,"href":"https:\/\/franciscanos.org.br\/noticias\/wp-json\/wp\/v2\/comments?post=85552"}],"version-history":[{"count":1,"href":"https:\/\/franciscanos.org.br\/noticias\/wp-json\/wp\/v2\/posts\/85552\/revisions"}],"predecessor-version":[{"id":226716,"href":"https:\/\/franciscanos.org.br\/noticias\/wp-json\/wp\/v2\/posts\/85552\/revisions\/226716"}],"wp:featuredmedia":[{"embeddable":true,"href":"https:\/\/franciscanos.org.br\/noticias\/wp-json\/wp\/v2\/media\/220108"}],"wp:attachment":[{"href":"https:\/\/franciscanos.org.br\/noticias\/wp-json\/wp\/v2\/media?parent=85552"}],"wp:term":[{"taxonomy":"category","embeddable":true,"href":"https:\/\/franciscanos.org.br\/noticias\/wp-json\/wp\/v2\/categories?post=85552"},{"taxonomy":"post_tag","embeddable":true,"href":"https:\/\/franciscanos.org.br\/noticias\/wp-json\/wp\/v2\/tags?post=85552"}],"curies":[{"name":"wp","href":"https:\/\/api.w.org\/{rel}","templated":true}]}}