{"id":85465,"date":"2015-05-18T07:41:51","date_gmt":"2015-05-18T10:41:51","guid":{"rendered":"http:\/\/franciscanos.org.br\/?p=85465"},"modified":"2021-07-05T20:17:10","modified_gmt":"2021-07-05T23:17:10","slug":"coral-das-meninas-dos-canarinhos-lanca-primeiro-cd","status":"publish","type":"post","link":"https:\/\/franciscanos.org.br\/noticias\/coral-das-meninas-dos-canarinhos-lanca-primeiro-cd.html","title":{"rendered":"Coral das Meninas dos Canarinhos lan\u00e7a primeiro CD"},"content":{"rendered":"<p><img loading=\"lazy\" src=\"http:\/\/franciscanos.org.br\/wp-content\/uploads\/2015\/05\/coral_meninas.jpg\" alt=\"coral_meninas\" width=\"820\" height=\"336\" \/><\/p>\n<p>A m\u00fasica erudita acaba de ganhar um registro hist\u00f3rico do trabalho de um dos corais de meninas mais famosos\u00a0do Brasil: o CD \u201cMemorare\u201d, do Coral das Meninas dos Canarinhos de Petr\u00f3polis. Este \u00e9 o primeiro CD do coro, que h\u00e1 25 anos encanta o pa\u00eds.<\/p>\n<p>\u201cNossa inten\u00e7\u00e3o \u00e9 mostrar para o p\u00fablico a maturidade alcan\u00e7ada pelo Coral das Meninas dos Canarinhos. Por isso, selecionamos obras de grande porte, tanto da m\u00fasica erudita, como da m\u00fasica cl\u00e1ssica. Poucos s\u00e3o os coros infanto-juvenis que se atrevem a lan\u00e7ar um trabalho como este, dada a complexidade das composi\u00e7\u00f5es\u201d, exaltou o maestro do coral, Marcelo Vizani, afirmando que este trabalho \u00e9 a realiza\u00e7\u00e3o de um sonho. \u201cA obra coroa o grande trabalho realizado pelas meninas ao longo destes 26 anos\u201d, comemorou.<\/p>\n<p>Gravado em 2014, \u201cMemorare\u201d possui 11 faixas. Entre as composi\u00e7\u00f5es, est\u00e3o cl\u00e1ssicos da m\u00fasica sacra e produ\u00e7\u00f5es nacionais do g\u00eanero, compostas especialmente para o CD, como \u201cHaec Dies II\u201d, de Antonio Gast\u00e3o, \u201cO Sacrum Convivium\u201d, de Marco Aur\u00e9lio Lischt e \u201cAve Maria\u201d, de Alexandre Schubert.<\/p>\n<p>Segundo o maestro Antonio Gast\u00e3o, que j\u00e1 comp\u00f4s outras m\u00fasicas para o coral das Meninas dos Canarinhos, sua inten\u00e7\u00e3o foi compor uma obra alegre que celebrasse a P\u00e1scoa: \u201cTemos a inten\u00e7\u00e3o de elevar o esp\u00edrito das pessoas. Para isso, a composi\u00e7\u00e3o foi baseada em canto gregoriano\u201d, afirmou. \u201cAcompanhei as grava\u00e7\u00f5es e fiquei encantado, ficou muito melhor do que t\u00ednhamos planejado. Estou muito satisfeito com o resultado que vi, e espero que o CD reflita essa satisfa\u00e7\u00e3o de quem produziu o CD\u201d, afirma.<\/p>\n<p>O maestro Marco Aur\u00e9lio Lischt, que \u00e9 tamb\u00e9m diretor art\u00edstico do Instituto dos Meninos Cantores de Petr\u00f3polis, destacou o car\u00e1ter religioso de sua obra. \u201cProcurei explorar uma sonoridade\u00a0de um ambiente religioso que lembra o conv\u00edvio de Jesus com os ap\u00f3stolos na \u00faltima ceia. Uma pitada de harmonia\u00a0francesa\u00a0do s\u00e9culo XX tamb\u00e9m foi utilizada para dar um toque de leveza e de sobriedade \u00e0\u00a0obra, transportando o ouvinte para um ambiente de paz e tranquilidade\u201d, ressaltou.<\/p>\n<p>No entanto, tamb\u00e9m h\u00e1 espa\u00e7o para m\u00fasicas que chamem \u00e0 reflex\u00e3o lit\u00fargica do p\u00fablico, como a releitura de Ave-Maria composta pelo compositor Alexandre Schubert. \u201cUsamos um texto em portugu\u00eas, com duas fases e uma roupagem mais moderna. \u00c9 uma m\u00fasica calma, para que as pessoas possam meditar. Uma obra que busca combinar a pureza, com o lado angelical do Coral das Meninas dos Canarinhos\u201d, afirmou Schubert, que ressaltou a satisfa\u00e7\u00e3o em trabalhar com o grupo vocal. \u201cFoi um grande prazer. A grava\u00e7\u00e3o ficou muito bacana e o repert\u00f3rio \u00e9 muito bonito\u201d, destacou.<\/p>\n<p>Mais informa\u00e7\u00f5es sobre as atividades do Instituto dos Meninos Cantores de Petr\u00f3polis podem ser consultadas no site <a href=\"http:\/\/www.canarinhos.com.br\/\">www.canarinhos.com.br<\/a>, pelo Facebook\u00a0<a href=\"http:\/\/fb.com\/canarinhosdepetropolis\">http:\/\/fb.com\/canarinhosdepetropolis<\/a>\u00a0ou pelo telefone: (21) 2104-4141.<\/p>\n","protected":false},"excerpt":{"rendered":"<p>Lan\u00e7amento<\/p>\n","protected":false},"author":1,"featured_media":219059,"comment_status":"open","ping_status":"open","sticky":false,"template":"","format":"standard","meta":[],"categories":[1],"tags":[1531],"acf":[],"yoast_head":"<!-- This site is optimized with the Yoast SEO plugin v19.2 - https:\/\/yoast.com\/wordpress\/plugins\/seo\/ -->\n<title>Coral das Meninas dos Canarinhos lan\u00e7a primeiro CD - Not\u00edcias - Franciscanos<\/title>\n<meta name=\"robots\" content=\"index, follow, max-snippet:-1, max-image-preview:large, max-video-preview:-1\" \/>\n<link rel=\"canonical\" href=\"https:\/\/franciscanos.org.br\/noticias\/coral-das-meninas-dos-canarinhos-lanca-primeiro-cd.html\" \/>\n<meta property=\"og:locale\" content=\"pt_BR\" \/>\n<meta property=\"og:type\" content=\"article\" \/>\n<meta property=\"og:title\" content=\"Coral das Meninas dos Canarinhos lan\u00e7a primeiro CD - Not\u00edcias - Franciscanos\" \/>\n<meta property=\"og:description\" content=\"Lan\u00e7amento\" \/>\n<meta property=\"og:url\" content=\"https:\/\/franciscanos.org.br\/noticias\/coral-das-meninas-dos-canarinhos-lanca-primeiro-cd.html\" \/>\n<meta property=\"og:site_name\" content=\"Not\u00edcias - Franciscanos\" \/>\n<meta property=\"article:published_time\" content=\"2015-05-18T10:41:51+00:00\" \/>\n<meta property=\"article:modified_time\" content=\"2021-07-05T23:17:10+00:00\" \/>\n<meta property=\"og:image\" content=\"https:\/\/franciscanos.org.br\/noticias\/wp-content\/uploads\/2015\/05\/coral_meninas.jpg\" \/>\n\t<meta property=\"og:image:width\" content=\"273\" \/>\n\t<meta property=\"og:image:height\" content=\"181\" \/>\n\t<meta property=\"og:image:type\" content=\"image\/jpeg\" \/>\n<meta name=\"author\" content=\"admin\" \/>\n<meta name=\"twitter:card\" content=\"summary_large_image\" \/>\n<meta name=\"twitter:label1\" content=\"Escrito por\" \/>\n\t<meta name=\"twitter:data1\" content=\"admin\" \/>\n\t<meta name=\"twitter:label2\" content=\"Est. tempo de leitura\" \/>\n\t<meta name=\"twitter:data2\" content=\"2 minutos\" \/>\n<script type=\"application\/ld+json\" class=\"yoast-schema-graph\">{\"@context\":\"https:\/\/schema.org\",\"@graph\":[{\"@type\":\"WebSite\",\"@id\":\"https:\/\/franciscanos.org.br\/noticias\/#website\",\"url\":\"https:\/\/franciscanos.org.br\/noticias\/\",\"name\":\"Not\u00edcias - Franciscanos\",\"description\":\"Prov\u00edncia Franciscana da Imaculada Concei\u00e7\u00e3o do Brasil - Ordem dos Frades Menores - OFM\",\"potentialAction\":[{\"@type\":\"SearchAction\",\"target\":{\"@type\":\"EntryPoint\",\"urlTemplate\":\"https:\/\/franciscanos.org.br\/noticias\/?s={search_term_string}\"},\"query-input\":\"required name=search_term_string\"}],\"inLanguage\":\"pt-BR\"},{\"@type\":\"ImageObject\",\"inLanguage\":\"pt-BR\",\"@id\":\"https:\/\/franciscanos.org.br\/noticias\/coral-das-meninas-dos-canarinhos-lanca-primeiro-cd.html#primaryimage\",\"url\":\"https:\/\/franciscanos.org.br\/noticias\/wp-content\/uploads\/2015\/05\/coral_meninas.jpg\",\"contentUrl\":\"https:\/\/franciscanos.org.br\/noticias\/wp-content\/uploads\/2015\/05\/coral_meninas.jpg\",\"width\":273,\"height\":181},{\"@type\":\"WebPage\",\"@id\":\"https:\/\/franciscanos.org.br\/noticias\/coral-das-meninas-dos-canarinhos-lanca-primeiro-cd.html#webpage\",\"url\":\"https:\/\/franciscanos.org.br\/noticias\/coral-das-meninas-dos-canarinhos-lanca-primeiro-cd.html\",\"name\":\"Coral das Meninas dos Canarinhos lan\u00e7a primeiro CD - Not\u00edcias - Franciscanos\",\"isPartOf\":{\"@id\":\"https:\/\/franciscanos.org.br\/noticias\/#website\"},\"primaryImageOfPage\":{\"@id\":\"https:\/\/franciscanos.org.br\/noticias\/coral-das-meninas-dos-canarinhos-lanca-primeiro-cd.html#primaryimage\"},\"datePublished\":\"2015-05-18T10:41:51+00:00\",\"dateModified\":\"2021-07-05T23:17:10+00:00\",\"author\":{\"@id\":\"https:\/\/franciscanos.org.br\/noticias\/#\/schema\/person\/b38fbf43118f02820bd932f2e4b14ad3\"},\"breadcrumb\":{\"@id\":\"https:\/\/franciscanos.org.br\/noticias\/coral-das-meninas-dos-canarinhos-lanca-primeiro-cd.html#breadcrumb\"},\"inLanguage\":\"pt-BR\",\"potentialAction\":[{\"@type\":\"ReadAction\",\"target\":[\"https:\/\/franciscanos.org.br\/noticias\/coral-das-meninas-dos-canarinhos-lanca-primeiro-cd.html\"]}]},{\"@type\":\"BreadcrumbList\",\"@id\":\"https:\/\/franciscanos.org.br\/noticias\/coral-das-meninas-dos-canarinhos-lanca-primeiro-cd.html#breadcrumb\",\"itemListElement\":[{\"@type\":\"ListItem\",\"position\":1,\"name\":\"Home\",\"item\":\"https:\/\/franciscanos.org.br\/noticias\"},{\"@type\":\"ListItem\",\"position\":2,\"name\":\"Coral das Meninas dos Canarinhos lan\u00e7a primeiro CD\"}]},{\"@type\":\"Person\",\"@id\":\"https:\/\/franciscanos.org.br\/noticias\/#\/schema\/person\/b38fbf43118f02820bd932f2e4b14ad3\",\"name\":\"admin\",\"image\":{\"@type\":\"ImageObject\",\"inLanguage\":\"pt-BR\",\"@id\":\"https:\/\/franciscanos.org.br\/noticias\/#\/schema\/person\/image\/\",\"url\":\"https:\/\/secure.gravatar.com\/avatar\/e8495742d34d0ba6448ea1c628263b3e?s=96&d=mm&r=g\",\"contentUrl\":\"https:\/\/secure.gravatar.com\/avatar\/e8495742d34d0ba6448ea1c628263b3e?s=96&d=mm&r=g\",\"caption\":\"admin\"},\"url\":\"https:\/\/franciscanos.org.br\/noticias\/author\/admin\"}]}<\/script>\n<!-- \/ Yoast SEO plugin. -->","yoast_head_json":{"title":"Coral das Meninas dos Canarinhos lan\u00e7a primeiro CD - Not\u00edcias - Franciscanos","robots":{"index":"index","follow":"follow","max-snippet":"max-snippet:-1","max-image-preview":"max-image-preview:large","max-video-preview":"max-video-preview:-1"},"canonical":"https:\/\/franciscanos.org.br\/noticias\/coral-das-meninas-dos-canarinhos-lanca-primeiro-cd.html","og_locale":"pt_BR","og_type":"article","og_title":"Coral das Meninas dos Canarinhos lan\u00e7a primeiro CD - Not\u00edcias - Franciscanos","og_description":"Lan\u00e7amento","og_url":"https:\/\/franciscanos.org.br\/noticias\/coral-das-meninas-dos-canarinhos-lanca-primeiro-cd.html","og_site_name":"Not\u00edcias - Franciscanos","article_published_time":"2015-05-18T10:41:51+00:00","article_modified_time":"2021-07-05T23:17:10+00:00","og_image":[{"width":273,"height":181,"url":"https:\/\/franciscanos.org.br\/noticias\/wp-content\/uploads\/2015\/05\/coral_meninas.jpg","type":"image\/jpeg"}],"author":"admin","twitter_card":"summary_large_image","twitter_misc":{"Escrito por":"admin","Est. tempo de leitura":"2 minutos"},"schema":{"@context":"https:\/\/schema.org","@graph":[{"@type":"WebSite","@id":"https:\/\/franciscanos.org.br\/noticias\/#website","url":"https:\/\/franciscanos.org.br\/noticias\/","name":"Not\u00edcias - Franciscanos","description":"Prov\u00edncia Franciscana da Imaculada Concei\u00e7\u00e3o do Brasil - Ordem dos Frades Menores - OFM","potentialAction":[{"@type":"SearchAction","target":{"@type":"EntryPoint","urlTemplate":"https:\/\/franciscanos.org.br\/noticias\/?s={search_term_string}"},"query-input":"required name=search_term_string"}],"inLanguage":"pt-BR"},{"@type":"ImageObject","inLanguage":"pt-BR","@id":"https:\/\/franciscanos.org.br\/noticias\/coral-das-meninas-dos-canarinhos-lanca-primeiro-cd.html#primaryimage","url":"https:\/\/franciscanos.org.br\/noticias\/wp-content\/uploads\/2015\/05\/coral_meninas.jpg","contentUrl":"https:\/\/franciscanos.org.br\/noticias\/wp-content\/uploads\/2015\/05\/coral_meninas.jpg","width":273,"height":181},{"@type":"WebPage","@id":"https:\/\/franciscanos.org.br\/noticias\/coral-das-meninas-dos-canarinhos-lanca-primeiro-cd.html#webpage","url":"https:\/\/franciscanos.org.br\/noticias\/coral-das-meninas-dos-canarinhos-lanca-primeiro-cd.html","name":"Coral das Meninas dos Canarinhos lan\u00e7a primeiro CD - Not\u00edcias - Franciscanos","isPartOf":{"@id":"https:\/\/franciscanos.org.br\/noticias\/#website"},"primaryImageOfPage":{"@id":"https:\/\/franciscanos.org.br\/noticias\/coral-das-meninas-dos-canarinhos-lanca-primeiro-cd.html#primaryimage"},"datePublished":"2015-05-18T10:41:51+00:00","dateModified":"2021-07-05T23:17:10+00:00","author":{"@id":"https:\/\/franciscanos.org.br\/noticias\/#\/schema\/person\/b38fbf43118f02820bd932f2e4b14ad3"},"breadcrumb":{"@id":"https:\/\/franciscanos.org.br\/noticias\/coral-das-meninas-dos-canarinhos-lanca-primeiro-cd.html#breadcrumb"},"inLanguage":"pt-BR","potentialAction":[{"@type":"ReadAction","target":["https:\/\/franciscanos.org.br\/noticias\/coral-das-meninas-dos-canarinhos-lanca-primeiro-cd.html"]}]},{"@type":"BreadcrumbList","@id":"https:\/\/franciscanos.org.br\/noticias\/coral-das-meninas-dos-canarinhos-lanca-primeiro-cd.html#breadcrumb","itemListElement":[{"@type":"ListItem","position":1,"name":"Home","item":"https:\/\/franciscanos.org.br\/noticias"},{"@type":"ListItem","position":2,"name":"Coral das Meninas dos Canarinhos lan\u00e7a primeiro CD"}]},{"@type":"Person","@id":"https:\/\/franciscanos.org.br\/noticias\/#\/schema\/person\/b38fbf43118f02820bd932f2e4b14ad3","name":"admin","image":{"@type":"ImageObject","inLanguage":"pt-BR","@id":"https:\/\/franciscanos.org.br\/noticias\/#\/schema\/person\/image\/","url":"https:\/\/secure.gravatar.com\/avatar\/e8495742d34d0ba6448ea1c628263b3e?s=96&d=mm&r=g","contentUrl":"https:\/\/secure.gravatar.com\/avatar\/e8495742d34d0ba6448ea1c628263b3e?s=96&d=mm&r=g","caption":"admin"},"url":"https:\/\/franciscanos.org.br\/noticias\/author\/admin"}]}},"_links":{"self":[{"href":"https:\/\/franciscanos.org.br\/noticias\/wp-json\/wp\/v2\/posts\/85465"}],"collection":[{"href":"https:\/\/franciscanos.org.br\/noticias\/wp-json\/wp\/v2\/posts"}],"about":[{"href":"https:\/\/franciscanos.org.br\/noticias\/wp-json\/wp\/v2\/types\/post"}],"author":[{"embeddable":true,"href":"https:\/\/franciscanos.org.br\/noticias\/wp-json\/wp\/v2\/users\/1"}],"replies":[{"embeddable":true,"href":"https:\/\/franciscanos.org.br\/noticias\/wp-json\/wp\/v2\/comments?post=85465"}],"version-history":[{"count":1,"href":"https:\/\/franciscanos.org.br\/noticias\/wp-json\/wp\/v2\/posts\/85465\/revisions"}],"predecessor-version":[{"id":232910,"href":"https:\/\/franciscanos.org.br\/noticias\/wp-json\/wp\/v2\/posts\/85465\/revisions\/232910"}],"wp:featuredmedia":[{"embeddable":true,"href":"https:\/\/franciscanos.org.br\/noticias\/wp-json\/wp\/v2\/media\/219059"}],"wp:attachment":[{"href":"https:\/\/franciscanos.org.br\/noticias\/wp-json\/wp\/v2\/media?parent=85465"}],"wp:term":[{"taxonomy":"category","embeddable":true,"href":"https:\/\/franciscanos.org.br\/noticias\/wp-json\/wp\/v2\/categories?post=85465"},{"taxonomy":"post_tag","embeddable":true,"href":"https:\/\/franciscanos.org.br\/noticias\/wp-json\/wp\/v2\/tags?post=85465"}],"curies":[{"name":"wp","href":"https:\/\/api.w.org\/{rel}","templated":true}]}}