{"id":85348,"date":"2015-05-15T13:58:49","date_gmt":"2015-05-15T16:58:49","guid":{"rendered":"http:\/\/franciscanos.org.br\/?p=85348"},"modified":"2019-08-06T13:34:38","modified_gmt":"2019-08-06T16:34:38","slug":"alunos-promovem-acao-solidaria-em-comemoracao-ao-mes-das-maes","status":"publish","type":"post","link":"https:\/\/franciscanos.org.br\/noticias\/alunos-promovem-acao-solidaria-em-comemoracao-ao-mes-das-maes.html","title":{"rendered":"Alunos promovem a\u00e7\u00e3o solid\u00e1ria em comemora\u00e7\u00e3o ao m\u00eas das m\u00e3es"},"content":{"rendered":"<p><a href=\"http:\/\/franciscanos.org.br\/wp-content\/uploads\/2015\/05\/usf-820.jpg\"><img loading=\"lazy\" src=\"http:\/\/franciscanos.org.br\/wp-content\/uploads\/2015\/05\/usf-820.jpg\" alt=\"usf-820\" width=\"820\" height=\"424\" \/><\/a><\/p>\n<p>Para comemorar o m\u00eas das m\u00e3es e tamb\u00e9m incentivar o esp\u00edrito solid\u00e1rio, um grupo de 130 alunos da Universidade S\u00e3o Francisco (USF), do Campus Bragan\u00e7a Paulista visita neste s\u00e1bado, 16, a Vila S\u00e3o Vicente de Paula, que atende 79 idosos. O objetivo do projeto M\u00e3ezinhas do Cora\u00e7\u00e3o \u00e9 comemorar junto \u00e0s mulheres que residem no asilo o m\u00eas das m\u00e3es.<\/p>\n<p>O projeto \u00e9 da disciplina Mecanismos de Estudos Sist\u00eamicos (MES) aplicada aos alunos dos Cursos de Tecnologia em Log\u00edstica, Processos Gerenciais e Gest\u00e3o da Qualidade, com apoio dos alunos dos Cursos de Engenharia da Produ\u00e7\u00e3o, Engenharia Civil, Administra\u00e7\u00e3o, Cont\u00e1beis, Farm\u00e1cia, Enfermagem, Fisioterapia e Odontologia.<\/p>\n<p>As atividades t\u00eam in\u00edcio \u00e0s 7h da manh\u00e3 com o oferecimento de um caf\u00e9 da manh\u00e3 que ser\u00e1 acompanhado por um coral formado pelos alunos da USF. A partir das 8h ser\u00e1 oferecido um \u201cDia de rainha\u201d, em que as mulheres poder\u00e3o fazer as unhas, cabelo e maquiagem.<\/p>\n<p>Os alunos de Fisioterapia realizar\u00e3o massagens, os alunos da Farm\u00e1cia e Enfermagem ir\u00e3o medir a glicemia e aferir a press\u00e3o arterial e os alunos de Odontologia dar\u00e3o orienta\u00e7\u00f5es sobre preven\u00e7\u00e3o de c\u00e2ncer bucal. O almo\u00e7o ser\u00e1 servido \u00e0s 11h e o caf\u00e9 da tarde \u00e0s 15h, momento em que haver\u00e1 m\u00fasica ao vivo. Em seguida, ser\u00e3o entrega presentes para todos os internos.<\/p>\n<p>Para a professora Suzana Aparecida Gon\u00e7alves P\u00e1dua Lima, uma das docentes respons\u00e1veis pela organiza\u00e7\u00e3o do projeto, a realiza\u00e7\u00e3o de a\u00e7\u00f5es solid\u00e1rias fazem parte da Miss\u00e3o da USF.<\/p>\n<p>&#8220;Nossas atividades ligadas \u00e0s Ci\u00eancias s\u00e3o desenvolvidas durante as aulas, palestras e visitas t\u00e9cnicas. A fraternidade e solidariedade s\u00e3o desenvolvidas atrav\u00e9s de a\u00e7\u00f5es e projetos que visam promover o interesse dos alunos pela responsabilidade social\u201d, afirmou a docente.<\/p>\n<p>Al\u00e9m da realiza\u00e7\u00e3o da atividade, os alunos promoveram uma arrecada\u00e7\u00e3o de itens essenciais para o dia a dia dos idosos. Foram arrecadados leite, fraldas, cloro e enxaguante bucal.<\/p>\n<p><span style=\"color: #999999;\"><strong>Fonte: Bragan\u00e7a Jornal Di\u00e1rio, 15\/05\/2015<\/strong><\/span><\/p>\n","protected":false},"excerpt":{"rendered":"<p>USF<\/p>\n","protected":false},"author":1,"featured_media":208969,"comment_status":"open","ping_status":"open","sticky":false,"template":"","format":"standard","meta":[],"categories":[1],"tags":[],"acf":[],"yoast_head":"<!-- This site is optimized with the Yoast SEO plugin v19.2 - https:\/\/yoast.com\/wordpress\/plugins\/seo\/ -->\n<title>Alunos promovem a\u00e7\u00e3o solid\u00e1ria em comemora\u00e7\u00e3o ao m\u00eas das m\u00e3es - Not\u00edcias - Franciscanos<\/title>\n<meta name=\"robots\" content=\"index, follow, max-snippet:-1, max-image-preview:large, max-video-preview:-1\" \/>\n<link rel=\"canonical\" href=\"https:\/\/franciscanos.org.br\/noticias\/alunos-promovem-acao-solidaria-em-comemoracao-ao-mes-das-maes.html\" \/>\n<meta property=\"og:locale\" content=\"pt_BR\" \/>\n<meta property=\"og:type\" content=\"article\" \/>\n<meta property=\"og:title\" content=\"Alunos promovem a\u00e7\u00e3o solid\u00e1ria em comemora\u00e7\u00e3o ao m\u00eas das m\u00e3es - Not\u00edcias - Franciscanos\" \/>\n<meta property=\"og:description\" content=\"USF\" \/>\n<meta property=\"og:url\" content=\"https:\/\/franciscanos.org.br\/noticias\/alunos-promovem-acao-solidaria-em-comemoracao-ao-mes-das-maes.html\" \/>\n<meta property=\"og:site_name\" content=\"Not\u00edcias - Franciscanos\" \/>\n<meta property=\"article:published_time\" content=\"2015-05-15T16:58:49+00:00\" \/>\n<meta property=\"article:modified_time\" content=\"2019-08-06T16:34:38+00:00\" \/>\n<meta property=\"og:image\" content=\"https:\/\/franciscanos.org.br\/noticias\/wp-content\/uploads\/2015\/05\/usf-820.jpg\" \/>\n\t<meta property=\"og:image:width\" content=\"273\" \/>\n\t<meta property=\"og:image:height\" content=\"181\" \/>\n\t<meta property=\"og:image:type\" content=\"image\/jpeg\" \/>\n<meta name=\"author\" content=\"admin\" \/>\n<meta name=\"twitter:card\" content=\"summary_large_image\" \/>\n<meta name=\"twitter:label1\" content=\"Escrito por\" \/>\n\t<meta name=\"twitter:data1\" content=\"admin\" \/>\n\t<meta name=\"twitter:label2\" content=\"Est. tempo de leitura\" \/>\n\t<meta name=\"twitter:data2\" content=\"2 minutos\" \/>\n<script type=\"application\/ld+json\" class=\"yoast-schema-graph\">{\"@context\":\"https:\/\/schema.org\",\"@graph\":[{\"@type\":\"WebSite\",\"@id\":\"https:\/\/franciscanos.org.br\/noticias\/#website\",\"url\":\"https:\/\/franciscanos.org.br\/noticias\/\",\"name\":\"Not\u00edcias - Franciscanos\",\"description\":\"Prov\u00edncia Franciscana da Imaculada Concei\u00e7\u00e3o do Brasil - Ordem dos Frades Menores - OFM\",\"potentialAction\":[{\"@type\":\"SearchAction\",\"target\":{\"@type\":\"EntryPoint\",\"urlTemplate\":\"https:\/\/franciscanos.org.br\/noticias\/?s={search_term_string}\"},\"query-input\":\"required name=search_term_string\"}],\"inLanguage\":\"pt-BR\"},{\"@type\":\"ImageObject\",\"inLanguage\":\"pt-BR\",\"@id\":\"https:\/\/franciscanos.org.br\/noticias\/alunos-promovem-acao-solidaria-em-comemoracao-ao-mes-das-maes.html#primaryimage\",\"url\":\"https:\/\/franciscanos.org.br\/noticias\/wp-content\/uploads\/2015\/05\/usf-820.jpg\",\"contentUrl\":\"https:\/\/franciscanos.org.br\/noticias\/wp-content\/uploads\/2015\/05\/usf-820.jpg\",\"width\":273,\"height\":181},{\"@type\":\"WebPage\",\"@id\":\"https:\/\/franciscanos.org.br\/noticias\/alunos-promovem-acao-solidaria-em-comemoracao-ao-mes-das-maes.html#webpage\",\"url\":\"https:\/\/franciscanos.org.br\/noticias\/alunos-promovem-acao-solidaria-em-comemoracao-ao-mes-das-maes.html\",\"name\":\"Alunos promovem a\u00e7\u00e3o solid\u00e1ria em comemora\u00e7\u00e3o ao m\u00eas das m\u00e3es - Not\u00edcias - Franciscanos\",\"isPartOf\":{\"@id\":\"https:\/\/franciscanos.org.br\/noticias\/#website\"},\"primaryImageOfPage\":{\"@id\":\"https:\/\/franciscanos.org.br\/noticias\/alunos-promovem-acao-solidaria-em-comemoracao-ao-mes-das-maes.html#primaryimage\"},\"datePublished\":\"2015-05-15T16:58:49+00:00\",\"dateModified\":\"2019-08-06T16:34:38+00:00\",\"author\":{\"@id\":\"https:\/\/franciscanos.org.br\/noticias\/#\/schema\/person\/b38fbf43118f02820bd932f2e4b14ad3\"},\"breadcrumb\":{\"@id\":\"https:\/\/franciscanos.org.br\/noticias\/alunos-promovem-acao-solidaria-em-comemoracao-ao-mes-das-maes.html#breadcrumb\"},\"inLanguage\":\"pt-BR\",\"potentialAction\":[{\"@type\":\"ReadAction\",\"target\":[\"https:\/\/franciscanos.org.br\/noticias\/alunos-promovem-acao-solidaria-em-comemoracao-ao-mes-das-maes.html\"]}]},{\"@type\":\"BreadcrumbList\",\"@id\":\"https:\/\/franciscanos.org.br\/noticias\/alunos-promovem-acao-solidaria-em-comemoracao-ao-mes-das-maes.html#breadcrumb\",\"itemListElement\":[{\"@type\":\"ListItem\",\"position\":1,\"name\":\"Home\",\"item\":\"https:\/\/franciscanos.org.br\/noticias\"},{\"@type\":\"ListItem\",\"position\":2,\"name\":\"Alunos promovem a\u00e7\u00e3o solid\u00e1ria em comemora\u00e7\u00e3o ao m\u00eas das m\u00e3es\"}]},{\"@type\":\"Person\",\"@id\":\"https:\/\/franciscanos.org.br\/noticias\/#\/schema\/person\/b38fbf43118f02820bd932f2e4b14ad3\",\"name\":\"admin\",\"image\":{\"@type\":\"ImageObject\",\"inLanguage\":\"pt-BR\",\"@id\":\"https:\/\/franciscanos.org.br\/noticias\/#\/schema\/person\/image\/\",\"url\":\"https:\/\/secure.gravatar.com\/avatar\/e8495742d34d0ba6448ea1c628263b3e?s=96&d=mm&r=g\",\"contentUrl\":\"https:\/\/secure.gravatar.com\/avatar\/e8495742d34d0ba6448ea1c628263b3e?s=96&d=mm&r=g\",\"caption\":\"admin\"},\"url\":\"https:\/\/franciscanos.org.br\/noticias\/author\/admin\"}]}<\/script>\n<!-- \/ Yoast SEO plugin. -->","yoast_head_json":{"title":"Alunos promovem a\u00e7\u00e3o solid\u00e1ria em comemora\u00e7\u00e3o ao m\u00eas das m\u00e3es - Not\u00edcias - Franciscanos","robots":{"index":"index","follow":"follow","max-snippet":"max-snippet:-1","max-image-preview":"max-image-preview:large","max-video-preview":"max-video-preview:-1"},"canonical":"https:\/\/franciscanos.org.br\/noticias\/alunos-promovem-acao-solidaria-em-comemoracao-ao-mes-das-maes.html","og_locale":"pt_BR","og_type":"article","og_title":"Alunos promovem a\u00e7\u00e3o solid\u00e1ria em comemora\u00e7\u00e3o ao m\u00eas das m\u00e3es - Not\u00edcias - Franciscanos","og_description":"USF","og_url":"https:\/\/franciscanos.org.br\/noticias\/alunos-promovem-acao-solidaria-em-comemoracao-ao-mes-das-maes.html","og_site_name":"Not\u00edcias - Franciscanos","article_published_time":"2015-05-15T16:58:49+00:00","article_modified_time":"2019-08-06T16:34:38+00:00","og_image":[{"width":273,"height":181,"url":"https:\/\/franciscanos.org.br\/noticias\/wp-content\/uploads\/2015\/05\/usf-820.jpg","type":"image\/jpeg"}],"author":"admin","twitter_card":"summary_large_image","twitter_misc":{"Escrito por":"admin","Est. tempo de leitura":"2 minutos"},"schema":{"@context":"https:\/\/schema.org","@graph":[{"@type":"WebSite","@id":"https:\/\/franciscanos.org.br\/noticias\/#website","url":"https:\/\/franciscanos.org.br\/noticias\/","name":"Not\u00edcias - Franciscanos","description":"Prov\u00edncia Franciscana da Imaculada Concei\u00e7\u00e3o do Brasil - Ordem dos Frades Menores - OFM","potentialAction":[{"@type":"SearchAction","target":{"@type":"EntryPoint","urlTemplate":"https:\/\/franciscanos.org.br\/noticias\/?s={search_term_string}"},"query-input":"required name=search_term_string"}],"inLanguage":"pt-BR"},{"@type":"ImageObject","inLanguage":"pt-BR","@id":"https:\/\/franciscanos.org.br\/noticias\/alunos-promovem-acao-solidaria-em-comemoracao-ao-mes-das-maes.html#primaryimage","url":"https:\/\/franciscanos.org.br\/noticias\/wp-content\/uploads\/2015\/05\/usf-820.jpg","contentUrl":"https:\/\/franciscanos.org.br\/noticias\/wp-content\/uploads\/2015\/05\/usf-820.jpg","width":273,"height":181},{"@type":"WebPage","@id":"https:\/\/franciscanos.org.br\/noticias\/alunos-promovem-acao-solidaria-em-comemoracao-ao-mes-das-maes.html#webpage","url":"https:\/\/franciscanos.org.br\/noticias\/alunos-promovem-acao-solidaria-em-comemoracao-ao-mes-das-maes.html","name":"Alunos promovem a\u00e7\u00e3o solid\u00e1ria em comemora\u00e7\u00e3o ao m\u00eas das m\u00e3es - Not\u00edcias - Franciscanos","isPartOf":{"@id":"https:\/\/franciscanos.org.br\/noticias\/#website"},"primaryImageOfPage":{"@id":"https:\/\/franciscanos.org.br\/noticias\/alunos-promovem-acao-solidaria-em-comemoracao-ao-mes-das-maes.html#primaryimage"},"datePublished":"2015-05-15T16:58:49+00:00","dateModified":"2019-08-06T16:34:38+00:00","author":{"@id":"https:\/\/franciscanos.org.br\/noticias\/#\/schema\/person\/b38fbf43118f02820bd932f2e4b14ad3"},"breadcrumb":{"@id":"https:\/\/franciscanos.org.br\/noticias\/alunos-promovem-acao-solidaria-em-comemoracao-ao-mes-das-maes.html#breadcrumb"},"inLanguage":"pt-BR","potentialAction":[{"@type":"ReadAction","target":["https:\/\/franciscanos.org.br\/noticias\/alunos-promovem-acao-solidaria-em-comemoracao-ao-mes-das-maes.html"]}]},{"@type":"BreadcrumbList","@id":"https:\/\/franciscanos.org.br\/noticias\/alunos-promovem-acao-solidaria-em-comemoracao-ao-mes-das-maes.html#breadcrumb","itemListElement":[{"@type":"ListItem","position":1,"name":"Home","item":"https:\/\/franciscanos.org.br\/noticias"},{"@type":"ListItem","position":2,"name":"Alunos promovem a\u00e7\u00e3o solid\u00e1ria em comemora\u00e7\u00e3o ao m\u00eas das m\u00e3es"}]},{"@type":"Person","@id":"https:\/\/franciscanos.org.br\/noticias\/#\/schema\/person\/b38fbf43118f02820bd932f2e4b14ad3","name":"admin","image":{"@type":"ImageObject","inLanguage":"pt-BR","@id":"https:\/\/franciscanos.org.br\/noticias\/#\/schema\/person\/image\/","url":"https:\/\/secure.gravatar.com\/avatar\/e8495742d34d0ba6448ea1c628263b3e?s=96&d=mm&r=g","contentUrl":"https:\/\/secure.gravatar.com\/avatar\/e8495742d34d0ba6448ea1c628263b3e?s=96&d=mm&r=g","caption":"admin"},"url":"https:\/\/franciscanos.org.br\/noticias\/author\/admin"}]}},"_links":{"self":[{"href":"https:\/\/franciscanos.org.br\/noticias\/wp-json\/wp\/v2\/posts\/85348"}],"collection":[{"href":"https:\/\/franciscanos.org.br\/noticias\/wp-json\/wp\/v2\/posts"}],"about":[{"href":"https:\/\/franciscanos.org.br\/noticias\/wp-json\/wp\/v2\/types\/post"}],"author":[{"embeddable":true,"href":"https:\/\/franciscanos.org.br\/noticias\/wp-json\/wp\/v2\/users\/1"}],"replies":[{"embeddable":true,"href":"https:\/\/franciscanos.org.br\/noticias\/wp-json\/wp\/v2\/comments?post=85348"}],"version-history":[{"count":0,"href":"https:\/\/franciscanos.org.br\/noticias\/wp-json\/wp\/v2\/posts\/85348\/revisions"}],"wp:featuredmedia":[{"embeddable":true,"href":"https:\/\/franciscanos.org.br\/noticias\/wp-json\/wp\/v2\/media\/208969"}],"wp:attachment":[{"href":"https:\/\/franciscanos.org.br\/noticias\/wp-json\/wp\/v2\/media?parent=85348"}],"wp:term":[{"taxonomy":"category","embeddable":true,"href":"https:\/\/franciscanos.org.br\/noticias\/wp-json\/wp\/v2\/categories?post=85348"},{"taxonomy":"post_tag","embeddable":true,"href":"https:\/\/franciscanos.org.br\/noticias\/wp-json\/wp\/v2\/tags?post=85348"}],"curies":[{"name":"wp","href":"https:\/\/api.w.org\/{rel}","templated":true}]}}