{"id":84874,"date":"2015-05-11T07:31:06","date_gmt":"2015-05-11T10:31:06","guid":{"rendered":"http:\/\/franciscanos.org.br\/?p=84874"},"modified":"2020-02-11T09:55:01","modified_gmt":"2020-02-11T12:55:01","slug":"frades-estudantes-fazem-o-primeiro-retiro-do-ano","status":"publish","type":"post","link":"https:\/\/franciscanos.org.br\/noticias\/frades-estudantes-fazem-o-primeiro-retiro-do-ano.html","title":{"rendered":"Frades Estudantes fazem o primeiro retiro do ano"},"content":{"rendered":"<p><strong><a href=\"http:\/\/franciscanos.org.br\/wp-content\/uploads\/2015\/05\/a8201.jpg\"><img loading=\"lazy\" src=\"http:\/\/franciscanos.org.br\/wp-content\/uploads\/2015\/05\/a8201.jpg\" alt=\"a820\" width=\"820\" height=\"349\" \/><\/a><\/strong><\/p>\n<p><strong>Luanda (Angola)<\/strong> &#8211; V\u00e1rios s\u00e3o os momentos marcantes que temos vivenciado nesses \u00faltimos dias. Gostar\u00edamos partilhar um deles. Um fato digno de nota \u00e9 o primeiro retiro do ano dos frades estudantes da Funda\u00e7\u00e3o Imaculada M\u00e3e de Deus de Angola. O retiro ocorreu entre os dias 8, 9 e 10 do m\u00eas de maio. Foi um tempo forte que serviu como oportunidade para nos fortalecermos um pouco mais dentro de nossa busca de seguimento de Cristo, ao modo de S\u00e3o Francisco.<\/p>\n<p><a href=\"http:\/\/franciscanos.org.br\/wp-content\/uploads\/2015\/05\/b820.jpg\"><img loading=\"lazy\" src=\"http:\/\/franciscanos.org.br\/wp-content\/uploads\/2015\/05\/b820.jpg\" alt=\"b820\" width=\"820\" height=\"376\" \/><\/a><\/p>\n<p>Em meio \u00e0 agita\u00e7\u00e3o da cidade, da rotina corrida, dos estudos e trabalhos deu para \u201cafastar-nos\u201d um pouco da mesmice. O fato \u00e9 que sa\u00edmos, n\u00e3o exatamente para fora da agita\u00e7\u00e3o nem da cidade. Apenas sa\u00edmos, por um momento, das nossas duas fraternidades \u2013 Viana e Palanca \u2013 para nos encontrarmos, como frades estudantes, em uma casa de retiro e espiritualidade das Irm\u00e3s Merced\u00e1rias para, com Francisco, fazermos um encontro com o Senhor e rezar, passo a passo, a ora\u00e7\u00e3o \u2018Alt\u00edssimo, Glorioso Deus\u2026\u2019<\/p>\n<p><a href=\"http:\/\/franciscanos.org.br\/wp-content\/uploads\/2015\/05\/c820.jpg\"><img loading=\"lazy\" src=\"http:\/\/franciscanos.org.br\/wp-content\/uploads\/2015\/05\/c820.jpg\" alt=\"c820\" width=\"820\" height=\"351\" \/><\/a><\/p>\n<p>O interessante, j\u00e1 na Missa de abertura presidida pelo Frei Marco Ant\u00f4nio dos Santos e concelebrada pelo nosso formador e presidente da Funda\u00e7\u00e3o, Frei Jos\u00e9 Ant\u00f4nio dos Santos, lembrava-nos Frei Marco, orientador do retiro, que \u201ctemos pouco tempo para parar e apartar-nos da nossa rotina do dia a dia. No entanto, o maior confronto, num retiro, \u00e9 ficar o tempo todo pensando nos compromissos que deixamos de fazer\u201d. Realmente, deixar a rotina do dia a dia, para qu\u00ea? Ai \u00e9 que est\u00e1 a quest\u00e3o. De certo modo, h\u00e1 momentos em que precisamos rever a nossa vida (Vida Religiosa Consagrada) e refletir sobre \u201co dom de Deus que vale a pena acolher\u201d. N\u00e3o se trata de um parar por parar, mas parar para ver se evolu\u00edmos como pessoas humanas, por conseguinte se somos bons religiosos. Atrav\u00e9s dos textos e da fala do Frei Marcos, com todo aquele seu jeito de explicar as coisas atrav\u00e9s de exemplos, de forma simples e divertida, tivemos a oportunidade de perceber \u201cqual \u00e9 o ideal\u201d do nosso modo de vida e \u201cqual \u00e9 a situa\u00e7\u00e3o real.\u201d Como professos tempor\u00e1rios \u2013 dizia \u2013 estamos vivendo uma fase de \u201cconsolidar as bases e colocar a m\u00e3o na massa\u201d, comprometer-se com o carisma, com a Ordem, com a Prov\u00edncia e com a Funda\u00e7\u00e3o. Refletimos que, em termos de Vida Religiosa, ainda somos adolescentes, mas \u00e9 nosso dever ter uma identidade pr\u00f3pria.<\/p>\n<p><a href=\"http:\/\/franciscanos.org.br\/wp-content\/uploads\/2015\/05\/d820.jpg\"><img loading=\"lazy\" src=\"http:\/\/franciscanos.org.br\/wp-content\/uploads\/2015\/05\/d820.jpg\" alt=\"d820\" width=\"820\" height=\"375\" \/><\/a><\/p>\n<p>Outra coisa que importa ressaltar \u00e9 a reflex\u00e3o que fizemos, no \u00faltimo dia do retiro, em torno das palavras do Papa Francisco no encontro que teve com os formandos, no dia 6 de Julho de 2013. Percebemos que atualmente n\u00e3o \u00e9 f\u00e1cil fazer uma op\u00e7\u00e3o definitiva porque somos v\u00edtimas de uma cultura do provis\u00f3rio. Em contrapartida, se levarmos uma vida que se fundamenta na alegria do vigor, se procurarmos viver bem a nossa consagra\u00e7\u00e3o de forma aut\u00eantica e transparente, como se diz, n\u00e3o estaremos longe do Reino de Deus.<\/p>\n<p>Ap\u00f3s o momento de partilha real\u00e7ou, o pregador, que n\u00e3o podemos juntar o bom de uma fraternidade e o de outra para dar o \u201cbem bom\u201d. Para o nosso modo de vida, o ideal \u00e9 enfrentar os desafios e as coisas na sua realidade e seu contexto. Na nossa situa\u00e7\u00e3o real temos de perceber que s\u00f3 \u201cquem tem dificuldades de amar \u00e9 que mais tem necessidade de amar\u201d. Como Clara e Maria, a m\u00e3e de Jesus, queremos aprender a silenciar e a contemplar e, se poss\u00edvel, guardar tudo em nossos cora\u00e7\u00f5es.<\/p>\n<p><strong>Frei Cris\u00f3stomo Pinto \u00d1gala, OFM<\/strong><\/p>\n","protected":false},"excerpt":{"rendered":"<p>Miss\u00e3o de Angola<\/p>\n","protected":false},"author":1,"featured_media":218965,"comment_status":"open","ping_status":"open","sticky":false,"template":"","format":"standard","meta":[],"categories":[1],"tags":[],"acf":[],"yoast_head":"<!-- This site is optimized with the Yoast SEO plugin v19.2 - https:\/\/yoast.com\/wordpress\/plugins\/seo\/ -->\n<title>Frades Estudantes fazem o primeiro retiro do ano - Not\u00edcias - Franciscanos<\/title>\n<meta name=\"robots\" content=\"index, follow, max-snippet:-1, max-image-preview:large, max-video-preview:-1\" \/>\n<link rel=\"canonical\" href=\"https:\/\/franciscanos.org.br\/noticias\/frades-estudantes-fazem-o-primeiro-retiro-do-ano.html\" \/>\n<meta property=\"og:locale\" content=\"pt_BR\" \/>\n<meta property=\"og:type\" content=\"article\" \/>\n<meta property=\"og:title\" content=\"Frades Estudantes fazem o primeiro retiro do ano - Not\u00edcias - Franciscanos\" \/>\n<meta property=\"og:description\" content=\"Miss\u00e3o de Angola\" \/>\n<meta property=\"og:url\" content=\"https:\/\/franciscanos.org.br\/noticias\/frades-estudantes-fazem-o-primeiro-retiro-do-ano.html\" \/>\n<meta property=\"og:site_name\" content=\"Not\u00edcias - Franciscanos\" \/>\n<meta property=\"article:published_time\" content=\"2015-05-11T10:31:06+00:00\" \/>\n<meta property=\"article:modified_time\" content=\"2020-02-11T12:55:01+00:00\" \/>\n<meta property=\"og:image\" content=\"https:\/\/franciscanos.org.br\/noticias\/wp-content\/uploads\/2015\/05\/a8201.jpg\" \/>\n\t<meta property=\"og:image:width\" content=\"273\" \/>\n\t<meta property=\"og:image:height\" content=\"181\" \/>\n\t<meta property=\"og:image:type\" content=\"image\/jpeg\" \/>\n<meta name=\"author\" content=\"admin\" \/>\n<meta name=\"twitter:card\" content=\"summary_large_image\" \/>\n<meta name=\"twitter:label1\" content=\"Escrito por\" \/>\n\t<meta name=\"twitter:data1\" content=\"admin\" \/>\n\t<meta name=\"twitter:label2\" content=\"Est. tempo de leitura\" \/>\n\t<meta name=\"twitter:data2\" content=\"3 minutos\" \/>\n<script type=\"application\/ld+json\" class=\"yoast-schema-graph\">{\"@context\":\"https:\/\/schema.org\",\"@graph\":[{\"@type\":\"WebSite\",\"@id\":\"https:\/\/franciscanos.org.br\/noticias\/#website\",\"url\":\"https:\/\/franciscanos.org.br\/noticias\/\",\"name\":\"Not\u00edcias - Franciscanos\",\"description\":\"Prov\u00edncia Franciscana da Imaculada Concei\u00e7\u00e3o do Brasil - Ordem dos Frades Menores - OFM\",\"potentialAction\":[{\"@type\":\"SearchAction\",\"target\":{\"@type\":\"EntryPoint\",\"urlTemplate\":\"https:\/\/franciscanos.org.br\/noticias\/?s={search_term_string}\"},\"query-input\":\"required name=search_term_string\"}],\"inLanguage\":\"pt-BR\"},{\"@type\":\"ImageObject\",\"inLanguage\":\"pt-BR\",\"@id\":\"https:\/\/franciscanos.org.br\/noticias\/frades-estudantes-fazem-o-primeiro-retiro-do-ano.html#primaryimage\",\"url\":\"https:\/\/franciscanos.org.br\/noticias\/wp-content\/uploads\/2015\/05\/a8201.jpg\",\"contentUrl\":\"https:\/\/franciscanos.org.br\/noticias\/wp-content\/uploads\/2015\/05\/a8201.jpg\",\"width\":273,\"height\":181},{\"@type\":\"WebPage\",\"@id\":\"https:\/\/franciscanos.org.br\/noticias\/frades-estudantes-fazem-o-primeiro-retiro-do-ano.html#webpage\",\"url\":\"https:\/\/franciscanos.org.br\/noticias\/frades-estudantes-fazem-o-primeiro-retiro-do-ano.html\",\"name\":\"Frades Estudantes fazem o primeiro retiro do ano - Not\u00edcias - Franciscanos\",\"isPartOf\":{\"@id\":\"https:\/\/franciscanos.org.br\/noticias\/#website\"},\"primaryImageOfPage\":{\"@id\":\"https:\/\/franciscanos.org.br\/noticias\/frades-estudantes-fazem-o-primeiro-retiro-do-ano.html#primaryimage\"},\"datePublished\":\"2015-05-11T10:31:06+00:00\",\"dateModified\":\"2020-02-11T12:55:01+00:00\",\"author\":{\"@id\":\"https:\/\/franciscanos.org.br\/noticias\/#\/schema\/person\/b38fbf43118f02820bd932f2e4b14ad3\"},\"breadcrumb\":{\"@id\":\"https:\/\/franciscanos.org.br\/noticias\/frades-estudantes-fazem-o-primeiro-retiro-do-ano.html#breadcrumb\"},\"inLanguage\":\"pt-BR\",\"potentialAction\":[{\"@type\":\"ReadAction\",\"target\":[\"https:\/\/franciscanos.org.br\/noticias\/frades-estudantes-fazem-o-primeiro-retiro-do-ano.html\"]}]},{\"@type\":\"BreadcrumbList\",\"@id\":\"https:\/\/franciscanos.org.br\/noticias\/frades-estudantes-fazem-o-primeiro-retiro-do-ano.html#breadcrumb\",\"itemListElement\":[{\"@type\":\"ListItem\",\"position\":1,\"name\":\"Home\",\"item\":\"https:\/\/franciscanos.org.br\/noticias\"},{\"@type\":\"ListItem\",\"position\":2,\"name\":\"Frades Estudantes fazem o primeiro retiro do ano\"}]},{\"@type\":\"Person\",\"@id\":\"https:\/\/franciscanos.org.br\/noticias\/#\/schema\/person\/b38fbf43118f02820bd932f2e4b14ad3\",\"name\":\"admin\",\"image\":{\"@type\":\"ImageObject\",\"inLanguage\":\"pt-BR\",\"@id\":\"https:\/\/franciscanos.org.br\/noticias\/#\/schema\/person\/image\/\",\"url\":\"https:\/\/secure.gravatar.com\/avatar\/e8495742d34d0ba6448ea1c628263b3e?s=96&d=mm&r=g\",\"contentUrl\":\"https:\/\/secure.gravatar.com\/avatar\/e8495742d34d0ba6448ea1c628263b3e?s=96&d=mm&r=g\",\"caption\":\"admin\"},\"url\":\"https:\/\/franciscanos.org.br\/noticias\/author\/admin\"}]}<\/script>\n<!-- \/ Yoast SEO plugin. -->","yoast_head_json":{"title":"Frades Estudantes fazem o primeiro retiro do ano - Not\u00edcias - Franciscanos","robots":{"index":"index","follow":"follow","max-snippet":"max-snippet:-1","max-image-preview":"max-image-preview:large","max-video-preview":"max-video-preview:-1"},"canonical":"https:\/\/franciscanos.org.br\/noticias\/frades-estudantes-fazem-o-primeiro-retiro-do-ano.html","og_locale":"pt_BR","og_type":"article","og_title":"Frades Estudantes fazem o primeiro retiro do ano - Not\u00edcias - Franciscanos","og_description":"Miss\u00e3o de Angola","og_url":"https:\/\/franciscanos.org.br\/noticias\/frades-estudantes-fazem-o-primeiro-retiro-do-ano.html","og_site_name":"Not\u00edcias - Franciscanos","article_published_time":"2015-05-11T10:31:06+00:00","article_modified_time":"2020-02-11T12:55:01+00:00","og_image":[{"width":273,"height":181,"url":"https:\/\/franciscanos.org.br\/noticias\/wp-content\/uploads\/2015\/05\/a8201.jpg","type":"image\/jpeg"}],"author":"admin","twitter_card":"summary_large_image","twitter_misc":{"Escrito por":"admin","Est. tempo de leitura":"3 minutos"},"schema":{"@context":"https:\/\/schema.org","@graph":[{"@type":"WebSite","@id":"https:\/\/franciscanos.org.br\/noticias\/#website","url":"https:\/\/franciscanos.org.br\/noticias\/","name":"Not\u00edcias - Franciscanos","description":"Prov\u00edncia Franciscana da Imaculada Concei\u00e7\u00e3o do Brasil - Ordem dos Frades Menores - OFM","potentialAction":[{"@type":"SearchAction","target":{"@type":"EntryPoint","urlTemplate":"https:\/\/franciscanos.org.br\/noticias\/?s={search_term_string}"},"query-input":"required name=search_term_string"}],"inLanguage":"pt-BR"},{"@type":"ImageObject","inLanguage":"pt-BR","@id":"https:\/\/franciscanos.org.br\/noticias\/frades-estudantes-fazem-o-primeiro-retiro-do-ano.html#primaryimage","url":"https:\/\/franciscanos.org.br\/noticias\/wp-content\/uploads\/2015\/05\/a8201.jpg","contentUrl":"https:\/\/franciscanos.org.br\/noticias\/wp-content\/uploads\/2015\/05\/a8201.jpg","width":273,"height":181},{"@type":"WebPage","@id":"https:\/\/franciscanos.org.br\/noticias\/frades-estudantes-fazem-o-primeiro-retiro-do-ano.html#webpage","url":"https:\/\/franciscanos.org.br\/noticias\/frades-estudantes-fazem-o-primeiro-retiro-do-ano.html","name":"Frades Estudantes fazem o primeiro retiro do ano - Not\u00edcias - Franciscanos","isPartOf":{"@id":"https:\/\/franciscanos.org.br\/noticias\/#website"},"primaryImageOfPage":{"@id":"https:\/\/franciscanos.org.br\/noticias\/frades-estudantes-fazem-o-primeiro-retiro-do-ano.html#primaryimage"},"datePublished":"2015-05-11T10:31:06+00:00","dateModified":"2020-02-11T12:55:01+00:00","author":{"@id":"https:\/\/franciscanos.org.br\/noticias\/#\/schema\/person\/b38fbf43118f02820bd932f2e4b14ad3"},"breadcrumb":{"@id":"https:\/\/franciscanos.org.br\/noticias\/frades-estudantes-fazem-o-primeiro-retiro-do-ano.html#breadcrumb"},"inLanguage":"pt-BR","potentialAction":[{"@type":"ReadAction","target":["https:\/\/franciscanos.org.br\/noticias\/frades-estudantes-fazem-o-primeiro-retiro-do-ano.html"]}]},{"@type":"BreadcrumbList","@id":"https:\/\/franciscanos.org.br\/noticias\/frades-estudantes-fazem-o-primeiro-retiro-do-ano.html#breadcrumb","itemListElement":[{"@type":"ListItem","position":1,"name":"Home","item":"https:\/\/franciscanos.org.br\/noticias"},{"@type":"ListItem","position":2,"name":"Frades Estudantes fazem o primeiro retiro do ano"}]},{"@type":"Person","@id":"https:\/\/franciscanos.org.br\/noticias\/#\/schema\/person\/b38fbf43118f02820bd932f2e4b14ad3","name":"admin","image":{"@type":"ImageObject","inLanguage":"pt-BR","@id":"https:\/\/franciscanos.org.br\/noticias\/#\/schema\/person\/image\/","url":"https:\/\/secure.gravatar.com\/avatar\/e8495742d34d0ba6448ea1c628263b3e?s=96&d=mm&r=g","contentUrl":"https:\/\/secure.gravatar.com\/avatar\/e8495742d34d0ba6448ea1c628263b3e?s=96&d=mm&r=g","caption":"admin"},"url":"https:\/\/franciscanos.org.br\/noticias\/author\/admin"}]}},"_links":{"self":[{"href":"https:\/\/franciscanos.org.br\/noticias\/wp-json\/wp\/v2\/posts\/84874"}],"collection":[{"href":"https:\/\/franciscanos.org.br\/noticias\/wp-json\/wp\/v2\/posts"}],"about":[{"href":"https:\/\/franciscanos.org.br\/noticias\/wp-json\/wp\/v2\/types\/post"}],"author":[{"embeddable":true,"href":"https:\/\/franciscanos.org.br\/noticias\/wp-json\/wp\/v2\/users\/1"}],"replies":[{"embeddable":true,"href":"https:\/\/franciscanos.org.br\/noticias\/wp-json\/wp\/v2\/comments?post=84874"}],"version-history":[{"count":0,"href":"https:\/\/franciscanos.org.br\/noticias\/wp-json\/wp\/v2\/posts\/84874\/revisions"}],"wp:featuredmedia":[{"embeddable":true,"href":"https:\/\/franciscanos.org.br\/noticias\/wp-json\/wp\/v2\/media\/218965"}],"wp:attachment":[{"href":"https:\/\/franciscanos.org.br\/noticias\/wp-json\/wp\/v2\/media?parent=84874"}],"wp:term":[{"taxonomy":"category","embeddable":true,"href":"https:\/\/franciscanos.org.br\/noticias\/wp-json\/wp\/v2\/categories?post=84874"},{"taxonomy":"post_tag","embeddable":true,"href":"https:\/\/franciscanos.org.br\/noticias\/wp-json\/wp\/v2\/tags?post=84874"}],"curies":[{"name":"wp","href":"https:\/\/api.w.org\/{rel}","templated":true}]}}