{"id":84871,"date":"2015-05-11T07:29:38","date_gmt":"2015-05-11T10:29:38","guid":{"rendered":"http:\/\/franciscanos.org.br\/?p=84871"},"modified":"2020-06-24T16:58:29","modified_gmt":"2020-06-24T19:58:29","slug":"antes-de-seguir-para-assis-uma-visita-aos-confrades-em-roma","status":"publish","type":"post","link":"https:\/\/franciscanos.org.br\/noticias\/antes-de-seguir-para-assis-uma-visita-aos-confrades-em-roma.html","title":{"rendered":"Antes de seguir para Assis, uma visita aos confrades em Roma"},"content":{"rendered":"<p><strong>Roma (It\u00e1lia)<\/strong> &#8211; Chegamos a Roma, Frei Fid\u00eancio e eu, ao amanhecer do dia 8, quinta-feira. Na esta\u00e7\u00e3o de trem Termini, Frei Renato Pezenti, por gentileza e com sorriso largo, nos aguardava. J\u00e1 no Antoniano, onde ficar\u00edamos hospedados por dois dias, nos encontramos, ainda na manh\u00e3 do dia 8, com os outros confrades que se dedicam aos estudos em Roma: Frei Ademir Peixer e Frei Leonardo Aurelino. E a partir da\u00ed foram s\u00f3 momentos de alegre conviv\u00eancia e &#8220;fratelan\u00e7a&#8221;: muitas hist\u00f3rias a serem revisitadas, outras, in\u00e9ditas, a serem contadas, muitos confrades relembrados&#8230; Alegria, enfim!<\/p>\n<div id=\"attachment_84876\" style=\"width: 460px\" class=\"wp-caption alignleft\"><a href=\"http:\/\/franciscanos.org.br\/wp-content\/uploads\/2015\/05\/capitulo_chegada.jpg\"><img aria-describedby=\"caption-attachment-84876\" loading=\"lazy\" class=\"wp-image-84876 size-full\" src=\"http:\/\/franciscanos.org.br\/wp-content\/uploads\/2015\/05\/capitulo_chegada.jpg\" alt=\"capitulo_chegada\" width=\"450\" height=\"338\" \/><\/a><p id=\"caption-attachment-84876\" class=\"wp-caption-text\">Da esq. para dir.: Frei Renato Pezenti, Frei Fid\u00eancio, Frei Leonardo, Frei Ademir e Frei Walter<\/p><\/div>\n<p>Frei Ademir est\u00e1 terminando neste semestre a gradua\u00e7\u00e3o em M\u00fasica Sacra, junto ao Pontif\u00edcio Instituto de M\u00fasica Sacra. E na noite do mesmo dia 8, pudemos apreciar um concerto em que ele tomou parte, como membro do coral. A apresenta\u00e7\u00e3o de coro e orquestra do Instituto era em homenagem \u00e0 Virgem Maria (Tu laetitia Israel). No programa, composi\u00e7\u00f5es contempor\u00e2neas com letra de antigos hinos dedicados a Maria: Salve Regina, Sub tuum presidium, Regina coeli, Ave Regina coelorum, Alma redemptoris mater, Tota pulchra.<\/p>\n<div id=\"attachment_84879\" style=\"width: 460px\" class=\"wp-caption alignright\"><a href=\"http:\/\/franciscanos.org.br\/wp-content\/uploads\/2015\/05\/chegada_capitulo.jpg\"><img aria-describedby=\"caption-attachment-84879\" loading=\"lazy\" class=\"wp-image-84879 size-full\" src=\"http:\/\/franciscanos.org.br\/wp-content\/uploads\/2015\/05\/chegada_capitulo.jpg\" alt=\"chegada_capitulo\" width=\"450\" height=\"338\" \/><\/a><p id=\"caption-attachment-84879\" class=\"wp-caption-text\">Frei Fid\u00eancio e Frei Walter, nossos capitulares em Assis<\/p><\/div>\n<p>Frei Leonardo est\u00e1 concluindo o Mestrado em Teologia Moral, junto ao Afonsiano, e pelo que se ouve, o faz com maestria. Frei Renato, por sua vez, termina o primeiro ano do Mestrado em Exegese, no Instituto B\u00edblico, considerando que no ano passado fizera o proped\u00eautico obrigat\u00f3rio para o estudo das l\u00ednguas antigas b\u00edblicas. Todos se encontram bem e, n\u00e3o obstante algumas dificuldades relatadas, mostram-se felizes e animados. Percebemos o quanto eles s\u00e3o bem quistos na fraternidade do Antoniano, o que nos enche de bom orgulho. Frei Fid\u00eancio aproveitou a oportunidade para conversar com cada um, n\u00e3o somente para saber como estavam, mas tamb\u00e9m para tratar de perspectivas de futuro, levando em conta a disposi\u00e7\u00e3o e forma\u00e7\u00e3o que eles t\u00eam e tamb\u00e9m as necessidades da Prov\u00edncia.<\/p>\n<p>No s\u00e1bado, visitamos alguns monumentos conhecidos de Roma, aproveitando ao m\u00e1ximo o tempo de que disp\u00fanhamos para estarmos juntos. Na manh\u00e3 do domingo, 10, Frei Fid\u00eancio e eu seguir\u00edamos para Assis, n\u00e3o pouco contentes e agradecidos pelo clima fraterno e acolhedor que tivemos na conviv\u00eancia com os confrades estudantes.<\/p>\n<p><strong>Frei Walter de Carvalho J\u00fanior<\/strong><\/p>\n","protected":false},"excerpt":{"rendered":"<p>Cap\u00edtulo Geral<\/p>\n","protected":false},"author":1,"featured_media":220059,"comment_status":"open","ping_status":"open","sticky":false,"template":"","format":"standard","meta":[],"categories":[1],"tags":[128,397],"acf":[],"yoast_head":"<!-- This site is optimized with the Yoast SEO plugin v19.2 - https:\/\/yoast.com\/wordpress\/plugins\/seo\/ -->\n<title>Antes de seguir para Assis, uma visita aos confrades em Roma - Not\u00edcias - Franciscanos<\/title>\n<meta name=\"robots\" content=\"index, follow, max-snippet:-1, max-image-preview:large, max-video-preview:-1\" \/>\n<link rel=\"canonical\" href=\"https:\/\/franciscanos.org.br\/noticias\/antes-de-seguir-para-assis-uma-visita-aos-confrades-em-roma.html\" \/>\n<meta property=\"og:locale\" content=\"pt_BR\" \/>\n<meta property=\"og:type\" content=\"article\" \/>\n<meta property=\"og:title\" content=\"Antes de seguir para Assis, uma visita aos confrades em Roma - Not\u00edcias - Franciscanos\" \/>\n<meta property=\"og:description\" content=\"Cap\u00edtulo Geral\" \/>\n<meta property=\"og:url\" content=\"https:\/\/franciscanos.org.br\/noticias\/antes-de-seguir-para-assis-uma-visita-aos-confrades-em-roma.html\" \/>\n<meta property=\"og:site_name\" content=\"Not\u00edcias - Franciscanos\" \/>\n<meta property=\"article:published_time\" content=\"2015-05-11T10:29:38+00:00\" \/>\n<meta property=\"article:modified_time\" content=\"2020-06-24T19:58:29+00:00\" \/>\n<meta property=\"og:image\" content=\"https:\/\/franciscanos.org.br\/noticias\/wp-content\/uploads\/2015\/05\/capitulo_chegada.jpg\" \/>\n\t<meta property=\"og:image:width\" content=\"273\" \/>\n\t<meta property=\"og:image:height\" content=\"181\" \/>\n\t<meta property=\"og:image:type\" content=\"image\/jpeg\" \/>\n<meta name=\"author\" content=\"admin\" \/>\n<meta name=\"twitter:card\" content=\"summary_large_image\" \/>\n<meta name=\"twitter:label1\" content=\"Escrito por\" \/>\n\t<meta name=\"twitter:data1\" content=\"admin\" \/>\n\t<meta name=\"twitter:label2\" content=\"Est. tempo de leitura\" \/>\n\t<meta name=\"twitter:data2\" content=\"2 minutos\" \/>\n<script type=\"application\/ld+json\" class=\"yoast-schema-graph\">{\"@context\":\"https:\/\/schema.org\",\"@graph\":[{\"@type\":\"WebSite\",\"@id\":\"https:\/\/franciscanos.org.br\/noticias\/#website\",\"url\":\"https:\/\/franciscanos.org.br\/noticias\/\",\"name\":\"Not\u00edcias - Franciscanos\",\"description\":\"Prov\u00edncia Franciscana da Imaculada Concei\u00e7\u00e3o do Brasil - Ordem dos Frades Menores - OFM\",\"potentialAction\":[{\"@type\":\"SearchAction\",\"target\":{\"@type\":\"EntryPoint\",\"urlTemplate\":\"https:\/\/franciscanos.org.br\/noticias\/?s={search_term_string}\"},\"query-input\":\"required name=search_term_string\"}],\"inLanguage\":\"pt-BR\"},{\"@type\":\"ImageObject\",\"inLanguage\":\"pt-BR\",\"@id\":\"https:\/\/franciscanos.org.br\/noticias\/antes-de-seguir-para-assis-uma-visita-aos-confrades-em-roma.html#primaryimage\",\"url\":\"https:\/\/franciscanos.org.br\/noticias\/wp-content\/uploads\/2015\/05\/capitulo_chegada.jpg\",\"contentUrl\":\"https:\/\/franciscanos.org.br\/noticias\/wp-content\/uploads\/2015\/05\/capitulo_chegada.jpg\",\"width\":273,\"height\":181},{\"@type\":\"WebPage\",\"@id\":\"https:\/\/franciscanos.org.br\/noticias\/antes-de-seguir-para-assis-uma-visita-aos-confrades-em-roma.html#webpage\",\"url\":\"https:\/\/franciscanos.org.br\/noticias\/antes-de-seguir-para-assis-uma-visita-aos-confrades-em-roma.html\",\"name\":\"Antes de seguir para Assis, uma visita aos confrades em Roma - Not\u00edcias - Franciscanos\",\"isPartOf\":{\"@id\":\"https:\/\/franciscanos.org.br\/noticias\/#website\"},\"primaryImageOfPage\":{\"@id\":\"https:\/\/franciscanos.org.br\/noticias\/antes-de-seguir-para-assis-uma-visita-aos-confrades-em-roma.html#primaryimage\"},\"datePublished\":\"2015-05-11T10:29:38+00:00\",\"dateModified\":\"2020-06-24T19:58:29+00:00\",\"author\":{\"@id\":\"https:\/\/franciscanos.org.br\/noticias\/#\/schema\/person\/b38fbf43118f02820bd932f2e4b14ad3\"},\"breadcrumb\":{\"@id\":\"https:\/\/franciscanos.org.br\/noticias\/antes-de-seguir-para-assis-uma-visita-aos-confrades-em-roma.html#breadcrumb\"},\"inLanguage\":\"pt-BR\",\"potentialAction\":[{\"@type\":\"ReadAction\",\"target\":[\"https:\/\/franciscanos.org.br\/noticias\/antes-de-seguir-para-assis-uma-visita-aos-confrades-em-roma.html\"]}]},{\"@type\":\"BreadcrumbList\",\"@id\":\"https:\/\/franciscanos.org.br\/noticias\/antes-de-seguir-para-assis-uma-visita-aos-confrades-em-roma.html#breadcrumb\",\"itemListElement\":[{\"@type\":\"ListItem\",\"position\":1,\"name\":\"Home\",\"item\":\"https:\/\/franciscanos.org.br\/noticias\"},{\"@type\":\"ListItem\",\"position\":2,\"name\":\"Antes de seguir para Assis, uma visita aos confrades em Roma\"}]},{\"@type\":\"Person\",\"@id\":\"https:\/\/franciscanos.org.br\/noticias\/#\/schema\/person\/b38fbf43118f02820bd932f2e4b14ad3\",\"name\":\"admin\",\"image\":{\"@type\":\"ImageObject\",\"inLanguage\":\"pt-BR\",\"@id\":\"https:\/\/franciscanos.org.br\/noticias\/#\/schema\/person\/image\/\",\"url\":\"https:\/\/secure.gravatar.com\/avatar\/e8495742d34d0ba6448ea1c628263b3e?s=96&d=mm&r=g\",\"contentUrl\":\"https:\/\/secure.gravatar.com\/avatar\/e8495742d34d0ba6448ea1c628263b3e?s=96&d=mm&r=g\",\"caption\":\"admin\"},\"url\":\"https:\/\/franciscanos.org.br\/noticias\/author\/admin\"}]}<\/script>\n<!-- \/ Yoast SEO plugin. -->","yoast_head_json":{"title":"Antes de seguir para Assis, uma visita aos confrades em Roma - Not\u00edcias - Franciscanos","robots":{"index":"index","follow":"follow","max-snippet":"max-snippet:-1","max-image-preview":"max-image-preview:large","max-video-preview":"max-video-preview:-1"},"canonical":"https:\/\/franciscanos.org.br\/noticias\/antes-de-seguir-para-assis-uma-visita-aos-confrades-em-roma.html","og_locale":"pt_BR","og_type":"article","og_title":"Antes de seguir para Assis, uma visita aos confrades em Roma - Not\u00edcias - Franciscanos","og_description":"Cap\u00edtulo Geral","og_url":"https:\/\/franciscanos.org.br\/noticias\/antes-de-seguir-para-assis-uma-visita-aos-confrades-em-roma.html","og_site_name":"Not\u00edcias - Franciscanos","article_published_time":"2015-05-11T10:29:38+00:00","article_modified_time":"2020-06-24T19:58:29+00:00","og_image":[{"width":273,"height":181,"url":"https:\/\/franciscanos.org.br\/noticias\/wp-content\/uploads\/2015\/05\/capitulo_chegada.jpg","type":"image\/jpeg"}],"author":"admin","twitter_card":"summary_large_image","twitter_misc":{"Escrito por":"admin","Est. tempo de leitura":"2 minutos"},"schema":{"@context":"https:\/\/schema.org","@graph":[{"@type":"WebSite","@id":"https:\/\/franciscanos.org.br\/noticias\/#website","url":"https:\/\/franciscanos.org.br\/noticias\/","name":"Not\u00edcias - Franciscanos","description":"Prov\u00edncia Franciscana da Imaculada Concei\u00e7\u00e3o do Brasil - Ordem dos Frades Menores - OFM","potentialAction":[{"@type":"SearchAction","target":{"@type":"EntryPoint","urlTemplate":"https:\/\/franciscanos.org.br\/noticias\/?s={search_term_string}"},"query-input":"required name=search_term_string"}],"inLanguage":"pt-BR"},{"@type":"ImageObject","inLanguage":"pt-BR","@id":"https:\/\/franciscanos.org.br\/noticias\/antes-de-seguir-para-assis-uma-visita-aos-confrades-em-roma.html#primaryimage","url":"https:\/\/franciscanos.org.br\/noticias\/wp-content\/uploads\/2015\/05\/capitulo_chegada.jpg","contentUrl":"https:\/\/franciscanos.org.br\/noticias\/wp-content\/uploads\/2015\/05\/capitulo_chegada.jpg","width":273,"height":181},{"@type":"WebPage","@id":"https:\/\/franciscanos.org.br\/noticias\/antes-de-seguir-para-assis-uma-visita-aos-confrades-em-roma.html#webpage","url":"https:\/\/franciscanos.org.br\/noticias\/antes-de-seguir-para-assis-uma-visita-aos-confrades-em-roma.html","name":"Antes de seguir para Assis, uma visita aos confrades em Roma - Not\u00edcias - Franciscanos","isPartOf":{"@id":"https:\/\/franciscanos.org.br\/noticias\/#website"},"primaryImageOfPage":{"@id":"https:\/\/franciscanos.org.br\/noticias\/antes-de-seguir-para-assis-uma-visita-aos-confrades-em-roma.html#primaryimage"},"datePublished":"2015-05-11T10:29:38+00:00","dateModified":"2020-06-24T19:58:29+00:00","author":{"@id":"https:\/\/franciscanos.org.br\/noticias\/#\/schema\/person\/b38fbf43118f02820bd932f2e4b14ad3"},"breadcrumb":{"@id":"https:\/\/franciscanos.org.br\/noticias\/antes-de-seguir-para-assis-uma-visita-aos-confrades-em-roma.html#breadcrumb"},"inLanguage":"pt-BR","potentialAction":[{"@type":"ReadAction","target":["https:\/\/franciscanos.org.br\/noticias\/antes-de-seguir-para-assis-uma-visita-aos-confrades-em-roma.html"]}]},{"@type":"BreadcrumbList","@id":"https:\/\/franciscanos.org.br\/noticias\/antes-de-seguir-para-assis-uma-visita-aos-confrades-em-roma.html#breadcrumb","itemListElement":[{"@type":"ListItem","position":1,"name":"Home","item":"https:\/\/franciscanos.org.br\/noticias"},{"@type":"ListItem","position":2,"name":"Antes de seguir para Assis, uma visita aos confrades em Roma"}]},{"@type":"Person","@id":"https:\/\/franciscanos.org.br\/noticias\/#\/schema\/person\/b38fbf43118f02820bd932f2e4b14ad3","name":"admin","image":{"@type":"ImageObject","inLanguage":"pt-BR","@id":"https:\/\/franciscanos.org.br\/noticias\/#\/schema\/person\/image\/","url":"https:\/\/secure.gravatar.com\/avatar\/e8495742d34d0ba6448ea1c628263b3e?s=96&d=mm&r=g","contentUrl":"https:\/\/secure.gravatar.com\/avatar\/e8495742d34d0ba6448ea1c628263b3e?s=96&d=mm&r=g","caption":"admin"},"url":"https:\/\/franciscanos.org.br\/noticias\/author\/admin"}]}},"_links":{"self":[{"href":"https:\/\/franciscanos.org.br\/noticias\/wp-json\/wp\/v2\/posts\/84871"}],"collection":[{"href":"https:\/\/franciscanos.org.br\/noticias\/wp-json\/wp\/v2\/posts"}],"about":[{"href":"https:\/\/franciscanos.org.br\/noticias\/wp-json\/wp\/v2\/types\/post"}],"author":[{"embeddable":true,"href":"https:\/\/franciscanos.org.br\/noticias\/wp-json\/wp\/v2\/users\/1"}],"replies":[{"embeddable":true,"href":"https:\/\/franciscanos.org.br\/noticias\/wp-json\/wp\/v2\/comments?post=84871"}],"version-history":[{"count":1,"href":"https:\/\/franciscanos.org.br\/noticias\/wp-json\/wp\/v2\/posts\/84871\/revisions"}],"predecessor-version":[{"id":226724,"href":"https:\/\/franciscanos.org.br\/noticias\/wp-json\/wp\/v2\/posts\/84871\/revisions\/226724"}],"wp:featuredmedia":[{"embeddable":true,"href":"https:\/\/franciscanos.org.br\/noticias\/wp-json\/wp\/v2\/media\/220059"}],"wp:attachment":[{"href":"https:\/\/franciscanos.org.br\/noticias\/wp-json\/wp\/v2\/media?parent=84871"}],"wp:term":[{"taxonomy":"category","embeddable":true,"href":"https:\/\/franciscanos.org.br\/noticias\/wp-json\/wp\/v2\/categories?post=84871"},{"taxonomy":"post_tag","embeddable":true,"href":"https:\/\/franciscanos.org.br\/noticias\/wp-json\/wp\/v2\/tags?post=84871"}],"curies":[{"name":"wp","href":"https:\/\/api.w.org\/{rel}","templated":true}]}}