{"id":84802,"date":"2015-05-07T15:20:42","date_gmt":"2015-05-07T18:20:42","guid":{"rendered":"http:\/\/franciscanos.org.br\/?p=84802"},"modified":"2019-03-11T08:33:35","modified_gmt":"2019-03-11T11:33:35","slug":"em-deus-a-alegria-e-completa","status":"publish","type":"post","link":"https:\/\/franciscanos.org.br\/noticias\/em-deus-a-alegria-e-completa.html","title":{"rendered":"Em Deus, a alegria \u00e9 completa"},"content":{"rendered":"<p><img loading=\"lazy\" src=\"https:\/\/franciscanos.org.br\/noticias\/wp-content\/uploads\/2015\/05\/permanecer_07.jpg\" alt=\"\" width=\"820\" height=\"406\" \/><\/p>\n<p><strong>Frei Gustavo Medella<\/strong><\/p>\n<p>\u201cCompleta, por favor!\u201d, diz o condutor do ve\u00edculo ao frentista do posto de combust\u00edvel. Atenciosamente, o atendente aciona a bomba para satisfazer o desejo daquele motorista. Aproveita ainda para dar uma olhadinha na \u00e1gua e no \u00f3leo, calibrar os pneus&#8230; O ve\u00edculo j\u00e1 est\u00e1 pronto para seguir viagem. O condutor se sente seguro para percorrer mais algumas centenas de quil\u00f4metros, sabendo que tudo est\u00e1 em condi\u00e7\u00f5es e que o tanque do carro est\u00e1 completo.<\/p>\n<p>No Evangelho deste final de semana, 6\u00ba domingo de P\u00e1scoa, Jesus fala de uma \u201calegria plena\u201d, garantida \u00e0queles que n\u2019Ele permanecem (Cf Jo 15,10-11). Permanecer em Jesus n\u00e3o \u00e9 ficar est\u00e1tico, inerte, acomodado, tal como ve\u00edculo parado no acostamento com o tanque vazio. Ao contr\u00e1rio&#8230; A perman\u00eancia em Cristo \u00e9 que nos garante tanque cheio para seguirmos em frente na viagem da vida.<\/p>\n<p>Ao contr\u00e1rio do \u00e1lcool e da gasolina, que custam muito caro, o combust\u00edvel que Jesus oferece \u00e9 de gra\u00e7a e nem por isso menos valioso. Ali\u00e1s, \u00e9 a maior riqueza facultada por Deus ao g\u00eanero humano. \u00c9 uma pena que nossa sociedade, por conta de uma mentalidade fortemente marcada pelo lucro e pelo consumo tenha perdido a capacidade de reconhecer o valor do que \u00e9 gratuito, incondicional e generosamente distribu\u00eddo. E desta forma \u00e9 o Amor de Deus, o Pai que n\u00e3o faz distin\u00e7\u00e3o entre as pessoas, conforme conclui S\u00e3o Pedro em seu discurso apresentado nos Atos dos Ap\u00f3stolos (Cf. At 10,34).<\/p>\n<p>Combust\u00edvel gratuito e abundante, mas que deve ser buscado dia ap\u00f3s dia, conforme acena S\u00e3o Jo\u00e3o em sua Primeira Carta: \u201cE todo aquele que ama nasceu de Deus e conhece a Deus\u201d. \u201cNascer\u201d e \u201cConhecer\u201d s\u00e3o dois verbos que trazem o mesmo radical. \u201cConhecer\u201d \u00e9 \u201cco-nascer\u201d, ou seja, \u201cnascer com\u201d. Sendo assim, nascido em Deus pelo batismo, cada disc\u00edpulo precisa, necessariamente, buscar este conhecimento aprofundado, que passa pela intimidade, pelo interesse, pelo cuidado, pelo cultivo. A\u00ed poderemos encontrar a alegria completa.<\/p>\n","protected":false},"excerpt":{"rendered":"<p>Liturgia dominical<\/p>\n","protected":false},"author":1,"featured_media":201335,"comment_status":"open","ping_status":"open","sticky":false,"template":"","format":"standard","meta":[],"categories":[1],"tags":[537],"acf":[],"yoast_head":"<!-- This site is optimized with the Yoast SEO plugin v19.2 - https:\/\/yoast.com\/wordpress\/plugins\/seo\/ -->\n<title>Em Deus, a alegria \u00e9 completa - Not\u00edcias - Franciscanos<\/title>\n<meta name=\"robots\" content=\"index, follow, max-snippet:-1, max-image-preview:large, max-video-preview:-1\" \/>\n<link rel=\"canonical\" href=\"https:\/\/franciscanos.org.br\/noticias\/em-deus-a-alegria-e-completa.html\" \/>\n<meta property=\"og:locale\" content=\"pt_BR\" \/>\n<meta property=\"og:type\" content=\"article\" \/>\n<meta property=\"og:title\" content=\"Em Deus, a alegria \u00e9 completa - Not\u00edcias - Franciscanos\" \/>\n<meta property=\"og:description\" content=\"Liturgia dominical\" \/>\n<meta property=\"og:url\" content=\"https:\/\/franciscanos.org.br\/noticias\/em-deus-a-alegria-e-completa.html\" \/>\n<meta property=\"og:site_name\" content=\"Not\u00edcias - Franciscanos\" \/>\n<meta property=\"article:published_time\" content=\"2015-05-07T18:20:42+00:00\" \/>\n<meta property=\"article:modified_time\" content=\"2019-03-11T11:33:35+00:00\" \/>\n<meta property=\"og:image\" content=\"https:\/\/franciscanos.org.br\/noticias\/wp-content\/uploads\/2015\/05\/permanecer_07-1.jpg\" \/>\n\t<meta property=\"og:image:width\" content=\"273\" \/>\n\t<meta property=\"og:image:height\" content=\"181\" \/>\n\t<meta property=\"og:image:type\" content=\"image\/jpeg\" \/>\n<meta name=\"author\" content=\"admin\" \/>\n<meta name=\"twitter:card\" content=\"summary_large_image\" \/>\n<meta name=\"twitter:label1\" content=\"Escrito por\" \/>\n\t<meta name=\"twitter:data1\" content=\"admin\" \/>\n\t<meta name=\"twitter:label2\" content=\"Est. tempo de leitura\" \/>\n\t<meta name=\"twitter:data2\" content=\"2 minutos\" \/>\n<script type=\"application\/ld+json\" class=\"yoast-schema-graph\">{\"@context\":\"https:\/\/schema.org\",\"@graph\":[{\"@type\":\"WebSite\",\"@id\":\"https:\/\/franciscanos.org.br\/noticias\/#website\",\"url\":\"https:\/\/franciscanos.org.br\/noticias\/\",\"name\":\"Not\u00edcias - Franciscanos\",\"description\":\"Prov\u00edncia Franciscana da Imaculada Concei\u00e7\u00e3o do Brasil - Ordem dos Frades Menores - OFM\",\"potentialAction\":[{\"@type\":\"SearchAction\",\"target\":{\"@type\":\"EntryPoint\",\"urlTemplate\":\"https:\/\/franciscanos.org.br\/noticias\/?s={search_term_string}\"},\"query-input\":\"required name=search_term_string\"}],\"inLanguage\":\"pt-BR\"},{\"@type\":\"ImageObject\",\"inLanguage\":\"pt-BR\",\"@id\":\"https:\/\/franciscanos.org.br\/noticias\/em-deus-a-alegria-e-completa.html#primaryimage\",\"url\":\"https:\/\/franciscanos.org.br\/noticias\/wp-content\/uploads\/2015\/05\/permanecer_07-1.jpg\",\"contentUrl\":\"https:\/\/franciscanos.org.br\/noticias\/wp-content\/uploads\/2015\/05\/permanecer_07-1.jpg\",\"width\":273,\"height\":181},{\"@type\":\"WebPage\",\"@id\":\"https:\/\/franciscanos.org.br\/noticias\/em-deus-a-alegria-e-completa.html#webpage\",\"url\":\"https:\/\/franciscanos.org.br\/noticias\/em-deus-a-alegria-e-completa.html\",\"name\":\"Em Deus, a alegria \u00e9 completa - Not\u00edcias - Franciscanos\",\"isPartOf\":{\"@id\":\"https:\/\/franciscanos.org.br\/noticias\/#website\"},\"primaryImageOfPage\":{\"@id\":\"https:\/\/franciscanos.org.br\/noticias\/em-deus-a-alegria-e-completa.html#primaryimage\"},\"datePublished\":\"2015-05-07T18:20:42+00:00\",\"dateModified\":\"2019-03-11T11:33:35+00:00\",\"author\":{\"@id\":\"https:\/\/franciscanos.org.br\/noticias\/#\/schema\/person\/b38fbf43118f02820bd932f2e4b14ad3\"},\"breadcrumb\":{\"@id\":\"https:\/\/franciscanos.org.br\/noticias\/em-deus-a-alegria-e-completa.html#breadcrumb\"},\"inLanguage\":\"pt-BR\",\"potentialAction\":[{\"@type\":\"ReadAction\",\"target\":[\"https:\/\/franciscanos.org.br\/noticias\/em-deus-a-alegria-e-completa.html\"]}]},{\"@type\":\"BreadcrumbList\",\"@id\":\"https:\/\/franciscanos.org.br\/noticias\/em-deus-a-alegria-e-completa.html#breadcrumb\",\"itemListElement\":[{\"@type\":\"ListItem\",\"position\":1,\"name\":\"Home\",\"item\":\"https:\/\/franciscanos.org.br\/noticias\"},{\"@type\":\"ListItem\",\"position\":2,\"name\":\"Em Deus, a alegria \u00e9 completa\"}]},{\"@type\":\"Person\",\"@id\":\"https:\/\/franciscanos.org.br\/noticias\/#\/schema\/person\/b38fbf43118f02820bd932f2e4b14ad3\",\"name\":\"admin\",\"image\":{\"@type\":\"ImageObject\",\"inLanguage\":\"pt-BR\",\"@id\":\"https:\/\/franciscanos.org.br\/noticias\/#\/schema\/person\/image\/\",\"url\":\"https:\/\/secure.gravatar.com\/avatar\/e8495742d34d0ba6448ea1c628263b3e?s=96&d=mm&r=g\",\"contentUrl\":\"https:\/\/secure.gravatar.com\/avatar\/e8495742d34d0ba6448ea1c628263b3e?s=96&d=mm&r=g\",\"caption\":\"admin\"},\"url\":\"https:\/\/franciscanos.org.br\/noticias\/author\/admin\"}]}<\/script>\n<!-- \/ Yoast SEO plugin. -->","yoast_head_json":{"title":"Em Deus, a alegria \u00e9 completa - Not\u00edcias - Franciscanos","robots":{"index":"index","follow":"follow","max-snippet":"max-snippet:-1","max-image-preview":"max-image-preview:large","max-video-preview":"max-video-preview:-1"},"canonical":"https:\/\/franciscanos.org.br\/noticias\/em-deus-a-alegria-e-completa.html","og_locale":"pt_BR","og_type":"article","og_title":"Em Deus, a alegria \u00e9 completa - Not\u00edcias - Franciscanos","og_description":"Liturgia dominical","og_url":"https:\/\/franciscanos.org.br\/noticias\/em-deus-a-alegria-e-completa.html","og_site_name":"Not\u00edcias - Franciscanos","article_published_time":"2015-05-07T18:20:42+00:00","article_modified_time":"2019-03-11T11:33:35+00:00","og_image":[{"width":273,"height":181,"url":"https:\/\/franciscanos.org.br\/noticias\/wp-content\/uploads\/2015\/05\/permanecer_07-1.jpg","type":"image\/jpeg"}],"author":"admin","twitter_card":"summary_large_image","twitter_misc":{"Escrito por":"admin","Est. tempo de leitura":"2 minutos"},"schema":{"@context":"https:\/\/schema.org","@graph":[{"@type":"WebSite","@id":"https:\/\/franciscanos.org.br\/noticias\/#website","url":"https:\/\/franciscanos.org.br\/noticias\/","name":"Not\u00edcias - Franciscanos","description":"Prov\u00edncia Franciscana da Imaculada Concei\u00e7\u00e3o do Brasil - Ordem dos Frades Menores - OFM","potentialAction":[{"@type":"SearchAction","target":{"@type":"EntryPoint","urlTemplate":"https:\/\/franciscanos.org.br\/noticias\/?s={search_term_string}"},"query-input":"required name=search_term_string"}],"inLanguage":"pt-BR"},{"@type":"ImageObject","inLanguage":"pt-BR","@id":"https:\/\/franciscanos.org.br\/noticias\/em-deus-a-alegria-e-completa.html#primaryimage","url":"https:\/\/franciscanos.org.br\/noticias\/wp-content\/uploads\/2015\/05\/permanecer_07-1.jpg","contentUrl":"https:\/\/franciscanos.org.br\/noticias\/wp-content\/uploads\/2015\/05\/permanecer_07-1.jpg","width":273,"height":181},{"@type":"WebPage","@id":"https:\/\/franciscanos.org.br\/noticias\/em-deus-a-alegria-e-completa.html#webpage","url":"https:\/\/franciscanos.org.br\/noticias\/em-deus-a-alegria-e-completa.html","name":"Em Deus, a alegria \u00e9 completa - Not\u00edcias - Franciscanos","isPartOf":{"@id":"https:\/\/franciscanos.org.br\/noticias\/#website"},"primaryImageOfPage":{"@id":"https:\/\/franciscanos.org.br\/noticias\/em-deus-a-alegria-e-completa.html#primaryimage"},"datePublished":"2015-05-07T18:20:42+00:00","dateModified":"2019-03-11T11:33:35+00:00","author":{"@id":"https:\/\/franciscanos.org.br\/noticias\/#\/schema\/person\/b38fbf43118f02820bd932f2e4b14ad3"},"breadcrumb":{"@id":"https:\/\/franciscanos.org.br\/noticias\/em-deus-a-alegria-e-completa.html#breadcrumb"},"inLanguage":"pt-BR","potentialAction":[{"@type":"ReadAction","target":["https:\/\/franciscanos.org.br\/noticias\/em-deus-a-alegria-e-completa.html"]}]},{"@type":"BreadcrumbList","@id":"https:\/\/franciscanos.org.br\/noticias\/em-deus-a-alegria-e-completa.html#breadcrumb","itemListElement":[{"@type":"ListItem","position":1,"name":"Home","item":"https:\/\/franciscanos.org.br\/noticias"},{"@type":"ListItem","position":2,"name":"Em Deus, a alegria \u00e9 completa"}]},{"@type":"Person","@id":"https:\/\/franciscanos.org.br\/noticias\/#\/schema\/person\/b38fbf43118f02820bd932f2e4b14ad3","name":"admin","image":{"@type":"ImageObject","inLanguage":"pt-BR","@id":"https:\/\/franciscanos.org.br\/noticias\/#\/schema\/person\/image\/","url":"https:\/\/secure.gravatar.com\/avatar\/e8495742d34d0ba6448ea1c628263b3e?s=96&d=mm&r=g","contentUrl":"https:\/\/secure.gravatar.com\/avatar\/e8495742d34d0ba6448ea1c628263b3e?s=96&d=mm&r=g","caption":"admin"},"url":"https:\/\/franciscanos.org.br\/noticias\/author\/admin"}]}},"_links":{"self":[{"href":"https:\/\/franciscanos.org.br\/noticias\/wp-json\/wp\/v2\/posts\/84802"}],"collection":[{"href":"https:\/\/franciscanos.org.br\/noticias\/wp-json\/wp\/v2\/posts"}],"about":[{"href":"https:\/\/franciscanos.org.br\/noticias\/wp-json\/wp\/v2\/types\/post"}],"author":[{"embeddable":true,"href":"https:\/\/franciscanos.org.br\/noticias\/wp-json\/wp\/v2\/users\/1"}],"replies":[{"embeddable":true,"href":"https:\/\/franciscanos.org.br\/noticias\/wp-json\/wp\/v2\/comments?post=84802"}],"version-history":[{"count":0,"href":"https:\/\/franciscanos.org.br\/noticias\/wp-json\/wp\/v2\/posts\/84802\/revisions"}],"wp:featuredmedia":[{"embeddable":true,"href":"https:\/\/franciscanos.org.br\/noticias\/wp-json\/wp\/v2\/media\/201335"}],"wp:attachment":[{"href":"https:\/\/franciscanos.org.br\/noticias\/wp-json\/wp\/v2\/media?parent=84802"}],"wp:term":[{"taxonomy":"category","embeddable":true,"href":"https:\/\/franciscanos.org.br\/noticias\/wp-json\/wp\/v2\/categories?post=84802"},{"taxonomy":"post_tag","embeddable":true,"href":"https:\/\/franciscanos.org.br\/noticias\/wp-json\/wp\/v2\/tags?post=84802"}],"curies":[{"name":"wp","href":"https:\/\/api.w.org\/{rel}","templated":true}]}}