{"id":8449,"date":"2011-12-08T13:00:48","date_gmt":"2011-12-08T15:00:48","guid":{"rendered":"http:\/\/new.franciscanos.org.br\/?p=8449"},"modified":"2023-01-09T11:20:51","modified_gmt":"2023-01-09T14:20:51","slug":"no-dia-da-imaculada-missa-de-acao-de-gracas-encerra-o-encontro-dos-jubilandos-da-provincia","status":"publish","type":"post","link":"https:\/\/franciscanos.org.br\/noticias\/no-dia-da-imaculada-missa-de-acao-de-gracas-encerra-o-encontro-dos-jubilandos-da-provincia.html","title":{"rendered":"No dia da Imaculada, Missa de A\u00e7\u00e3o de Gra\u00e7as pelos Jubileus da Prov\u00edncia"},"content":{"rendered":"<p><img loading=\"lazy\" class=\"alignnone size-full wp-image-199173\" src=\"https:\/\/franciscanos.org.br\/noticias\/wp-content\/uploads\/2011\/12\/jubileus.jpg\" alt=\"\" width=\"830\" height=\"467\" srcset=\"https:\/\/franciscanos.org.br\/noticias\/wp-content\/uploads\/2011\/12\/jubileus.jpg 830w, https:\/\/franciscanos.org.br\/noticias\/wp-content\/uploads\/2011\/12\/jubileus-450x253.jpg 450w, https:\/\/franciscanos.org.br\/noticias\/wp-content\/uploads\/2011\/12\/jubileus-768x432.jpg 768w, https:\/\/franciscanos.org.br\/noticias\/wp-content\/uploads\/2011\/12\/jubileus-150x84.jpg 150w\" sizes=\"(max-width: 830px) 100vw, 830px\" \/><\/p>\n<p>S\u00e3o Francisco de Assis colocou a Ordem Franciscana sob a prote\u00e7\u00e3o da Imaculada Concei\u00e7\u00e3o de Nossa Senhora, celebrada neste dia 8 de dezembro. A Prov\u00edncia Franciscana da Imaculada sempre festeja a data com o encontro de seus jubilandos. Neste ano, na sede provincial, na Vila Clementino, em S\u00e3o Paulo, celebrou os jubileus de 65 anos de sacerd\u00f3cio de Frei Olavo Seifert; 60 anos de sacerd\u00f3cio de Frei Cir\u00edaco Tokarski; 50 anos de sacerd\u00f3cio de Frei Cl\u00e1udio Guski, Frei Jos\u00e9 Luiz Prim, Frei Jos\u00e9 Zanchet, Frei L\u00e9o Severino Schmidt e Frei Orlando L. Bernardi; e 25 anos de sacerd\u00f3cio de Frei Ant\u00f4nio Rosolem e Frei Bertolino Tholl. Deles, estiveram presentes Frei Olavo, Frei Cl\u00e1udio e Frei Jos\u00e9 Luiz. Durante a Missa, Frei Edvaldo Batista Soares fez a renova\u00e7\u00e3o dos votos tempor\u00e1rios.<\/p>\n<p><img loading=\"lazy\" class=\"alignleft size-full wp-image-199174\" src=\"https:\/\/franciscanos.org.br\/noticias\/wp-content\/uploads\/2011\/12\/img_7471.jpg\" alt=\"\" width=\"600\" height=\"338\" srcset=\"https:\/\/franciscanos.org.br\/noticias\/wp-content\/uploads\/2011\/12\/img_7471.jpg 600w, https:\/\/franciscanos.org.br\/noticias\/wp-content\/uploads\/2011\/12\/img_7471-450x254.jpg 450w, https:\/\/franciscanos.org.br\/noticias\/wp-content\/uploads\/2011\/12\/img_7471-150x85.jpg 150w\" sizes=\"(max-width: 600px) 100vw, 600px\" \/>Com os jubilandos e confrades de todo o Regional de S\u00e3o Paulo, o Ministro Provincial, Frei Fid\u00eancio Vanboemmel, presidiu a Missa de A\u00e7\u00e3o de Gra\u00e7as e ressaltou a import\u00e2ncia de celebrar este momento. &#8220;Com Frei Cl\u00e1udio, Frei Jos\u00e9 e Frei Olavo, queremos recordar os demais jubilandos que, por diversas raz\u00f5es, n\u00e3o puderam estar aqui presentes. Queremos, sim, agradecer a Deus por tantos anos decidados \u00e0 voca\u00e7\u00e3o sacerdotal. E a voca\u00e7\u00e3o sacerdotal tem muito a ver com a Virgem Maria. Nosso S\u00e3o Pai Francico dizia que Deus desceu do trono real e precisou do seio da Virgem Maria para vir ao mundo. Hoje, Deus precisa das m\u00e3os dos sacerdotes, essas m\u00e3os fr\u00e1geis, para se reencarnar todos os dias sobre o saltar. A m\u00e3o do sacerdote se assemelha ao \u00fatero da Virgem M\u00e3e&#8221;, disse Frei Fid\u00eancio.<\/p>\n<p>Ao se dirigir aos jubilandos, lembrou da visita que fizeram \u00e0 igreja Santo Ant\u00f4nio do Pari e da frase de Frei Olavo: &#8220;Aqui, h\u00e1 65 anos, celebrei a minha primeira missa&#8221;. Segundo o Ministro Provincial, Frei Olavo prestou muitos servi\u00e7os \u00e0 Prov\u00edncia nesse tempo, inclusive na pr\u00f3pria sede provincial cuidando dos arquivos. &#8220;Hoje, faz o atendimento espiritual no Convento Santo Ant\u00f4nio do Rio de Janeiro e um belo trabalho presbiteral&#8221;, acrescentou.<\/p>\n<p>Frei Cl\u00e1udio Guski, em 50 anos de vida sacerdotal, trabalhou na forma\u00e7\u00e3o e em v\u00e1rias frentes da Prov\u00edncia. &#8220;Hoje est\u00e1 como atendente conventual num dos mais belos santu\u00e1rios marianos: Nossa Senhora da Penha, no Esp\u00edrito Santo, onde milhares de peregrinos chegam para venerar e cantar louvores a Nossa Senhora&#8221;, explicou Frei Fid\u00eancio.<\/p>\n<p><img loading=\"lazy\" class=\"alignright size-full wp-image-199176\" src=\"https:\/\/franciscanos.org.br\/noticias\/wp-content\/uploads\/2011\/12\/img_7484.jpg\" alt=\"\" width=\"600\" height=\"338\" srcset=\"https:\/\/franciscanos.org.br\/noticias\/wp-content\/uploads\/2011\/12\/img_7484.jpg 600w, https:\/\/franciscanos.org.br\/noticias\/wp-content\/uploads\/2011\/12\/img_7484-450x254.jpg 450w, https:\/\/franciscanos.org.br\/noticias\/wp-content\/uploads\/2011\/12\/img_7484-150x85.jpg 150w\" sizes=\"(max-width: 600px) 100vw, 600px\" \/>Frei Jos\u00e9 Luiz Prim foi destacado pelo Provincial por seus anos dedicados \u00e0 forma\u00e7\u00e3o e pelo belo trabalho \u00e0 frente do Coral dos Canarinhos de Petr\u00f3polis. &#8220;M\u00fasico, compositor, hoje, inclusive, estamos cantando a Missa da Imaculada que ele comp\u00f4s&#8221;, lembrou. Frei Jos\u00e9 reside atualmente na Fraternidade de Blumenau, onde os frades atendem o santu\u00e1rio mariano de Nossa Senhora Aparecida.<\/p>\n<p>Frei Fid\u00eancio falou ainda da import\u00e2ncia da solenidade para a Ordem Franciscana e recitou a bel\u00edssima ora\u00e7\u00e3o de S\u00e3o Francisco de Assis saudando a M\u00e3e Deus:\u00a0 &#8220;Ave Senhora Santa, Rainha Sant\u00edssima, M\u00e3e de Deus, \u00f3 Maria, que sois Virgem feita igreja, eleita pelo sant\u00edssimo Pai celestial, que vos consagrou por seu sant\u00edssimo e dileto Filho e o Esp\u00edrito Santo Par\u00e1clito! Em v\u00f3s residiu e reside toda a plenitude da gra\u00e7a e todo o bem!&#8221;.<\/p>\n<p>Antes do ofert\u00f3rio, Frei Edvaldo renovou os votos tempor\u00e1rios e os frades jubilandos fizeram a sua consagra\u00e7\u00e3o a Deus, \u00e0 Igreja e a Ordem. Em seguida, foram cumprimentados pelos frades presentes na celebra\u00e7\u00e3o.<\/p>\n<p>&nbsp;<\/p>\n","protected":false},"excerpt":{"rendered":"<p>Jubileus da Prov\u00edncia<\/p>\n","protected":false},"author":1,"featured_media":208762,"comment_status":"closed","ping_status":"open","sticky":false,"template":"","format":"standard","meta":[],"categories":[1],"tags":[53,84,332,306],"acf":[],"yoast_head":"<!-- This site is optimized with the Yoast SEO plugin v19.2 - https:\/\/yoast.com\/wordpress\/plugins\/seo\/ -->\n<title>No dia da Imaculada, Missa de A\u00e7\u00e3o de Gra\u00e7as pelos Jubileus da Prov\u00edncia - Not\u00edcias - Franciscanos<\/title>\n<meta name=\"robots\" content=\"index, follow, max-snippet:-1, max-image-preview:large, max-video-preview:-1\" \/>\n<link rel=\"canonical\" href=\"https:\/\/franciscanos.org.br\/noticias\/no-dia-da-imaculada-missa-de-acao-de-gracas-encerra-o-encontro-dos-jubilandos-da-provincia.html\" \/>\n<meta property=\"og:locale\" content=\"pt_BR\" \/>\n<meta property=\"og:type\" content=\"article\" \/>\n<meta property=\"og:title\" content=\"No dia da Imaculada, Missa de A\u00e7\u00e3o de Gra\u00e7as pelos Jubileus da Prov\u00edncia - Not\u00edcias - Franciscanos\" \/>\n<meta property=\"og:description\" content=\"Jubileus da Prov\u00edncia\" \/>\n<meta property=\"og:url\" content=\"https:\/\/franciscanos.org.br\/noticias\/no-dia-da-imaculada-missa-de-acao-de-gracas-encerra-o-encontro-dos-jubilandos-da-provincia.html\" \/>\n<meta property=\"og:site_name\" content=\"Not\u00edcias - Franciscanos\" \/>\n<meta property=\"article:published_time\" content=\"2011-12-08T15:00:48+00:00\" \/>\n<meta property=\"article:modified_time\" content=\"2023-01-09T14:20:51+00:00\" \/>\n<meta property=\"og:image\" content=\"https:\/\/franciscanos.org.br\/noticias\/wp-content\/uploads\/2011\/12\/jubileus-1.jpg\" \/>\n\t<meta property=\"og:image:width\" content=\"273\" \/>\n\t<meta property=\"og:image:height\" content=\"181\" \/>\n\t<meta property=\"og:image:type\" content=\"image\/jpeg\" \/>\n<meta name=\"author\" content=\"admin\" \/>\n<meta name=\"twitter:card\" content=\"summary_large_image\" \/>\n<meta name=\"twitter:label1\" content=\"Escrito por\" \/>\n\t<meta name=\"twitter:data1\" content=\"admin\" \/>\n\t<meta name=\"twitter:label2\" content=\"Est. tempo de leitura\" \/>\n\t<meta name=\"twitter:data2\" content=\"3 minutos\" \/>\n<script type=\"application\/ld+json\" class=\"yoast-schema-graph\">{\"@context\":\"https:\/\/schema.org\",\"@graph\":[{\"@type\":\"WebSite\",\"@id\":\"https:\/\/franciscanos.org.br\/noticias\/#website\",\"url\":\"https:\/\/franciscanos.org.br\/noticias\/\",\"name\":\"Not\u00edcias - Franciscanos\",\"description\":\"Prov\u00edncia Franciscana da Imaculada Concei\u00e7\u00e3o do Brasil - Ordem dos Frades Menores - OFM\",\"potentialAction\":[{\"@type\":\"SearchAction\",\"target\":{\"@type\":\"EntryPoint\",\"urlTemplate\":\"https:\/\/franciscanos.org.br\/noticias\/?s={search_term_string}\"},\"query-input\":\"required name=search_term_string\"}],\"inLanguage\":\"pt-BR\"},{\"@type\":\"ImageObject\",\"inLanguage\":\"pt-BR\",\"@id\":\"https:\/\/franciscanos.org.br\/noticias\/no-dia-da-imaculada-missa-de-acao-de-gracas-encerra-o-encontro-dos-jubilandos-da-provincia.html#primaryimage\",\"url\":\"https:\/\/franciscanos.org.br\/noticias\/wp-content\/uploads\/2011\/12\/jubileus-1.jpg\",\"contentUrl\":\"https:\/\/franciscanos.org.br\/noticias\/wp-content\/uploads\/2011\/12\/jubileus-1.jpg\",\"width\":273,\"height\":181},{\"@type\":\"WebPage\",\"@id\":\"https:\/\/franciscanos.org.br\/noticias\/no-dia-da-imaculada-missa-de-acao-de-gracas-encerra-o-encontro-dos-jubilandos-da-provincia.html#webpage\",\"url\":\"https:\/\/franciscanos.org.br\/noticias\/no-dia-da-imaculada-missa-de-acao-de-gracas-encerra-o-encontro-dos-jubilandos-da-provincia.html\",\"name\":\"No dia da Imaculada, Missa de A\u00e7\u00e3o de Gra\u00e7as pelos Jubileus da Prov\u00edncia - Not\u00edcias - Franciscanos\",\"isPartOf\":{\"@id\":\"https:\/\/franciscanos.org.br\/noticias\/#website\"},\"primaryImageOfPage\":{\"@id\":\"https:\/\/franciscanos.org.br\/noticias\/no-dia-da-imaculada-missa-de-acao-de-gracas-encerra-o-encontro-dos-jubilandos-da-provincia.html#primaryimage\"},\"datePublished\":\"2011-12-08T15:00:48+00:00\",\"dateModified\":\"2023-01-09T14:20:51+00:00\",\"author\":{\"@id\":\"https:\/\/franciscanos.org.br\/noticias\/#\/schema\/person\/b38fbf43118f02820bd932f2e4b14ad3\"},\"breadcrumb\":{\"@id\":\"https:\/\/franciscanos.org.br\/noticias\/no-dia-da-imaculada-missa-de-acao-de-gracas-encerra-o-encontro-dos-jubilandos-da-provincia.html#breadcrumb\"},\"inLanguage\":\"pt-BR\",\"potentialAction\":[{\"@type\":\"ReadAction\",\"target\":[\"https:\/\/franciscanos.org.br\/noticias\/no-dia-da-imaculada-missa-de-acao-de-gracas-encerra-o-encontro-dos-jubilandos-da-provincia.html\"]}]},{\"@type\":\"BreadcrumbList\",\"@id\":\"https:\/\/franciscanos.org.br\/noticias\/no-dia-da-imaculada-missa-de-acao-de-gracas-encerra-o-encontro-dos-jubilandos-da-provincia.html#breadcrumb\",\"itemListElement\":[{\"@type\":\"ListItem\",\"position\":1,\"name\":\"Home\",\"item\":\"https:\/\/franciscanos.org.br\/noticias\"},{\"@type\":\"ListItem\",\"position\":2,\"name\":\"No dia da Imaculada, Missa de A\u00e7\u00e3o de Gra\u00e7as pelos Jubileus da Prov\u00edncia\"}]},{\"@type\":\"Person\",\"@id\":\"https:\/\/franciscanos.org.br\/noticias\/#\/schema\/person\/b38fbf43118f02820bd932f2e4b14ad3\",\"name\":\"admin\",\"image\":{\"@type\":\"ImageObject\",\"inLanguage\":\"pt-BR\",\"@id\":\"https:\/\/franciscanos.org.br\/noticias\/#\/schema\/person\/image\/\",\"url\":\"https:\/\/secure.gravatar.com\/avatar\/e8495742d34d0ba6448ea1c628263b3e?s=96&d=mm&r=g\",\"contentUrl\":\"https:\/\/secure.gravatar.com\/avatar\/e8495742d34d0ba6448ea1c628263b3e?s=96&d=mm&r=g\",\"caption\":\"admin\"},\"url\":\"https:\/\/franciscanos.org.br\/noticias\/author\/admin\"}]}<\/script>\n<!-- \/ Yoast SEO plugin. -->","yoast_head_json":{"title":"No dia da Imaculada, Missa de A\u00e7\u00e3o de Gra\u00e7as pelos Jubileus da Prov\u00edncia - Not\u00edcias - Franciscanos","robots":{"index":"index","follow":"follow","max-snippet":"max-snippet:-1","max-image-preview":"max-image-preview:large","max-video-preview":"max-video-preview:-1"},"canonical":"https:\/\/franciscanos.org.br\/noticias\/no-dia-da-imaculada-missa-de-acao-de-gracas-encerra-o-encontro-dos-jubilandos-da-provincia.html","og_locale":"pt_BR","og_type":"article","og_title":"No dia da Imaculada, Missa de A\u00e7\u00e3o de Gra\u00e7as pelos Jubileus da Prov\u00edncia - Not\u00edcias - Franciscanos","og_description":"Jubileus da Prov\u00edncia","og_url":"https:\/\/franciscanos.org.br\/noticias\/no-dia-da-imaculada-missa-de-acao-de-gracas-encerra-o-encontro-dos-jubilandos-da-provincia.html","og_site_name":"Not\u00edcias - Franciscanos","article_published_time":"2011-12-08T15:00:48+00:00","article_modified_time":"2023-01-09T14:20:51+00:00","og_image":[{"width":273,"height":181,"url":"https:\/\/franciscanos.org.br\/noticias\/wp-content\/uploads\/2011\/12\/jubileus-1.jpg","type":"image\/jpeg"}],"author":"admin","twitter_card":"summary_large_image","twitter_misc":{"Escrito por":"admin","Est. tempo de leitura":"3 minutos"},"schema":{"@context":"https:\/\/schema.org","@graph":[{"@type":"WebSite","@id":"https:\/\/franciscanos.org.br\/noticias\/#website","url":"https:\/\/franciscanos.org.br\/noticias\/","name":"Not\u00edcias - Franciscanos","description":"Prov\u00edncia Franciscana da Imaculada Concei\u00e7\u00e3o do Brasil - Ordem dos Frades Menores - OFM","potentialAction":[{"@type":"SearchAction","target":{"@type":"EntryPoint","urlTemplate":"https:\/\/franciscanos.org.br\/noticias\/?s={search_term_string}"},"query-input":"required name=search_term_string"}],"inLanguage":"pt-BR"},{"@type":"ImageObject","inLanguage":"pt-BR","@id":"https:\/\/franciscanos.org.br\/noticias\/no-dia-da-imaculada-missa-de-acao-de-gracas-encerra-o-encontro-dos-jubilandos-da-provincia.html#primaryimage","url":"https:\/\/franciscanos.org.br\/noticias\/wp-content\/uploads\/2011\/12\/jubileus-1.jpg","contentUrl":"https:\/\/franciscanos.org.br\/noticias\/wp-content\/uploads\/2011\/12\/jubileus-1.jpg","width":273,"height":181},{"@type":"WebPage","@id":"https:\/\/franciscanos.org.br\/noticias\/no-dia-da-imaculada-missa-de-acao-de-gracas-encerra-o-encontro-dos-jubilandos-da-provincia.html#webpage","url":"https:\/\/franciscanos.org.br\/noticias\/no-dia-da-imaculada-missa-de-acao-de-gracas-encerra-o-encontro-dos-jubilandos-da-provincia.html","name":"No dia da Imaculada, Missa de A\u00e7\u00e3o de Gra\u00e7as pelos Jubileus da Prov\u00edncia - Not\u00edcias - Franciscanos","isPartOf":{"@id":"https:\/\/franciscanos.org.br\/noticias\/#website"},"primaryImageOfPage":{"@id":"https:\/\/franciscanos.org.br\/noticias\/no-dia-da-imaculada-missa-de-acao-de-gracas-encerra-o-encontro-dos-jubilandos-da-provincia.html#primaryimage"},"datePublished":"2011-12-08T15:00:48+00:00","dateModified":"2023-01-09T14:20:51+00:00","author":{"@id":"https:\/\/franciscanos.org.br\/noticias\/#\/schema\/person\/b38fbf43118f02820bd932f2e4b14ad3"},"breadcrumb":{"@id":"https:\/\/franciscanos.org.br\/noticias\/no-dia-da-imaculada-missa-de-acao-de-gracas-encerra-o-encontro-dos-jubilandos-da-provincia.html#breadcrumb"},"inLanguage":"pt-BR","potentialAction":[{"@type":"ReadAction","target":["https:\/\/franciscanos.org.br\/noticias\/no-dia-da-imaculada-missa-de-acao-de-gracas-encerra-o-encontro-dos-jubilandos-da-provincia.html"]}]},{"@type":"BreadcrumbList","@id":"https:\/\/franciscanos.org.br\/noticias\/no-dia-da-imaculada-missa-de-acao-de-gracas-encerra-o-encontro-dos-jubilandos-da-provincia.html#breadcrumb","itemListElement":[{"@type":"ListItem","position":1,"name":"Home","item":"https:\/\/franciscanos.org.br\/noticias"},{"@type":"ListItem","position":2,"name":"No dia da Imaculada, Missa de A\u00e7\u00e3o de Gra\u00e7as pelos Jubileus da Prov\u00edncia"}]},{"@type":"Person","@id":"https:\/\/franciscanos.org.br\/noticias\/#\/schema\/person\/b38fbf43118f02820bd932f2e4b14ad3","name":"admin","image":{"@type":"ImageObject","inLanguage":"pt-BR","@id":"https:\/\/franciscanos.org.br\/noticias\/#\/schema\/person\/image\/","url":"https:\/\/secure.gravatar.com\/avatar\/e8495742d34d0ba6448ea1c628263b3e?s=96&d=mm&r=g","contentUrl":"https:\/\/secure.gravatar.com\/avatar\/e8495742d34d0ba6448ea1c628263b3e?s=96&d=mm&r=g","caption":"admin"},"url":"https:\/\/franciscanos.org.br\/noticias\/author\/admin"}]}},"_links":{"self":[{"href":"https:\/\/franciscanos.org.br\/noticias\/wp-json\/wp\/v2\/posts\/8449"}],"collection":[{"href":"https:\/\/franciscanos.org.br\/noticias\/wp-json\/wp\/v2\/posts"}],"about":[{"href":"https:\/\/franciscanos.org.br\/noticias\/wp-json\/wp\/v2\/types\/post"}],"author":[{"embeddable":true,"href":"https:\/\/franciscanos.org.br\/noticias\/wp-json\/wp\/v2\/users\/1"}],"replies":[{"embeddable":true,"href":"https:\/\/franciscanos.org.br\/noticias\/wp-json\/wp\/v2\/comments?post=8449"}],"version-history":[{"count":1,"href":"https:\/\/franciscanos.org.br\/noticias\/wp-json\/wp\/v2\/posts\/8449\/revisions"}],"predecessor-version":[{"id":241613,"href":"https:\/\/franciscanos.org.br\/noticias\/wp-json\/wp\/v2\/posts\/8449\/revisions\/241613"}],"wp:featuredmedia":[{"embeddable":true,"href":"https:\/\/franciscanos.org.br\/noticias\/wp-json\/wp\/v2\/media\/208762"}],"wp:attachment":[{"href":"https:\/\/franciscanos.org.br\/noticias\/wp-json\/wp\/v2\/media?parent=8449"}],"wp:term":[{"taxonomy":"category","embeddable":true,"href":"https:\/\/franciscanos.org.br\/noticias\/wp-json\/wp\/v2\/categories?post=8449"},{"taxonomy":"post_tag","embeddable":true,"href":"https:\/\/franciscanos.org.br\/noticias\/wp-json\/wp\/v2\/tags?post=8449"}],"curies":[{"name":"wp","href":"https:\/\/api.w.org\/{rel}","templated":true}]}}