{"id":84256,"date":"2015-04-28T08:23:35","date_gmt":"2015-04-28T11:23:35","guid":{"rendered":"http:\/\/franciscanos.org.br\/?p=84256"},"modified":"2019-01-24T11:20:37","modified_gmt":"2019-01-24T13:20:37","slug":"lancamentos-da-semana-2","status":"publish","type":"post","link":"https:\/\/franciscanos.org.br\/noticias\/lancamentos-da-semana-2.html","title":{"rendered":"Lan\u00e7amentos da semana"},"content":{"rendered":"<h3><strong><a href=\"http:\/\/franciscanos.org.br\/wp-content\/uploads\/2015\/04\/valorizacao.jpg\"><img loading=\"lazy\" class=\"alignleft size-full wp-image-84257\" src=\"http:\/\/franciscanos.org.br\/wp-content\/uploads\/2015\/04\/valorizacao.jpg\" alt=\"valorizacao\" width=\"200\" height=\"307\" \/><\/a>Valoriza\u00e7\u00e3o pessoal e profissional \u2013 O poder inspirador do reconhecimento<\/strong><\/h3>\n<p><strong>Anselm Gr\u00fcn e Paul Ch. Donders<\/strong><\/p>\n<p>A valoriza\u00e7\u00e3o do ser humano \u00e9 um fator b\u00e1sico da vida, indispens\u00e1vel no conv\u00edvio entre pessoas, tanto no espa\u00e7o familiar quanto no ambiente de trabalho. No entanto, no dia-a-dia, ela costuma ser pouco observada, ou simplesmente esquecida. O procedimento consiste em apreciar e aceitar cada pessoa tal como ela \u00e9.<\/p>\n<p>Neste livro, Anselm Gr\u00fcn e Paul Ch. Donders mostram claramente o quanto a valoriza\u00e7\u00e3o \u00e9 importante para todos n\u00f3s e como \u00e9 simples e espont\u00e2neo integr\u00e1-la \u00e0 nossa vida. Por meio de exemplos comuns e pr\u00e1ticos, os autores nos mostram como intensific\u00e1-la em nossa vida cotidiana, explicando tamb\u00e9m o que costuma nos impedir de valorizar os outros. A pr\u00e1tica \u00e9 auxiliada por sugest\u00f5es concretas e exerc\u00edcios pr\u00e1ticos, apresentados ao longo do livro.<\/p>\n<p>O que os autores pretendem \u00e9 convidar voc\u00ea, n\u00e3o a <em>refletir<\/em> sobre a valoriza\u00e7\u00e3o humana, mas a <em>pratic\u00e1-la<\/em>. Os pensamentos de Paul Donders e de Anselm Gr\u00fcn se complementam, eles partem de suas respectivas experi\u00eancias concretas para estimular o leitor a valorizar a si mesmo e a demonstrar seu reconhecimento ao valor das pessoas com as quais convive e trabalha.<\/p>\n<p>Segundo os autores, nesta obra eles n\u00e3o trazem grandes novidades, querem apenas lhe falar de coisas que a sua alma j\u00e1 conhece h\u00e1 muito tempo, pois para reencontrar a sabedoria de nossa pr\u00f3pria alma, muitas vezes precisamos das palavras de outra pessoa.<\/p>\n<p style=\"padding-left: 30px;\"><strong>Anselm Gr\u00fcn<\/strong><em> est\u00e1 entre os mais importantes autores espirituais da atualidade e, por meio de suas confer\u00eancias e de seus semin\u00e1rios, \u00e9 um orientador espiritual para muitas pessoas. \u00c9 formado em teologia e administra\u00e7\u00e3o de empresas. Como ec\u00f4nomo da abadia beneditina de M\u00fcnsterschwarzach foi, por mais de 30 anos, respons\u00e1vel por centenas de funcion\u00e1rios nos diversos empreendimentos do mosteiro.<br \/>\n<\/em><strong>Paul Ch. Donders<\/strong><em> \u00e9 dirigente da organiza\u00e7\u00e3o de consultoria xpand International. Como treinador e conferencista, trabalha temas como lideran\u00e7a, vis\u00e3o e plano de vida, com base nos valores crist\u00e3os.<\/em><\/p>\n<p><strong>N\u00ba DE P\u00c1GINAS:\u00a0152<\/strong><\/p>\n<p>&nbsp;<\/p>\n<h3><strong><a href=\"http:\/\/franciscanos.org.br\/wp-content\/uploads\/2015\/04\/explorando.jpg\"><img loading=\"lazy\" class=\"alignleft size-full wp-image-84258\" src=\"http:\/\/franciscanos.org.br\/wp-content\/uploads\/2015\/04\/explorando.jpg\" alt=\"explorando\" width=\"200\" height=\"288\" \/><\/a>Explorando a cidade &#8211; Em busca de uma antropologia urbana<\/strong><\/h3>\n<p><strong>Ulf Hannerz<\/strong><\/p>\n<p>Em um per\u00edodo de tempo relativamente curto a antropologia urbana surgiu como um dos campos mais vitais da antropologia. Durante seu per\u00edodo formativo, no entanto, faltou-lhe coer\u00eancia intelectual. <em>Explorando a cidade<\/em> \u00e9 uma primeira tentativa ousada de fornecer exatamente essa coer\u00eancia e uma compreens\u00e3o te\u00f3rica unificada do urbanismo.<\/p>\n<p>Para fazer jus \u00e0 sua pretens\u00e3o de ser &#8220;a ci\u00eancia da humanidade&#8221;, a Antropologia deve ser reconstru\u00edda para incluir uma consci\u00eancia de vida urbana. Ela n\u00e3o pode tirar suas conclus\u00f5es baseando-se apenas em pesquisas em comunidades pequenas, sem complica\u00e7\u00f5es, principalmente nas partes n\u00e3o ocidentais do mundo. A contribui\u00e7\u00e3o especial da parte urbana ao todo antropol\u00f3gico consiste na compreens\u00e3o de uma s\u00e9rie de fen\u00f4menos sociais e culturais, pouco ou nunca encontrados em outros locais, que sejam examinados tendo como fundo a varia\u00e7\u00e3o humana em geral.<\/p>\n<p>Baseando-se n\u00e3o s\u00f3 na antropologia, mas tamb\u00e9m nas perspectivas urbanas de outras disciplinas, tais como hist\u00f3ria, sociologia e geografia, Ulf Hannerz traz, nesta obra, unidade intelectual \u00e0 hist\u00f3ria e ao desenvolvimento da antropologia urbana.<\/p>\n<p style=\"padding-left: 30px;\"><strong>Ulf Hannerz<\/strong><em> \u00e9 atualmente Chefe do Departamento de Antropologia Social na Universidade de Estocolmo. Seu livro Soulside: Inquiries into Ghetto Culture and Community (CUP, 1969) imediatamente estabeleceu sua reputa\u00e7\u00e3o como um dos observadores mais perceptivos e ponderados da vida urbana.<\/em><\/p>\n<p><strong>N\u00ba DE P\u00c1GINAS:\u00a0 408<\/strong><\/p>\n<p><strong>\u00a0<\/strong><\/p>\n<h3><strong><a href=\"http:\/\/franciscanos.org.br\/wp-content\/uploads\/2015\/04\/exerc-simplic-feliz.jpg\"><img loading=\"lazy\" class=\"alignleft size-full wp-image-84259\" src=\"http:\/\/franciscanos.org.br\/wp-content\/uploads\/2015\/04\/exerc-simplic-feliz.jpg\" alt=\"exerc-simplic-feliz\" width=\"200\" height=\"275\" \/><\/a>Caderno de Exerc\u00edcios de Simplicidade Feliz<\/strong><\/h3>\n<p><strong>Alice Le Guiffant<\/strong><em> e <\/em><strong>Laurence Par\u00e9<\/strong><\/p>\n<p>Este caderno de exerc\u00edcios oferece dicas para descobrir e aplicar a simplicidade volunt\u00e1ria e feliz no seu cotidiano. Como essa filosofia de vida nos traz plenitude e felicidade, preferimos cham\u00e1-la de \u201csimplicidade feliz\u201d, em vez de \u201csimplicidade volunt\u00e1ria\u201d, que parece ser algo demasiado trabalhoso e chato. O livro explora diferentes maneiras de tentar substituir o TER, amplamente imposto por nossa sociedade, pelo SER, bem relegado ao pano de fundo de nossas vidas, a fim de alcan\u00e7ar um melhor equil\u00edbrio entre ambos.<\/p>\n<p>A simplicidade feliz \u00e9 uma escolha de vida com o objetivo de se liberar de uma grande depend\u00eancia de tudo o que \u00e9 material e questionar os h\u00e1bitos consumistas de nossa sociedade, no intuito de se aproximar de seus valores e necessidades reais.<\/p>\n<p>Esse passo deve ser dado para si mesmo, para os outros, para o planeta, cada um andando em seu ritmo por caminhos que lhe sejam pr\u00f3prios e com suas prioridades pessoais. Portanto, est\u00e1 fora de quest\u00e3o renunciar a todos os prazeres da vida sob pretexto de estar absolutamente determinado a ir at\u00e9 o fim. N\u00e3o se deve abandonar uma sociedade embrutecedora e coerciva por conceitos que aprisionam ainda mais.<\/p>\n<p><strong>Alice Le Guiffant<\/strong> <em>\u00e9 professora. M\u00e3e de dois filhos, ela trabalha h\u00e1 v\u00e1rios anos com quest\u00f5es de ecologia ambiental, social, familiar e relacional. Ela \u00e9 coautora do blog \u201cChroniques de deux consommatrices repenties\u201d e do livro L\u2019art du d\u00e9sencombrement e Caderno de Exerc\u00edcios para se desvencilhar de Tudo o que \u00e9 In\u00fatil (Vozes).<\/em><\/p>\n<p style=\"padding-left: 30px;\"><strong>Laurence Par\u00e9<\/strong><em> se interessa por ecologia, educa\u00e7\u00e3o alternativa e simplicidade volunt\u00e1ria. M\u00e3e de dois filhos, ela publicou artigos na revista Grandir Autrement, alimenta as \u201cChroniques de deux consommatrices repenties\u201d e \u00e9 coautora de L\u2019art du d\u00e9sencombrement e Caderno de Exerc\u00edcios para se desvencilhar de Tudo o que \u00e9 In\u00fatil (Vozes).<\/em><\/p>\n<p><strong>N\u00ba DE P\u00c1GINAS:<\/strong><strong>:\u00a064<\/strong><\/p>\n<p><em>\u00a0<\/em><\/p>\n<h3><strong><a href=\"http:\/\/franciscanos.org.br\/wp-content\/uploads\/2015\/04\/exerc-generosidade.jpg\"><img loading=\"lazy\" class=\"alignleft size-full wp-image-84262\" src=\"http:\/\/franciscanos.org.br\/wp-content\/uploads\/2015\/04\/exerc-generosidade.jpg\" alt=\"exerc-generosidade\" width=\"200\" height=\"276\" \/><\/a>Caderno de exerc\u00edcios dos fabulosos poderes da generosidade<\/strong><\/h3>\n<p><strong>Yves-Alexandre Thalmann<\/strong><\/p>\n<p>Quando dividimos nossas riquezas com os outros em vez de acumul\u00e1-las somente para uso pr\u00f3prio, contribu\u00edmos para formar uma sociedade na qual \u00e9 mais agrad\u00e1vel viver para cada um de n\u00f3s. Sem falar em dinheiro, generosidade \u00e9 agir pelo interesse dos outros, e n\u00e3o por interesse pr\u00f3prio, sem esperar nada em troca. \u00c9 preciso ent\u00e3o saber praticar carinhos invis\u00edveis, saber dividir, retribuir, dedicar tempo \u2013 de modo geral, aprender a doar mais.<\/p>\n<p>Este caderno de exerc\u00edcios re\u00fane um tesouro de ideias para desenvolver a sua generosidade e, \u00e0 medida que voc\u00ea for praticando-a cotidianamente, se tornar\u00e1 uma verdadeira arte de viver. Com exerc\u00edcios f\u00e1ceis, observa\u00e7\u00f5es e pensamentos positivos, d\u00ea palavras e cores ao seu cotidiano!<\/p>\n<p style=\"padding-left: 30px;\"><strong>Yves-Alexandre Thalmann<\/strong><em> \u00e9 psic\u00f3logo e especialista em desenvolvimento pessoal. Titular de um doutorado em f\u00edsica, ele faz quest\u00e3o de aplicar o mesmo rigor cient\u00edfico tanto em seu trabalho quanto nas rela\u00e7\u00f5es humanas. Ele \u00e9 autor de muitos livros de sucesso, dentre os quais Au diable la culpabilit\u00e9!, Petit trait\u00e9 de contre-manipulation (editora Jouvence), Caderno de Exerc\u00edcios para Aprender a Ser Feliz e Caderno de Exerc\u00edcios para Ver Tudo Cor-de-Rosa (editora Vozes).<\/em><\/p>\n<p><strong>N\u00ba DE P\u00c1GINAS:<\/strong><strong>:\u00a064<\/strong><\/p>\n<p><strong><em>\u00a0<\/em><\/strong><\/p>\n<h3><strong><a href=\"http:\/\/franciscanos.org.br\/wp-content\/uploads\/2015\/04\/exerc-o-que-e-inutil.jpg\"><img loading=\"lazy\" class=\"alignleft size-full wp-image-84263\" src=\"http:\/\/franciscanos.org.br\/wp-content\/uploads\/2015\/04\/exerc-o-que-e-inutil.jpg\" alt=\"exerc-o-que-e-inutil\" width=\"200\" height=\"276\" \/><\/a>Caderno de exerc\u00edcios para se desvencilhar de tudo o que \u00e9 in\u00fatil<\/strong><\/h3>\n<p><strong>Alice Le Guiffant<\/strong><em> e <\/em><strong>Laurence Par\u00e9<\/strong><\/p>\n<p>Desvencilhar-se \u00e9 uma iniciativa volunt\u00e1ria e pensada, que conduz a se desapegar de suas convic\u00e7\u00f5es e medos, bem como recusar tudo o que \u00e9 sup\u00e9rfluo, privilegiando o que \u00e9 essencial para voc\u00ea. \u00c9 um processo de desenvolvimento pessoal que ajudar\u00e1 voc\u00ea a simplificar a sua vida e, sobretudo, avaliar suas verdadeiras necessidades para, enfim, realizar-se plenamente.<\/p>\n<p>Este caderno tem o objetivo de ajudar voc\u00ea a se desvencilhar e refletir sobre o consumo, atrav\u00e9s de exerc\u00edcios pr\u00e1ticos e concretos. No final da sua caminhada, voc\u00ea finalmente se sentir\u00e1 mais leve!<\/p>\n<p style=\"padding-left: 30px;\"><strong>Alice Le Guiffant<\/strong> <em>\u00e9 professora. M\u00e3e de dois filhos, ela trabalha h\u00e1 v\u00e1rios anos com quest\u00f5es de ecologia ambiental, social, familiar e relacional. Ela \u00e9 coautora do blog \u201cChroniques de deux consommatrices repenties\u201d e do livro L\u2019art du d\u00e9sencombrement (editora Jouvence).<br \/>\n<\/em><strong>Laurence Par\u00e9<\/strong> <em>se interessa por ecologia, educa\u00e7\u00e3o alternativa e simplicidade volunt\u00e1ria. M\u00e3e de dois filhos, ela publicou artigos na revista Grandir Autrement, alimenta as \u201cChroniques de deux consommatrices repenties\u201d e \u00e9 coautora de L\u2019art du d\u00e9sencombrement (editora Jouvence).<\/em><\/p>\n<p><strong>N\u00ba DE P\u00c1GINAS:\u00a0<\/strong><strong>64<\/strong><\/p>\n<p>&nbsp;<\/p>\n<h3><strong><a href=\"http:\/\/franciscanos.org.br\/wp-content\/uploads\/2015\/04\/exec-parar-de-culpar.jpg\"><img loading=\"lazy\" class=\"alignleft size-full wp-image-84264\" src=\"http:\/\/franciscanos.org.br\/wp-content\/uploads\/2015\/04\/exec-parar-de-culpar.jpg\" alt=\"exec-parar-de-culpar\" width=\"200\" height=\"276\" \/><\/a>Caderno de exerc\u00edcios para viver livre e parar de se culpar<\/strong><\/h3>\n<p><strong>Yves-Alexandre Thalmann<\/strong><\/p>\n<p>A Culpa \u00e9 algo que nos impede de aproveitar os bons momentos! Ela vem chegando de mansinho justamente quando estamos nos deleitando.<\/p>\n<p>Voc\u00ea j\u00e1 reparou?\u00a0 Quando nos culpamos, temos a tend\u00eancia de falar conosco mesmo na segunda pessoa, usando o voc\u00ea! \u00c9 como se o juiz que existe dentro de n\u00f3s criticasse uma outra parte de n\u00f3s mesmos, como em um processo interior&#8230;<\/p>\n<p>Mas podemos nos livrar desse sentimento e \u00e9 esse o objetivo deste caderno de exerc\u00edcios. Trazer atividades pr\u00e1ticas, introspec\u00e7\u00f5es e conscientiza\u00e7\u00f5es que permeiam o caminho para superar e se liberar da culpa.<\/p>\n<p style=\"padding-left: 30px;\"><strong>Yves-Alexandre Thalmann<\/strong><em> \u00e9 psic\u00f3logo e especialista em desenvolvimento pessoal. Titular de um doutorado em f\u00edsica, ele faz quest\u00e3o de aplicar o mesmo rigor cient\u00edfico tanto em seu trabalho quanto nas rela\u00e7\u00f5es humanas. Ele \u00e9 autor de muitos livros de sucesso, dentre os quais Au diable la culpabilit\u00e9!, Petit trait\u00e9 de contre-manipulation (editora Jouvence), Caderno de Exerc\u00edcios para Aprender a Ser Feliz e Caderno de Exerc\u00edcios para Ver Tudo Cor-de-Rosa (editora Vozes).<\/em><\/p>\n<p><strong>N\u00ba DE P\u00c1GINAS:\u00a0<\/strong><strong>64<\/strong><\/p>\n<p>&nbsp;<\/p>\n<h3><strong><a href=\"http:\/\/franciscanos.org.br\/wp-content\/uploads\/2015\/04\/exerc-forma-positiva.jpg\"><img loading=\"lazy\" class=\"alignleft size-full wp-image-84265\" src=\"http:\/\/franciscanos.org.br\/wp-content\/uploads\/2015\/04\/exerc-forma-positiva.jpg\" alt=\"exerc-forma-positiva\" width=\"200\" height=\"275\" \/><\/a>Caderno de exerc\u00edcio para viver sua raiva de forma positiva<\/strong><\/h3>\n<p><strong>Yves-Alexandre Thalmann<\/strong><\/p>\n<p>A raiva tem uma p\u00e9ssima reputa\u00e7\u00e3o, pois frequentemente est\u00e1 associada \u00e0 viol\u00eancia e agressividade. No entanto, a raiva tamb\u00e9m tem lados positivos que devem ser levados em considera\u00e7\u00e3o, pois sem ela \u00e9 dif\u00edcil fazer com que nossos direitos sejam respeitados e suscitar mudan\u00e7as ao nosso redor!<\/p>\n<p>A quest\u00e3o est\u00e1 em saber como domar a raiva e aprender a usar sua energia sem sucumbir \u00e0 viol\u00eancia. E, sobretudo, aprender a neutralizar as m\u00faltiplas contrariedades que permeiam o cotidiano e varrer todos os aborrecimentos in\u00fateis que estragam a nossa vida. \u00c9 neste sentindo que este caderno de exerc\u00edcios vai ensinar voc\u00ea a aprender a se reconciliar com a raiva<\/p>\n<p><strong>Yves-Alexandre Thalmann<\/strong><em> \u00e9 psic\u00f3logo e especialista em desenvolvimento pessoal. Titular de um doutorado em f\u00edsica, ele faz quest\u00e3o de aplicar o mesmo rigor cient\u00edfico tanto em seu trabalho quanto nas rela\u00e7\u00f5es humanas. Ele \u00e9 autor de muitos livros de sucesso, dentre os quais Au diable la culpabilit\u00e9!, Petit trait\u00e9 de contre-manipulation (editora Jouvence), Caderno de Exerc\u00edcios para Aprender a Ser Feliz e Caderno de Exerc\u00edcios para Ver Tudo Cor-de-Rosa (editora Vozes).<\/em><\/p>\n<p><strong>N\u00ba DE P\u00c1GINAS:\u00a0<\/strong><strong>64<\/strong><\/p>\n","protected":false},"excerpt":{"rendered":"<p>Editora Vozes<\/p>\n","protected":false},"author":1,"featured_media":194592,"comment_status":"open","ping_status":"open","sticky":false,"template":"","format":"standard","meta":[],"categories":[1],"tags":[238],"acf":[],"yoast_head":"<!-- This site is optimized with the Yoast SEO plugin v19.2 - https:\/\/yoast.com\/wordpress\/plugins\/seo\/ -->\n<title>Lan\u00e7amentos da semana - Not\u00edcias - Franciscanos<\/title>\n<meta name=\"robots\" content=\"index, follow, max-snippet:-1, max-image-preview:large, max-video-preview:-1\" \/>\n<link rel=\"canonical\" href=\"https:\/\/franciscanos.org.br\/noticias\/lancamentos-da-semana-2.html\" \/>\n<meta property=\"og:locale\" content=\"pt_BR\" \/>\n<meta property=\"og:type\" content=\"article\" \/>\n<meta property=\"og:title\" content=\"Lan\u00e7amentos da semana - Not\u00edcias - Franciscanos\" \/>\n<meta property=\"og:description\" content=\"Editora Vozes\" \/>\n<meta property=\"og:url\" content=\"https:\/\/franciscanos.org.br\/noticias\/lancamentos-da-semana-2.html\" \/>\n<meta property=\"og:site_name\" content=\"Not\u00edcias - Franciscanos\" \/>\n<meta property=\"article:published_time\" content=\"2015-04-28T11:23:35+00:00\" \/>\n<meta property=\"article:modified_time\" content=\"2019-01-24T13:20:37+00:00\" \/>\n<meta property=\"og:image\" content=\"https:\/\/franciscanos.org.br\/noticias\/wp-content\/uploads\/2017\/11\/vozes.png\" \/>\n\t<meta property=\"og:image:width\" content=\"273\" \/>\n\t<meta property=\"og:image:height\" content=\"181\" \/>\n\t<meta property=\"og:image:type\" content=\"image\/png\" \/>\n<meta name=\"author\" content=\"admin\" \/>\n<meta name=\"twitter:card\" content=\"summary_large_image\" \/>\n<meta name=\"twitter:label1\" content=\"Escrito por\" \/>\n\t<meta name=\"twitter:data1\" content=\"admin\" \/>\n\t<meta name=\"twitter:label2\" content=\"Est. tempo de leitura\" \/>\n\t<meta name=\"twitter:data2\" content=\"9 minutos\" \/>\n<script type=\"application\/ld+json\" class=\"yoast-schema-graph\">{\"@context\":\"https:\/\/schema.org\",\"@graph\":[{\"@type\":\"WebSite\",\"@id\":\"https:\/\/franciscanos.org.br\/noticias\/#website\",\"url\":\"https:\/\/franciscanos.org.br\/noticias\/\",\"name\":\"Not\u00edcias - Franciscanos\",\"description\":\"Prov\u00edncia Franciscana da Imaculada Concei\u00e7\u00e3o do Brasil - Ordem dos Frades Menores - OFM\",\"potentialAction\":[{\"@type\":\"SearchAction\",\"target\":{\"@type\":\"EntryPoint\",\"urlTemplate\":\"https:\/\/franciscanos.org.br\/noticias\/?s={search_term_string}\"},\"query-input\":\"required name=search_term_string\"}],\"inLanguage\":\"pt-BR\"},{\"@type\":\"ImageObject\",\"inLanguage\":\"pt-BR\",\"@id\":\"https:\/\/franciscanos.org.br\/noticias\/lancamentos-da-semana-2.html#primaryimage\",\"url\":\"https:\/\/franciscanos.org.br\/noticias\/wp-content\/uploads\/2017\/11\/vozes.png\",\"contentUrl\":\"https:\/\/franciscanos.org.br\/noticias\/wp-content\/uploads\/2017\/11\/vozes.png\",\"width\":273,\"height\":181},{\"@type\":\"WebPage\",\"@id\":\"https:\/\/franciscanos.org.br\/noticias\/lancamentos-da-semana-2.html#webpage\",\"url\":\"https:\/\/franciscanos.org.br\/noticias\/lancamentos-da-semana-2.html\",\"name\":\"Lan\u00e7amentos da semana - Not\u00edcias - Franciscanos\",\"isPartOf\":{\"@id\":\"https:\/\/franciscanos.org.br\/noticias\/#website\"},\"primaryImageOfPage\":{\"@id\":\"https:\/\/franciscanos.org.br\/noticias\/lancamentos-da-semana-2.html#primaryimage\"},\"datePublished\":\"2015-04-28T11:23:35+00:00\",\"dateModified\":\"2019-01-24T13:20:37+00:00\",\"author\":{\"@id\":\"https:\/\/franciscanos.org.br\/noticias\/#\/schema\/person\/b38fbf43118f02820bd932f2e4b14ad3\"},\"breadcrumb\":{\"@id\":\"https:\/\/franciscanos.org.br\/noticias\/lancamentos-da-semana-2.html#breadcrumb\"},\"inLanguage\":\"pt-BR\",\"potentialAction\":[{\"@type\":\"ReadAction\",\"target\":[\"https:\/\/franciscanos.org.br\/noticias\/lancamentos-da-semana-2.html\"]}]},{\"@type\":\"BreadcrumbList\",\"@id\":\"https:\/\/franciscanos.org.br\/noticias\/lancamentos-da-semana-2.html#breadcrumb\",\"itemListElement\":[{\"@type\":\"ListItem\",\"position\":1,\"name\":\"Home\",\"item\":\"https:\/\/franciscanos.org.br\/noticias\"},{\"@type\":\"ListItem\",\"position\":2,\"name\":\"Lan\u00e7amentos da semana\"}]},{\"@type\":\"Person\",\"@id\":\"https:\/\/franciscanos.org.br\/noticias\/#\/schema\/person\/b38fbf43118f02820bd932f2e4b14ad3\",\"name\":\"admin\",\"image\":{\"@type\":\"ImageObject\",\"inLanguage\":\"pt-BR\",\"@id\":\"https:\/\/franciscanos.org.br\/noticias\/#\/schema\/person\/image\/\",\"url\":\"https:\/\/secure.gravatar.com\/avatar\/e8495742d34d0ba6448ea1c628263b3e?s=96&d=mm&r=g\",\"contentUrl\":\"https:\/\/secure.gravatar.com\/avatar\/e8495742d34d0ba6448ea1c628263b3e?s=96&d=mm&r=g\",\"caption\":\"admin\"},\"url\":\"https:\/\/franciscanos.org.br\/noticias\/author\/admin\"}]}<\/script>\n<!-- \/ Yoast SEO plugin. -->","yoast_head_json":{"title":"Lan\u00e7amentos da semana - Not\u00edcias - Franciscanos","robots":{"index":"index","follow":"follow","max-snippet":"max-snippet:-1","max-image-preview":"max-image-preview:large","max-video-preview":"max-video-preview:-1"},"canonical":"https:\/\/franciscanos.org.br\/noticias\/lancamentos-da-semana-2.html","og_locale":"pt_BR","og_type":"article","og_title":"Lan\u00e7amentos da semana - Not\u00edcias - Franciscanos","og_description":"Editora Vozes","og_url":"https:\/\/franciscanos.org.br\/noticias\/lancamentos-da-semana-2.html","og_site_name":"Not\u00edcias - Franciscanos","article_published_time":"2015-04-28T11:23:35+00:00","article_modified_time":"2019-01-24T13:20:37+00:00","og_image":[{"width":273,"height":181,"url":"https:\/\/franciscanos.org.br\/noticias\/wp-content\/uploads\/2017\/11\/vozes.png","type":"image\/png"}],"author":"admin","twitter_card":"summary_large_image","twitter_misc":{"Escrito por":"admin","Est. tempo de leitura":"9 minutos"},"schema":{"@context":"https:\/\/schema.org","@graph":[{"@type":"WebSite","@id":"https:\/\/franciscanos.org.br\/noticias\/#website","url":"https:\/\/franciscanos.org.br\/noticias\/","name":"Not\u00edcias - Franciscanos","description":"Prov\u00edncia Franciscana da Imaculada Concei\u00e7\u00e3o do Brasil - Ordem dos Frades Menores - OFM","potentialAction":[{"@type":"SearchAction","target":{"@type":"EntryPoint","urlTemplate":"https:\/\/franciscanos.org.br\/noticias\/?s={search_term_string}"},"query-input":"required name=search_term_string"}],"inLanguage":"pt-BR"},{"@type":"ImageObject","inLanguage":"pt-BR","@id":"https:\/\/franciscanos.org.br\/noticias\/lancamentos-da-semana-2.html#primaryimage","url":"https:\/\/franciscanos.org.br\/noticias\/wp-content\/uploads\/2017\/11\/vozes.png","contentUrl":"https:\/\/franciscanos.org.br\/noticias\/wp-content\/uploads\/2017\/11\/vozes.png","width":273,"height":181},{"@type":"WebPage","@id":"https:\/\/franciscanos.org.br\/noticias\/lancamentos-da-semana-2.html#webpage","url":"https:\/\/franciscanos.org.br\/noticias\/lancamentos-da-semana-2.html","name":"Lan\u00e7amentos da semana - Not\u00edcias - Franciscanos","isPartOf":{"@id":"https:\/\/franciscanos.org.br\/noticias\/#website"},"primaryImageOfPage":{"@id":"https:\/\/franciscanos.org.br\/noticias\/lancamentos-da-semana-2.html#primaryimage"},"datePublished":"2015-04-28T11:23:35+00:00","dateModified":"2019-01-24T13:20:37+00:00","author":{"@id":"https:\/\/franciscanos.org.br\/noticias\/#\/schema\/person\/b38fbf43118f02820bd932f2e4b14ad3"},"breadcrumb":{"@id":"https:\/\/franciscanos.org.br\/noticias\/lancamentos-da-semana-2.html#breadcrumb"},"inLanguage":"pt-BR","potentialAction":[{"@type":"ReadAction","target":["https:\/\/franciscanos.org.br\/noticias\/lancamentos-da-semana-2.html"]}]},{"@type":"BreadcrumbList","@id":"https:\/\/franciscanos.org.br\/noticias\/lancamentos-da-semana-2.html#breadcrumb","itemListElement":[{"@type":"ListItem","position":1,"name":"Home","item":"https:\/\/franciscanos.org.br\/noticias"},{"@type":"ListItem","position":2,"name":"Lan\u00e7amentos da semana"}]},{"@type":"Person","@id":"https:\/\/franciscanos.org.br\/noticias\/#\/schema\/person\/b38fbf43118f02820bd932f2e4b14ad3","name":"admin","image":{"@type":"ImageObject","inLanguage":"pt-BR","@id":"https:\/\/franciscanos.org.br\/noticias\/#\/schema\/person\/image\/","url":"https:\/\/secure.gravatar.com\/avatar\/e8495742d34d0ba6448ea1c628263b3e?s=96&d=mm&r=g","contentUrl":"https:\/\/secure.gravatar.com\/avatar\/e8495742d34d0ba6448ea1c628263b3e?s=96&d=mm&r=g","caption":"admin"},"url":"https:\/\/franciscanos.org.br\/noticias\/author\/admin"}]}},"_links":{"self":[{"href":"https:\/\/franciscanos.org.br\/noticias\/wp-json\/wp\/v2\/posts\/84256"}],"collection":[{"href":"https:\/\/franciscanos.org.br\/noticias\/wp-json\/wp\/v2\/posts"}],"about":[{"href":"https:\/\/franciscanos.org.br\/noticias\/wp-json\/wp\/v2\/types\/post"}],"author":[{"embeddable":true,"href":"https:\/\/franciscanos.org.br\/noticias\/wp-json\/wp\/v2\/users\/1"}],"replies":[{"embeddable":true,"href":"https:\/\/franciscanos.org.br\/noticias\/wp-json\/wp\/v2\/comments?post=84256"}],"version-history":[{"count":0,"href":"https:\/\/franciscanos.org.br\/noticias\/wp-json\/wp\/v2\/posts\/84256\/revisions"}],"wp:featuredmedia":[{"embeddable":true,"href":"https:\/\/franciscanos.org.br\/noticias\/wp-json\/wp\/v2\/media\/194592"}],"wp:attachment":[{"href":"https:\/\/franciscanos.org.br\/noticias\/wp-json\/wp\/v2\/media?parent=84256"}],"wp:term":[{"taxonomy":"category","embeddable":true,"href":"https:\/\/franciscanos.org.br\/noticias\/wp-json\/wp\/v2\/categories?post=84256"},{"taxonomy":"post_tag","embeddable":true,"href":"https:\/\/franciscanos.org.br\/noticias\/wp-json\/wp\/v2\/tags?post=84256"}],"curies":[{"name":"wp","href":"https:\/\/api.w.org\/{rel}","templated":true}]}}