{"id":84194,"date":"2015-04-27T11:18:56","date_gmt":"2015-04-27T14:18:56","guid":{"rendered":"http:\/\/franciscanos.org.br\/?p=84194"},"modified":"2020-06-24T14:07:17","modified_gmt":"2020-06-24T17:07:17","slug":"pro-vocacoes-e-missoes-franciscanas-organizam-romaria","status":"publish","type":"post","link":"https:\/\/franciscanos.org.br\/noticias\/pro-vocacoes-e-missoes-franciscanas-organizam-romaria.html","title":{"rendered":"Devo\u00e7\u00e3o: &#8220;Um dia com Maria e Frei Galv\u00e3o&#8221;"},"content":{"rendered":"<p><strong><a href=\"http:\/\/franciscanos.org.br\/wp-content\/uploads\/2015\/04\/8201.jpg\"><img loading=\"lazy\" src=\"http:\/\/franciscanos.org.br\/wp-content\/uploads\/2015\/04\/8201.jpg\" alt=\"820\" width=\"820\" height=\"478\" \/><\/a><\/strong><\/p>\n<p><strong>Cristy Azevedo<\/strong>,<em> especial para este site<\/em><\/p>\n<p>Na manh\u00e3 do \u00faltimo domingo, dia 26 de abril, o grupo de romeiros e benfeitores do PVF (Pr\u00f3-Voca\u00e7\u00f5es e Miss\u00f5es Franciscanas) se encontrou no Largo S\u00e3o Francisco para participar de mais uma Romaria Franciscana, intitulada&#8221;Dia com Maria e Frei Galv\u00e3o&#8221;. Assim, com um grupo de 46 pessoas, partimos em dire\u00e7\u00e3o \u00e0 casa da M\u00e3e Aparecida, com as b\u00ean\u00e7\u00e3os de Frei Alexandre Rohling (Frei X\u00e3nd\u00e3o), que, junto com Lucas Vieira (PVF), acompanhou e conduziu o grupo.<\/p>\n<p>Para espantar o sono dos romeiros, que acordaram bem cedo, alegremente Frei Xand\u00e3o animou a todos com cantos e seu viol\u00e3o, seguido de momento de ora\u00e7\u00e3o acompanhado pela imagem de Nossa Senhora Aparecida.<\/p>\n<p>Guiado por Frei Xand\u00e3o at\u00e9 a Bas\u00edlica Nacional de Nossa Senhora Aparecida, o grupo visitou a imagem da M\u00e3e Aparecida, a igreja, a Sala dos Milagres e faz seus agradecimentos e pedidos, por intercess\u00e3o de Nossa Senhora.<\/p>\n<p>Em seguida, os romeiros partiram para o Semin\u00e1rio Franciscano Frei Galv\u00e3o, em Guarantinguet\u00e1, onde foram acolhidos por Frei Jorge L\u00e1zaro, Frei Soneca (Frei Airton) e postulantes franciscanos. Ap\u00f3s o delicioso almo\u00e7o no semin\u00e1rio, pudemos visitar os espa\u00e7os da bela casa de forma\u00e7\u00e3o, os jardins, as exposi\u00e7\u00f5es de pres\u00e9pios e de imagens de S\u00e3o Francisco. A todos, e especialmente aos que visitavam o Semin\u00e1rio pela primeira vez, neste bel\u00edssimo dia de sol, a paisagem certamente encheu os olhos e a acolhida preencheu o cora\u00e7\u00e3o. Encerramos a visita com a participa\u00e7\u00e3o na Santa Missa presidida por Frei Claudino Dalmago.<\/p>\n<p>No finalzinho da tarde, ainda em Guaratinguet\u00e1, visitamos a Catedral Santo Ant\u00f4nio, onde Frei Galv\u00e3o foi batizado e fez sua Primeira Comunh\u00e3o, bem como a casa onde o santo franciscano, Antonio de Santa&#8217;Ana Galv\u00e3o, que recebeu do Papa Jo\u00e3o Paulo II o t\u00edtulo de &#8220;Homem da Paz e da Caridade&#8221;, nasceu e passou a inf\u00e2ncia.<\/p>\n<p>Com um tranquilo retorno a S\u00e3o Paulo, encerramos este aben\u00e7oado dia de romaria, repleto de motivos para agradecer, especialmente a Frei Xand\u00e3o, ao Lucas e equipe do Pr\u00f3-Voca\u00e7\u00f5es e Miss\u00f5es Franciscanas (PVF), \u00e0 fraternidade do Semin\u00e1rio Frei Galv\u00e3o, funcion\u00e1rios e postulantes franciscanos, que nos proporcionaram e contribu\u00edram para este maravilhoso dia que passamos, e, agora, levamos a miss\u00e3o que Frei Soneca recordou na b\u00ean\u00e7\u00e3o de despedida: que saibamos ofertar \u00e0s outras pessoas aquilo que recebemos neste dia t\u00e3o aben\u00e7oado. Que assim seja! Paz e Bem!<\/p>\n<p><strong>Fotos:<\/strong> <em>Cristy Azevedo e Vanda Cuxinier Gola<\/em><\/p>\n<p><img class=\"ngg_displayed_gallery mceItem\" src=\"http:\/\/franciscanos.org.br\/index.php\/nextgen-attach_to_post\/preview\/id--84222\" alt=\"\" \/><\/p>\n","protected":false},"excerpt":{"rendered":"<p>PVF<\/p>\n","protected":false},"author":1,"featured_media":217373,"comment_status":"open","ping_status":"open","sticky":false,"template":"","format":"standard","meta":[],"categories":[1],"tags":[254],"acf":[],"yoast_head":"<!-- This site is optimized with the Yoast SEO plugin v19.2 - https:\/\/yoast.com\/wordpress\/plugins\/seo\/ -->\n<title>Devo\u00e7\u00e3o: &quot;Um dia com Maria e Frei Galv\u00e3o&quot; - Not\u00edcias - Franciscanos<\/title>\n<meta name=\"robots\" content=\"index, follow, max-snippet:-1, max-image-preview:large, max-video-preview:-1\" \/>\n<link rel=\"canonical\" href=\"https:\/\/franciscanos.org.br\/noticias\/pro-vocacoes-e-missoes-franciscanas-organizam-romaria.html\" \/>\n<meta property=\"og:locale\" content=\"pt_BR\" \/>\n<meta property=\"og:type\" content=\"article\" \/>\n<meta property=\"og:title\" content=\"Devo\u00e7\u00e3o: &quot;Um dia com Maria e Frei Galv\u00e3o&quot; - Not\u00edcias - Franciscanos\" \/>\n<meta property=\"og:description\" content=\"PVF\" \/>\n<meta property=\"og:url\" content=\"https:\/\/franciscanos.org.br\/noticias\/pro-vocacoes-e-missoes-franciscanas-organizam-romaria.html\" \/>\n<meta property=\"og:site_name\" content=\"Not\u00edcias - Franciscanos\" \/>\n<meta property=\"article:published_time\" content=\"2015-04-27T14:18:56+00:00\" \/>\n<meta property=\"article:modified_time\" content=\"2020-06-24T17:07:17+00:00\" \/>\n<meta property=\"og:image\" content=\"https:\/\/franciscanos.org.br\/noticias\/wp-content\/uploads\/2015\/04\/8201.jpg\" \/>\n\t<meta property=\"og:image:width\" content=\"273\" \/>\n\t<meta property=\"og:image:height\" content=\"181\" \/>\n\t<meta property=\"og:image:type\" content=\"image\/jpeg\" \/>\n<meta name=\"author\" content=\"admin\" \/>\n<meta name=\"twitter:card\" content=\"summary_large_image\" \/>\n<meta name=\"twitter:label1\" content=\"Escrito por\" \/>\n\t<meta name=\"twitter:data1\" content=\"admin\" \/>\n\t<meta name=\"twitter:label2\" content=\"Est. tempo de leitura\" \/>\n\t<meta name=\"twitter:data2\" content=\"2 minutos\" \/>\n<script type=\"application\/ld+json\" class=\"yoast-schema-graph\">{\"@context\":\"https:\/\/schema.org\",\"@graph\":[{\"@type\":\"WebSite\",\"@id\":\"https:\/\/franciscanos.org.br\/noticias\/#website\",\"url\":\"https:\/\/franciscanos.org.br\/noticias\/\",\"name\":\"Not\u00edcias - Franciscanos\",\"description\":\"Prov\u00edncia Franciscana da Imaculada Concei\u00e7\u00e3o do Brasil - Ordem dos Frades Menores - OFM\",\"potentialAction\":[{\"@type\":\"SearchAction\",\"target\":{\"@type\":\"EntryPoint\",\"urlTemplate\":\"https:\/\/franciscanos.org.br\/noticias\/?s={search_term_string}\"},\"query-input\":\"required name=search_term_string\"}],\"inLanguage\":\"pt-BR\"},{\"@type\":\"ImageObject\",\"inLanguage\":\"pt-BR\",\"@id\":\"https:\/\/franciscanos.org.br\/noticias\/pro-vocacoes-e-missoes-franciscanas-organizam-romaria.html#primaryimage\",\"url\":\"https:\/\/franciscanos.org.br\/noticias\/wp-content\/uploads\/2015\/04\/8201.jpg\",\"contentUrl\":\"https:\/\/franciscanos.org.br\/noticias\/wp-content\/uploads\/2015\/04\/8201.jpg\",\"width\":273,\"height\":181},{\"@type\":\"WebPage\",\"@id\":\"https:\/\/franciscanos.org.br\/noticias\/pro-vocacoes-e-missoes-franciscanas-organizam-romaria.html#webpage\",\"url\":\"https:\/\/franciscanos.org.br\/noticias\/pro-vocacoes-e-missoes-franciscanas-organizam-romaria.html\",\"name\":\"Devo\u00e7\u00e3o: \\\"Um dia com Maria e Frei Galv\u00e3o\\\" - Not\u00edcias - Franciscanos\",\"isPartOf\":{\"@id\":\"https:\/\/franciscanos.org.br\/noticias\/#website\"},\"primaryImageOfPage\":{\"@id\":\"https:\/\/franciscanos.org.br\/noticias\/pro-vocacoes-e-missoes-franciscanas-organizam-romaria.html#primaryimage\"},\"datePublished\":\"2015-04-27T14:18:56+00:00\",\"dateModified\":\"2020-06-24T17:07:17+00:00\",\"author\":{\"@id\":\"https:\/\/franciscanos.org.br\/noticias\/#\/schema\/person\/b38fbf43118f02820bd932f2e4b14ad3\"},\"breadcrumb\":{\"@id\":\"https:\/\/franciscanos.org.br\/noticias\/pro-vocacoes-e-missoes-franciscanas-organizam-romaria.html#breadcrumb\"},\"inLanguage\":\"pt-BR\",\"potentialAction\":[{\"@type\":\"ReadAction\",\"target\":[\"https:\/\/franciscanos.org.br\/noticias\/pro-vocacoes-e-missoes-franciscanas-organizam-romaria.html\"]}]},{\"@type\":\"BreadcrumbList\",\"@id\":\"https:\/\/franciscanos.org.br\/noticias\/pro-vocacoes-e-missoes-franciscanas-organizam-romaria.html#breadcrumb\",\"itemListElement\":[{\"@type\":\"ListItem\",\"position\":1,\"name\":\"Home\",\"item\":\"https:\/\/franciscanos.org.br\/noticias\"},{\"@type\":\"ListItem\",\"position\":2,\"name\":\"Devo\u00e7\u00e3o: &#8220;Um dia com Maria e Frei Galv\u00e3o&#8221;\"}]},{\"@type\":\"Person\",\"@id\":\"https:\/\/franciscanos.org.br\/noticias\/#\/schema\/person\/b38fbf43118f02820bd932f2e4b14ad3\",\"name\":\"admin\",\"image\":{\"@type\":\"ImageObject\",\"inLanguage\":\"pt-BR\",\"@id\":\"https:\/\/franciscanos.org.br\/noticias\/#\/schema\/person\/image\/\",\"url\":\"https:\/\/secure.gravatar.com\/avatar\/e8495742d34d0ba6448ea1c628263b3e?s=96&d=mm&r=g\",\"contentUrl\":\"https:\/\/secure.gravatar.com\/avatar\/e8495742d34d0ba6448ea1c628263b3e?s=96&d=mm&r=g\",\"caption\":\"admin\"},\"url\":\"https:\/\/franciscanos.org.br\/noticias\/author\/admin\"}]}<\/script>\n<!-- \/ Yoast SEO plugin. -->","yoast_head_json":{"title":"Devo\u00e7\u00e3o: \"Um dia com Maria e Frei Galv\u00e3o\" - Not\u00edcias - Franciscanos","robots":{"index":"index","follow":"follow","max-snippet":"max-snippet:-1","max-image-preview":"max-image-preview:large","max-video-preview":"max-video-preview:-1"},"canonical":"https:\/\/franciscanos.org.br\/noticias\/pro-vocacoes-e-missoes-franciscanas-organizam-romaria.html","og_locale":"pt_BR","og_type":"article","og_title":"Devo\u00e7\u00e3o: \"Um dia com Maria e Frei Galv\u00e3o\" - Not\u00edcias - Franciscanos","og_description":"PVF","og_url":"https:\/\/franciscanos.org.br\/noticias\/pro-vocacoes-e-missoes-franciscanas-organizam-romaria.html","og_site_name":"Not\u00edcias - Franciscanos","article_published_time":"2015-04-27T14:18:56+00:00","article_modified_time":"2020-06-24T17:07:17+00:00","og_image":[{"width":273,"height":181,"url":"https:\/\/franciscanos.org.br\/noticias\/wp-content\/uploads\/2015\/04\/8201.jpg","type":"image\/jpeg"}],"author":"admin","twitter_card":"summary_large_image","twitter_misc":{"Escrito por":"admin","Est. tempo de leitura":"2 minutos"},"schema":{"@context":"https:\/\/schema.org","@graph":[{"@type":"WebSite","@id":"https:\/\/franciscanos.org.br\/noticias\/#website","url":"https:\/\/franciscanos.org.br\/noticias\/","name":"Not\u00edcias - Franciscanos","description":"Prov\u00edncia Franciscana da Imaculada Concei\u00e7\u00e3o do Brasil - Ordem dos Frades Menores - OFM","potentialAction":[{"@type":"SearchAction","target":{"@type":"EntryPoint","urlTemplate":"https:\/\/franciscanos.org.br\/noticias\/?s={search_term_string}"},"query-input":"required name=search_term_string"}],"inLanguage":"pt-BR"},{"@type":"ImageObject","inLanguage":"pt-BR","@id":"https:\/\/franciscanos.org.br\/noticias\/pro-vocacoes-e-missoes-franciscanas-organizam-romaria.html#primaryimage","url":"https:\/\/franciscanos.org.br\/noticias\/wp-content\/uploads\/2015\/04\/8201.jpg","contentUrl":"https:\/\/franciscanos.org.br\/noticias\/wp-content\/uploads\/2015\/04\/8201.jpg","width":273,"height":181},{"@type":"WebPage","@id":"https:\/\/franciscanos.org.br\/noticias\/pro-vocacoes-e-missoes-franciscanas-organizam-romaria.html#webpage","url":"https:\/\/franciscanos.org.br\/noticias\/pro-vocacoes-e-missoes-franciscanas-organizam-romaria.html","name":"Devo\u00e7\u00e3o: \"Um dia com Maria e Frei Galv\u00e3o\" - Not\u00edcias - Franciscanos","isPartOf":{"@id":"https:\/\/franciscanos.org.br\/noticias\/#website"},"primaryImageOfPage":{"@id":"https:\/\/franciscanos.org.br\/noticias\/pro-vocacoes-e-missoes-franciscanas-organizam-romaria.html#primaryimage"},"datePublished":"2015-04-27T14:18:56+00:00","dateModified":"2020-06-24T17:07:17+00:00","author":{"@id":"https:\/\/franciscanos.org.br\/noticias\/#\/schema\/person\/b38fbf43118f02820bd932f2e4b14ad3"},"breadcrumb":{"@id":"https:\/\/franciscanos.org.br\/noticias\/pro-vocacoes-e-missoes-franciscanas-organizam-romaria.html#breadcrumb"},"inLanguage":"pt-BR","potentialAction":[{"@type":"ReadAction","target":["https:\/\/franciscanos.org.br\/noticias\/pro-vocacoes-e-missoes-franciscanas-organizam-romaria.html"]}]},{"@type":"BreadcrumbList","@id":"https:\/\/franciscanos.org.br\/noticias\/pro-vocacoes-e-missoes-franciscanas-organizam-romaria.html#breadcrumb","itemListElement":[{"@type":"ListItem","position":1,"name":"Home","item":"https:\/\/franciscanos.org.br\/noticias"},{"@type":"ListItem","position":2,"name":"Devo\u00e7\u00e3o: &#8220;Um dia com Maria e Frei Galv\u00e3o&#8221;"}]},{"@type":"Person","@id":"https:\/\/franciscanos.org.br\/noticias\/#\/schema\/person\/b38fbf43118f02820bd932f2e4b14ad3","name":"admin","image":{"@type":"ImageObject","inLanguage":"pt-BR","@id":"https:\/\/franciscanos.org.br\/noticias\/#\/schema\/person\/image\/","url":"https:\/\/secure.gravatar.com\/avatar\/e8495742d34d0ba6448ea1c628263b3e?s=96&d=mm&r=g","contentUrl":"https:\/\/secure.gravatar.com\/avatar\/e8495742d34d0ba6448ea1c628263b3e?s=96&d=mm&r=g","caption":"admin"},"url":"https:\/\/franciscanos.org.br\/noticias\/author\/admin"}]}},"_links":{"self":[{"href":"https:\/\/franciscanos.org.br\/noticias\/wp-json\/wp\/v2\/posts\/84194"}],"collection":[{"href":"https:\/\/franciscanos.org.br\/noticias\/wp-json\/wp\/v2\/posts"}],"about":[{"href":"https:\/\/franciscanos.org.br\/noticias\/wp-json\/wp\/v2\/types\/post"}],"author":[{"embeddable":true,"href":"https:\/\/franciscanos.org.br\/noticias\/wp-json\/wp\/v2\/users\/1"}],"replies":[{"embeddable":true,"href":"https:\/\/franciscanos.org.br\/noticias\/wp-json\/wp\/v2\/comments?post=84194"}],"version-history":[{"count":1,"href":"https:\/\/franciscanos.org.br\/noticias\/wp-json\/wp\/v2\/posts\/84194\/revisions"}],"predecessor-version":[{"id":226693,"href":"https:\/\/franciscanos.org.br\/noticias\/wp-json\/wp\/v2\/posts\/84194\/revisions\/226693"}],"wp:featuredmedia":[{"embeddable":true,"href":"https:\/\/franciscanos.org.br\/noticias\/wp-json\/wp\/v2\/media\/217373"}],"wp:attachment":[{"href":"https:\/\/franciscanos.org.br\/noticias\/wp-json\/wp\/v2\/media?parent=84194"}],"wp:term":[{"taxonomy":"category","embeddable":true,"href":"https:\/\/franciscanos.org.br\/noticias\/wp-json\/wp\/v2\/categories?post=84194"},{"taxonomy":"post_tag","embeddable":true,"href":"https:\/\/franciscanos.org.br\/noticias\/wp-json\/wp\/v2\/tags?post=84194"}],"curies":[{"name":"wp","href":"https:\/\/api.w.org\/{rel}","templated":true}]}}