{"id":84087,"date":"2015-04-23T15:12:43","date_gmt":"2015-04-23T18:12:43","guid":{"rendered":"http:\/\/franciscanos.org.br\/?p=84087"},"modified":"2020-06-24T14:07:10","modified_gmt":"2020-06-24T17:07:10","slug":"frei-vitorio-jovens-e-preciso-ter-opcoes-claras","status":"publish","type":"post","link":"https:\/\/franciscanos.org.br\/noticias\/frei-vitorio-jovens-e-preciso-ter-opcoes-claras.html","title":{"rendered":"Frei Vit\u00f3rio: &#8216;Jovens, \u00e9 preciso ter op\u00e7\u00f5es claras!&#8217;"},"content":{"rendered":"<p><img loading=\"lazy\" src=\"http:\/\/franciscanos.org.br\/wp-content\/uploads\/2015\/04\/jovens_alto.jpg\" alt=\"jovens_alto\" width=\"820\" height=\"379\" \/><\/p>\n<p><strong>\u00c9rika Augusto (*)<\/strong><\/p>\n<p>Entre os dias 18 e 21 de abril, 107 participantes das par\u00f3quias franciscanas da Prov\u00edncia, se reuniram para o 3\u00ba Encontro Provincial de Jovens, que aconteceu na Fazenda da Esperan\u00e7a, em Guaratinguet\u00e1. Estiveram presentes jovens de todos os estados da Prov\u00edncia, Santa Catarina, Paran\u00e1, S\u00e3o Paulo, Rio de Janeiro e Esp\u00edrito Santo.<\/p>\n<p>O ponto de encontro para os jovens foi o Semin\u00e1rio Franciscano Frei Galv\u00e3o, que ofereceu o almo\u00e7o no s\u00e1bado. Em seguida, os participantes seguiram para o local onde come\u00e7aria a primeira parte da experi\u00eancia, 15 km de caminhada at\u00e9 a Fazenda da Esperan\u00e7a de Pedrinhas, local onde esteve o Papa Bento XVI, durante sua visita em 2007.<\/p>\n<p>O sol estava quente, mas n\u00e3o desanimou os caminheiros. Ao longo do caminho muitas adversidades, mas a alegria da conviv\u00eancia prevalecia. A primeira parada foi no Mosteiro dos Santos Anjos, em Guaratinguet\u00e1. Os participantes foram acolhidos com um farto caf\u00e9, e em seguida puderam conhecer a capela do mosteiro e rezar.<\/p>\n<p>J\u00e1 era noite quando os jovens chegaram ao destino final, a Fazenda da Esperan\u00e7a. Foram acolhidos pelos recuperandos na capela, com o bonito gesto do lava-p\u00e9s e uma ora\u00e7\u00e3o, com a exposi\u00e7\u00e3o do Sant\u00edssimo Sacramento. Pe. Cristian, coordenador da Fazenda da Esperan\u00e7a de Pedrinhas, deu as boas-vindas aos participantes.<\/p>\n<p><strong>Carisma Franciscano<\/strong><br \/>\nO tema do 3\u00ba Encontro Provincial de Jovens foi \u201cE o Senhor me conduziu entre eles\u201d. Frei Vit\u00f3rio Mazzuco, Mestre em Espiritualidade Franciscana do Instituto Teol\u00f3gico Franciscano (ITF), em Petr\u00f3polis (RJ), foi quem conduziu os momentos de forma\u00e7\u00e3o do encontro. Em sua primeira fala, no domingo, o frade falou a respeito do crucifixo de S\u00e3o Dami\u00e3o, e do in\u00edcio da convers\u00e3o de S\u00e3o Francisco de Assis.<\/p>\n<p>Frei Vit\u00f3rio fez uma breve leitura da sociedade atual, e afirmou que o que existe hoje \u00e9 uma crise de valores, de princ\u00edpios, e n\u00e3o uma crise financeira ou pol\u00edtica. \u201cOlhem a op\u00e7\u00e3o, \u00e9 preciso ter op\u00e7\u00f5es claras, fortes. Francisco queria op\u00e7\u00f5es claras. Francisco tinha claro alguns valores da vida dele. Se n\u00f3s temos um patamar de valores nossa vida sobe de n\u00edvel. Ningu\u00e9m vai subir de n\u00edvel aumentando renda, o extrato banc\u00e1rio ou patrim\u00f4nio. Tudo isso \u00e9 ef\u00eamero. O n\u00edvel da sua vida \u00e9 a partir dos princ\u00edpios que voc\u00ea tem, o que move a sua exist\u00eancia. O Senhor me conduziu, algo maior o conduziu\u201d, afirmou.<\/p>\n<p>O frade disse ainda que convers\u00e3o significa retorno ao caminho principal e mudan\u00e7a de lugar, n\u00e3o apenas mudan\u00e7a de mentalidade. \u201cO jovem responde ao mundo quando ele sabe o que quer, quando ele tem um projeto existencial. Foi isso que aconteceu com S\u00e3o Francisco, s\u00f3 que ele encontrou uma outra casa, o Oikos, a consci\u00eancia planet\u00e1ria\u201d, disse Frei Vit\u00f3rio.<br \/>\nMazzuco falou sobre a situa\u00e7\u00e3o dos leprosos no tempo de S\u00e3o Francisco e nos leprosos no dia de hoje, que s\u00e3o os exclu\u00eddos e marginalizados, v\u00edtimas da drogadi\u00e7\u00e3o e da viol\u00eancia, os leprosos morais, que se deixaram levar pela corrup\u00e7\u00e3o e ego\u00edsmo. Para a discuss\u00e3o em grupos, Frei Vit\u00f3rio deixou uma pergunta: como entender a convers\u00e3o como mudan\u00e7a de lugar?<\/p>\n<p><img loading=\"lazy\" src=\"http:\/\/franciscanos.org.br\/wp-content\/uploads\/2015\/04\/jovens_alto2.jpg\" alt=\"jovens_alto2\" width=\"820\" height=\"376\" \/><\/p>\n<p><strong>O crucifixo de S\u00e3o Dami\u00e3o<\/strong><br \/>\nA noite de domingo teve como tema o crucifixo de S\u00e3o Dami\u00e3o e seu significado para a espiritualidade franciscana.<\/p>\n<p>Frei Vit\u00f3rio Mazzuco continuou sua reflex\u00e3o, dando destaque ao crucifixo de S\u00e3o Dami\u00e3o. O frade destacou alguns elementos presentes no antigo \u00edcone bizantino, como os ap\u00f3stolos, as inscri\u00e7\u00f5es, os soldados, e pediu para que os jovens estivessem atentos ao olhar do Cristo ressuscitado representado naquele \u00edcone.<\/p>\n<p>Frei Vit\u00f3rio ressaltou a determina\u00e7\u00e3o do jovem de Assis em reconstruir aquela igreja num primeiro momento, mas que depois percebeu qual era a igreja que precisava ser restaurada. \u201cFrancisco n\u00e3o tinha f\u00e9 em Jesus Cristo, mas a f\u00e9 de Jesus Cristo. N\u00e3o basta seguir a Jesus, tem que se apaixonar por Ele, casar com o Seu Projeto de vida. Ele n\u00e3o fez do Evangelho um texto, mas algu\u00e9m\u201d, afirmou.<\/p>\n<p>Ap\u00f3s a fala de Frei Vit\u00f3rio, os participantes foram convidados para uma ora\u00e7\u00e3o de interioriza\u00e7\u00e3o, uma esp\u00e9cie de lucern\u00e1rio, com mantras. Os recuperandos da Fazenda da Esperan\u00e7a tamb\u00e9m puderam participar da ora\u00e7\u00e3o. Frei Alvaci Mendes da Luz convidou os presentes ent\u00e3o para se aproximarem, em pequenos grupos, do crucifixo de S\u00e3o Dami\u00e3o, que estava no ch\u00e3o, e depositar ali, numa prece silenciosa, os seus pedidos. E assim seguiu a ora\u00e7\u00e3o.<\/p>\n<p>Na manh\u00e3 de segunda-feira, os grupos puderam apresentar suas considera\u00e7\u00f5es sobre a pergunta colocada no dia anterior, \u201ccomo entender a convers\u00e3o como mudan\u00e7a de lugar?\u201d Frei Vit\u00f3rio acompanhou as coloca\u00e7\u00f5es dos grupos, e em seguida fez alguns apontamentos. Os jovens colocaram diversas quest\u00f5es, como ser Igreja em sa\u00edda, perceber a realidade juvenil nos diversos grupos, e a percep\u00e7\u00e3o de que n\u00e3o existe um modelo ideal de jovem. A experi\u00eancia da caminhada e do encontro com os recuperandos da Fazenda da Esperan\u00e7a trouxe uma nova perspectiva na fala dos participantes.<\/p>\n<p><strong>A experi\u00eancia de Ema\u00fas<\/strong><\/p>\n<p>A Fazenda da Esperan\u00e7a foi o local escolhido para acolher este encontro n\u00e3o apenas pelo espa\u00e7o f\u00edsico, mas tamb\u00e9m pela possibilidade de encontro e conviv\u00eancia com os quase 70 acolhidos, que passam por esta comunidade terap\u00eautica, recuperando-se dos v\u00edcios e de uma vida na marginalidade.<\/p>\n<p>Na manh\u00e3 de segunda-feira os jovens foram convidados a partilharem, como os disc\u00edpulos de Ema\u00fas, suas experi\u00eancias com os recuperandos da Fazenda. Sa\u00edram ent\u00e3o em duplas e trios, para uma conversa, para fazer a chamada comunh\u00e3o de almas. Foi uma experi\u00eancia marcante para os jovens. Tha\u00eds Oliveira, do Rio de Janeiro, falou sobre este encontro, que quebrou uma s\u00e9rie de tabus e preconceitos que os jovens carregavam, mesmo que inconscientemente.<\/p>\n<p><strong>Conversa com Frei Hans Stapel<\/strong><\/p>\n<p>O Encontro Provincial teve ainda um momento muito especial, Frei Hans Stapel, fundador da Fazenda da Esperan\u00e7a, presidiu a missa de encerramento na noite de segunda-feira (21). O encontro coincidiu com a passagem de Frei Hans e Nelson, leigo consagrado, bra\u00e7o direito de Frei Hans e um dos idealizadores do projeto.<\/p>\n<p>Ap\u00f3s a missa, os jovens puderam se encontrar com Frei Hans e Nelson e ouvir a experi\u00eancia de vida de Nelson, e como nasceu a Fazenda da Esperan\u00e7a. Os idealizadores do projeto tamb\u00e9m ouviram a partilha de dois jovens, sobre suas impress\u00f5es nesta primeira visita \u00e0 Fazenda.<\/p>\n<p>A \u00faltima noite do Encontro Provincial foi marcada por uma festa caipira, com m\u00fasicas regionais, onde os jovens se confraternizaram e celebraram o encontro.<\/p>\n<p>Para Karla Zanotelli, de Conc\u00f3rdia (SC), o encontro superou a expectativa dos jovens. \u201cN\u00f3s percebemos como somos fracos perto dos recuperandos. Eles deixaram o que fazia mal para eles para encarar uma vida diferente, totalmente transformada. N\u00f3s trouxemos nossa espiritualidade franciscana para eles, mas n\u00f3s \u00e9 que sa\u00edmos com novos ensinamentos\u201d, disse a jovem,<\/p>\n<p>Para Marcelinho, de Nil\u00f3polis (RJ), a chegada na Fazenda da Esperan\u00e7a foi o momento mais marcante, \u201cA for\u00e7a que eles tinham, nos cantos, mexeu muito comigo. Tenho certeza que saio daqui muito mais convertido, muito melhor e com o firme prop\u00f3sito de amar o pr\u00f3ximo de forma concreta\u201d.<\/p>\n<p>Frei Diego Atalino de Melo, coordenador do SAV (Servi\u00e7o de Anima\u00e7\u00e3o Vocacional) e organizador do encontro, destacou a forte presen\u00e7a do carisma franciscano, que permeou todo o encontro, e falou tamb\u00e9m sobre o \u201cinusitado de Deus\u201d, que se revelava a cada momento. O frade destacou tamb\u00e9m o conv\u00edvio com os recuperandos.<\/p>\n<p>\u201cO contato e a partilha de vida e hist\u00f3ria dos recuperando da Fazenda Esperan\u00e7a nos fizeram entender que convers\u00e3o \u00e9 sin\u00f4nimo de mudan\u00e7a de lugar, de sair de nossas concep\u00e7\u00f5es e pr\u00e9-julgamentos e abra\u00e7ar aqueles a quem o Senhor nos conduz. Ouvir os grupos, a fala dos jovens, suas inquieta\u00e7\u00f5es, interpela\u00e7\u00f5es e aquilo que sonham e esperam da sociedade e das par\u00f3quias onde est\u00e3o inseridos, tamb\u00e9m nos ajudaram a mudar de lugar, a olhar o mundo com os olhos deles e a entender um pouco mais os seus sonhos e anseios. Agora, cabe a tarefa de juntos, fazermos frutificar concretamente tudo aquilo que partilhamos e vivenciamos nesses 4 dias de encontro na realidade de nossas fraternidades e par\u00f3quias. Eles mesmos, os jovens, sentem-se motivados a serem tamb\u00e9m os protagonistas desta mudan\u00e7a\u201d, declarou.<\/p>\n<p>Frei Diego agradeceu \u00e0 Fraternidade Provincial, por apostar no trabalho com a juventude; \u00e0 Fazenda Esperan\u00e7a pela acolhida, comungando do carisma franciscano e de cora\u00e7\u00e3o aberto.<\/p>\n<p>O frade lembrou ainda de Frei Vit\u00f3rio Mazzuco, que trouxe ao encontro reflex\u00f5es profundas, de Frei Pedro Pinheiro, que fez o desenho de Francisco e o leproso, que foi a marca do encontro, transformando o lema do encontro em arte e beleza e da Fraternidade do Semin\u00e1rio Frei Galv\u00e3o, pela acohida extremente franciscana.<\/p>\n<p><em>(*) Colaborou Bruna Oliveira (fotos)<\/em><\/p>\n<p><img class=\"ngg_displayed_gallery mceItem\" src=\"http:\/\/franciscanos.org.br\/index.php\/nextgen-attach_to_post\/preview\/id--84090\" alt=\"\" \/><\/p>\n","protected":false},"excerpt":{"rendered":"<p>SAV<\/p>\n","protected":false},"author":1,"featured_media":220017,"comment_status":"open","ping_status":"open","sticky":false,"template":"","format":"standard","meta":[],"categories":[1],"tags":[1420,552],"acf":[],"yoast_head":"<!-- This site is optimized with the Yoast SEO plugin v19.2 - https:\/\/yoast.com\/wordpress\/plugins\/seo\/ -->\n<title>Frei Vit\u00f3rio: &#039;Jovens, \u00e9 preciso ter op\u00e7\u00f5es claras!&#039; - Not\u00edcias - Franciscanos<\/title>\n<meta name=\"robots\" content=\"index, follow, max-snippet:-1, max-image-preview:large, max-video-preview:-1\" \/>\n<link rel=\"canonical\" href=\"https:\/\/franciscanos.org.br\/noticias\/frei-vitorio-jovens-e-preciso-ter-opcoes-claras.html\" \/>\n<meta property=\"og:locale\" content=\"pt_BR\" \/>\n<meta property=\"og:type\" content=\"article\" \/>\n<meta property=\"og:title\" content=\"Frei Vit\u00f3rio: &#039;Jovens, \u00e9 preciso ter op\u00e7\u00f5es claras!&#039; - Not\u00edcias - Franciscanos\" \/>\n<meta property=\"og:description\" content=\"SAV\" \/>\n<meta property=\"og:url\" content=\"https:\/\/franciscanos.org.br\/noticias\/frei-vitorio-jovens-e-preciso-ter-opcoes-claras.html\" \/>\n<meta property=\"og:site_name\" content=\"Not\u00edcias - Franciscanos\" \/>\n<meta property=\"article:published_time\" content=\"2015-04-23T18:12:43+00:00\" \/>\n<meta property=\"article:modified_time\" content=\"2020-06-24T17:07:10+00:00\" \/>\n<meta property=\"og:image\" content=\"https:\/\/franciscanos.org.br\/noticias\/wp-content\/uploads\/2015\/04\/jovens_alto.jpg\" \/>\n\t<meta property=\"og:image:width\" content=\"273\" \/>\n\t<meta property=\"og:image:height\" content=\"181\" \/>\n\t<meta property=\"og:image:type\" content=\"image\/jpeg\" \/>\n<meta name=\"author\" content=\"admin\" \/>\n<meta name=\"twitter:card\" content=\"summary_large_image\" \/>\n<meta name=\"twitter:label1\" content=\"Escrito por\" \/>\n\t<meta name=\"twitter:data1\" content=\"admin\" \/>\n\t<meta name=\"twitter:label2\" content=\"Est. tempo de leitura\" \/>\n\t<meta name=\"twitter:data2\" content=\"8 minutos\" \/>\n<script type=\"application\/ld+json\" class=\"yoast-schema-graph\">{\"@context\":\"https:\/\/schema.org\",\"@graph\":[{\"@type\":\"WebSite\",\"@id\":\"https:\/\/franciscanos.org.br\/noticias\/#website\",\"url\":\"https:\/\/franciscanos.org.br\/noticias\/\",\"name\":\"Not\u00edcias - Franciscanos\",\"description\":\"Prov\u00edncia Franciscana da Imaculada Concei\u00e7\u00e3o do Brasil - Ordem dos Frades Menores - OFM\",\"potentialAction\":[{\"@type\":\"SearchAction\",\"target\":{\"@type\":\"EntryPoint\",\"urlTemplate\":\"https:\/\/franciscanos.org.br\/noticias\/?s={search_term_string}\"},\"query-input\":\"required name=search_term_string\"}],\"inLanguage\":\"pt-BR\"},{\"@type\":\"ImageObject\",\"inLanguage\":\"pt-BR\",\"@id\":\"https:\/\/franciscanos.org.br\/noticias\/frei-vitorio-jovens-e-preciso-ter-opcoes-claras.html#primaryimage\",\"url\":\"https:\/\/franciscanos.org.br\/noticias\/wp-content\/uploads\/2015\/04\/jovens_alto.jpg\",\"contentUrl\":\"https:\/\/franciscanos.org.br\/noticias\/wp-content\/uploads\/2015\/04\/jovens_alto.jpg\",\"width\":273,\"height\":181},{\"@type\":\"WebPage\",\"@id\":\"https:\/\/franciscanos.org.br\/noticias\/frei-vitorio-jovens-e-preciso-ter-opcoes-claras.html#webpage\",\"url\":\"https:\/\/franciscanos.org.br\/noticias\/frei-vitorio-jovens-e-preciso-ter-opcoes-claras.html\",\"name\":\"Frei Vit\u00f3rio: 'Jovens, \u00e9 preciso ter op\u00e7\u00f5es claras!' - Not\u00edcias - Franciscanos\",\"isPartOf\":{\"@id\":\"https:\/\/franciscanos.org.br\/noticias\/#website\"},\"primaryImageOfPage\":{\"@id\":\"https:\/\/franciscanos.org.br\/noticias\/frei-vitorio-jovens-e-preciso-ter-opcoes-claras.html#primaryimage\"},\"datePublished\":\"2015-04-23T18:12:43+00:00\",\"dateModified\":\"2020-06-24T17:07:10+00:00\",\"author\":{\"@id\":\"https:\/\/franciscanos.org.br\/noticias\/#\/schema\/person\/b38fbf43118f02820bd932f2e4b14ad3\"},\"breadcrumb\":{\"@id\":\"https:\/\/franciscanos.org.br\/noticias\/frei-vitorio-jovens-e-preciso-ter-opcoes-claras.html#breadcrumb\"},\"inLanguage\":\"pt-BR\",\"potentialAction\":[{\"@type\":\"ReadAction\",\"target\":[\"https:\/\/franciscanos.org.br\/noticias\/frei-vitorio-jovens-e-preciso-ter-opcoes-claras.html\"]}]},{\"@type\":\"BreadcrumbList\",\"@id\":\"https:\/\/franciscanos.org.br\/noticias\/frei-vitorio-jovens-e-preciso-ter-opcoes-claras.html#breadcrumb\",\"itemListElement\":[{\"@type\":\"ListItem\",\"position\":1,\"name\":\"Home\",\"item\":\"https:\/\/franciscanos.org.br\/noticias\"},{\"@type\":\"ListItem\",\"position\":2,\"name\":\"Frei Vit\u00f3rio: &#8216;Jovens, \u00e9 preciso ter op\u00e7\u00f5es claras!&#8217;\"}]},{\"@type\":\"Person\",\"@id\":\"https:\/\/franciscanos.org.br\/noticias\/#\/schema\/person\/b38fbf43118f02820bd932f2e4b14ad3\",\"name\":\"admin\",\"image\":{\"@type\":\"ImageObject\",\"inLanguage\":\"pt-BR\",\"@id\":\"https:\/\/franciscanos.org.br\/noticias\/#\/schema\/person\/image\/\",\"url\":\"https:\/\/secure.gravatar.com\/avatar\/e8495742d34d0ba6448ea1c628263b3e?s=96&d=mm&r=g\",\"contentUrl\":\"https:\/\/secure.gravatar.com\/avatar\/e8495742d34d0ba6448ea1c628263b3e?s=96&d=mm&r=g\",\"caption\":\"admin\"},\"url\":\"https:\/\/franciscanos.org.br\/noticias\/author\/admin\"}]}<\/script>\n<!-- \/ Yoast SEO plugin. -->","yoast_head_json":{"title":"Frei Vit\u00f3rio: 'Jovens, \u00e9 preciso ter op\u00e7\u00f5es claras!' - Not\u00edcias - Franciscanos","robots":{"index":"index","follow":"follow","max-snippet":"max-snippet:-1","max-image-preview":"max-image-preview:large","max-video-preview":"max-video-preview:-1"},"canonical":"https:\/\/franciscanos.org.br\/noticias\/frei-vitorio-jovens-e-preciso-ter-opcoes-claras.html","og_locale":"pt_BR","og_type":"article","og_title":"Frei Vit\u00f3rio: 'Jovens, \u00e9 preciso ter op\u00e7\u00f5es claras!' - Not\u00edcias - Franciscanos","og_description":"SAV","og_url":"https:\/\/franciscanos.org.br\/noticias\/frei-vitorio-jovens-e-preciso-ter-opcoes-claras.html","og_site_name":"Not\u00edcias - Franciscanos","article_published_time":"2015-04-23T18:12:43+00:00","article_modified_time":"2020-06-24T17:07:10+00:00","og_image":[{"width":273,"height":181,"url":"https:\/\/franciscanos.org.br\/noticias\/wp-content\/uploads\/2015\/04\/jovens_alto.jpg","type":"image\/jpeg"}],"author":"admin","twitter_card":"summary_large_image","twitter_misc":{"Escrito por":"admin","Est. tempo de leitura":"8 minutos"},"schema":{"@context":"https:\/\/schema.org","@graph":[{"@type":"WebSite","@id":"https:\/\/franciscanos.org.br\/noticias\/#website","url":"https:\/\/franciscanos.org.br\/noticias\/","name":"Not\u00edcias - Franciscanos","description":"Prov\u00edncia Franciscana da Imaculada Concei\u00e7\u00e3o do Brasil - Ordem dos Frades Menores - OFM","potentialAction":[{"@type":"SearchAction","target":{"@type":"EntryPoint","urlTemplate":"https:\/\/franciscanos.org.br\/noticias\/?s={search_term_string}"},"query-input":"required name=search_term_string"}],"inLanguage":"pt-BR"},{"@type":"ImageObject","inLanguage":"pt-BR","@id":"https:\/\/franciscanos.org.br\/noticias\/frei-vitorio-jovens-e-preciso-ter-opcoes-claras.html#primaryimage","url":"https:\/\/franciscanos.org.br\/noticias\/wp-content\/uploads\/2015\/04\/jovens_alto.jpg","contentUrl":"https:\/\/franciscanos.org.br\/noticias\/wp-content\/uploads\/2015\/04\/jovens_alto.jpg","width":273,"height":181},{"@type":"WebPage","@id":"https:\/\/franciscanos.org.br\/noticias\/frei-vitorio-jovens-e-preciso-ter-opcoes-claras.html#webpage","url":"https:\/\/franciscanos.org.br\/noticias\/frei-vitorio-jovens-e-preciso-ter-opcoes-claras.html","name":"Frei Vit\u00f3rio: 'Jovens, \u00e9 preciso ter op\u00e7\u00f5es claras!' - Not\u00edcias - Franciscanos","isPartOf":{"@id":"https:\/\/franciscanos.org.br\/noticias\/#website"},"primaryImageOfPage":{"@id":"https:\/\/franciscanos.org.br\/noticias\/frei-vitorio-jovens-e-preciso-ter-opcoes-claras.html#primaryimage"},"datePublished":"2015-04-23T18:12:43+00:00","dateModified":"2020-06-24T17:07:10+00:00","author":{"@id":"https:\/\/franciscanos.org.br\/noticias\/#\/schema\/person\/b38fbf43118f02820bd932f2e4b14ad3"},"breadcrumb":{"@id":"https:\/\/franciscanos.org.br\/noticias\/frei-vitorio-jovens-e-preciso-ter-opcoes-claras.html#breadcrumb"},"inLanguage":"pt-BR","potentialAction":[{"@type":"ReadAction","target":["https:\/\/franciscanos.org.br\/noticias\/frei-vitorio-jovens-e-preciso-ter-opcoes-claras.html"]}]},{"@type":"BreadcrumbList","@id":"https:\/\/franciscanos.org.br\/noticias\/frei-vitorio-jovens-e-preciso-ter-opcoes-claras.html#breadcrumb","itemListElement":[{"@type":"ListItem","position":1,"name":"Home","item":"https:\/\/franciscanos.org.br\/noticias"},{"@type":"ListItem","position":2,"name":"Frei Vit\u00f3rio: &#8216;Jovens, \u00e9 preciso ter op\u00e7\u00f5es claras!&#8217;"}]},{"@type":"Person","@id":"https:\/\/franciscanos.org.br\/noticias\/#\/schema\/person\/b38fbf43118f02820bd932f2e4b14ad3","name":"admin","image":{"@type":"ImageObject","inLanguage":"pt-BR","@id":"https:\/\/franciscanos.org.br\/noticias\/#\/schema\/person\/image\/","url":"https:\/\/secure.gravatar.com\/avatar\/e8495742d34d0ba6448ea1c628263b3e?s=96&d=mm&r=g","contentUrl":"https:\/\/secure.gravatar.com\/avatar\/e8495742d34d0ba6448ea1c628263b3e?s=96&d=mm&r=g","caption":"admin"},"url":"https:\/\/franciscanos.org.br\/noticias\/author\/admin"}]}},"_links":{"self":[{"href":"https:\/\/franciscanos.org.br\/noticias\/wp-json\/wp\/v2\/posts\/84087"}],"collection":[{"href":"https:\/\/franciscanos.org.br\/noticias\/wp-json\/wp\/v2\/posts"}],"about":[{"href":"https:\/\/franciscanos.org.br\/noticias\/wp-json\/wp\/v2\/types\/post"}],"author":[{"embeddable":true,"href":"https:\/\/franciscanos.org.br\/noticias\/wp-json\/wp\/v2\/users\/1"}],"replies":[{"embeddable":true,"href":"https:\/\/franciscanos.org.br\/noticias\/wp-json\/wp\/v2\/comments?post=84087"}],"version-history":[{"count":1,"href":"https:\/\/franciscanos.org.br\/noticias\/wp-json\/wp\/v2\/posts\/84087\/revisions"}],"predecessor-version":[{"id":226692,"href":"https:\/\/franciscanos.org.br\/noticias\/wp-json\/wp\/v2\/posts\/84087\/revisions\/226692"}],"wp:featuredmedia":[{"embeddable":true,"href":"https:\/\/franciscanos.org.br\/noticias\/wp-json\/wp\/v2\/media\/220017"}],"wp:attachment":[{"href":"https:\/\/franciscanos.org.br\/noticias\/wp-json\/wp\/v2\/media?parent=84087"}],"wp:term":[{"taxonomy":"category","embeddable":true,"href":"https:\/\/franciscanos.org.br\/noticias\/wp-json\/wp\/v2\/categories?post=84087"},{"taxonomy":"post_tag","embeddable":true,"href":"https:\/\/franciscanos.org.br\/noticias\/wp-json\/wp\/v2\/tags?post=84087"}],"curies":[{"name":"wp","href":"https:\/\/api.w.org\/{rel}","templated":true}]}}