{"id":83959,"date":"2015-04-23T08:30:50","date_gmt":"2015-04-23T11:30:50","guid":{"rendered":"http:\/\/franciscanos.org.br\/?p=83959"},"modified":"2020-02-13T10:29:43","modified_gmt":"2020-02-13T13:29:43","slug":"a-bela-vida-com-o-bom-pastor","status":"publish","type":"post","link":"https:\/\/franciscanos.org.br\/noticias\/a-bela-vida-com-o-bom-pastor.html","title":{"rendered":"Hoje \u00e9 o domingo do Bom Pastor"},"content":{"rendered":"<p><img loading=\"lazy\" class=\"alignnone size-full wp-image-196724\" src=\"https:\/\/franciscanos.org.br\/noticias\/wp-content\/uploads\/2015\/04\/pastor_jesus23.jpg\" alt=\"\" width=\"820\" height=\"480\" srcset=\"https:\/\/franciscanos.org.br\/noticias\/wp-content\/uploads\/2015\/04\/pastor_jesus23.jpg 820w, https:\/\/franciscanos.org.br\/noticias\/wp-content\/uploads\/2015\/04\/pastor_jesus23-450x263.jpg 450w, https:\/\/franciscanos.org.br\/noticias\/wp-content\/uploads\/2015\/04\/pastor_jesus23-768x450.jpg 768w, https:\/\/franciscanos.org.br\/noticias\/wp-content\/uploads\/2015\/04\/pastor_jesus23-150x88.jpg 150w\" sizes=\"(max-width: 820px) 100vw, 820px\" \/><\/p>\n<p><strong>Frei Alvaci Mendes da Luz<\/strong><\/p>\n<p>Ultimo domingo do m\u00eas! J\u00e1 se passarem 3 semanas de celebra\u00e7\u00e3o pascal e a cada domingo a mesma afirma\u00e7\u00e3o ressoa cada vez mais forte: Ele est\u00e1 vivo! Ele \u00e9 a vida!<\/p>\n<p>Desta vez, Jesus se nos apresenta como o Bom Pastor, aquele que ama, cuida e at\u00e9 mesmo d\u00e1 a vida por elas.<\/p>\n<p>Pastores de ovelhas; dirigentes do povo de Israel; l\u00edderes do novo povo de Deus. A palavra pastor evoca essas tr\u00eas situa\u00e7\u00f5es. A mais importante por\u00e9m \u00e9 outra: pastor mesmo, pastor pra valer, bom e belo pastor \u00e9 um s\u00f3: o profeta de Nazar\u00e9, o anunciador do Reino de Deus, o Messias pequeno e pobre que se compadece dos pobres e dos pecadores, o Senhor da vida que d\u00e1 \u00e0 vida por Deus e pelos irm\u00e3os e irm\u00e3s, para que todos a tenham em plenitude.<\/p>\n<p>Jesus se apresenta como filho que conhece o amor do Pai e compartilha seus desejos. Ele quer o que o Pai quer: vida e liberdade para todos. Por isso, apresenta-se como o bom pastor \u2013 o texto grego diz &#8220;belo pastor&#8221;, pastor verdadeiro \u2013 em contraposi\u00e7\u00e3o aos pastores feios e falsos, que nos submetem, sobretudo quando n\u00e3o os conhecemos.<\/p>\n<p>Devemos segui-lo, parece uma contradi\u00e7\u00e3o, mas \u201cdevemos\u201d sim. N\u00e3o h\u00e1 outro modo de sairmos das trevas em que supomos ou pensamos estar livres, para chegarmos \u00e0 luz verdadeira que nos torna de fato livres.<\/p>\n<p>A uma cultura de competitividade, rivalidade e viol\u00eancia, contrap\u00f5e-se a uma cultura de fraternidade, solidariedade e amor. A vida boa e bela que Deus sonha para n\u00f3s, finalmente, pode florescer nele, o Bom Pastor.<\/p>\n","protected":false},"excerpt":{"rendered":"<p>Liturgia dominical<\/p>\n","protected":false},"author":1,"featured_media":220005,"comment_status":"open","ping_status":"open","sticky":false,"template":"","format":"standard","meta":[],"categories":[1],"tags":[537],"acf":[],"yoast_head":"<!-- This site is optimized with the Yoast SEO plugin v19.2 - https:\/\/yoast.com\/wordpress\/plugins\/seo\/ -->\n<title>Hoje \u00e9 o domingo do Bom Pastor - Not\u00edcias - Franciscanos<\/title>\n<meta name=\"robots\" content=\"index, follow, max-snippet:-1, max-image-preview:large, max-video-preview:-1\" \/>\n<link rel=\"canonical\" href=\"https:\/\/franciscanos.org.br\/noticias\/a-bela-vida-com-o-bom-pastor.html\" \/>\n<meta property=\"og:locale\" content=\"pt_BR\" \/>\n<meta property=\"og:type\" content=\"article\" \/>\n<meta property=\"og:title\" content=\"Hoje \u00e9 o domingo do Bom Pastor - Not\u00edcias - Franciscanos\" \/>\n<meta property=\"og:description\" content=\"Liturgia dominical\" \/>\n<meta property=\"og:url\" content=\"https:\/\/franciscanos.org.br\/noticias\/a-bela-vida-com-o-bom-pastor.html\" \/>\n<meta property=\"og:site_name\" content=\"Not\u00edcias - Franciscanos\" \/>\n<meta property=\"article:published_time\" content=\"2015-04-23T11:30:50+00:00\" \/>\n<meta property=\"article:modified_time\" content=\"2020-02-13T13:29:43+00:00\" \/>\n<meta property=\"og:image\" content=\"https:\/\/franciscanos.org.br\/noticias\/wp-content\/uploads\/2015\/04\/pastor_jesus23-1.jpg\" \/>\n\t<meta property=\"og:image:width\" content=\"273\" \/>\n\t<meta property=\"og:image:height\" content=\"181\" \/>\n\t<meta property=\"og:image:type\" content=\"image\/jpeg\" \/>\n<meta name=\"author\" content=\"admin\" \/>\n<meta name=\"twitter:card\" content=\"summary_large_image\" \/>\n<meta name=\"twitter:label1\" content=\"Escrito por\" \/>\n\t<meta name=\"twitter:data1\" content=\"admin\" \/>\n\t<meta name=\"twitter:label2\" content=\"Est. tempo de leitura\" \/>\n\t<meta name=\"twitter:data2\" content=\"1 minuto\" \/>\n<script type=\"application\/ld+json\" class=\"yoast-schema-graph\">{\"@context\":\"https:\/\/schema.org\",\"@graph\":[{\"@type\":\"WebSite\",\"@id\":\"https:\/\/franciscanos.org.br\/noticias\/#website\",\"url\":\"https:\/\/franciscanos.org.br\/noticias\/\",\"name\":\"Not\u00edcias - Franciscanos\",\"description\":\"Prov\u00edncia Franciscana da Imaculada Concei\u00e7\u00e3o do Brasil - Ordem dos Frades Menores - OFM\",\"potentialAction\":[{\"@type\":\"SearchAction\",\"target\":{\"@type\":\"EntryPoint\",\"urlTemplate\":\"https:\/\/franciscanos.org.br\/noticias\/?s={search_term_string}\"},\"query-input\":\"required name=search_term_string\"}],\"inLanguage\":\"pt-BR\"},{\"@type\":\"ImageObject\",\"inLanguage\":\"pt-BR\",\"@id\":\"https:\/\/franciscanos.org.br\/noticias\/a-bela-vida-com-o-bom-pastor.html#primaryimage\",\"url\":\"https:\/\/franciscanos.org.br\/noticias\/wp-content\/uploads\/2015\/04\/pastor_jesus23-1.jpg\",\"contentUrl\":\"https:\/\/franciscanos.org.br\/noticias\/wp-content\/uploads\/2015\/04\/pastor_jesus23-1.jpg\",\"width\":273,\"height\":181},{\"@type\":\"WebPage\",\"@id\":\"https:\/\/franciscanos.org.br\/noticias\/a-bela-vida-com-o-bom-pastor.html#webpage\",\"url\":\"https:\/\/franciscanos.org.br\/noticias\/a-bela-vida-com-o-bom-pastor.html\",\"name\":\"Hoje \u00e9 o domingo do Bom Pastor - Not\u00edcias - Franciscanos\",\"isPartOf\":{\"@id\":\"https:\/\/franciscanos.org.br\/noticias\/#website\"},\"primaryImageOfPage\":{\"@id\":\"https:\/\/franciscanos.org.br\/noticias\/a-bela-vida-com-o-bom-pastor.html#primaryimage\"},\"datePublished\":\"2015-04-23T11:30:50+00:00\",\"dateModified\":\"2020-02-13T13:29:43+00:00\",\"author\":{\"@id\":\"https:\/\/franciscanos.org.br\/noticias\/#\/schema\/person\/b38fbf43118f02820bd932f2e4b14ad3\"},\"breadcrumb\":{\"@id\":\"https:\/\/franciscanos.org.br\/noticias\/a-bela-vida-com-o-bom-pastor.html#breadcrumb\"},\"inLanguage\":\"pt-BR\",\"potentialAction\":[{\"@type\":\"ReadAction\",\"target\":[\"https:\/\/franciscanos.org.br\/noticias\/a-bela-vida-com-o-bom-pastor.html\"]}]},{\"@type\":\"BreadcrumbList\",\"@id\":\"https:\/\/franciscanos.org.br\/noticias\/a-bela-vida-com-o-bom-pastor.html#breadcrumb\",\"itemListElement\":[{\"@type\":\"ListItem\",\"position\":1,\"name\":\"Home\",\"item\":\"https:\/\/franciscanos.org.br\/noticias\"},{\"@type\":\"ListItem\",\"position\":2,\"name\":\"Hoje \u00e9 o domingo do Bom Pastor\"}]},{\"@type\":\"Person\",\"@id\":\"https:\/\/franciscanos.org.br\/noticias\/#\/schema\/person\/b38fbf43118f02820bd932f2e4b14ad3\",\"name\":\"admin\",\"image\":{\"@type\":\"ImageObject\",\"inLanguage\":\"pt-BR\",\"@id\":\"https:\/\/franciscanos.org.br\/noticias\/#\/schema\/person\/image\/\",\"url\":\"https:\/\/secure.gravatar.com\/avatar\/e8495742d34d0ba6448ea1c628263b3e?s=96&d=mm&r=g\",\"contentUrl\":\"https:\/\/secure.gravatar.com\/avatar\/e8495742d34d0ba6448ea1c628263b3e?s=96&d=mm&r=g\",\"caption\":\"admin\"},\"url\":\"https:\/\/franciscanos.org.br\/noticias\/author\/admin\"}]}<\/script>\n<!-- \/ Yoast SEO plugin. -->","yoast_head_json":{"title":"Hoje \u00e9 o domingo do Bom Pastor - Not\u00edcias - Franciscanos","robots":{"index":"index","follow":"follow","max-snippet":"max-snippet:-1","max-image-preview":"max-image-preview:large","max-video-preview":"max-video-preview:-1"},"canonical":"https:\/\/franciscanos.org.br\/noticias\/a-bela-vida-com-o-bom-pastor.html","og_locale":"pt_BR","og_type":"article","og_title":"Hoje \u00e9 o domingo do Bom Pastor - Not\u00edcias - Franciscanos","og_description":"Liturgia dominical","og_url":"https:\/\/franciscanos.org.br\/noticias\/a-bela-vida-com-o-bom-pastor.html","og_site_name":"Not\u00edcias - Franciscanos","article_published_time":"2015-04-23T11:30:50+00:00","article_modified_time":"2020-02-13T13:29:43+00:00","og_image":[{"width":273,"height":181,"url":"https:\/\/franciscanos.org.br\/noticias\/wp-content\/uploads\/2015\/04\/pastor_jesus23-1.jpg","type":"image\/jpeg"}],"author":"admin","twitter_card":"summary_large_image","twitter_misc":{"Escrito por":"admin","Est. tempo de leitura":"1 minuto"},"schema":{"@context":"https:\/\/schema.org","@graph":[{"@type":"WebSite","@id":"https:\/\/franciscanos.org.br\/noticias\/#website","url":"https:\/\/franciscanos.org.br\/noticias\/","name":"Not\u00edcias - Franciscanos","description":"Prov\u00edncia Franciscana da Imaculada Concei\u00e7\u00e3o do Brasil - Ordem dos Frades Menores - OFM","potentialAction":[{"@type":"SearchAction","target":{"@type":"EntryPoint","urlTemplate":"https:\/\/franciscanos.org.br\/noticias\/?s={search_term_string}"},"query-input":"required name=search_term_string"}],"inLanguage":"pt-BR"},{"@type":"ImageObject","inLanguage":"pt-BR","@id":"https:\/\/franciscanos.org.br\/noticias\/a-bela-vida-com-o-bom-pastor.html#primaryimage","url":"https:\/\/franciscanos.org.br\/noticias\/wp-content\/uploads\/2015\/04\/pastor_jesus23-1.jpg","contentUrl":"https:\/\/franciscanos.org.br\/noticias\/wp-content\/uploads\/2015\/04\/pastor_jesus23-1.jpg","width":273,"height":181},{"@type":"WebPage","@id":"https:\/\/franciscanos.org.br\/noticias\/a-bela-vida-com-o-bom-pastor.html#webpage","url":"https:\/\/franciscanos.org.br\/noticias\/a-bela-vida-com-o-bom-pastor.html","name":"Hoje \u00e9 o domingo do Bom Pastor - Not\u00edcias - Franciscanos","isPartOf":{"@id":"https:\/\/franciscanos.org.br\/noticias\/#website"},"primaryImageOfPage":{"@id":"https:\/\/franciscanos.org.br\/noticias\/a-bela-vida-com-o-bom-pastor.html#primaryimage"},"datePublished":"2015-04-23T11:30:50+00:00","dateModified":"2020-02-13T13:29:43+00:00","author":{"@id":"https:\/\/franciscanos.org.br\/noticias\/#\/schema\/person\/b38fbf43118f02820bd932f2e4b14ad3"},"breadcrumb":{"@id":"https:\/\/franciscanos.org.br\/noticias\/a-bela-vida-com-o-bom-pastor.html#breadcrumb"},"inLanguage":"pt-BR","potentialAction":[{"@type":"ReadAction","target":["https:\/\/franciscanos.org.br\/noticias\/a-bela-vida-com-o-bom-pastor.html"]}]},{"@type":"BreadcrumbList","@id":"https:\/\/franciscanos.org.br\/noticias\/a-bela-vida-com-o-bom-pastor.html#breadcrumb","itemListElement":[{"@type":"ListItem","position":1,"name":"Home","item":"https:\/\/franciscanos.org.br\/noticias"},{"@type":"ListItem","position":2,"name":"Hoje \u00e9 o domingo do Bom Pastor"}]},{"@type":"Person","@id":"https:\/\/franciscanos.org.br\/noticias\/#\/schema\/person\/b38fbf43118f02820bd932f2e4b14ad3","name":"admin","image":{"@type":"ImageObject","inLanguage":"pt-BR","@id":"https:\/\/franciscanos.org.br\/noticias\/#\/schema\/person\/image\/","url":"https:\/\/secure.gravatar.com\/avatar\/e8495742d34d0ba6448ea1c628263b3e?s=96&d=mm&r=g","contentUrl":"https:\/\/secure.gravatar.com\/avatar\/e8495742d34d0ba6448ea1c628263b3e?s=96&d=mm&r=g","caption":"admin"},"url":"https:\/\/franciscanos.org.br\/noticias\/author\/admin"}]}},"_links":{"self":[{"href":"https:\/\/franciscanos.org.br\/noticias\/wp-json\/wp\/v2\/posts\/83959"}],"collection":[{"href":"https:\/\/franciscanos.org.br\/noticias\/wp-json\/wp\/v2\/posts"}],"about":[{"href":"https:\/\/franciscanos.org.br\/noticias\/wp-json\/wp\/v2\/types\/post"}],"author":[{"embeddable":true,"href":"https:\/\/franciscanos.org.br\/noticias\/wp-json\/wp\/v2\/users\/1"}],"replies":[{"embeddable":true,"href":"https:\/\/franciscanos.org.br\/noticias\/wp-json\/wp\/v2\/comments?post=83959"}],"version-history":[{"count":0,"href":"https:\/\/franciscanos.org.br\/noticias\/wp-json\/wp\/v2\/posts\/83959\/revisions"}],"wp:featuredmedia":[{"embeddable":true,"href":"https:\/\/franciscanos.org.br\/noticias\/wp-json\/wp\/v2\/media\/220005"}],"wp:attachment":[{"href":"https:\/\/franciscanos.org.br\/noticias\/wp-json\/wp\/v2\/media?parent=83959"}],"wp:term":[{"taxonomy":"category","embeddable":true,"href":"https:\/\/franciscanos.org.br\/noticias\/wp-json\/wp\/v2\/categories?post=83959"},{"taxonomy":"post_tag","embeddable":true,"href":"https:\/\/franciscanos.org.br\/noticias\/wp-json\/wp\/v2\/tags?post=83959"}],"curies":[{"name":"wp","href":"https:\/\/api.w.org\/{rel}","templated":true}]}}