{"id":83904,"date":"2015-04-20T20:55:58","date_gmt":"2015-04-20T23:55:58","guid":{"rendered":"http:\/\/franciscanos.org.br\/?p=83904"},"modified":"2020-06-24T16:56:38","modified_gmt":"2020-06-24T19:56:38","slug":"cnbb-elege-novo-governo","status":"publish","type":"post","link":"https:\/\/franciscanos.org.br\/noticias\/cnbb-elege-novo-governo.html","title":{"rendered":"Episcopado brasileiro elege novo governo na Assembleia Geral"},"content":{"rendered":"<div id=\"attachment_83905\" style=\"width: 434px\" class=\"wp-caption alignright\"><a href=\"http:\/\/franciscanos.org.br\/wp-content\/uploads\/2015\/04\/rocha_1.jpg\"><img aria-describedby=\"caption-attachment-83905\" loading=\"lazy\" class=\"wp-image-83905\" src=\"http:\/\/franciscanos.org.br\/wp-content\/uploads\/2015\/04\/rocha_1.jpg\" alt=\"rocha_1\" width=\"424\" height=\"416\" \/><\/a><p id=\"caption-attachment-83905\" class=\"wp-caption-text\">D. S\u00e9rgio Rocha, arcebispo de Bras\u00edlia<\/p><\/div>\n<p>O episcopado brasileiro, reunido em Aparecida (SP), de 15 a 24 de abril, por ocasi\u00e3o da 53\u00aa Assembleia Geral da Confer\u00eancia Nacional dos Bispos do Brasil (CNBB), elegeu um novo governo. Foi eleito para presidente da CNBB Dom S\u00e9rgio da Rocha, arcebispo metropolitano de Bras\u00edlia, para vice-presidente o Primaz do Brasil, D. Murilo Sebasti\u00e3o Krieger, e D. dom Leonardo Steiner, reeleito como Secret\u00e1rio Geral da entidade.<\/p>\n<p>D. S\u00e9rgio da Rocha foi eleito na manh\u00e3 desta segunda-feira, 20, ainda no primeiro escrut\u00ednio, ap\u00f3s receber 215 votos, superando assim os 196 que corresponderam aos dois ter\u00e7os necess\u00e1rios para a elei\u00e7\u00e3o. J\u00e1 D. Murilo foi escolhido por maioria absoluta no terceiro escrut\u00ednio, ap\u00f3s receber 199 do total de 286 votos v\u00e1lidos. D. Leonardo, que \u00e9 franciscano desta Prov\u00edncia, foi reeleito no segundo escrut\u00ednio, ap\u00f3s receber 228 votos, ultrapassando assim, os 194 que corresponderam aos dois ter\u00e7os necess\u00e1rios para a elei\u00e7\u00e3o.<\/p>\n<p>O arcebispo de Bras\u00edlia e novo presidente da CNBB nasceu em Dobrada, no estado de S\u00e3o Paulo, em 1959 e foi ordenado presb\u00edtero na Matriz do Senhor Bom Jesus de Mat\u00e3o (SP) em 1984. Foi nomeado bispo pelo papa Jo\u00e3o Paulo II em 2001, como auxiliar de Fortaleza (CE) e sua ordena\u00e7\u00e3o episcopal foi realizada em agosto do mesmo ano, na Catedral de S\u00e3o Carlos (SP), pelos bispos ordenantes dom Jos\u00e9 Ant\u00f4nio Aparecido Tosi Marques, dom Joviano de Lima J\u00fanior e dom Bruno Gamberini. Em janeiro de 2007 o papa Bento XVI o nomeou como arcebispo coadjutor da arquidiocese de Teresina (PI). Tamb\u00e9m pelo papa Bento XVI, em 2011, foi nomeado para arcebispo metropolitano de Bras\u00edlia.<\/p>\n<div id=\"attachment_83906\" style=\"width: 410px\" class=\"wp-caption alignleft\"><a href=\"http:\/\/franciscanos.org.br\/wp-content\/uploads\/2015\/04\/murilo_2.jpg\"><img aria-describedby=\"caption-attachment-83906\" loading=\"lazy\" class=\"wp-image-83906\" src=\"http:\/\/franciscanos.org.br\/wp-content\/uploads\/2015\/04\/murilo_2.jpg\" alt=\"murilo_2\" width=\"400\" height=\"380\" \/><\/a><p id=\"caption-attachment-83906\" class=\"wp-caption-text\">D. Murilo Krieger, Primaz do Brasil<\/p><\/div>\n<p>Dom S\u00e9rgio estudou Filosofia no Semin\u00e1rio de S\u00e3o Carlos (SP) e Teologia na Pontif\u00edcia Universidade de Campinas (SP). O arcebispo \u00e9 mestre em Teologia Moral pela Pontif\u00edcia Faculdade de Teologia Nossa Senhora da Assun\u00e7\u00e3o (SP) e doutor pela Academia Alfonsiana da Pontif\u00edcia Universidade Lateranense, em Roma.<br \/>\nCom o lema episcopal \u201cDeus \u00e9 amor\u201d (Deus caritas est), o arcebispo de Salvador (BA) e primaz do Brasil, Dom Murilo Sebasti\u00e3o Krieger \u00e9 o 15\u00ba vice-presidente eleito em Assembleia Geral, para o quadri\u00eanio de 2011 a 2019. Durante a 49\u00ba Assembleia Geral da CNBB de 2011, foi eleito membro da Comiss\u00e3o Episcopal Pastoral para a Doutrina da F\u00e9 e presidente da Comiss\u00e3o Episcopal Pastoral para a Campanha para a Evangeliza\u00e7\u00e3o da CNBB.<\/p>\n<p>Dom Murilo \u00e9 autor de dez livros publicados por editoras nacionais, entre eles destaca-se sua \u00faltima obra \u201cAnunciai a Boa Nova\u201d e \u201cAlegre-se: Deus \u00e9 amor\u201d.<\/p>\n<p>Dom Murilo \u00e9 natural de Brusque (SC), nascido em 19 de setembro de 1943. Estudou Filosofia em Brusque de 1964 a 1965 e Teologia no Instituto Teol\u00f3gico SCJ, em Taubat\u00e9 de 1966 a 1969. \u00c9 licenciado em Letras (Portugu\u00eas), na Faculdade de Filosofia Nossa Senhora Medianeira, em S\u00e3o Paulo. Frequentou cursos de espiritualidade em Universidades Pontif\u00edcias de Roma, em 1980.<\/p>\n<p>Ap\u00f3s o noviciado, ingressou na Congrega\u00e7\u00e3o dos Padres do Sagrado Cora\u00e7\u00e3o de Jesus, professando os votos religiosos a 2 de fevereiro de 1964. No dia 7 de dezembro de 1969 foi ordenado sacerdote em Brusque (SC). Foi p\u00e1roco da Par\u00f3quia Sagrado Cora\u00e7\u00e3o de Jesus, em Taubat\u00e9 no ano de 1970.<\/p>\n<p>Em 1985, o papa Jo\u00e3o Paulo II o nomeou bispo auxiliar de Florian\u00f3polis (SC). Foi ordenado bispo em sua cidade natal, no dia 28 de abril de 1985. Esteve como bispo de Ponta Grossa (PR) de 1991 a 1997, presidente do regional Sul 2 da CNBB, por dois mandatos, de 1995 a 1999 e 1999 a 2000.<\/p>\n<p>Em 1997, o papa Jo\u00e3o Paulo II o nomeou arcebispo de Maring\u00e1 (PR) e, no ano de 2002, tornou-se arcebispo de Florian\u00f3polis. No dia 12 de janeiro de 2011, o papa Bento XVI o nomeou arcebispo de S\u00e3o Salvador (BA), com posse no dia 25 de mar\u00e7o do mesmo ano.<\/p>\n<div id=\"attachment_83907\" style=\"width: 460px\" class=\"wp-caption alignright\"><a href=\"http:\/\/franciscanos.org.br\/wp-content\/uploads\/2015\/04\/leonardo_3.jpg\"><img aria-describedby=\"caption-attachment-83907\" loading=\"lazy\" class=\"wp-image-83907 size-full\" src=\"http:\/\/franciscanos.org.br\/wp-content\/uploads\/2015\/04\/leonardo_3.jpg\" alt=\"leonardo_3\" width=\"450\" height=\"388\" \/><\/a><p id=\"caption-attachment-83907\" class=\"wp-caption-text\">D. Leonardo Steiner, reeleito Secret\u00e1rio Geral<\/p><\/div>\n<p><strong>REELEI\u00c7\u00c3O<\/strong><\/p>\n<p>Em 2011, durante a 49\u00aa Assembleia Geral da CNBB, Dom Leonardo Steiner foi eleito Secret\u00e1rio Geral da entidade, tendo como miss\u00e3o implantar e dinamizar as Diretrizes Gerais da A\u00e7\u00e3o Evangelizadora (2011-2015) nas dioceses na Igreja no Brasil.<\/p>\n<p>Com o lema \u201cVerbo feito carne\u201d, Dom Leonardo foi nomeado bispo em 2 de fevereiro de 2005, pelo papa Jo\u00e3o Paulo II. Natural de Forquilhinha (SC), nasceu em 06 de novembro de 1950, filho de Leonardo Steiner e Carlota Arns Steiner.<\/p>\n<p>Dom Leonardo possui mestrado e doutorado em Filosofia, ambos conclu\u00eddos na Pontif\u00edcia Universidade Autonianum, em Roma. \u00c9 formado em diversos cursos de licenciatura como em Filosofia, Letras, Administra\u00e7\u00e3o Escolar, Orienta\u00e7\u00e3o Educacional, Supervis\u00e3o Escolar e Magist\u00e9rio, e bacharel em Pedagogia pela Universidade Sagrado Cora\u00e7\u00e3o (USC).<\/p>\n<p>D. Leonardo foi bispo prelado de S\u00e3o F\u00e9lix (MT), ordenado presb\u00edtero em 1978, em Forquilhinha e bispo em Blumenau (SC). Dom Leonardo estudou Filosofia e Teologia no Instituto Franciscano de Filosofia e Teologia da Prov\u00edncia Franciscana da Imaculada Concei\u00e7\u00e3o, em Petr\u00f3polis (RJ).<\/p>\n<p>Em sua trajet\u00f3ria presbiteral, Dom Leonardo atuou como professor e orientador educacional no col\u00e9gio dos Meninos Cantores de Petr\u00f3polis de 1976 a 1977; mestre dos postulantes, professor e orientador educacional no Semin\u00e1rio Santo Ant\u00f4nio, mestre dos Novi\u00e7os e mestre dos Irm\u00e3os de profiss\u00e3o tempor\u00e1ria, vig\u00e1rio paroquial junto \u00e0s par\u00f3quias de S\u00e3o Benedito, Guaratinguet\u00e1, S\u00e3o Paulo Ap\u00f3stolo, em Agudos, e S\u00e3o Francisco (todas em S\u00e3o Paulo) e Rodeio (SC).<\/p>\n<p>Foi secret\u00e1rio para a Forma\u00e7\u00e3o e Estudos da Prov\u00edncia da Imaculada Concei\u00e7\u00e3o, conselheiro espiritual das equipes de Nossa Senhora. Tamb\u00e9m exerceu o cargo de vig\u00e1rio paroquial da Par\u00f3quia do Senhor Bom Jesus dos Perd\u00f5es, na arquidiocese de Curitiba (PR) e professor na Faculdade de Filosofia S\u00e3o Boaventura, em Curitiba.<\/p>\n<p>Dom Leonardo foi bispo de S\u00e3o F\u00e9lix (MT), de 2005 a 2011; vice-presidente do regional Oeste 2 da CNBB, de 2008 a 2011; membro da Comiss\u00e3o Episcopal Pastoral para os Minist\u00e9rios Ordenados e a Vida Consagrada, de 2008 a 2011; bispo referencial para os Presb\u00edteros, o Conselho Indigenista Mission\u00e1rio (CIMI) e a Juventude, tamb\u00e9m no regional Oeste 2. Em 2011, dom Leonardo Steiner foi eleito secret\u00e1rio geral da CNBB.<\/p>\n<p><strong>ELEI\u00c7\u00d5ES<\/strong><\/p>\n<p>Tamb\u00e9m ser\u00e3o escolhidos os delegados que representar\u00e3o a CNBB junto ao Conselho Episcopal Latino-Americano (Celam) e \u00e0 14 Assembleia Geral do S\u00ednodo dos Bispos, que ocorrer\u00e1 em outubro, no Vaticano.<\/p>\n<p>As elei\u00e7\u00f5es podem prosseguir at\u00e9 o dia 23 de abril e seguem normas espec\u00edficas do Estatuto Can\u00f4nico da CNBB. Podem votar somente os membros efetivos da Confer\u00eancia dos Bispos, ou seja, os bispos diocesanos e coadjutores, bispos auxiliares, bispos titulares que exer\u00e7am um of\u00edcio especial, confiado pela Santa S\u00e9 ou pela CNBB, al\u00e9m dos prelados das Igrejas orientais cat\u00f3licas. De acordo com dados da Confer\u00eancia, do m\u00eas de abril, h\u00e1 313 bispos na ativa, incluindo os cardeais e arcebispos.<\/p>\n<p>Os bispos em\u00e9ritos somam cerca de 140, mas n\u00e3o t\u00eam direito a voto e tamb\u00e9m n\u00e3o podem ser votados para cargos da CNBB, assim como os bispos rec\u00e9m-nomeados que ainda n\u00e3o tomaram posse e que, portanto, ainda n\u00e3o s\u00e3o membros da Confer\u00eancia.<\/p>\n<p>Conforme o Estatuto Can\u00f4nico, o voto \u00e9 secreto e direto. Na contagem dos votos s\u00e3o consideradas as absten\u00e7\u00f5es e votos nulos, a fim de calcular o n\u00famero de votantes, respeitando a maioria exigida. A Assembleia s\u00f3 poder\u00e1 deliberar ou eleger, se estiver presente a maioria absoluta dos membros. Todos os bispos da Confer\u00eancia poder\u00e3o ser votados, exceto os em\u00e9ritos. O mandato tem dura\u00e7\u00e3o de quatro anos, sendo permitida uma \u00fanica reelei\u00e7\u00e3o consecutiva para o mesmo cargo. Ao serem eleitos, os bispos ir\u00e3o exercer os cargos para os quais foram designados, por\u00e9m continuam em suas arqui(dioceses).<\/p>\n<p>A cerim\u00f4nia de posse da nova Presid\u00eancia e dos presidentes das Comiss\u00f5es Episcopais ocorrer\u00e1 na sexta-feira, 24, \u00e0s 10h30, no Centro de Eventos Padre V\u00edtor Coelho.<\/p>\n","protected":false},"excerpt":{"rendered":"<p>CNBB<\/p>\n","protected":false},"author":1,"featured_media":220012,"comment_status":"open","ping_status":"open","sticky":false,"template":"","format":"standard","meta":[],"categories":[1],"tags":[29],"acf":[],"yoast_head":"<!-- This site is optimized with the Yoast SEO plugin v19.2 - https:\/\/yoast.com\/wordpress\/plugins\/seo\/ -->\n<title>Episcopado brasileiro elege novo governo na Assembleia Geral - Not\u00edcias - Franciscanos<\/title>\n<meta name=\"robots\" content=\"index, follow, max-snippet:-1, max-image-preview:large, max-video-preview:-1\" \/>\n<link rel=\"canonical\" href=\"https:\/\/franciscanos.org.br\/noticias\/cnbb-elege-novo-governo.html\" \/>\n<meta property=\"og:locale\" content=\"pt_BR\" \/>\n<meta property=\"og:type\" content=\"article\" \/>\n<meta property=\"og:title\" content=\"Episcopado brasileiro elege novo governo na Assembleia Geral - Not\u00edcias - Franciscanos\" \/>\n<meta property=\"og:description\" content=\"CNBB\" \/>\n<meta property=\"og:url\" content=\"https:\/\/franciscanos.org.br\/noticias\/cnbb-elege-novo-governo.html\" \/>\n<meta property=\"og:site_name\" content=\"Not\u00edcias - Franciscanos\" \/>\n<meta property=\"article:published_time\" content=\"2015-04-20T23:55:58+00:00\" \/>\n<meta property=\"article:modified_time\" content=\"2020-06-24T19:56:38+00:00\" \/>\n<meta property=\"og:image\" content=\"https:\/\/franciscanos.org.br\/noticias\/wp-content\/uploads\/2015\/04\/rocha_1.jpg\" \/>\n\t<meta property=\"og:image:width\" content=\"273\" \/>\n\t<meta property=\"og:image:height\" content=\"181\" \/>\n\t<meta property=\"og:image:type\" content=\"image\/jpeg\" \/>\n<meta name=\"author\" content=\"admin\" \/>\n<meta name=\"twitter:card\" content=\"summary_large_image\" \/>\n<meta name=\"twitter:label1\" content=\"Escrito por\" \/>\n\t<meta name=\"twitter:data1\" content=\"admin\" \/>\n\t<meta name=\"twitter:label2\" content=\"Est. tempo de leitura\" \/>\n\t<meta name=\"twitter:data2\" content=\"7 minutos\" \/>\n<script type=\"application\/ld+json\" class=\"yoast-schema-graph\">{\"@context\":\"https:\/\/schema.org\",\"@graph\":[{\"@type\":\"WebSite\",\"@id\":\"https:\/\/franciscanos.org.br\/noticias\/#website\",\"url\":\"https:\/\/franciscanos.org.br\/noticias\/\",\"name\":\"Not\u00edcias - Franciscanos\",\"description\":\"Prov\u00edncia Franciscana da Imaculada Concei\u00e7\u00e3o do Brasil - Ordem dos Frades Menores - OFM\",\"potentialAction\":[{\"@type\":\"SearchAction\",\"target\":{\"@type\":\"EntryPoint\",\"urlTemplate\":\"https:\/\/franciscanos.org.br\/noticias\/?s={search_term_string}\"},\"query-input\":\"required name=search_term_string\"}],\"inLanguage\":\"pt-BR\"},{\"@type\":\"ImageObject\",\"inLanguage\":\"pt-BR\",\"@id\":\"https:\/\/franciscanos.org.br\/noticias\/cnbb-elege-novo-governo.html#primaryimage\",\"url\":\"https:\/\/franciscanos.org.br\/noticias\/wp-content\/uploads\/2015\/04\/rocha_1.jpg\",\"contentUrl\":\"https:\/\/franciscanos.org.br\/noticias\/wp-content\/uploads\/2015\/04\/rocha_1.jpg\",\"width\":273,\"height\":181},{\"@type\":\"WebPage\",\"@id\":\"https:\/\/franciscanos.org.br\/noticias\/cnbb-elege-novo-governo.html#webpage\",\"url\":\"https:\/\/franciscanos.org.br\/noticias\/cnbb-elege-novo-governo.html\",\"name\":\"Episcopado brasileiro elege novo governo na Assembleia Geral - Not\u00edcias - Franciscanos\",\"isPartOf\":{\"@id\":\"https:\/\/franciscanos.org.br\/noticias\/#website\"},\"primaryImageOfPage\":{\"@id\":\"https:\/\/franciscanos.org.br\/noticias\/cnbb-elege-novo-governo.html#primaryimage\"},\"datePublished\":\"2015-04-20T23:55:58+00:00\",\"dateModified\":\"2020-06-24T19:56:38+00:00\",\"author\":{\"@id\":\"https:\/\/franciscanos.org.br\/noticias\/#\/schema\/person\/b38fbf43118f02820bd932f2e4b14ad3\"},\"breadcrumb\":{\"@id\":\"https:\/\/franciscanos.org.br\/noticias\/cnbb-elege-novo-governo.html#breadcrumb\"},\"inLanguage\":\"pt-BR\",\"potentialAction\":[{\"@type\":\"ReadAction\",\"target\":[\"https:\/\/franciscanos.org.br\/noticias\/cnbb-elege-novo-governo.html\"]}]},{\"@type\":\"BreadcrumbList\",\"@id\":\"https:\/\/franciscanos.org.br\/noticias\/cnbb-elege-novo-governo.html#breadcrumb\",\"itemListElement\":[{\"@type\":\"ListItem\",\"position\":1,\"name\":\"Home\",\"item\":\"https:\/\/franciscanos.org.br\/noticias\"},{\"@type\":\"ListItem\",\"position\":2,\"name\":\"Episcopado brasileiro elege novo governo na Assembleia Geral\"}]},{\"@type\":\"Person\",\"@id\":\"https:\/\/franciscanos.org.br\/noticias\/#\/schema\/person\/b38fbf43118f02820bd932f2e4b14ad3\",\"name\":\"admin\",\"image\":{\"@type\":\"ImageObject\",\"inLanguage\":\"pt-BR\",\"@id\":\"https:\/\/franciscanos.org.br\/noticias\/#\/schema\/person\/image\/\",\"url\":\"https:\/\/secure.gravatar.com\/avatar\/e8495742d34d0ba6448ea1c628263b3e?s=96&d=mm&r=g\",\"contentUrl\":\"https:\/\/secure.gravatar.com\/avatar\/e8495742d34d0ba6448ea1c628263b3e?s=96&d=mm&r=g\",\"caption\":\"admin\"},\"url\":\"https:\/\/franciscanos.org.br\/noticias\/author\/admin\"}]}<\/script>\n<!-- \/ Yoast SEO plugin. -->","yoast_head_json":{"title":"Episcopado brasileiro elege novo governo na Assembleia Geral - Not\u00edcias - Franciscanos","robots":{"index":"index","follow":"follow","max-snippet":"max-snippet:-1","max-image-preview":"max-image-preview:large","max-video-preview":"max-video-preview:-1"},"canonical":"https:\/\/franciscanos.org.br\/noticias\/cnbb-elege-novo-governo.html","og_locale":"pt_BR","og_type":"article","og_title":"Episcopado brasileiro elege novo governo na Assembleia Geral - Not\u00edcias - Franciscanos","og_description":"CNBB","og_url":"https:\/\/franciscanos.org.br\/noticias\/cnbb-elege-novo-governo.html","og_site_name":"Not\u00edcias - Franciscanos","article_published_time":"2015-04-20T23:55:58+00:00","article_modified_time":"2020-06-24T19:56:38+00:00","og_image":[{"width":273,"height":181,"url":"https:\/\/franciscanos.org.br\/noticias\/wp-content\/uploads\/2015\/04\/rocha_1.jpg","type":"image\/jpeg"}],"author":"admin","twitter_card":"summary_large_image","twitter_misc":{"Escrito por":"admin","Est. tempo de leitura":"7 minutos"},"schema":{"@context":"https:\/\/schema.org","@graph":[{"@type":"WebSite","@id":"https:\/\/franciscanos.org.br\/noticias\/#website","url":"https:\/\/franciscanos.org.br\/noticias\/","name":"Not\u00edcias - Franciscanos","description":"Prov\u00edncia Franciscana da Imaculada Concei\u00e7\u00e3o do Brasil - Ordem dos Frades Menores - OFM","potentialAction":[{"@type":"SearchAction","target":{"@type":"EntryPoint","urlTemplate":"https:\/\/franciscanos.org.br\/noticias\/?s={search_term_string}"},"query-input":"required name=search_term_string"}],"inLanguage":"pt-BR"},{"@type":"ImageObject","inLanguage":"pt-BR","@id":"https:\/\/franciscanos.org.br\/noticias\/cnbb-elege-novo-governo.html#primaryimage","url":"https:\/\/franciscanos.org.br\/noticias\/wp-content\/uploads\/2015\/04\/rocha_1.jpg","contentUrl":"https:\/\/franciscanos.org.br\/noticias\/wp-content\/uploads\/2015\/04\/rocha_1.jpg","width":273,"height":181},{"@type":"WebPage","@id":"https:\/\/franciscanos.org.br\/noticias\/cnbb-elege-novo-governo.html#webpage","url":"https:\/\/franciscanos.org.br\/noticias\/cnbb-elege-novo-governo.html","name":"Episcopado brasileiro elege novo governo na Assembleia Geral - Not\u00edcias - Franciscanos","isPartOf":{"@id":"https:\/\/franciscanos.org.br\/noticias\/#website"},"primaryImageOfPage":{"@id":"https:\/\/franciscanos.org.br\/noticias\/cnbb-elege-novo-governo.html#primaryimage"},"datePublished":"2015-04-20T23:55:58+00:00","dateModified":"2020-06-24T19:56:38+00:00","author":{"@id":"https:\/\/franciscanos.org.br\/noticias\/#\/schema\/person\/b38fbf43118f02820bd932f2e4b14ad3"},"breadcrumb":{"@id":"https:\/\/franciscanos.org.br\/noticias\/cnbb-elege-novo-governo.html#breadcrumb"},"inLanguage":"pt-BR","potentialAction":[{"@type":"ReadAction","target":["https:\/\/franciscanos.org.br\/noticias\/cnbb-elege-novo-governo.html"]}]},{"@type":"BreadcrumbList","@id":"https:\/\/franciscanos.org.br\/noticias\/cnbb-elege-novo-governo.html#breadcrumb","itemListElement":[{"@type":"ListItem","position":1,"name":"Home","item":"https:\/\/franciscanos.org.br\/noticias"},{"@type":"ListItem","position":2,"name":"Episcopado brasileiro elege novo governo na Assembleia Geral"}]},{"@type":"Person","@id":"https:\/\/franciscanos.org.br\/noticias\/#\/schema\/person\/b38fbf43118f02820bd932f2e4b14ad3","name":"admin","image":{"@type":"ImageObject","inLanguage":"pt-BR","@id":"https:\/\/franciscanos.org.br\/noticias\/#\/schema\/person\/image\/","url":"https:\/\/secure.gravatar.com\/avatar\/e8495742d34d0ba6448ea1c628263b3e?s=96&d=mm&r=g","contentUrl":"https:\/\/secure.gravatar.com\/avatar\/e8495742d34d0ba6448ea1c628263b3e?s=96&d=mm&r=g","caption":"admin"},"url":"https:\/\/franciscanos.org.br\/noticias\/author\/admin"}]}},"_links":{"self":[{"href":"https:\/\/franciscanos.org.br\/noticias\/wp-json\/wp\/v2\/posts\/83904"}],"collection":[{"href":"https:\/\/franciscanos.org.br\/noticias\/wp-json\/wp\/v2\/posts"}],"about":[{"href":"https:\/\/franciscanos.org.br\/noticias\/wp-json\/wp\/v2\/types\/post"}],"author":[{"embeddable":true,"href":"https:\/\/franciscanos.org.br\/noticias\/wp-json\/wp\/v2\/users\/1"}],"replies":[{"embeddable":true,"href":"https:\/\/franciscanos.org.br\/noticias\/wp-json\/wp\/v2\/comments?post=83904"}],"version-history":[{"count":1,"href":"https:\/\/franciscanos.org.br\/noticias\/wp-json\/wp\/v2\/posts\/83904\/revisions"}],"predecessor-version":[{"id":226711,"href":"https:\/\/franciscanos.org.br\/noticias\/wp-json\/wp\/v2\/posts\/83904\/revisions\/226711"}],"wp:featuredmedia":[{"embeddable":true,"href":"https:\/\/franciscanos.org.br\/noticias\/wp-json\/wp\/v2\/media\/220012"}],"wp:attachment":[{"href":"https:\/\/franciscanos.org.br\/noticias\/wp-json\/wp\/v2\/media?parent=83904"}],"wp:term":[{"taxonomy":"category","embeddable":true,"href":"https:\/\/franciscanos.org.br\/noticias\/wp-json\/wp\/v2\/categories?post=83904"},{"taxonomy":"post_tag","embeddable":true,"href":"https:\/\/franciscanos.org.br\/noticias\/wp-json\/wp\/v2\/tags?post=83904"}],"curies":[{"name":"wp","href":"https:\/\/api.w.org\/{rel}","templated":true}]}}