{"id":83880,"date":"2015-04-19T16:10:20","date_gmt":"2015-04-19T19:10:20","guid":{"rendered":"http:\/\/franciscanos.org.br\/?p=83880"},"modified":"2020-06-10T15:39:11","modified_gmt":"2020-06-10T18:39:11","slug":"papa-eram-pessoas-que-almejavam-a-felicidade","status":"publish","type":"post","link":"https:\/\/franciscanos.org.br\/noticias\/papa-eram-pessoas-que-almejavam-a-felicidade.html","title":{"rendered":"Papa: &#8220;Eram pessoas que almejavam a felicidade\u201d"},"content":{"rendered":"<p><img loading=\"lazy\" src=\"http:\/\/franciscanos.org.br\/wp-content\/uploads\/2015\/04\/lampedusa_alto.jpg\" alt=\"lampedusa_alto\" width=\"820\" height=\"374\" \/><\/p>\n<p><strong>Cidade do Vaticano<\/strong> \u2013 A ora\u00e7\u00e3o do <em>Regina Coeli<\/em> deste domingo, 19 de abril, foi fortemente caracterizada pela express\u00e3o de tristeza do Pont\u00edfice ao mencionar o naufr\u00e1gio ocorrido no Mar Mediterr\u00e2neo na noite passada.<\/p>\n<p>Francisco fez um novo apelo \u00e0 comunidade internacional para que \u201catue com decis\u00e3o e prontid\u00e3o\u201d e evite mais trag\u00e9dias como esta, em que cerca de 700 pessoas desapareceram quando o barco em que viajavam rumo \u00e0 It\u00e1lia virou, em \u00e1guas l\u00edbias.<\/p>\n<p>O Papa recordou aos fi\u00e9is na Pra\u00e7a S\u00e3o Pedro que os imigrantes mortos \u201ceram homens e mulheres como n\u00f3s, irm\u00e3os que buscam uma vida melhor; famintos, perseguidos, feridos, explorados, v\u00edtimas de guerras, pessoas que almejavam a felicidade\u201d.<\/p>\n<p>Francisco convidou todos a \u201crezar, primeiro em sil\u00eancio, e depois todos juntos, por estes irm\u00e3os e irm\u00e3s desaparecidos nas \u00e1guas do Canal da Sic\u00edlia.<\/p>\n<p>\u201cExpresso minha profunda dor por uma trag\u00e9dia como esta e asseguro aos desaparecidos e \u00e0s suas fam\u00edlias que me recordarei de rezar por eles\u201d, disse o Papa, entristecido.<\/p>\n<p><strong>Dados oficiais<\/strong><br \/>\nQuarta-feira, 400 pessoas se afogaram num incidente semelhante, perto da costa da L\u00edbia, pa\u00eds que por sua proximidade geogr\u00e1fica com a It\u00e1lia \u00e9 um dos principais pontos de partida de embarca\u00e7\u00f5es com imigrantes em busca de asilo. A maioria dos imigrantes vem de pa\u00edses africanos e de regi\u00f5es de conflito no Oriente M\u00e9dio, como a S\u00edria.<\/p>\n<p>N\u00fameros divulgados pelas Na\u00e7\u00f5es Unidas indicam que em menos de uma semana, mais de 10 mil imigrantes desembarcaram na costa italiana, a maioria na ilha da Sic\u00edlia. E pelo menos mil j\u00e1 morreram em incidentes este ano, um n\u00famero 20 vezes maior que nos primeiros quatro meses de 2014.<br \/>\nO Papa Francisco fez s\u00e1bado, 18, em encontro com o Presidente da Rep\u00fablica italiana, Sergio Mattarella, um chamado \u00e0 comunidade internacional para um \u201cenvolvimento mais amplo neste drama\u201d.<\/p>\n<p>No ano passado, 170 mil pessoas fizeram a arriscada travessia para a It\u00e1lia, que partindo da L\u00edbia tem cerca de 500 km. A maioria dos imigrantes vem de pa\u00edses africanos e de regi\u00f5es de conflito no Oriente M\u00e9dio, como a S\u00edria.<\/p>\n<p><strong>Trag\u00e9dia de grandes propor\u00e7\u00f5es<\/strong><br \/>\nA porta-voz do Acnur, Comissariado das Na\u00e7\u00f5es Unidas para Refugiados, Carlotta Sami, disse \u00e0 m\u00eddia italiana que a ag\u00eancia estava se preparando &#8220;para uma trag\u00e9dia de grandes propor\u00e7\u00f5es&#8221;.<br \/>\nSegundo informa\u00e7\u00f5es da Guarda Costeira, 20 navios e tr\u00eas helic\u00f3pteros est\u00e3o envolvidos nas buscas.<\/p>\n<p>Pelo menos 24 corpos foram encontrados dos cerca de 700 imigrantes desaparecidos neste domingo (19) ap\u00f3s o naufr\u00e1gio de um pesqueiro ao sul da ilha italiana de Lampedusa, no mar Mediterr\u00e2neo informou a Guarda Costeira italiana. Apenas 28 pessoas foram resgatadas com vida at\u00e9 o momento.<\/p>\n<p>Um dos sobreviventes disse que cerca de 700 pessoas viajavam no barco, que se acidentou a cerca de 70 milhas da costa da L\u00edbia, durante travessia rumo \u00e0 It\u00e1lia. Embora ainda n\u00e3o esteja confirmado que a embarca\u00e7\u00e3o levava este n\u00famero de pessoas a bordo, a Guarda Costeira disse em um comunicado que o navio de 20 metros de comprimento, tinha &#8220;capacidade para transportar v\u00e1rias centenas de pessoas&#8221;.<\/p>\n<p>O naufr\u00e1gio ocorreu durante a noite, segundo o depoimento de um dos 28 imigrantes salvos, informou a porta-voz do Alto Comissariado das Na\u00e7\u00f5es Unidas (ACNUR) na It\u00e1lia, Carlotta Sami.<\/p>\n<p>O sobrevivente contou que o pesqueiro enviou uma mensagem de socorro para a Guarda Costeira durante a noite.<\/p>\n<p>Diante da impossibilidade de chegar a tempo ao local, o Centro Nacional de Socorro da Guarda Costeira pediu ao barco portugu\u00eas &#8220;King Jacob&#8221;, que navegava perto da zona, que desviasse sua rota em dire\u00e7\u00e3o ao pesqueiro. Quando a embarca\u00e7\u00e3o portuguesa se aproximou do pesqueiro, os imigrantes se &#8220;posicionaram todos no mesmo lugar do barco e provocaram seu naufr\u00e1gio&#8221;.<\/p>\n<p>O barco portugu\u00eas iniciou ent\u00e3o o resgate, enquanto se dirigiam para o local unidades da Guarda Costeira italiana e da Marinha de Malta, pois o acidente ocorreu perto da ilha.<\/p>\n<p>Diante desta nova trag\u00e9dia, a Uni\u00e3o Europeia anunciou que iria realizar uma reuni\u00e3o de emerg\u00eancia com seus ministros do Interior e das Rela\u00e7\u00f5es Exteriores, mas n\u00e3o especificou qualquer data espec\u00edfica.<\/p>\n<p>As autoridades agora temem um aumento de travessias, porque nos meses de primavera e ver\u00e3o as condi\u00e7\u00f5es de navega\u00e7\u00e3o no Mediterr\u00e2neo melhoram.<\/p>\n<p>&#8220;\u00d3DIO RELIGIOSO&#8221;<\/p>\n<p>Muitos dos imigrantes fogem da viol\u00eancia de grupos extremistas. O grupo Estado Isl\u00e2mico (EI) publicou neste domingo, 19 de abril, um v\u00eddeo mostrando cerca de trinta homens, supostamente crist\u00e3os et\u00edopes, sendo executados por jihadistas na L\u00edbia. O v\u00eddeo, de 29 minutos, postado em sites jihadistas, mostra um grupo de pelo menos 16 homens decapitados em uma praia e um outro grupo de 12 pessoas baleadas \u00e0 morte em uma \u00e1rea de deserto. Eles s\u00e3o identificados como membros da &#8220;Igreja et\u00edope inimiga&#8221;, por serem crist\u00e3os.<\/p>\n<hr \/>\n<p><em>Fonte: R\u00e1dio Vaticano<\/em><\/p>\n","protected":false},"excerpt":{"rendered":"<p>Regina Coeli<\/p>\n","protected":false},"author":1,"featured_media":0,"comment_status":"open","ping_status":"open","sticky":false,"template":"","format":"standard","meta":[],"categories":[1428],"tags":[564],"acf":[],"yoast_head":"<!-- This site is optimized with the Yoast SEO plugin v19.2 - https:\/\/yoast.com\/wordpress\/plugins\/seo\/ -->\n<title>Papa: &quot;Eram pessoas que almejavam a felicidade\u201d - Not\u00edcias - Franciscanos<\/title>\n<meta name=\"robots\" content=\"index, follow, max-snippet:-1, max-image-preview:large, max-video-preview:-1\" \/>\n<link rel=\"canonical\" href=\"https:\/\/franciscanos.org.br\/noticias\/papa-eram-pessoas-que-almejavam-a-felicidade.html\" \/>\n<meta property=\"og:locale\" content=\"pt_BR\" \/>\n<meta property=\"og:type\" content=\"article\" \/>\n<meta property=\"og:title\" content=\"Papa: &quot;Eram pessoas que almejavam a felicidade\u201d - Not\u00edcias - Franciscanos\" \/>\n<meta property=\"og:description\" content=\"Regina Coeli\" \/>\n<meta property=\"og:url\" content=\"https:\/\/franciscanos.org.br\/noticias\/papa-eram-pessoas-que-almejavam-a-felicidade.html\" \/>\n<meta property=\"og:site_name\" content=\"Not\u00edcias - Franciscanos\" \/>\n<meta property=\"article:published_time\" content=\"2015-04-19T19:10:20+00:00\" \/>\n<meta property=\"article:modified_time\" content=\"2020-06-10T18:39:11+00:00\" \/>\n<meta property=\"og:image\" content=\"http:\/\/franciscanos.org.br\/wp-content\/uploads\/2015\/04\/lampedusa_alto.jpg\" \/>\n<meta name=\"author\" content=\"admin\" \/>\n<meta name=\"twitter:card\" content=\"summary_large_image\" \/>\n<meta name=\"twitter:label1\" content=\"Escrito por\" \/>\n\t<meta name=\"twitter:data1\" content=\"admin\" \/>\n\t<meta name=\"twitter:label2\" content=\"Est. tempo de leitura\" \/>\n\t<meta name=\"twitter:data2\" content=\"4 minutos\" \/>\n<script type=\"application\/ld+json\" class=\"yoast-schema-graph\">{\"@context\":\"https:\/\/schema.org\",\"@graph\":[{\"@type\":\"WebSite\",\"@id\":\"https:\/\/franciscanos.org.br\/noticias\/#website\",\"url\":\"https:\/\/franciscanos.org.br\/noticias\/\",\"name\":\"Not\u00edcias - Franciscanos\",\"description\":\"Prov\u00edncia Franciscana da Imaculada Concei\u00e7\u00e3o do Brasil - Ordem dos Frades Menores - OFM\",\"potentialAction\":[{\"@type\":\"SearchAction\",\"target\":{\"@type\":\"EntryPoint\",\"urlTemplate\":\"https:\/\/franciscanos.org.br\/noticias\/?s={search_term_string}\"},\"query-input\":\"required name=search_term_string\"}],\"inLanguage\":\"pt-BR\"},{\"@type\":\"ImageObject\",\"inLanguage\":\"pt-BR\",\"@id\":\"https:\/\/franciscanos.org.br\/noticias\/papa-eram-pessoas-que-almejavam-a-felicidade.html#primaryimage\",\"url\":\"http:\/\/franciscanos.org.br\/wp-content\/uploads\/2015\/04\/lampedusa_alto.jpg\",\"contentUrl\":\"http:\/\/franciscanos.org.br\/wp-content\/uploads\/2015\/04\/lampedusa_alto.jpg\"},{\"@type\":\"WebPage\",\"@id\":\"https:\/\/franciscanos.org.br\/noticias\/papa-eram-pessoas-que-almejavam-a-felicidade.html#webpage\",\"url\":\"https:\/\/franciscanos.org.br\/noticias\/papa-eram-pessoas-que-almejavam-a-felicidade.html\",\"name\":\"Papa: \\\"Eram pessoas que almejavam a felicidade\u201d - Not\u00edcias - Franciscanos\",\"isPartOf\":{\"@id\":\"https:\/\/franciscanos.org.br\/noticias\/#website\"},\"primaryImageOfPage\":{\"@id\":\"https:\/\/franciscanos.org.br\/noticias\/papa-eram-pessoas-que-almejavam-a-felicidade.html#primaryimage\"},\"datePublished\":\"2015-04-19T19:10:20+00:00\",\"dateModified\":\"2020-06-10T18:39:11+00:00\",\"author\":{\"@id\":\"https:\/\/franciscanos.org.br\/noticias\/#\/schema\/person\/b38fbf43118f02820bd932f2e4b14ad3\"},\"breadcrumb\":{\"@id\":\"https:\/\/franciscanos.org.br\/noticias\/papa-eram-pessoas-que-almejavam-a-felicidade.html#breadcrumb\"},\"inLanguage\":\"pt-BR\",\"potentialAction\":[{\"@type\":\"ReadAction\",\"target\":[\"https:\/\/franciscanos.org.br\/noticias\/papa-eram-pessoas-que-almejavam-a-felicidade.html\"]}]},{\"@type\":\"BreadcrumbList\",\"@id\":\"https:\/\/franciscanos.org.br\/noticias\/papa-eram-pessoas-que-almejavam-a-felicidade.html#breadcrumb\",\"itemListElement\":[{\"@type\":\"ListItem\",\"position\":1,\"name\":\"Home\",\"item\":\"https:\/\/franciscanos.org.br\/noticias\"},{\"@type\":\"ListItem\",\"position\":2,\"name\":\"Papa: &#8220;Eram pessoas que almejavam a felicidade\u201d\"}]},{\"@type\":\"Person\",\"@id\":\"https:\/\/franciscanos.org.br\/noticias\/#\/schema\/person\/b38fbf43118f02820bd932f2e4b14ad3\",\"name\":\"admin\",\"image\":{\"@type\":\"ImageObject\",\"inLanguage\":\"pt-BR\",\"@id\":\"https:\/\/franciscanos.org.br\/noticias\/#\/schema\/person\/image\/\",\"url\":\"https:\/\/secure.gravatar.com\/avatar\/e8495742d34d0ba6448ea1c628263b3e?s=96&d=mm&r=g\",\"contentUrl\":\"https:\/\/secure.gravatar.com\/avatar\/e8495742d34d0ba6448ea1c628263b3e?s=96&d=mm&r=g\",\"caption\":\"admin\"},\"url\":\"https:\/\/franciscanos.org.br\/noticias\/author\/admin\"}]}<\/script>\n<!-- \/ Yoast SEO plugin. -->","yoast_head_json":{"title":"Papa: \"Eram pessoas que almejavam a felicidade\u201d - Not\u00edcias - Franciscanos","robots":{"index":"index","follow":"follow","max-snippet":"max-snippet:-1","max-image-preview":"max-image-preview:large","max-video-preview":"max-video-preview:-1"},"canonical":"https:\/\/franciscanos.org.br\/noticias\/papa-eram-pessoas-que-almejavam-a-felicidade.html","og_locale":"pt_BR","og_type":"article","og_title":"Papa: \"Eram pessoas que almejavam a felicidade\u201d - Not\u00edcias - Franciscanos","og_description":"Regina Coeli","og_url":"https:\/\/franciscanos.org.br\/noticias\/papa-eram-pessoas-que-almejavam-a-felicidade.html","og_site_name":"Not\u00edcias - Franciscanos","article_published_time":"2015-04-19T19:10:20+00:00","article_modified_time":"2020-06-10T18:39:11+00:00","og_image":[{"url":"http:\/\/franciscanos.org.br\/wp-content\/uploads\/2015\/04\/lampedusa_alto.jpg"}],"author":"admin","twitter_card":"summary_large_image","twitter_misc":{"Escrito por":"admin","Est. tempo de leitura":"4 minutos"},"schema":{"@context":"https:\/\/schema.org","@graph":[{"@type":"WebSite","@id":"https:\/\/franciscanos.org.br\/noticias\/#website","url":"https:\/\/franciscanos.org.br\/noticias\/","name":"Not\u00edcias - Franciscanos","description":"Prov\u00edncia Franciscana da Imaculada Concei\u00e7\u00e3o do Brasil - Ordem dos Frades Menores - OFM","potentialAction":[{"@type":"SearchAction","target":{"@type":"EntryPoint","urlTemplate":"https:\/\/franciscanos.org.br\/noticias\/?s={search_term_string}"},"query-input":"required name=search_term_string"}],"inLanguage":"pt-BR"},{"@type":"ImageObject","inLanguage":"pt-BR","@id":"https:\/\/franciscanos.org.br\/noticias\/papa-eram-pessoas-que-almejavam-a-felicidade.html#primaryimage","url":"http:\/\/franciscanos.org.br\/wp-content\/uploads\/2015\/04\/lampedusa_alto.jpg","contentUrl":"http:\/\/franciscanos.org.br\/wp-content\/uploads\/2015\/04\/lampedusa_alto.jpg"},{"@type":"WebPage","@id":"https:\/\/franciscanos.org.br\/noticias\/papa-eram-pessoas-que-almejavam-a-felicidade.html#webpage","url":"https:\/\/franciscanos.org.br\/noticias\/papa-eram-pessoas-que-almejavam-a-felicidade.html","name":"Papa: \"Eram pessoas que almejavam a felicidade\u201d - Not\u00edcias - Franciscanos","isPartOf":{"@id":"https:\/\/franciscanos.org.br\/noticias\/#website"},"primaryImageOfPage":{"@id":"https:\/\/franciscanos.org.br\/noticias\/papa-eram-pessoas-que-almejavam-a-felicidade.html#primaryimage"},"datePublished":"2015-04-19T19:10:20+00:00","dateModified":"2020-06-10T18:39:11+00:00","author":{"@id":"https:\/\/franciscanos.org.br\/noticias\/#\/schema\/person\/b38fbf43118f02820bd932f2e4b14ad3"},"breadcrumb":{"@id":"https:\/\/franciscanos.org.br\/noticias\/papa-eram-pessoas-que-almejavam-a-felicidade.html#breadcrumb"},"inLanguage":"pt-BR","potentialAction":[{"@type":"ReadAction","target":["https:\/\/franciscanos.org.br\/noticias\/papa-eram-pessoas-que-almejavam-a-felicidade.html"]}]},{"@type":"BreadcrumbList","@id":"https:\/\/franciscanos.org.br\/noticias\/papa-eram-pessoas-que-almejavam-a-felicidade.html#breadcrumb","itemListElement":[{"@type":"ListItem","position":1,"name":"Home","item":"https:\/\/franciscanos.org.br\/noticias"},{"@type":"ListItem","position":2,"name":"Papa: &#8220;Eram pessoas que almejavam a felicidade\u201d"}]},{"@type":"Person","@id":"https:\/\/franciscanos.org.br\/noticias\/#\/schema\/person\/b38fbf43118f02820bd932f2e4b14ad3","name":"admin","image":{"@type":"ImageObject","inLanguage":"pt-BR","@id":"https:\/\/franciscanos.org.br\/noticias\/#\/schema\/person\/image\/","url":"https:\/\/secure.gravatar.com\/avatar\/e8495742d34d0ba6448ea1c628263b3e?s=96&d=mm&r=g","contentUrl":"https:\/\/secure.gravatar.com\/avatar\/e8495742d34d0ba6448ea1c628263b3e?s=96&d=mm&r=g","caption":"admin"},"url":"https:\/\/franciscanos.org.br\/noticias\/author\/admin"}]}},"_links":{"self":[{"href":"https:\/\/franciscanos.org.br\/noticias\/wp-json\/wp\/v2\/posts\/83880"}],"collection":[{"href":"https:\/\/franciscanos.org.br\/noticias\/wp-json\/wp\/v2\/posts"}],"about":[{"href":"https:\/\/franciscanos.org.br\/noticias\/wp-json\/wp\/v2\/types\/post"}],"author":[{"embeddable":true,"href":"https:\/\/franciscanos.org.br\/noticias\/wp-json\/wp\/v2\/users\/1"}],"replies":[{"embeddable":true,"href":"https:\/\/franciscanos.org.br\/noticias\/wp-json\/wp\/v2\/comments?post=83880"}],"version-history":[{"count":2,"href":"https:\/\/franciscanos.org.br\/noticias\/wp-json\/wp\/v2\/posts\/83880\/revisions"}],"predecessor-version":[{"id":226070,"href":"https:\/\/franciscanos.org.br\/noticias\/wp-json\/wp\/v2\/posts\/83880\/revisions\/226070"}],"wp:attachment":[{"href":"https:\/\/franciscanos.org.br\/noticias\/wp-json\/wp\/v2\/media?parent=83880"}],"wp:term":[{"taxonomy":"category","embeddable":true,"href":"https:\/\/franciscanos.org.br\/noticias\/wp-json\/wp\/v2\/categories?post=83880"},{"taxonomy":"post_tag","embeddable":true,"href":"https:\/\/franciscanos.org.br\/noticias\/wp-json\/wp\/v2\/tags?post=83880"}],"curies":[{"name":"wp","href":"https:\/\/api.w.org\/{rel}","templated":true}]}}