{"id":83787,"date":"2015-04-16T13:00:14","date_gmt":"2015-04-16T16:00:14","guid":{"rendered":"http:\/\/franciscanos.org.br\/?p=83787"},"modified":"2019-07-02T14:00:31","modified_gmt":"2019-07-02T17:00:31","slug":"passamos-da-morte-para-uma-vida-nova","status":"publish","type":"post","link":"https:\/\/franciscanos.org.br\/noticias\/passamos-da-morte-para-uma-vida-nova.html","title":{"rendered":"\u201cPassamos da morte para uma vida nova\u201d"},"content":{"rendered":"<p><img loading=\"lazy\" class=\"size-full wp-image-196728 aligncenter\" src=\"https:\/\/franciscanos.org.br\/noticias\/wp-content\/uploads\/2015\/04\/liturgia-domingo820.jpg\" alt=\"\" width=\"820\" height=\"464\" srcset=\"https:\/\/franciscanos.org.br\/noticias\/wp-content\/uploads\/2015\/04\/liturgia-domingo820.jpg 820w, https:\/\/franciscanos.org.br\/noticias\/wp-content\/uploads\/2015\/04\/liturgia-domingo820-450x255.jpg 450w, https:\/\/franciscanos.org.br\/noticias\/wp-content\/uploads\/2015\/04\/liturgia-domingo820-768x435.jpg 768w, https:\/\/franciscanos.org.br\/noticias\/wp-content\/uploads\/2015\/04\/liturgia-domingo820-150x85.jpg 150w\" sizes=\"(max-width: 820px) 100vw, 820px\" \/><\/p>\n<p><strong>Frei Alvaci Mendes da Luz<\/strong><\/p>\n<p>Mais uma semana se passou e continuamos proclamando aos quatro cantos da terra que o Senhor ressuscitou verdadeiramente. Que n\u00e3o h\u00e1 vit\u00f3ria da morte sobre a vida, pelo contr\u00e1rio \u00e9 sempre a vida que vence&#8230; Esta certeza foi o que moveu os disc\u00edpulos e seguidores de Jesus, fazendo com que eles se tornassem os grandes divulgadores desta boa nova.<\/p>\n<p>O evangelho deste fim de semana nos apresenta Jesus, que mais uma vez aparece aos seus. As narrativas evang\u00e9licas p\u00f3s-domingo de P\u00e1scoa insistem na ressurrei\u00e7\u00e3o como fato real, concreto, objetivo.<\/p>\n<p>O Senhor ressuscitou verdadeiramente. Este \u00e9 o centro do an\u00fancio crist\u00e3o; aqui est\u00e1 o centro da hist\u00f3ria da salva\u00e7\u00e3o; \u00e9 o que celebramos toda vez que nos reunimos para fazer mem\u00f3ria da morte e ressurrei\u00e7\u00e3o de Jesus. Quando dizemos que Jesus ressuscitou, n\u00e3o estamos dizendo que ele voltou a viver a vida biol\u00f3gica que vivera antes da morte na cruz; nem que sobreviveu \u00e0 morte por estar dotado de uma alma imortal; nem que foi recriado do nada pela onipot\u00eancia divina.<\/p>\n<p>Aquele que ressuscitou \u00e9 aquele mesmo que morreu na cruz; aquele que morreu na cruz, foi descido dela e colocado num t\u00famulo, ressuscitou verdadeiramente.<\/p>\n<p>Hoje n\u00f3s o encontramos em sua palavra proclamada e anunciada, na assembleia reunida para celebrar sua mem\u00f3ria, no mist\u00e9rio do p\u00e3o e do vinho consagrados; nos famintos, doentes, pobres e exclu\u00eddos.<\/p>\n<p>A todos ele continua a repetir a frase inicial do encontro com os disc\u00edpulos: \u201cA paz esteja convosco!\u201d E mais: em todos aqueles que s\u00e3o seu rosto no mundo de hoje, repete a mesma frase usada com autoridade para aqueles que hesitavam em acreditar: \u201cToquem em mim e vejam, sou eu mesmo!\u201d.<\/p>\n<p>\u00c9 ele mesmo que continua a caminhar conosco, do nosso lado, em nossas vidas&#8230;<\/p>\n","protected":false},"excerpt":{"rendered":"<p>Liturgia Dominical<\/p>\n","protected":false},"author":1,"featured_media":207131,"comment_status":"open","ping_status":"open","sticky":false,"template":"","format":"standard","meta":[],"categories":[1],"tags":[537],"acf":[],"yoast_head":"<!-- This site is optimized with the Yoast SEO plugin v19.2 - https:\/\/yoast.com\/wordpress\/plugins\/seo\/ -->\n<title>\u201cPassamos da morte para uma vida nova\u201d - Not\u00edcias - Franciscanos<\/title>\n<meta name=\"robots\" content=\"index, follow, max-snippet:-1, max-image-preview:large, max-video-preview:-1\" \/>\n<link rel=\"canonical\" href=\"https:\/\/franciscanos.org.br\/noticias\/passamos-da-morte-para-uma-vida-nova.html\" \/>\n<meta property=\"og:locale\" content=\"pt_BR\" \/>\n<meta property=\"og:type\" content=\"article\" \/>\n<meta property=\"og:title\" content=\"\u201cPassamos da morte para uma vida nova\u201d - Not\u00edcias - Franciscanos\" \/>\n<meta property=\"og:description\" content=\"Liturgia Dominical\" \/>\n<meta property=\"og:url\" content=\"https:\/\/franciscanos.org.br\/noticias\/passamos-da-morte-para-uma-vida-nova.html\" \/>\n<meta property=\"og:site_name\" content=\"Not\u00edcias - Franciscanos\" \/>\n<meta property=\"article:published_time\" content=\"2015-04-16T16:00:14+00:00\" \/>\n<meta property=\"article:modified_time\" content=\"2019-07-02T17:00:31+00:00\" \/>\n<meta property=\"og:image\" content=\"https:\/\/franciscanos.org.br\/noticias\/wp-content\/uploads\/2015\/04\/liturgia-domingo820-1.jpg\" \/>\n\t<meta property=\"og:image:width\" content=\"273\" \/>\n\t<meta property=\"og:image:height\" content=\"181\" \/>\n\t<meta property=\"og:image:type\" content=\"image\/jpeg\" \/>\n<meta name=\"author\" content=\"admin\" \/>\n<meta name=\"twitter:card\" content=\"summary_large_image\" \/>\n<meta name=\"twitter:label1\" content=\"Escrito por\" \/>\n\t<meta name=\"twitter:data1\" content=\"admin\" \/>\n\t<meta name=\"twitter:label2\" content=\"Est. tempo de leitura\" \/>\n\t<meta name=\"twitter:data2\" content=\"2 minutos\" \/>\n<script type=\"application\/ld+json\" class=\"yoast-schema-graph\">{\"@context\":\"https:\/\/schema.org\",\"@graph\":[{\"@type\":\"WebSite\",\"@id\":\"https:\/\/franciscanos.org.br\/noticias\/#website\",\"url\":\"https:\/\/franciscanos.org.br\/noticias\/\",\"name\":\"Not\u00edcias - Franciscanos\",\"description\":\"Prov\u00edncia Franciscana da Imaculada Concei\u00e7\u00e3o do Brasil - Ordem dos Frades Menores - OFM\",\"potentialAction\":[{\"@type\":\"SearchAction\",\"target\":{\"@type\":\"EntryPoint\",\"urlTemplate\":\"https:\/\/franciscanos.org.br\/noticias\/?s={search_term_string}\"},\"query-input\":\"required name=search_term_string\"}],\"inLanguage\":\"pt-BR\"},{\"@type\":\"ImageObject\",\"inLanguage\":\"pt-BR\",\"@id\":\"https:\/\/franciscanos.org.br\/noticias\/passamos-da-morte-para-uma-vida-nova.html#primaryimage\",\"url\":\"https:\/\/franciscanos.org.br\/noticias\/wp-content\/uploads\/2015\/04\/liturgia-domingo820-1.jpg\",\"contentUrl\":\"https:\/\/franciscanos.org.br\/noticias\/wp-content\/uploads\/2015\/04\/liturgia-domingo820-1.jpg\",\"width\":273,\"height\":181},{\"@type\":\"WebPage\",\"@id\":\"https:\/\/franciscanos.org.br\/noticias\/passamos-da-morte-para-uma-vida-nova.html#webpage\",\"url\":\"https:\/\/franciscanos.org.br\/noticias\/passamos-da-morte-para-uma-vida-nova.html\",\"name\":\"\u201cPassamos da morte para uma vida nova\u201d - Not\u00edcias - Franciscanos\",\"isPartOf\":{\"@id\":\"https:\/\/franciscanos.org.br\/noticias\/#website\"},\"primaryImageOfPage\":{\"@id\":\"https:\/\/franciscanos.org.br\/noticias\/passamos-da-morte-para-uma-vida-nova.html#primaryimage\"},\"datePublished\":\"2015-04-16T16:00:14+00:00\",\"dateModified\":\"2019-07-02T17:00:31+00:00\",\"author\":{\"@id\":\"https:\/\/franciscanos.org.br\/noticias\/#\/schema\/person\/b38fbf43118f02820bd932f2e4b14ad3\"},\"breadcrumb\":{\"@id\":\"https:\/\/franciscanos.org.br\/noticias\/passamos-da-morte-para-uma-vida-nova.html#breadcrumb\"},\"inLanguage\":\"pt-BR\",\"potentialAction\":[{\"@type\":\"ReadAction\",\"target\":[\"https:\/\/franciscanos.org.br\/noticias\/passamos-da-morte-para-uma-vida-nova.html\"]}]},{\"@type\":\"BreadcrumbList\",\"@id\":\"https:\/\/franciscanos.org.br\/noticias\/passamos-da-morte-para-uma-vida-nova.html#breadcrumb\",\"itemListElement\":[{\"@type\":\"ListItem\",\"position\":1,\"name\":\"Home\",\"item\":\"https:\/\/franciscanos.org.br\/noticias\"},{\"@type\":\"ListItem\",\"position\":2,\"name\":\"\u201cPassamos da morte para uma vida nova\u201d\"}]},{\"@type\":\"Person\",\"@id\":\"https:\/\/franciscanos.org.br\/noticias\/#\/schema\/person\/b38fbf43118f02820bd932f2e4b14ad3\",\"name\":\"admin\",\"image\":{\"@type\":\"ImageObject\",\"inLanguage\":\"pt-BR\",\"@id\":\"https:\/\/franciscanos.org.br\/noticias\/#\/schema\/person\/image\/\",\"url\":\"https:\/\/secure.gravatar.com\/avatar\/e8495742d34d0ba6448ea1c628263b3e?s=96&d=mm&r=g\",\"contentUrl\":\"https:\/\/secure.gravatar.com\/avatar\/e8495742d34d0ba6448ea1c628263b3e?s=96&d=mm&r=g\",\"caption\":\"admin\"},\"url\":\"https:\/\/franciscanos.org.br\/noticias\/author\/admin\"}]}<\/script>\n<!-- \/ Yoast SEO plugin. -->","yoast_head_json":{"title":"\u201cPassamos da morte para uma vida nova\u201d - Not\u00edcias - Franciscanos","robots":{"index":"index","follow":"follow","max-snippet":"max-snippet:-1","max-image-preview":"max-image-preview:large","max-video-preview":"max-video-preview:-1"},"canonical":"https:\/\/franciscanos.org.br\/noticias\/passamos-da-morte-para-uma-vida-nova.html","og_locale":"pt_BR","og_type":"article","og_title":"\u201cPassamos da morte para uma vida nova\u201d - Not\u00edcias - Franciscanos","og_description":"Liturgia Dominical","og_url":"https:\/\/franciscanos.org.br\/noticias\/passamos-da-morte-para-uma-vida-nova.html","og_site_name":"Not\u00edcias - Franciscanos","article_published_time":"2015-04-16T16:00:14+00:00","article_modified_time":"2019-07-02T17:00:31+00:00","og_image":[{"width":273,"height":181,"url":"https:\/\/franciscanos.org.br\/noticias\/wp-content\/uploads\/2015\/04\/liturgia-domingo820-1.jpg","type":"image\/jpeg"}],"author":"admin","twitter_card":"summary_large_image","twitter_misc":{"Escrito por":"admin","Est. tempo de leitura":"2 minutos"},"schema":{"@context":"https:\/\/schema.org","@graph":[{"@type":"WebSite","@id":"https:\/\/franciscanos.org.br\/noticias\/#website","url":"https:\/\/franciscanos.org.br\/noticias\/","name":"Not\u00edcias - Franciscanos","description":"Prov\u00edncia Franciscana da Imaculada Concei\u00e7\u00e3o do Brasil - Ordem dos Frades Menores - OFM","potentialAction":[{"@type":"SearchAction","target":{"@type":"EntryPoint","urlTemplate":"https:\/\/franciscanos.org.br\/noticias\/?s={search_term_string}"},"query-input":"required name=search_term_string"}],"inLanguage":"pt-BR"},{"@type":"ImageObject","inLanguage":"pt-BR","@id":"https:\/\/franciscanos.org.br\/noticias\/passamos-da-morte-para-uma-vida-nova.html#primaryimage","url":"https:\/\/franciscanos.org.br\/noticias\/wp-content\/uploads\/2015\/04\/liturgia-domingo820-1.jpg","contentUrl":"https:\/\/franciscanos.org.br\/noticias\/wp-content\/uploads\/2015\/04\/liturgia-domingo820-1.jpg","width":273,"height":181},{"@type":"WebPage","@id":"https:\/\/franciscanos.org.br\/noticias\/passamos-da-morte-para-uma-vida-nova.html#webpage","url":"https:\/\/franciscanos.org.br\/noticias\/passamos-da-morte-para-uma-vida-nova.html","name":"\u201cPassamos da morte para uma vida nova\u201d - Not\u00edcias - Franciscanos","isPartOf":{"@id":"https:\/\/franciscanos.org.br\/noticias\/#website"},"primaryImageOfPage":{"@id":"https:\/\/franciscanos.org.br\/noticias\/passamos-da-morte-para-uma-vida-nova.html#primaryimage"},"datePublished":"2015-04-16T16:00:14+00:00","dateModified":"2019-07-02T17:00:31+00:00","author":{"@id":"https:\/\/franciscanos.org.br\/noticias\/#\/schema\/person\/b38fbf43118f02820bd932f2e4b14ad3"},"breadcrumb":{"@id":"https:\/\/franciscanos.org.br\/noticias\/passamos-da-morte-para-uma-vida-nova.html#breadcrumb"},"inLanguage":"pt-BR","potentialAction":[{"@type":"ReadAction","target":["https:\/\/franciscanos.org.br\/noticias\/passamos-da-morte-para-uma-vida-nova.html"]}]},{"@type":"BreadcrumbList","@id":"https:\/\/franciscanos.org.br\/noticias\/passamos-da-morte-para-uma-vida-nova.html#breadcrumb","itemListElement":[{"@type":"ListItem","position":1,"name":"Home","item":"https:\/\/franciscanos.org.br\/noticias"},{"@type":"ListItem","position":2,"name":"\u201cPassamos da morte para uma vida nova\u201d"}]},{"@type":"Person","@id":"https:\/\/franciscanos.org.br\/noticias\/#\/schema\/person\/b38fbf43118f02820bd932f2e4b14ad3","name":"admin","image":{"@type":"ImageObject","inLanguage":"pt-BR","@id":"https:\/\/franciscanos.org.br\/noticias\/#\/schema\/person\/image\/","url":"https:\/\/secure.gravatar.com\/avatar\/e8495742d34d0ba6448ea1c628263b3e?s=96&d=mm&r=g","contentUrl":"https:\/\/secure.gravatar.com\/avatar\/e8495742d34d0ba6448ea1c628263b3e?s=96&d=mm&r=g","caption":"admin"},"url":"https:\/\/franciscanos.org.br\/noticias\/author\/admin"}]}},"_links":{"self":[{"href":"https:\/\/franciscanos.org.br\/noticias\/wp-json\/wp\/v2\/posts\/83787"}],"collection":[{"href":"https:\/\/franciscanos.org.br\/noticias\/wp-json\/wp\/v2\/posts"}],"about":[{"href":"https:\/\/franciscanos.org.br\/noticias\/wp-json\/wp\/v2\/types\/post"}],"author":[{"embeddable":true,"href":"https:\/\/franciscanos.org.br\/noticias\/wp-json\/wp\/v2\/users\/1"}],"replies":[{"embeddable":true,"href":"https:\/\/franciscanos.org.br\/noticias\/wp-json\/wp\/v2\/comments?post=83787"}],"version-history":[{"count":0,"href":"https:\/\/franciscanos.org.br\/noticias\/wp-json\/wp\/v2\/posts\/83787\/revisions"}],"wp:featuredmedia":[{"embeddable":true,"href":"https:\/\/franciscanos.org.br\/noticias\/wp-json\/wp\/v2\/media\/207131"}],"wp:attachment":[{"href":"https:\/\/franciscanos.org.br\/noticias\/wp-json\/wp\/v2\/media?parent=83787"}],"wp:term":[{"taxonomy":"category","embeddable":true,"href":"https:\/\/franciscanos.org.br\/noticias\/wp-json\/wp\/v2\/categories?post=83787"},{"taxonomy":"post_tag","embeddable":true,"href":"https:\/\/franciscanos.org.br\/noticias\/wp-json\/wp\/v2\/tags?post=83787"}],"curies":[{"name":"wp","href":"https:\/\/api.w.org\/{rel}","templated":true}]}}