{"id":83570,"date":"2015-04-10T20:47:07","date_gmt":"2015-04-10T23:47:07","guid":{"rendered":"http:\/\/franciscanos.org.br\/?p=83570"},"modified":"2020-06-24T14:08:07","modified_gmt":"2020-06-24T17:08:07","slug":"quando-jesus-esta-a-margem-de-nossa-vida","status":"publish","type":"post","link":"https:\/\/franciscanos.org.br\/noticias\/quando-jesus-esta-a-margem-de-nossa-vida.html","title":{"rendered":"Quando Jesus est\u00e1 \u00e0 margem de nossa vida"},"content":{"rendered":"<p><a href=\"http:\/\/franciscanos.org.br\/wp-content\/uploads\/2015\/04\/altoprov3.jpg\"><img loading=\"lazy\" class=\"wp-image-83615 aligncenter\" src=\"http:\/\/franciscanos.org.br\/wp-content\/uploads\/2015\/04\/altoprov3.jpg\" alt=\"altoprov\" width=\"900\" height=\"531\" \/><\/a><\/p>\n<p><strong>Moacir Beggo<\/strong><\/p>\n<p><strong>\u00a0<\/strong><strong>Vila Velha (ES)<\/strong> &#8211; A Festa da Penha chegou ao sexto dia de celebra\u00e7\u00f5es em homenagens a Nossa Senhora das Alegrias e reuniu \u00e0 Mesa Eucar\u00edstica, nesta montanha simb\u00f3lica e sagrada, os sacerdotes da regi\u00e3o pastoral de Vit\u00f3ria, os frades do Convento da Penha e sacerdotes de outros estados, entre eles Frei Mario Tagliari, representando o governo provincial dos Franciscanos.<\/p>\n<p>Pe. Ivo Ferreira Amorim, Vig\u00e1rio Geral da Arquidiocese e p\u00e1roco da Par\u00f3quia S\u00e3o Jos\u00e9 de Maru\u00edpe, mostrou como Jesus ficou \u00e0 margem da vida dos disc\u00edpulos quando ficaram desorientados depois da morte e crucifica\u00e7\u00e3o do Mestre. Segundo o presidente da celebra\u00e7\u00e3o, Jesus tamb\u00e9m nem sempre est\u00e1 no centro de nossas vidas. J\u00e1 Frei Diego Melo, animador vocacional da Prov\u00edncia Franciscana da Imaculada Concei\u00e7\u00e3o, falou sobre a fam\u00edlia durante o Oitav\u00e1rio e refutou a redu\u00e7\u00e3o da maioridade penal como solu\u00e7\u00e3o para a viol\u00eancia em nosso pa\u00eds. Segundo ele, n\u00e3o podemos ficar \u00e0 margem deste debate.<\/p>\n<div id=\"attachment_83624\" style=\"width: 460px\" class=\"wp-caption alignright\"><a href=\"http:\/\/franciscanos.org.br\/wp-content\/uploads\/2015\/04\/ivo2.jpg\"><img aria-describedby=\"caption-attachment-83624\" loading=\"lazy\" class=\"size-full wp-image-83624\" src=\"http:\/\/franciscanos.org.br\/wp-content\/uploads\/2015\/04\/ivo2.jpg\" alt=\"Pe. Ivo \u00e9 Vig\u00e1rio Geral da Arquidiocese de Vit\u00f3ria\" width=\"450\" height=\"300\" \/><\/a><p id=\"caption-attachment-83624\" class=\"wp-caption-text\">Pe. Ivo \u00e9 Vig\u00e1rio Geral da Arquidiocese de Vit\u00f3ria<\/p><\/div>\n<p>O sol voltou a brilhar depois de um dia chuvoso e o povo capixaba p\u00f4de fazer a sua devo\u00e7\u00e3o \u00e0 M\u00e3e de Deus no Campinho, que desde o \u00faltimo domingo, quando teve in\u00edcio a festa, acolhe o povo para o Oitav\u00e1rio e para a principal celebra\u00e7\u00e3o eucar\u00edstica. Nesta sexta-feira, 10 de abril, tamb\u00e9m foi o dia da Romaria dos Militares. Representantes do Ex\u00e9rcito, Marinha, Pol\u00edcia Militar e Civil e Corpo de Bombeiros subiram em prociss\u00e3o do port\u00e3o principal at\u00e9 o Campinho.<\/p>\n<p>Pe Ivo, com muita clareza, refletiu sobre a apari\u00e7\u00e3o de Jesus Ressuscitado aos disc\u00edpulos \u00e0s margens do lago de Tiber\u00edades, completando assim, um ciclo de &#8220;apari\u00e7\u00f5es surpreendentes&#8221;. Segundo Pe. Ivo, surpreendente pela simplicidade e pela maneira que Jesus se revela. &#8220;Ele aparece no evangelho de hoje pedindo algo para comer. A refei\u00e7\u00e3o \u00e9 um elemento comum em suas apari\u00e7\u00f5es. Elas s\u00e3o uma clara alus\u00e3o \u00e0 Eucaristia, \u00e0 mem\u00f3ria da ceia, numa refer\u00eancia ao ato de comungar com Ele&#8221;, explicou o sacerdote.\u00a0 Depois que tudo que tinha acontecido em Jerusal\u00e9m (relato de Ema\u00fas), os disc\u00edpulos retornam \u00e0 mesma profiss\u00e3o de antes, retornam \u00e0 vida de pescadores. &#8220;\u00c9 a crise que se instalou na vida deles, como acontece em nossas comunidades ao longo de sua caminhada&#8221;, disse o sacerdote.<\/p>\n<p>O Evangelho de Jo\u00e3o informa que o dia estava amanhecendo, simbolizando a aus\u00eancia de Jesus e a necessidade de buscar um novo tempo que havia inaugurado com a ressurrei\u00e7\u00e3o de Jesus. &#8220;A raz\u00e3o desse novo tempo estava em p\u00e9, \u00e0s margens, esperando pelos disc\u00edpulos que n\u00e3o percebem quem os esperava. N\u00e3o conseguiam enxergar naquele homem, de p\u00e9 na margem, o pr\u00f3prio Jesus. Jesus estava na margem da vida deles e n\u00e3o no centro. Enquanto Jesus est\u00e1 \u00e0 margem, eles n\u00e3o o reconhecem. Enxergam apenas um pedinte, sobretudo, quando ele lhes pede algo para comer. \u00c9 a\u00ed que entendemos a a\u00e7\u00e3o de Jesus ao ensinar-lhes a pescar, uma atitude educativa do mestre&#8221;, acrescentou Pe. Ivo.<\/p>\n<div id=\"attachment_83643\" style=\"width: 458px\" class=\"wp-caption alignleft\"><a href=\"http:\/\/franciscanos.org.br\/wp-content\/uploads\/2015\/04\/diego.jpg\"><img aria-describedby=\"caption-attachment-83643\" loading=\"lazy\" class=\"size-full wp-image-83643\" src=\"http:\/\/franciscanos.org.br\/wp-content\/uploads\/2015\/04\/diego.jpg\" alt=\"Frei Diego \u00e9 animador vocacional da Prov\u00edncia da Imaculada\" width=\"448\" height=\"450\" \/><\/a><p id=\"caption-attachment-83643\" class=\"wp-caption-text\">Frei Diego \u00e9 animador vocacional da Prov\u00edncia da Imaculada<\/p><\/div>\n<p>&#8220;Jesus n\u00e3o nos d\u00e1 nada pronto. Ele nos ensina como consegui-lo a partir do nosso esfor\u00e7o, das nossas buscas e conquistas. Aprendemos com Ele a lan\u00e7ar nossas redes no lugar certo, a agir de modo adequado. Na medida em que os disc\u00edpulos obedeceram a Jesus, tiveram uma grande surpresa: a rede ficou repleta de peixes&#8221;, disse, ensinando: &#8220;O Ressuscitado vem ao nosso encontro para nos ajudar. Portanto, ele continua nos encorajando, hoje, para que continuemos lan\u00e7ando nossas redes, sendo pessoas acolhedoras em nossas comunidades&#8221;. <a href=\"http:\/\/franciscanos.org.br\/?p=83675\"><strong>CLIQUE AQUI E LEIA A HOMILIA NA \u00cdNTEGRA<\/strong><\/a><\/p>\n<p><strong>OITAV\u00c1RIO: UM APELO EM FAVOR DOS JOVENS<\/strong><\/p>\n<p>Depois da acolhida do guardi\u00e3o do Convento da Penha, Frei Valdecir Schwambach, o momento devocional franciscano trouxe, atrav\u00e9s de Frei Diego, um trecho da exorta\u00e7\u00e3o apost\u00f3lica <em>&#8220;Familiaris Consortio&#8221;,<\/em> de S\u00e3o Jo\u00e3o Paulo II, para a reflex\u00e3o. Falando sobre o papel dos pais na fam\u00edlia, Frei Diego destacou: &#8220;Tornando-se pais, os esposos recebem de Deus o dom de uma nova responsabilidade. O seu amor paternal \u00e9 chamado a tornar-se para os filhos o sinal vis\u00edvel do pr\u00f3prio amor de Deus, &#8216;do qual deriva toda a paternidade no c\u00e9u e na terra'&#8221;.<\/p>\n<div id=\"attachment_83662\" style=\"width: 460px\" class=\"wp-caption alignright\"><a href=\"http:\/\/franciscanos.org.br\/wp-content\/uploads\/2015\/04\/mantimentos.jpg\"><img aria-describedby=\"caption-attachment-83662\" loading=\"lazy\" class=\"wp-image-83662 size-full\" src=\"http:\/\/franciscanos.org.br\/wp-content\/uploads\/2015\/04\/mantimentos.jpg\" alt=\"mantimentos\" width=\"450\" height=\"338\" \/><\/a><p id=\"caption-attachment-83662\" class=\"wp-caption-text\">J\u00e1 foram arrecadadas mais de 2 toneladas de alimentos, que os Vicentinos se encarregar\u00e3o de fazer a doa\u00e7\u00e3o para as fam\u00edlias mais necessitadas. Para Seu Ant\u00f4nio Cardoso, que est\u00e1 acompanhando as doa\u00e7\u00f5es desde o primeiro dia, a quantidade surpreende. &#8220;N\u00e3o t\u00ednhamos uma meta estabelecida, mas estamos surpresos com todo esse alimento. Ainda esperamos receber mais at\u00e9 o encerramento\u201d.<\/p><\/div>\n<p>Frei Diego lembrou que hoje, no Brasil, existem 44 mil crian\u00e7as em orfanatos e abrigos, sendo 5 mil aptas para ado\u00e7\u00e3o. Segundo o frade, a ado\u00e7\u00e3o \u00e9 uma forma de amor, como fazem muitas av\u00f3s e tios ao cuidarem dos netos e filhos de outras fam\u00edlias. Frei Diego perguntou \u00e0 multid\u00e3o se conhecia pessoas que faziam isso e ouviu um sim da grande maioria.<\/p>\n<p>&#8220;Cuidar dessas crian\u00e7as que n\u00e3o t\u00eam fam\u00edlias, \u00e9 cuidar do nosso futuro&#8221;, disse, pedindo em seguida que Nossa Senhora da Penha olhe por nossas crian\u00e7as e n\u00e3o permita que a redu\u00e7\u00e3o da maioridade penal seja aprovada no Congresso Nacional. &#8220;N\u00f3s queremos pedir que hoje, diante de Nossa Senhora da Penha, para n\u00e3o criminalizarem a vida das crian\u00e7as e adolescentes. Est\u00e3o tentando criminalizar nossos filhos. N\u00f3s, como filhos de Nossa Senhora, n\u00e3o queremos cadeia para nossos filhos. N\u00e3o queremos pris\u00e3o para esses jovens. Queremos amor, queremos fam\u00edlias que sejam santu\u00e1rios de paz. Muito mais que reprimir, n\u00f3s queremos prevenir. E a preven\u00e7\u00e3o come\u00e7a dentro de nossas casas quando fazemos tudo para que esse amor aconte\u00e7a. Por isso, somos contr\u00e1rios, como Igreja, a essa redu\u00e7\u00e3o da maioridade penal, porque acreditamos na vida e queremos evitar que j\u00e1 nos primeiros anos, a crian\u00e7a tenha uma vida degradada. Queremos oferecer aos nossos jovens um santu\u00e1rio da paz. Que Nossa Senhora, a M\u00e3e, a Rainha das nossas Fam\u00edlias, possa interceder por tantas fam\u00edlias para que possam dar uma educa\u00e7\u00e3o de boa qualidade a todas as crian\u00e7as e adolescentes&#8221;, encerrou.<\/p>\n<p><strong>PROGRAMA\u00c7\u00c3O DESTE S\u00c1BADO<\/strong><\/p>\n<p><strong>Missas na Capela do Convento:<\/strong>\u00a06h00, 7h30 e 11h00<\/p>\n<p><strong>8h00:<\/strong>\u00a0Campinho \u2013 Missa da Diocese de S\u00e3o Mateus (Romaria saindo 7 horas do Port\u00e3o do Convento)<br \/>\n<strong>9h00:<\/strong>\u00a0Prainha \u2013 Missa das pessoas com defici\u00eancia (Romaria saindo 8 horas da Pra\u00e7a Dq. de Caxias)<br \/>\n<strong>14h30:<\/strong>\u00a0Oitav\u00e1rio e Missa no Campinho<br \/>\n<strong>Obs:<\/strong>\u00a0<em>Celebra nesta tarde a Diocese de Cachoeiro de Itapemirim (Romaria saindo 14 horas do Port\u00e3o do Convento)<\/em><br \/>\n<strong>19h00 &#8211; In\u00edcio da Romaria dos Homens -Catedral<br \/>\n<\/strong><strong>23h30:<\/strong>\u00a0Prainha \u2013 Missa de encerramento da Romaria dos Homens<br \/>\n<strong>Confiss\u00f5es<\/strong>: 8h00 \u00e0s 11h00 e 14h00 \u00e0s 16h00.<\/p>\n<h2>FOTOS DO OITAV\u00c1RIO<\/h2>\n<p><strong>Frei Valdecir come\u00e7a fazendo a acolhida e Frei Diego fez a reflex\u00e3o do dia.<\/strong><\/p>\n<p><img class=\"ngg_displayed_gallery mceItem\" src=\"http:\/\/franciscanos.org.br\/index.php\/nextgen-attach_to_post\/preview\/id--83671\" alt=\"\" \/><\/p>\n<h2>FOTOS DA CELEBRA\u00c7\u00c3O EUCAR\u00cdSTICA<\/h2>\n<p><strong>Os marinheiros, que vieram em Romaria, \u00a0est\u00e3o no centro do Campinho. Pe. Ivo presidiu a celebra\u00e7\u00e3o.<\/strong><\/p>\n<p><img class=\"ngg_displayed_gallery mceItem\" src=\"http:\/\/franciscanos.org.br\/index.php\/nextgen-attach_to_post\/preview\/id--83672\" alt=\"\" \/><\/p>\n<p>VEJA MAIS FOTOS NO FACEBOOK DO CONVENTO DA PENHA<\/p>\n<p><a href=\"https:\/\/www.facebook.com\/penhaconvento\">https:\/\/www.facebook.com\/penhaconvento<\/a><\/p>\n","protected":false},"excerpt":{"rendered":"<p>Festa da Penha<\/p>\n","protected":false},"author":1,"featured_media":220002,"comment_status":"open","ping_status":"open","sticky":false,"template":"","format":"standard","meta":[],"categories":[1],"tags":[245],"acf":[],"yoast_head":"<!-- This site is optimized with the Yoast SEO plugin v19.2 - https:\/\/yoast.com\/wordpress\/plugins\/seo\/ -->\n<title>Quando Jesus est\u00e1 \u00e0 margem de nossa vida - Not\u00edcias - Franciscanos<\/title>\n<meta name=\"robots\" content=\"index, follow, max-snippet:-1, max-image-preview:large, max-video-preview:-1\" \/>\n<link rel=\"canonical\" href=\"https:\/\/franciscanos.org.br\/noticias\/quando-jesus-esta-a-margem-de-nossa-vida.html\" \/>\n<meta property=\"og:locale\" content=\"pt_BR\" \/>\n<meta property=\"og:type\" content=\"article\" \/>\n<meta property=\"og:title\" content=\"Quando Jesus est\u00e1 \u00e0 margem de nossa vida - Not\u00edcias - Franciscanos\" \/>\n<meta property=\"og:description\" content=\"Festa da Penha\" \/>\n<meta property=\"og:url\" content=\"https:\/\/franciscanos.org.br\/noticias\/quando-jesus-esta-a-margem-de-nossa-vida.html\" \/>\n<meta property=\"og:site_name\" content=\"Not\u00edcias - Franciscanos\" \/>\n<meta property=\"article:published_time\" content=\"2015-04-10T23:47:07+00:00\" \/>\n<meta property=\"article:modified_time\" content=\"2020-06-24T17:08:07+00:00\" \/>\n<meta property=\"og:image\" content=\"https:\/\/franciscanos.org.br\/noticias\/wp-content\/uploads\/2015\/04\/altoprov3.jpg\" \/>\n\t<meta property=\"og:image:width\" content=\"273\" \/>\n\t<meta property=\"og:image:height\" content=\"181\" \/>\n\t<meta property=\"og:image:type\" content=\"image\/jpeg\" \/>\n<meta name=\"author\" content=\"admin\" \/>\n<meta name=\"twitter:card\" content=\"summary_large_image\" \/>\n<meta name=\"twitter:label1\" content=\"Escrito por\" \/>\n\t<meta name=\"twitter:data1\" content=\"admin\" \/>\n\t<meta name=\"twitter:label2\" content=\"Est. tempo de leitura\" \/>\n\t<meta name=\"twitter:data2\" content=\"6 minutos\" \/>\n<script type=\"application\/ld+json\" class=\"yoast-schema-graph\">{\"@context\":\"https:\/\/schema.org\",\"@graph\":[{\"@type\":\"WebSite\",\"@id\":\"https:\/\/franciscanos.org.br\/noticias\/#website\",\"url\":\"https:\/\/franciscanos.org.br\/noticias\/\",\"name\":\"Not\u00edcias - Franciscanos\",\"description\":\"Prov\u00edncia Franciscana da Imaculada Concei\u00e7\u00e3o do Brasil - Ordem dos Frades Menores - OFM\",\"potentialAction\":[{\"@type\":\"SearchAction\",\"target\":{\"@type\":\"EntryPoint\",\"urlTemplate\":\"https:\/\/franciscanos.org.br\/noticias\/?s={search_term_string}\"},\"query-input\":\"required name=search_term_string\"}],\"inLanguage\":\"pt-BR\"},{\"@type\":\"ImageObject\",\"inLanguage\":\"pt-BR\",\"@id\":\"https:\/\/franciscanos.org.br\/noticias\/quando-jesus-esta-a-margem-de-nossa-vida.html#primaryimage\",\"url\":\"https:\/\/franciscanos.org.br\/noticias\/wp-content\/uploads\/2015\/04\/altoprov3.jpg\",\"contentUrl\":\"https:\/\/franciscanos.org.br\/noticias\/wp-content\/uploads\/2015\/04\/altoprov3.jpg\",\"width\":273,\"height\":181},{\"@type\":\"WebPage\",\"@id\":\"https:\/\/franciscanos.org.br\/noticias\/quando-jesus-esta-a-margem-de-nossa-vida.html#webpage\",\"url\":\"https:\/\/franciscanos.org.br\/noticias\/quando-jesus-esta-a-margem-de-nossa-vida.html\",\"name\":\"Quando Jesus est\u00e1 \u00e0 margem de nossa vida - Not\u00edcias - Franciscanos\",\"isPartOf\":{\"@id\":\"https:\/\/franciscanos.org.br\/noticias\/#website\"},\"primaryImageOfPage\":{\"@id\":\"https:\/\/franciscanos.org.br\/noticias\/quando-jesus-esta-a-margem-de-nossa-vida.html#primaryimage\"},\"datePublished\":\"2015-04-10T23:47:07+00:00\",\"dateModified\":\"2020-06-24T17:08:07+00:00\",\"author\":{\"@id\":\"https:\/\/franciscanos.org.br\/noticias\/#\/schema\/person\/b38fbf43118f02820bd932f2e4b14ad3\"},\"breadcrumb\":{\"@id\":\"https:\/\/franciscanos.org.br\/noticias\/quando-jesus-esta-a-margem-de-nossa-vida.html#breadcrumb\"},\"inLanguage\":\"pt-BR\",\"potentialAction\":[{\"@type\":\"ReadAction\",\"target\":[\"https:\/\/franciscanos.org.br\/noticias\/quando-jesus-esta-a-margem-de-nossa-vida.html\"]}]},{\"@type\":\"BreadcrumbList\",\"@id\":\"https:\/\/franciscanos.org.br\/noticias\/quando-jesus-esta-a-margem-de-nossa-vida.html#breadcrumb\",\"itemListElement\":[{\"@type\":\"ListItem\",\"position\":1,\"name\":\"Home\",\"item\":\"https:\/\/franciscanos.org.br\/noticias\"},{\"@type\":\"ListItem\",\"position\":2,\"name\":\"Quando Jesus est\u00e1 \u00e0 margem de nossa vida\"}]},{\"@type\":\"Person\",\"@id\":\"https:\/\/franciscanos.org.br\/noticias\/#\/schema\/person\/b38fbf43118f02820bd932f2e4b14ad3\",\"name\":\"admin\",\"image\":{\"@type\":\"ImageObject\",\"inLanguage\":\"pt-BR\",\"@id\":\"https:\/\/franciscanos.org.br\/noticias\/#\/schema\/person\/image\/\",\"url\":\"https:\/\/secure.gravatar.com\/avatar\/e8495742d34d0ba6448ea1c628263b3e?s=96&d=mm&r=g\",\"contentUrl\":\"https:\/\/secure.gravatar.com\/avatar\/e8495742d34d0ba6448ea1c628263b3e?s=96&d=mm&r=g\",\"caption\":\"admin\"},\"url\":\"https:\/\/franciscanos.org.br\/noticias\/author\/admin\"}]}<\/script>\n<!-- \/ Yoast SEO plugin. -->","yoast_head_json":{"title":"Quando Jesus est\u00e1 \u00e0 margem de nossa vida - Not\u00edcias - Franciscanos","robots":{"index":"index","follow":"follow","max-snippet":"max-snippet:-1","max-image-preview":"max-image-preview:large","max-video-preview":"max-video-preview:-1"},"canonical":"https:\/\/franciscanos.org.br\/noticias\/quando-jesus-esta-a-margem-de-nossa-vida.html","og_locale":"pt_BR","og_type":"article","og_title":"Quando Jesus est\u00e1 \u00e0 margem de nossa vida - Not\u00edcias - Franciscanos","og_description":"Festa da Penha","og_url":"https:\/\/franciscanos.org.br\/noticias\/quando-jesus-esta-a-margem-de-nossa-vida.html","og_site_name":"Not\u00edcias - Franciscanos","article_published_time":"2015-04-10T23:47:07+00:00","article_modified_time":"2020-06-24T17:08:07+00:00","og_image":[{"width":273,"height":181,"url":"https:\/\/franciscanos.org.br\/noticias\/wp-content\/uploads\/2015\/04\/altoprov3.jpg","type":"image\/jpeg"}],"author":"admin","twitter_card":"summary_large_image","twitter_misc":{"Escrito por":"admin","Est. tempo de leitura":"6 minutos"},"schema":{"@context":"https:\/\/schema.org","@graph":[{"@type":"WebSite","@id":"https:\/\/franciscanos.org.br\/noticias\/#website","url":"https:\/\/franciscanos.org.br\/noticias\/","name":"Not\u00edcias - Franciscanos","description":"Prov\u00edncia Franciscana da Imaculada Concei\u00e7\u00e3o do Brasil - Ordem dos Frades Menores - OFM","potentialAction":[{"@type":"SearchAction","target":{"@type":"EntryPoint","urlTemplate":"https:\/\/franciscanos.org.br\/noticias\/?s={search_term_string}"},"query-input":"required name=search_term_string"}],"inLanguage":"pt-BR"},{"@type":"ImageObject","inLanguage":"pt-BR","@id":"https:\/\/franciscanos.org.br\/noticias\/quando-jesus-esta-a-margem-de-nossa-vida.html#primaryimage","url":"https:\/\/franciscanos.org.br\/noticias\/wp-content\/uploads\/2015\/04\/altoprov3.jpg","contentUrl":"https:\/\/franciscanos.org.br\/noticias\/wp-content\/uploads\/2015\/04\/altoprov3.jpg","width":273,"height":181},{"@type":"WebPage","@id":"https:\/\/franciscanos.org.br\/noticias\/quando-jesus-esta-a-margem-de-nossa-vida.html#webpage","url":"https:\/\/franciscanos.org.br\/noticias\/quando-jesus-esta-a-margem-de-nossa-vida.html","name":"Quando Jesus est\u00e1 \u00e0 margem de nossa vida - Not\u00edcias - Franciscanos","isPartOf":{"@id":"https:\/\/franciscanos.org.br\/noticias\/#website"},"primaryImageOfPage":{"@id":"https:\/\/franciscanos.org.br\/noticias\/quando-jesus-esta-a-margem-de-nossa-vida.html#primaryimage"},"datePublished":"2015-04-10T23:47:07+00:00","dateModified":"2020-06-24T17:08:07+00:00","author":{"@id":"https:\/\/franciscanos.org.br\/noticias\/#\/schema\/person\/b38fbf43118f02820bd932f2e4b14ad3"},"breadcrumb":{"@id":"https:\/\/franciscanos.org.br\/noticias\/quando-jesus-esta-a-margem-de-nossa-vida.html#breadcrumb"},"inLanguage":"pt-BR","potentialAction":[{"@type":"ReadAction","target":["https:\/\/franciscanos.org.br\/noticias\/quando-jesus-esta-a-margem-de-nossa-vida.html"]}]},{"@type":"BreadcrumbList","@id":"https:\/\/franciscanos.org.br\/noticias\/quando-jesus-esta-a-margem-de-nossa-vida.html#breadcrumb","itemListElement":[{"@type":"ListItem","position":1,"name":"Home","item":"https:\/\/franciscanos.org.br\/noticias"},{"@type":"ListItem","position":2,"name":"Quando Jesus est\u00e1 \u00e0 margem de nossa vida"}]},{"@type":"Person","@id":"https:\/\/franciscanos.org.br\/noticias\/#\/schema\/person\/b38fbf43118f02820bd932f2e4b14ad3","name":"admin","image":{"@type":"ImageObject","inLanguage":"pt-BR","@id":"https:\/\/franciscanos.org.br\/noticias\/#\/schema\/person\/image\/","url":"https:\/\/secure.gravatar.com\/avatar\/e8495742d34d0ba6448ea1c628263b3e?s=96&d=mm&r=g","contentUrl":"https:\/\/secure.gravatar.com\/avatar\/e8495742d34d0ba6448ea1c628263b3e?s=96&d=mm&r=g","caption":"admin"},"url":"https:\/\/franciscanos.org.br\/noticias\/author\/admin"}]}},"_links":{"self":[{"href":"https:\/\/franciscanos.org.br\/noticias\/wp-json\/wp\/v2\/posts\/83570"}],"collection":[{"href":"https:\/\/franciscanos.org.br\/noticias\/wp-json\/wp\/v2\/posts"}],"about":[{"href":"https:\/\/franciscanos.org.br\/noticias\/wp-json\/wp\/v2\/types\/post"}],"author":[{"embeddable":true,"href":"https:\/\/franciscanos.org.br\/noticias\/wp-json\/wp\/v2\/users\/1"}],"replies":[{"embeddable":true,"href":"https:\/\/franciscanos.org.br\/noticias\/wp-json\/wp\/v2\/comments?post=83570"}],"version-history":[{"count":2,"href":"https:\/\/franciscanos.org.br\/noticias\/wp-json\/wp\/v2\/posts\/83570\/revisions"}],"predecessor-version":[{"id":226695,"href":"https:\/\/franciscanos.org.br\/noticias\/wp-json\/wp\/v2\/posts\/83570\/revisions\/226695"}],"wp:featuredmedia":[{"embeddable":true,"href":"https:\/\/franciscanos.org.br\/noticias\/wp-json\/wp\/v2\/media\/220002"}],"wp:attachment":[{"href":"https:\/\/franciscanos.org.br\/noticias\/wp-json\/wp\/v2\/media?parent=83570"}],"wp:term":[{"taxonomy":"category","embeddable":true,"href":"https:\/\/franciscanos.org.br\/noticias\/wp-json\/wp\/v2\/categories?post=83570"},{"taxonomy":"post_tag","embeddable":true,"href":"https:\/\/franciscanos.org.br\/noticias\/wp-json\/wp\/v2\/tags?post=83570"}],"curies":[{"name":"wp","href":"https:\/\/api.w.org\/{rel}","templated":true}]}}