{"id":83413,"date":"2015-04-09T21:32:10","date_gmt":"2015-04-10T00:32:10","guid":{"rendered":"http:\/\/franciscanos.org.br\/?p=83413"},"modified":"2020-06-24T16:56:53","modified_gmt":"2020-06-24T19:56:53","slug":"d-sevilha-o-cristao-nao-pode-ser-covarde","status":"publish","type":"post","link":"https:\/\/franciscanos.org.br\/noticias\/d-sevilha-o-cristao-nao-pode-ser-covarde.html","title":{"rendered":"D. Sevilha: &#8220;O crist\u00e3o n\u00e3o pode ser covarde&#8221;"},"content":{"rendered":"<p><img loading=\"lazy\" src=\"http:\/\/franciscanos.org.br\/wp-content\/uploads\/2015\/04\/altoprov2.jpg\" alt=\"altoprov\" width=\"820\" height=\"384\" \/><\/p>\n<p><strong>Moacir Beggo<\/strong><\/p>\n<p><strong>\u00a0<\/strong><strong>Vila Velha (ES) &#8211; <\/strong>A chuva veio de mansinho durante a celebra\u00e7\u00e3o eucar\u00edstica do 5\u00ba dia da Festa da Penha, mas quem disse que o povo fiel de Nossa Senhora das Alegrias n\u00e3o apareceu? N\u00e3o s\u00f3 apareceu, como agradeceu pela gra\u00e7a alcan\u00e7ada, j\u00e1 que ontem foi um dia de s\u00faplica pela chuva. E quem veio n\u00e3o perdeu mais uma das homilias de D. Rubens Sevilha, bispo auxiliar da Arquidiocese de Vit\u00f3ria, que podemos cham\u00e1-las de verdadeiras inje\u00e7\u00f5es de \u00e2nimo. &#8220;Quem participa de suas celebra\u00e7\u00f5es, volta para casa mais leve&#8221;, disse D\u00aa Gertrudes Romeiro, definindo bem o quanto o bispo consegue penetrar nas almas das pessoas.<\/p>\n<p>Na verdade, foi um dia intenso no Oitav\u00e1rio, o momento devocional franciscano. Um pouco antes, Frei M\u00e1rio Tagliari, que representa o governo provincial da Prov\u00edncia Franciscana da Imaculada Concei\u00e7\u00e3o na Festa da Penha, fez uma reflex\u00e3o direcionada \u00e0s fam\u00edlias, com alma e cora\u00e7\u00e3o.<\/p>\n<p>A celebra\u00e7\u00e3o desta quinta-feira, 9 de abril, no Campinho, foi coordenada pela \u00e1rea pastoral Serra\/Fund\u00e3o, uma das maiores da Arquidiocese de Vit\u00f3ria. D. Sevilha, que celebra pela segunda vez na Festa da Padroeira, partiu do tema do Evangelho (Lc 24,35-48) para falar de f\u00e9. D. Sevilha provocou, ensinou, afagou, brincou, instigou e questionou a todos: &#8220;Como est\u00e1 a sua f\u00e9?&#8221;<\/p>\n<p><a href=\"http:\/\/franciscanos.org.br\/wp-content\/uploads\/2015\/04\/alto2.jpg\"><img loading=\"lazy\" class=\"alignleft size-full wp-image-83415\" src=\"http:\/\/franciscanos.org.br\/wp-content\/uploads\/2015\/04\/alto2.jpg\" alt=\"alto2\" width=\"660\" height=\"387\" \/><\/a>&#8220;No Evangelho acabamos de ouvir que os disc\u00edpulos estavam com medo, confusos, tinham dificuldade para crer e Jesus usa essa express\u00e3o que serve para n\u00f3s hoje: Por que vos preocupais? Por que tendes d\u00favidas no cora\u00e7\u00e3o? Olha que palavra certa de Jesus para n\u00f3s: Por que vos preocupais? Tem gente aqui que est\u00e1 muito preocupada. E tem gente que est\u00e1 ouvindo pela r\u00e1dio que est\u00e1 mais preocupada ainda. O problema n\u00e3o \u00e9 a preocupa\u00e7\u00e3o. O problema \u00e9 a preocupa\u00e7\u00e3o exagerada. A pessoa preocupada demais tem falta de f\u00e9, n\u00e3o confia em Deus. A pessoa preocupada demais quer resolver tudo sozinha. Ela quer carregar o mundo nas costas&#8221;, disse, perguntando em seguida: Voc\u00eas j\u00e1 conheceram gente que parece um trator? &#8220;Eu j\u00e1 conheci. Ela sai atropelando todo mundo&#8221;, respondeu. &#8220;Calma! Tem uma aqui levantando o dedo&#8230; (risos). Acho que todos n\u00f3s nos preocupamos. &#8216;N\u00e3o vos preocupeis&#8217;, disse Jesus. Precisamos confiar nele. At\u00e9 porque, sozinho, a gente n\u00e3o consegue resolver nada. Pelo contr\u00e1rio. Com essa preocupa\u00e7\u00e3o, a gente acaba atrapalhando mais as coisas, acaba piorando o que j\u00e1 estava ruim. \u00c9 sempre preciso pedir luz, pedir ao Senhor que nos ilumine, que nos fortale\u00e7a, que nos mostre como agir! N\u00f3s somos disc\u00edpulos, o Mestre \u00e9 Jesus&#8221;, ensinou.<\/p>\n<p>Dom Sevilha usou um ensinamento dos santos para fazermos em qualquer situa\u00e7\u00e3o da vida. &#8220;Pergunte assim: Se Jesus estivesse no meu lugar, como \u00e9 que faria? Por exemplo, para quem \u00e9 muito nervosinho no tr\u00e2nsito. Aqui, em Vit\u00f3ria, h\u00e1 pessoas nervosas no tr\u00e2nsito, n\u00e3o? Em S\u00e3o Paulo, Rio de Janeiro, \u00e9 pior ainda! Tem gente muito estressada no tr\u00e2nsito. \u00c0s vezes \u00e9 cat\u00f3lica&#8230; A gente v\u00ea o \u2018tercinho\u2019 l\u00e1 pendurado&#8230;. (risos). E ele xingando&#8230; xingando&#8230; e o \u2018tercinho\u2019 l\u00e1&#8230; (risos). Deveria se perguntar: se Jesus estivesse dirigindo este carro, como \u00e9 que Jesus iria dirigir? Olha, est\u00e1 servindo para mim tamb\u00e9m. \u00c0s vezes eu sou meio apressadinho. Mas n\u00e3o passo o sinal vermelho. J\u00e1 vi \u00f4nibus circular passando o sinal vermelho. Olha que perigo, que irresponsabilidade! Como Jesus faria? Se Jesus estivesse na sua casa, como Jesus iria agir? Certamente, n\u00e3o iria ter esse seu nervosismo, essa sua ansiedade, irrita\u00e7\u00e3o, n\u00e3o! Somos filhos do Deus da paz e de Nossa Senhora, a Rainha da Paz. Filho de peixe, peixinho \u00e9. Filho de Maria, da Rainha da Paz, tem que ter paz. Levar a paz e agir como o Senhor age, como Nossa Senhora ensinou Jesus e ensina a n\u00f3s&#8221;, exortou o bispo.<\/p>\n<p><a href=\"http:\/\/franciscanos.org.br\/wp-content\/uploads\/2015\/04\/alto3.jpg\"><img loading=\"lazy\" class=\"alignright size-full wp-image-83416\" src=\"http:\/\/franciscanos.org.br\/wp-content\/uploads\/2015\/04\/alto3.jpg\" alt=\"alto3\" width=\"660\" height=\"401\" \/><\/a>&#8220;Como est\u00e1 a sua f\u00e9?&#8221;, perguntou D. Sevilha. Segundo o bispo, S\u00e3o Pedro, na primeira leitura, disse que foi na f\u00e9 no nome de Jesus que ele foi fortalecido. &#8220;\u00c9 na f\u00e9, \u00e9 na confian\u00e7a em Deus que voc\u00ea fica fortalecido para enfrentar os problemas da vida. O crist\u00e3o n\u00e3o pode ser covarde, n\u00e3o pode desanimar. Nenhum ser humano tem o direito de desanimar. E se dissesse: &#8216;eu desanimei porque na vida tive e tenho muitos problemas&#8217;, a resposta \u00e9: quem n\u00e3o tem problemas. Nenhum crist\u00e3o tem o direito de desanimar porque voc\u00ea n\u00e3o est\u00e1 sozinho, abandonado e jogado na vida. Voc\u00ea tem um pai que \u00e9 Deus, voc\u00ea tem m\u00e3e que \u00e9 a M\u00e3e de Jesus, portanto voc\u00ea n\u00e3o est\u00e1 sozinho e abandonado. Quem tem f\u00e9 &#8211; e pode dar tudo errado para ele &#8211; vai dizer como Nossa Senhora: &#8216;fa\u00e7a-se em mim segundo a vossa Palavra!&#8217; D\u00e1 tudo errado, mas ele sabe que Deus tudo conduz, conserta. Ele sabe das coisas&#8221;, animou.<\/p>\n<p>O bispo lembrou, ent\u00e3o, de uma palavra bonita do Evangelho: &#8220;A paz esteja com voc\u00eas!&#8221; &#8220;Os disc\u00edpulos achavam que Ele era um fantasma, que n\u00e3o era real. Isso \u00e9 coisa nossa, do ser humano, pois temos nossa resist\u00eancia em crer. N\u00e3o interessa, Ele estava l\u00e1! Onde entra o Senhor, onde entra Jesus, entra a paz, essa paz que nos fortalece, essa certeza de que Ele nos conduz, que Ele est\u00e1 conosco! N\u00e3o estamos sozinhos e Ele nos ensina como agir&#8221;, orientou.<\/p>\n<p>Dom Sevilha n\u00e3o ignorou as preocupa\u00e7\u00f5es reais. &#8220;H\u00e1 coisas que devemos nos preocupar, como doen\u00e7a, problema na fam\u00edlia, relacionamento, o problema de droga hoje. Essa quest\u00e3o da droga \u00e9 um problema s\u00e9rio. N\u00e3o s\u00f3 pela droga que escraviza, mas pela viol\u00eancia que est\u00e1 vindo junto. A gente fica sabendo que n\u00e3o \u00e9 s\u00f3 na cidade, n\u00e3o! L\u00e1 na ro\u00e7a, nos p\u00e9s do cafezal, os jovens est\u00e3o usando droga. Que problema \u00e9 esse do ser humano hoje? Que vazio \u00e9 esse? O problema da droga, da bebida, tamb\u00e9m \u00e9 a falta de f\u00e9, que torna o ser humano fraco. Sem Deus, sem f\u00e9, o ser humano fica com um vazio na alma. E a\u00ed ele se torna uma pessoa amargurada, triste, sem vida, sem \u00e2nimo. Ent\u00e3o, para disfar\u00e7ar esse vazio, ele tem que preencher com euforia, com uma alegria falsa. \u00c9 quando entra a bebida, a droga, para preencher essa tristeza profunda. E a droga e a bebida n\u00e3o v\u00e3o dar alegria, pelo contr\u00e1rio, s\u00f3 vai piorar a alma&#8221;, lamentou<\/p>\n<p>Para o bispo auxiliar, n\u00e3o \u00e9 o que Nossa Senhora das Alegrias e Jesus querem do ser humano, mas que tenham vida plena. &#8220;Deus quer ver voc\u00ea alegre. Ou\u00e7am: Deus quer voc\u00ea alegre! Isso n\u00e3o significa que Deus quer voc\u00ea sem problemas. Alguns acham que ter alegria na vida \u00e9 n\u00e3o ter nenhum problema. Muito dinheiro, sa\u00fade \u00f3tima. Problema nenhum. A\u00ed ningu\u00e9m vai ter alegria. Todos n\u00f3s na vida temos nossos problemas e nossas alegrias de crist\u00e3o, com problema e tudo. Ali\u00e1s, \u00e9 enfrentando os problemas da vida, sabendo que temos uma miss\u00e3o &#8211; voc\u00ea que \u00e9 pai, voc\u00ea que \u00e9 m\u00e3e -, que Deus nos deu para realizarmos, enfrentarmos. Mas eu sou fraco? Mas Deus \u00e9 forte. Ele sabe que voc\u00ea \u00e9 fraco. Ele sabe que eu sou fraco. Por isso que participamos da Igreja em comunidade. Nos agarramos com Deus porque \u00e9 ele que nos fortalece nessa luta, nessa caminhada para enfrentar, com a gra\u00e7a de Deus, no colo de Nossa M\u00e3e Maria Sant\u00edssima, essa miss\u00e3o da nossa vida at\u00e9 o final&#8221;, motivou.<\/p>\n<p>Dom Sevilha terminou com a bela ora\u00e7\u00e3o de Dom H\u00e9lder C\u00e2mara, outro bispo que vai ter iniciado o seu processo de beatifica\u00e7\u00e3o. Quero me dirigir a Ela, nossa M\u00e3e, com as palavras de D. H\u00e9lder. <a href=\"http:\/\/franciscanos.org.br\/?p=83422\">CLIQUE AQUI PARA REZAR COM D. H\u00c9LDER E. D. SEVILHA!<\/a><\/p>\n<p><a href=\"http:\/\/franciscanos.org.br\/wp-content\/uploads\/2015\/04\/mario.jpg\"><img loading=\"lazy\" class=\"alignleft size-full wp-image-83417\" src=\"http:\/\/franciscanos.org.br\/wp-content\/uploads\/2015\/04\/mario.jpg\" alt=\"mario\" width=\"660\" height=\"384\" \/><\/a><\/p>\n<p><strong>OITAV\u00c1RIO<\/strong><\/p>\n<p>O guardi\u00e3o do Convento da Penha, Frei Valdecir Schwambach, \u00e0s 14h30, acolheu os romeiros e fi\u00e9is com alegria e com seu carisma pr\u00f3prios. Esse momento devocional franciscano \u00e9 composto por ora\u00e7\u00f5es, reflex\u00f5es e cantos, conduzidos sempre com maestria por Frei Florival Mariano de Toledo e Frei Paulo Ferreira.<\/p>\n<p>Frei M\u00e1rio Tagliari fez sua reflex\u00e3o com base num texto do Papa Francisco sobre a fam\u00edlia, lembrando que &#8220;a alegria verdadeira vem da harmonia entre as pessoas&#8221;.<\/p>\n<p>Para Frei M\u00e1rio, Maria mostra como buscarmos a verdadeira alegria e paz. &#8220;O caminho da paz passa por aquele que escuta a voz de Deus. Por aquele que se faz servo de Deus&#8221;, disse. Infelizmente, segundo Frei M\u00e1rio, n\u00e3o \u00e9 o que se v\u00ea nas fam\u00edlias, onde falta amor. &#8220;Maria nos ensina esse caminho. No amor de Deus nos encontramos o amor acolhedor, misericordioso. Ter o cora\u00e7\u00e3o nas m\u00e3os, n\u00e3o pedras nas m\u00e3os, quando nos dirigimos aos outros dentro de casa, na pr\u00f3pria fam\u00edlia. Ir com o cora\u00e7\u00e3o na m\u00e3o \u00e9 ir com o cora\u00e7\u00e3o de Deus. Se n\u00e3o nos respeitarmos dentro de casa, n\u00e3o vamos nos respeitar fora&#8221;, observou o frade.<\/p>\n<p>Para ele, esse caminho de paz se faz quando &#8220;a fam\u00edlia n\u00e3o se fecha no seu ego\u00edsmo, nos seus interesses, nos seus individualismos&#8221;. Frei M\u00e1rio deixou algumas perguntas: Vemos o outro com os olhos de Deus? Vemos os outros com olhos realmente do cora\u00e7\u00e3o? Nossas fam\u00edlias s\u00e3o santu\u00e1rios de paz?<\/p>\n<p>Nesta sexta-feira, 10 de abril, as Missas na Capela s\u00e3o \u00e0s 6h00, 7h00, 8h00 e 9h30 (Missa dos advogados), sendo \u00e0s 14h30 o Oitav\u00e1rio, tendo em seguida a Santa Missa, que ser\u00e1 coordenada pela \u00e1rea pastoral de Vit\u00f3ria.\u00a0 As confiss\u00f5es s\u00e3o atendidas das 8h00 \u00e0s 11h00 e das 14h00 \u00e0s 16h00.<\/p>\n<p>IMAGENS DO OITAV\u00c1RIO<\/p>\n<p><img class=\"ngg_displayed_gallery mceItem\" src=\"http:\/\/franciscanos.org.br\/index.php\/nextgen-attach_to_post\/preview\/id--83418\" alt=\"\" \/><\/p>\n<p>IMAGENS DA CELEBRA\u00c7\u00c3O EUCAR\u00cdSTICA<\/p>\n<p><img class=\"ngg_displayed_gallery mceItem\" src=\"http:\/\/franciscanos.org.br\/index.php\/nextgen-attach_to_post\/preview\/id--83419\" alt=\"\" \/><\/p>\n<p>VEJA IMAGENS TAMB\u00c9M NO FACEBOOK DO CONVENTO DA PENHA<\/p>\n<p><a href=\"https:\/\/www.facebook.com\/penhaconvento\">https:\/\/www.facebook.com\/penhaconvento<\/a><\/p>\n","protected":false},"excerpt":{"rendered":"<p>Festa da Penha<\/p>\n","protected":false},"author":1,"featured_media":219998,"comment_status":"open","ping_status":"open","sticky":false,"template":"","format":"standard","meta":[],"categories":[1],"tags":[245],"acf":[],"yoast_head":"<!-- This site is optimized with the Yoast SEO plugin v19.2 - https:\/\/yoast.com\/wordpress\/plugins\/seo\/ -->\n<title>D. Sevilha: &quot;O crist\u00e3o n\u00e3o pode ser covarde&quot; - Not\u00edcias - Franciscanos<\/title>\n<meta name=\"robots\" content=\"index, follow, max-snippet:-1, max-image-preview:large, max-video-preview:-1\" \/>\n<link rel=\"canonical\" href=\"https:\/\/franciscanos.org.br\/noticias\/d-sevilha-o-cristao-nao-pode-ser-covarde.html\" \/>\n<meta property=\"og:locale\" content=\"pt_BR\" \/>\n<meta property=\"og:type\" content=\"article\" \/>\n<meta property=\"og:title\" content=\"D. Sevilha: &quot;O crist\u00e3o n\u00e3o pode ser covarde&quot; - Not\u00edcias - Franciscanos\" \/>\n<meta property=\"og:description\" content=\"Festa da Penha\" \/>\n<meta property=\"og:url\" content=\"https:\/\/franciscanos.org.br\/noticias\/d-sevilha-o-cristao-nao-pode-ser-covarde.html\" \/>\n<meta property=\"og:site_name\" content=\"Not\u00edcias - Franciscanos\" \/>\n<meta property=\"article:published_time\" content=\"2015-04-10T00:32:10+00:00\" \/>\n<meta property=\"article:modified_time\" content=\"2020-06-24T19:56:53+00:00\" \/>\n<meta property=\"og:image\" content=\"https:\/\/franciscanos.org.br\/noticias\/wp-content\/uploads\/2015\/04\/altoprov2.jpg\" \/>\n\t<meta property=\"og:image:width\" content=\"273\" \/>\n\t<meta property=\"og:image:height\" content=\"181\" \/>\n\t<meta property=\"og:image:type\" content=\"image\/jpeg\" \/>\n<meta name=\"author\" content=\"admin\" \/>\n<meta name=\"twitter:card\" content=\"summary_large_image\" \/>\n<meta name=\"twitter:label1\" content=\"Escrito por\" \/>\n\t<meta name=\"twitter:data1\" content=\"admin\" \/>\n\t<meta name=\"twitter:label2\" content=\"Est. tempo de leitura\" \/>\n\t<meta name=\"twitter:data2\" content=\"8 minutos\" \/>\n<script type=\"application\/ld+json\" class=\"yoast-schema-graph\">{\"@context\":\"https:\/\/schema.org\",\"@graph\":[{\"@type\":\"WebSite\",\"@id\":\"https:\/\/franciscanos.org.br\/noticias\/#website\",\"url\":\"https:\/\/franciscanos.org.br\/noticias\/\",\"name\":\"Not\u00edcias - Franciscanos\",\"description\":\"Prov\u00edncia Franciscana da Imaculada Concei\u00e7\u00e3o do Brasil - Ordem dos Frades Menores - OFM\",\"potentialAction\":[{\"@type\":\"SearchAction\",\"target\":{\"@type\":\"EntryPoint\",\"urlTemplate\":\"https:\/\/franciscanos.org.br\/noticias\/?s={search_term_string}\"},\"query-input\":\"required name=search_term_string\"}],\"inLanguage\":\"pt-BR\"},{\"@type\":\"ImageObject\",\"inLanguage\":\"pt-BR\",\"@id\":\"https:\/\/franciscanos.org.br\/noticias\/d-sevilha-o-cristao-nao-pode-ser-covarde.html#primaryimage\",\"url\":\"https:\/\/franciscanos.org.br\/noticias\/wp-content\/uploads\/2015\/04\/altoprov2.jpg\",\"contentUrl\":\"https:\/\/franciscanos.org.br\/noticias\/wp-content\/uploads\/2015\/04\/altoprov2.jpg\",\"width\":273,\"height\":181},{\"@type\":\"WebPage\",\"@id\":\"https:\/\/franciscanos.org.br\/noticias\/d-sevilha-o-cristao-nao-pode-ser-covarde.html#webpage\",\"url\":\"https:\/\/franciscanos.org.br\/noticias\/d-sevilha-o-cristao-nao-pode-ser-covarde.html\",\"name\":\"D. Sevilha: \\\"O crist\u00e3o n\u00e3o pode ser covarde\\\" - Not\u00edcias - Franciscanos\",\"isPartOf\":{\"@id\":\"https:\/\/franciscanos.org.br\/noticias\/#website\"},\"primaryImageOfPage\":{\"@id\":\"https:\/\/franciscanos.org.br\/noticias\/d-sevilha-o-cristao-nao-pode-ser-covarde.html#primaryimage\"},\"datePublished\":\"2015-04-10T00:32:10+00:00\",\"dateModified\":\"2020-06-24T19:56:53+00:00\",\"author\":{\"@id\":\"https:\/\/franciscanos.org.br\/noticias\/#\/schema\/person\/b38fbf43118f02820bd932f2e4b14ad3\"},\"breadcrumb\":{\"@id\":\"https:\/\/franciscanos.org.br\/noticias\/d-sevilha-o-cristao-nao-pode-ser-covarde.html#breadcrumb\"},\"inLanguage\":\"pt-BR\",\"potentialAction\":[{\"@type\":\"ReadAction\",\"target\":[\"https:\/\/franciscanos.org.br\/noticias\/d-sevilha-o-cristao-nao-pode-ser-covarde.html\"]}]},{\"@type\":\"BreadcrumbList\",\"@id\":\"https:\/\/franciscanos.org.br\/noticias\/d-sevilha-o-cristao-nao-pode-ser-covarde.html#breadcrumb\",\"itemListElement\":[{\"@type\":\"ListItem\",\"position\":1,\"name\":\"Home\",\"item\":\"https:\/\/franciscanos.org.br\/noticias\"},{\"@type\":\"ListItem\",\"position\":2,\"name\":\"D. Sevilha: &#8220;O crist\u00e3o n\u00e3o pode ser covarde&#8221;\"}]},{\"@type\":\"Person\",\"@id\":\"https:\/\/franciscanos.org.br\/noticias\/#\/schema\/person\/b38fbf43118f02820bd932f2e4b14ad3\",\"name\":\"admin\",\"image\":{\"@type\":\"ImageObject\",\"inLanguage\":\"pt-BR\",\"@id\":\"https:\/\/franciscanos.org.br\/noticias\/#\/schema\/person\/image\/\",\"url\":\"https:\/\/secure.gravatar.com\/avatar\/e8495742d34d0ba6448ea1c628263b3e?s=96&d=mm&r=g\",\"contentUrl\":\"https:\/\/secure.gravatar.com\/avatar\/e8495742d34d0ba6448ea1c628263b3e?s=96&d=mm&r=g\",\"caption\":\"admin\"},\"url\":\"https:\/\/franciscanos.org.br\/noticias\/author\/admin\"}]}<\/script>\n<!-- \/ Yoast SEO plugin. -->","yoast_head_json":{"title":"D. Sevilha: \"O crist\u00e3o n\u00e3o pode ser covarde\" - Not\u00edcias - Franciscanos","robots":{"index":"index","follow":"follow","max-snippet":"max-snippet:-1","max-image-preview":"max-image-preview:large","max-video-preview":"max-video-preview:-1"},"canonical":"https:\/\/franciscanos.org.br\/noticias\/d-sevilha-o-cristao-nao-pode-ser-covarde.html","og_locale":"pt_BR","og_type":"article","og_title":"D. Sevilha: \"O crist\u00e3o n\u00e3o pode ser covarde\" - Not\u00edcias - Franciscanos","og_description":"Festa da Penha","og_url":"https:\/\/franciscanos.org.br\/noticias\/d-sevilha-o-cristao-nao-pode-ser-covarde.html","og_site_name":"Not\u00edcias - Franciscanos","article_published_time":"2015-04-10T00:32:10+00:00","article_modified_time":"2020-06-24T19:56:53+00:00","og_image":[{"width":273,"height":181,"url":"https:\/\/franciscanos.org.br\/noticias\/wp-content\/uploads\/2015\/04\/altoprov2.jpg","type":"image\/jpeg"}],"author":"admin","twitter_card":"summary_large_image","twitter_misc":{"Escrito por":"admin","Est. tempo de leitura":"8 minutos"},"schema":{"@context":"https:\/\/schema.org","@graph":[{"@type":"WebSite","@id":"https:\/\/franciscanos.org.br\/noticias\/#website","url":"https:\/\/franciscanos.org.br\/noticias\/","name":"Not\u00edcias - Franciscanos","description":"Prov\u00edncia Franciscana da Imaculada Concei\u00e7\u00e3o do Brasil - Ordem dos Frades Menores - OFM","potentialAction":[{"@type":"SearchAction","target":{"@type":"EntryPoint","urlTemplate":"https:\/\/franciscanos.org.br\/noticias\/?s={search_term_string}"},"query-input":"required name=search_term_string"}],"inLanguage":"pt-BR"},{"@type":"ImageObject","inLanguage":"pt-BR","@id":"https:\/\/franciscanos.org.br\/noticias\/d-sevilha-o-cristao-nao-pode-ser-covarde.html#primaryimage","url":"https:\/\/franciscanos.org.br\/noticias\/wp-content\/uploads\/2015\/04\/altoprov2.jpg","contentUrl":"https:\/\/franciscanos.org.br\/noticias\/wp-content\/uploads\/2015\/04\/altoprov2.jpg","width":273,"height":181},{"@type":"WebPage","@id":"https:\/\/franciscanos.org.br\/noticias\/d-sevilha-o-cristao-nao-pode-ser-covarde.html#webpage","url":"https:\/\/franciscanos.org.br\/noticias\/d-sevilha-o-cristao-nao-pode-ser-covarde.html","name":"D. Sevilha: \"O crist\u00e3o n\u00e3o pode ser covarde\" - Not\u00edcias - Franciscanos","isPartOf":{"@id":"https:\/\/franciscanos.org.br\/noticias\/#website"},"primaryImageOfPage":{"@id":"https:\/\/franciscanos.org.br\/noticias\/d-sevilha-o-cristao-nao-pode-ser-covarde.html#primaryimage"},"datePublished":"2015-04-10T00:32:10+00:00","dateModified":"2020-06-24T19:56:53+00:00","author":{"@id":"https:\/\/franciscanos.org.br\/noticias\/#\/schema\/person\/b38fbf43118f02820bd932f2e4b14ad3"},"breadcrumb":{"@id":"https:\/\/franciscanos.org.br\/noticias\/d-sevilha-o-cristao-nao-pode-ser-covarde.html#breadcrumb"},"inLanguage":"pt-BR","potentialAction":[{"@type":"ReadAction","target":["https:\/\/franciscanos.org.br\/noticias\/d-sevilha-o-cristao-nao-pode-ser-covarde.html"]}]},{"@type":"BreadcrumbList","@id":"https:\/\/franciscanos.org.br\/noticias\/d-sevilha-o-cristao-nao-pode-ser-covarde.html#breadcrumb","itemListElement":[{"@type":"ListItem","position":1,"name":"Home","item":"https:\/\/franciscanos.org.br\/noticias"},{"@type":"ListItem","position":2,"name":"D. Sevilha: &#8220;O crist\u00e3o n\u00e3o pode ser covarde&#8221;"}]},{"@type":"Person","@id":"https:\/\/franciscanos.org.br\/noticias\/#\/schema\/person\/b38fbf43118f02820bd932f2e4b14ad3","name":"admin","image":{"@type":"ImageObject","inLanguage":"pt-BR","@id":"https:\/\/franciscanos.org.br\/noticias\/#\/schema\/person\/image\/","url":"https:\/\/secure.gravatar.com\/avatar\/e8495742d34d0ba6448ea1c628263b3e?s=96&d=mm&r=g","contentUrl":"https:\/\/secure.gravatar.com\/avatar\/e8495742d34d0ba6448ea1c628263b3e?s=96&d=mm&r=g","caption":"admin"},"url":"https:\/\/franciscanos.org.br\/noticias\/author\/admin"}]}},"_links":{"self":[{"href":"https:\/\/franciscanos.org.br\/noticias\/wp-json\/wp\/v2\/posts\/83413"}],"collection":[{"href":"https:\/\/franciscanos.org.br\/noticias\/wp-json\/wp\/v2\/posts"}],"about":[{"href":"https:\/\/franciscanos.org.br\/noticias\/wp-json\/wp\/v2\/types\/post"}],"author":[{"embeddable":true,"href":"https:\/\/franciscanos.org.br\/noticias\/wp-json\/wp\/v2\/users\/1"}],"replies":[{"embeddable":true,"href":"https:\/\/franciscanos.org.br\/noticias\/wp-json\/wp\/v2\/comments?post=83413"}],"version-history":[{"count":1,"href":"https:\/\/franciscanos.org.br\/noticias\/wp-json\/wp\/v2\/posts\/83413\/revisions"}],"predecessor-version":[{"id":226712,"href":"https:\/\/franciscanos.org.br\/noticias\/wp-json\/wp\/v2\/posts\/83413\/revisions\/226712"}],"wp:featuredmedia":[{"embeddable":true,"href":"https:\/\/franciscanos.org.br\/noticias\/wp-json\/wp\/v2\/media\/219998"}],"wp:attachment":[{"href":"https:\/\/franciscanos.org.br\/noticias\/wp-json\/wp\/v2\/media?parent=83413"}],"wp:term":[{"taxonomy":"category","embeddable":true,"href":"https:\/\/franciscanos.org.br\/noticias\/wp-json\/wp\/v2\/categories?post=83413"},{"taxonomy":"post_tag","embeddable":true,"href":"https:\/\/franciscanos.org.br\/noticias\/wp-json\/wp\/v2\/tags?post=83413"}],"curies":[{"name":"wp","href":"https:\/\/api.w.org\/{rel}","templated":true}]}}