{"id":8340,"date":"2011-12-08T09:26:04","date_gmt":"2011-12-08T11:26:04","guid":{"rendered":"http:\/\/new.franciscanos.org.br\/?p=8340"},"modified":"2021-07-05T20:18:08","modified_gmt":"2021-07-05T23:18:08","slug":"concerto-de-natal-reune-os-corais-dos-canarinhos-e-estudantes-de-violinos","status":"publish","type":"post","link":"https:\/\/franciscanos.org.br\/noticias\/concerto-de-natal-reune-os-corais-dos-canarinhos-e-estudantes-de-violinos.html","title":{"rendered":"Concerto de Natal re\u00fane os Corais dos Canarinhos e estudantes de violinos"},"content":{"rendered":"<p><a href=\"http:\/\/franciscanos.org.br\/wp-content\/uploads\/2011\/12\/1373_081211.jpg\"><img loading=\"lazy\" class=\"alignright\" title=\"1373_081211\" src=\"http:\/\/franciscanos.org.br\/wp-content\/uploads\/2011\/12\/1373_081211.jpg\" alt=\"\" width=\"400\" height=\"266\" \/><\/a><\/p>\n<p><strong>Por Maril\u00edzia de Azevedo, especial para este site<\/strong><\/p>\n<p>Com a chegada do final de ano os corais do Instituto dos Meninos Cantores de Petr\u00f3polis t\u00eam agenda cheia. O ponto alto ser\u00e1 o Concerto de Natal do Ponto de Cultura Aprendiz de Canarinho: Dia 10 de dezembro, \u00e0s 20h, na Igreja do Sagrado Cora\u00e7\u00e3o de Jesus, com a participa\u00e7\u00e3o do Coral dos Canarinhos, Coral das Meninas dos Canarinhos, Coral dos Aprendizes e alunos de violino da Escola de M\u00fasica do IMCP.<\/p>\n<p>\u00a0Os corais ter\u00e3o o acompanhamento de Ramon Theobald ao piano e tamb\u00e9m no cravo. Os maestros Marco Aur\u00e9lio Lischt e Marcelo Vizani prometem emocionar a todos com belas can\u00e7\u00f5es\u00a0 do repert\u00f3rio sacro e outras natalinas de conhecimento do p\u00fablico como \u201cCantiga de Nossa Senhora\u201d, \u201cAdeste Fidelis\u201d, \u201c\u00d3 vinde criancinhas\u201d, \u201cNoite de Paz\u201d,\u00a0 \u201cNoite Feliz\u201d e por a\u00ed vai.<\/p>\n<p>Este ano de 2011 foi bastante prof\u00edcuo para o Instituto dos Meninos Cantores de Petr\u00f3polis. Foi assinado o conv\u00eanio do Ponto de Cultura Aprendiz de Canarinho com a Funda\u00e7\u00e3o de Cultura e Turismo; o Coral das Meninas dos Canarinhos completaram 23 anos, em concerto que emocionou um grupo de antigas coralistas ao constatar o crescimento do coro; o Coral dos Canarinhos realizou sua s\u00e9tima turn\u00ea internacional, com enorme sucesso na Europa em cidades da \u00c1ustria, Rep\u00fablica Tcheca e Alemanha.<\/p>\n<p>\u00a0Neste m\u00eas de dezembro os tr\u00eas coros participam da agenda do Natal de Luz nas comunidades e no dia 22, \u00e0s 20h, integram o Concerto 500 Vozes na Igreja do Ros\u00e1rio, com os demais corais da cidade.<\/p>\n","protected":false},"excerpt":{"rendered":"<p>Canarinhos<\/p>\n","protected":false},"author":1,"featured_media":184909,"comment_status":"closed","ping_status":"open","sticky":false,"template":"","format":"standard","meta":[],"categories":[1],"tags":[1378],"acf":[],"yoast_head":"<!-- This site is optimized with the Yoast SEO plugin v19.2 - https:\/\/yoast.com\/wordpress\/plugins\/seo\/ -->\n<title>Concerto de Natal re\u00fane os Corais dos Canarinhos e estudantes de violinos - Not\u00edcias - Franciscanos<\/title>\n<meta name=\"robots\" content=\"index, follow, max-snippet:-1, max-image-preview:large, max-video-preview:-1\" \/>\n<link rel=\"canonical\" href=\"https:\/\/franciscanos.org.br\/noticias\/concerto-de-natal-reune-os-corais-dos-canarinhos-e-estudantes-de-violinos.html\" \/>\n<meta property=\"og:locale\" content=\"pt_BR\" \/>\n<meta property=\"og:type\" content=\"article\" \/>\n<meta property=\"og:title\" content=\"Concerto de Natal re\u00fane os Corais dos Canarinhos e estudantes de violinos - Not\u00edcias - Franciscanos\" \/>\n<meta property=\"og:description\" content=\"Canarinhos\" \/>\n<meta property=\"og:url\" content=\"https:\/\/franciscanos.org.br\/noticias\/concerto-de-natal-reune-os-corais-dos-canarinhos-e-estudantes-de-violinos.html\" \/>\n<meta property=\"og:site_name\" content=\"Not\u00edcias - Franciscanos\" \/>\n<meta property=\"article:published_time\" content=\"2011-12-08T11:26:04+00:00\" \/>\n<meta property=\"article:modified_time\" content=\"2021-07-05T23:18:08+00:00\" \/>\n<meta property=\"og:image\" content=\"https:\/\/franciscanos.org.br\/noticias\/wp-content\/uploads\/2018\/11\/1373_081211-1.jpg\" \/>\n\t<meta property=\"og:image:width\" content=\"400\" \/>\n\t<meta property=\"og:image:height\" content=\"266\" \/>\n\t<meta property=\"og:image:type\" content=\"image\/jpeg\" \/>\n<meta name=\"author\" content=\"admin\" \/>\n<meta name=\"twitter:card\" content=\"summary_large_image\" \/>\n<meta name=\"twitter:label1\" content=\"Escrito por\" \/>\n\t<meta name=\"twitter:data1\" content=\"admin\" \/>\n\t<meta name=\"twitter:label2\" content=\"Est. tempo de leitura\" \/>\n\t<meta name=\"twitter:data2\" content=\"1 minuto\" \/>\n<script type=\"application\/ld+json\" class=\"yoast-schema-graph\">{\"@context\":\"https:\/\/schema.org\",\"@graph\":[{\"@type\":\"WebSite\",\"@id\":\"https:\/\/franciscanos.org.br\/noticias\/#website\",\"url\":\"https:\/\/franciscanos.org.br\/noticias\/\",\"name\":\"Not\u00edcias - Franciscanos\",\"description\":\"Prov\u00edncia Franciscana da Imaculada Concei\u00e7\u00e3o do Brasil - Ordem dos Frades Menores - OFM\",\"potentialAction\":[{\"@type\":\"SearchAction\",\"target\":{\"@type\":\"EntryPoint\",\"urlTemplate\":\"https:\/\/franciscanos.org.br\/noticias\/?s={search_term_string}\"},\"query-input\":\"required name=search_term_string\"}],\"inLanguage\":\"pt-BR\"},{\"@type\":\"ImageObject\",\"inLanguage\":\"pt-BR\",\"@id\":\"https:\/\/franciscanos.org.br\/noticias\/concerto-de-natal-reune-os-corais-dos-canarinhos-e-estudantes-de-violinos.html#primaryimage\",\"url\":\"https:\/\/franciscanos.org.br\/noticias\/wp-content\/uploads\/2018\/11\/1373_081211-1.jpg\",\"contentUrl\":\"https:\/\/franciscanos.org.br\/noticias\/wp-content\/uploads\/2018\/11\/1373_081211-1.jpg\",\"width\":400,\"height\":266},{\"@type\":\"WebPage\",\"@id\":\"https:\/\/franciscanos.org.br\/noticias\/concerto-de-natal-reune-os-corais-dos-canarinhos-e-estudantes-de-violinos.html#webpage\",\"url\":\"https:\/\/franciscanos.org.br\/noticias\/concerto-de-natal-reune-os-corais-dos-canarinhos-e-estudantes-de-violinos.html\",\"name\":\"Concerto de Natal re\u00fane os Corais dos Canarinhos e estudantes de violinos - Not\u00edcias - Franciscanos\",\"isPartOf\":{\"@id\":\"https:\/\/franciscanos.org.br\/noticias\/#website\"},\"primaryImageOfPage\":{\"@id\":\"https:\/\/franciscanos.org.br\/noticias\/concerto-de-natal-reune-os-corais-dos-canarinhos-e-estudantes-de-violinos.html#primaryimage\"},\"datePublished\":\"2011-12-08T11:26:04+00:00\",\"dateModified\":\"2021-07-05T23:18:08+00:00\",\"author\":{\"@id\":\"https:\/\/franciscanos.org.br\/noticias\/#\/schema\/person\/b38fbf43118f02820bd932f2e4b14ad3\"},\"breadcrumb\":{\"@id\":\"https:\/\/franciscanos.org.br\/noticias\/concerto-de-natal-reune-os-corais-dos-canarinhos-e-estudantes-de-violinos.html#breadcrumb\"},\"inLanguage\":\"pt-BR\",\"potentialAction\":[{\"@type\":\"ReadAction\",\"target\":[\"https:\/\/franciscanos.org.br\/noticias\/concerto-de-natal-reune-os-corais-dos-canarinhos-e-estudantes-de-violinos.html\"]}]},{\"@type\":\"BreadcrumbList\",\"@id\":\"https:\/\/franciscanos.org.br\/noticias\/concerto-de-natal-reune-os-corais-dos-canarinhos-e-estudantes-de-violinos.html#breadcrumb\",\"itemListElement\":[{\"@type\":\"ListItem\",\"position\":1,\"name\":\"Home\",\"item\":\"https:\/\/franciscanos.org.br\/noticias\"},{\"@type\":\"ListItem\",\"position\":2,\"name\":\"Concerto de Natal re\u00fane os Corais dos Canarinhos e estudantes de violinos\"}]},{\"@type\":\"Person\",\"@id\":\"https:\/\/franciscanos.org.br\/noticias\/#\/schema\/person\/b38fbf43118f02820bd932f2e4b14ad3\",\"name\":\"admin\",\"image\":{\"@type\":\"ImageObject\",\"inLanguage\":\"pt-BR\",\"@id\":\"https:\/\/franciscanos.org.br\/noticias\/#\/schema\/person\/image\/\",\"url\":\"https:\/\/secure.gravatar.com\/avatar\/e8495742d34d0ba6448ea1c628263b3e?s=96&d=mm&r=g\",\"contentUrl\":\"https:\/\/secure.gravatar.com\/avatar\/e8495742d34d0ba6448ea1c628263b3e?s=96&d=mm&r=g\",\"caption\":\"admin\"},\"url\":\"https:\/\/franciscanos.org.br\/noticias\/author\/admin\"}]}<\/script>\n<!-- \/ Yoast SEO plugin. -->","yoast_head_json":{"title":"Concerto de Natal re\u00fane os Corais dos Canarinhos e estudantes de violinos - Not\u00edcias - Franciscanos","robots":{"index":"index","follow":"follow","max-snippet":"max-snippet:-1","max-image-preview":"max-image-preview:large","max-video-preview":"max-video-preview:-1"},"canonical":"https:\/\/franciscanos.org.br\/noticias\/concerto-de-natal-reune-os-corais-dos-canarinhos-e-estudantes-de-violinos.html","og_locale":"pt_BR","og_type":"article","og_title":"Concerto de Natal re\u00fane os Corais dos Canarinhos e estudantes de violinos - Not\u00edcias - Franciscanos","og_description":"Canarinhos","og_url":"https:\/\/franciscanos.org.br\/noticias\/concerto-de-natal-reune-os-corais-dos-canarinhos-e-estudantes-de-violinos.html","og_site_name":"Not\u00edcias - Franciscanos","article_published_time":"2011-12-08T11:26:04+00:00","article_modified_time":"2021-07-05T23:18:08+00:00","og_image":[{"width":400,"height":266,"url":"https:\/\/franciscanos.org.br\/noticias\/wp-content\/uploads\/2018\/11\/1373_081211-1.jpg","type":"image\/jpeg"}],"author":"admin","twitter_card":"summary_large_image","twitter_misc":{"Escrito por":"admin","Est. tempo de leitura":"1 minuto"},"schema":{"@context":"https:\/\/schema.org","@graph":[{"@type":"WebSite","@id":"https:\/\/franciscanos.org.br\/noticias\/#website","url":"https:\/\/franciscanos.org.br\/noticias\/","name":"Not\u00edcias - Franciscanos","description":"Prov\u00edncia Franciscana da Imaculada Concei\u00e7\u00e3o do Brasil - Ordem dos Frades Menores - OFM","potentialAction":[{"@type":"SearchAction","target":{"@type":"EntryPoint","urlTemplate":"https:\/\/franciscanos.org.br\/noticias\/?s={search_term_string}"},"query-input":"required name=search_term_string"}],"inLanguage":"pt-BR"},{"@type":"ImageObject","inLanguage":"pt-BR","@id":"https:\/\/franciscanos.org.br\/noticias\/concerto-de-natal-reune-os-corais-dos-canarinhos-e-estudantes-de-violinos.html#primaryimage","url":"https:\/\/franciscanos.org.br\/noticias\/wp-content\/uploads\/2018\/11\/1373_081211-1.jpg","contentUrl":"https:\/\/franciscanos.org.br\/noticias\/wp-content\/uploads\/2018\/11\/1373_081211-1.jpg","width":400,"height":266},{"@type":"WebPage","@id":"https:\/\/franciscanos.org.br\/noticias\/concerto-de-natal-reune-os-corais-dos-canarinhos-e-estudantes-de-violinos.html#webpage","url":"https:\/\/franciscanos.org.br\/noticias\/concerto-de-natal-reune-os-corais-dos-canarinhos-e-estudantes-de-violinos.html","name":"Concerto de Natal re\u00fane os Corais dos Canarinhos e estudantes de violinos - Not\u00edcias - Franciscanos","isPartOf":{"@id":"https:\/\/franciscanos.org.br\/noticias\/#website"},"primaryImageOfPage":{"@id":"https:\/\/franciscanos.org.br\/noticias\/concerto-de-natal-reune-os-corais-dos-canarinhos-e-estudantes-de-violinos.html#primaryimage"},"datePublished":"2011-12-08T11:26:04+00:00","dateModified":"2021-07-05T23:18:08+00:00","author":{"@id":"https:\/\/franciscanos.org.br\/noticias\/#\/schema\/person\/b38fbf43118f02820bd932f2e4b14ad3"},"breadcrumb":{"@id":"https:\/\/franciscanos.org.br\/noticias\/concerto-de-natal-reune-os-corais-dos-canarinhos-e-estudantes-de-violinos.html#breadcrumb"},"inLanguage":"pt-BR","potentialAction":[{"@type":"ReadAction","target":["https:\/\/franciscanos.org.br\/noticias\/concerto-de-natal-reune-os-corais-dos-canarinhos-e-estudantes-de-violinos.html"]}]},{"@type":"BreadcrumbList","@id":"https:\/\/franciscanos.org.br\/noticias\/concerto-de-natal-reune-os-corais-dos-canarinhos-e-estudantes-de-violinos.html#breadcrumb","itemListElement":[{"@type":"ListItem","position":1,"name":"Home","item":"https:\/\/franciscanos.org.br\/noticias"},{"@type":"ListItem","position":2,"name":"Concerto de Natal re\u00fane os Corais dos Canarinhos e estudantes de violinos"}]},{"@type":"Person","@id":"https:\/\/franciscanos.org.br\/noticias\/#\/schema\/person\/b38fbf43118f02820bd932f2e4b14ad3","name":"admin","image":{"@type":"ImageObject","inLanguage":"pt-BR","@id":"https:\/\/franciscanos.org.br\/noticias\/#\/schema\/person\/image\/","url":"https:\/\/secure.gravatar.com\/avatar\/e8495742d34d0ba6448ea1c628263b3e?s=96&d=mm&r=g","contentUrl":"https:\/\/secure.gravatar.com\/avatar\/e8495742d34d0ba6448ea1c628263b3e?s=96&d=mm&r=g","caption":"admin"},"url":"https:\/\/franciscanos.org.br\/noticias\/author\/admin"}]}},"_links":{"self":[{"href":"https:\/\/franciscanos.org.br\/noticias\/wp-json\/wp\/v2\/posts\/8340"}],"collection":[{"href":"https:\/\/franciscanos.org.br\/noticias\/wp-json\/wp\/v2\/posts"}],"about":[{"href":"https:\/\/franciscanos.org.br\/noticias\/wp-json\/wp\/v2\/types\/post"}],"author":[{"embeddable":true,"href":"https:\/\/franciscanos.org.br\/noticias\/wp-json\/wp\/v2\/users\/1"}],"replies":[{"embeddable":true,"href":"https:\/\/franciscanos.org.br\/noticias\/wp-json\/wp\/v2\/comments?post=8340"}],"version-history":[{"count":1,"href":"https:\/\/franciscanos.org.br\/noticias\/wp-json\/wp\/v2\/posts\/8340\/revisions"}],"predecessor-version":[{"id":232916,"href":"https:\/\/franciscanos.org.br\/noticias\/wp-json\/wp\/v2\/posts\/8340\/revisions\/232916"}],"wp:featuredmedia":[{"embeddable":true,"href":"https:\/\/franciscanos.org.br\/noticias\/wp-json\/wp\/v2\/media\/184909"}],"wp:attachment":[{"href":"https:\/\/franciscanos.org.br\/noticias\/wp-json\/wp\/v2\/media?parent=8340"}],"wp:term":[{"taxonomy":"category","embeddable":true,"href":"https:\/\/franciscanos.org.br\/noticias\/wp-json\/wp\/v2\/categories?post=8340"},{"taxonomy":"post_tag","embeddable":true,"href":"https:\/\/franciscanos.org.br\/noticias\/wp-json\/wp\/v2\/tags?post=8340"}],"curies":[{"name":"wp","href":"https:\/\/api.w.org\/{rel}","templated":true}]}}