{"id":83258,"date":"2015-04-10T00:55:05","date_gmt":"2015-04-10T03:55:05","guid":{"rendered":"http:\/\/franciscanos.org.br\/?p=83258"},"modified":"2019-07-04T14:08:38","modified_gmt":"2019-07-04T17:08:38","slug":"repam-um-novo-servico-eclesial-em-prol-da-amazonia","status":"publish","type":"post","link":"https:\/\/franciscanos.org.br\/noticias\/repam-um-novo-servico-eclesial-em-prol-da-amazonia.html","title":{"rendered":"Repam:  um novo servi\u00e7o eclesial em prol da Amaz\u00f4nia"},"content":{"rendered":"<p><img loading=\"lazy\" src=\"http:\/\/franciscanos.org.br\/wp-content\/uploads\/2015\/04\/repam.jpg\" alt=\"repam\" width=\"820\" height=\"368\" \/><\/p>\n<p>Uma gra\u00e7a, um sinal de esperan\u00e7a, uma resposta de Deus aos muitos desafios na Amaz\u00f4nia. Estas s\u00e3o algumas das express\u00f5es usadas para referir-se \u00e0 cria\u00e7\u00e3o da <strong>REDE ECLESIAL PAN-AMAZ\u00d4NICA \u2013 REPAM<\/strong>. O pr\u00f3prio Papa Francisco apoia e aben\u00e7oa esta iniciativa.<\/p>\n<p>Repam quer ser um servi\u00e7o, um esfor\u00e7o conjunto, uma express\u00e3o de comunh\u00e3o e solidariedade, um refor\u00e7o na Pastoral de Conjunto para melhor defender, promover e cuidar da vida, da cria\u00e7\u00e3o, dos povos e comunidades da Amaz\u00f4nia com suas culturas, sua f\u00e9, sua religiosidade, seus valores. Ela se prop\u00f5e a unir for\u00e7as, criar caminhos de di\u00e1logo, coopera\u00e7\u00e3o e articula\u00e7\u00e3o, uma conflu\u00eancia de esfor\u00e7os das Igrejas locais, Congrega\u00e7\u00f5es religiosas, Institui\u00e7\u00f5es eclesiais e do laicato, e organiza\u00e7\u00f5es afins, com voz prof\u00e9tica e ao servi\u00e7o da vida, da cria\u00e7\u00e3o, dos pobres, e do bem comum. Ela quer acolher e envolver em rede as muitas organiza\u00e7\u00f5es, entidades, pessoas, grupos, que de fora demonstram solidariedade e interesse pela defesa e pelo cuidado da Amaz\u00f4nia.<\/p>\n<p>Diversos Encontros realizados na Am\u00e9rica Latina prepararam a gesta\u00e7\u00e3o e o nascimento da Repam. Ela nasceu propriamente no Encontro de Bras\u00edlia, na sede das Pontif\u00edcias Obras Mission\u00e1rias (POM), do dia 9 a 12 de setembro de 2014. O Encontro teve o patroc\u00ednio de quatro Institui\u00e7\u00f5es Eclesi\u00e1sticas: o Departamento de Justi\u00e7a e Solidariedade do Celam, representado por D. Pedro Barreto; a Comiss\u00e3o para a Amaz\u00f4nia da CNBB, representada pelo cardeal Cl\u00e1udio Hummes; o Secretariado da Am\u00e9rica Latina e do Caribe da Caritas (Selacc), representado por D. Jos\u00e9 Lu\u00eds Azuaje; a Confer\u00eancia Latino-Americana e Caribenha de Religiosos e Religiosas (CLAR), representada pela Ir. Mercedes Casas. Estava Tebaldo Vinciguerra pelo Pontif\u00edcio Conselho de Justi\u00e7a e Paz, levando apoio \u00e0 iniciativa. Al\u00e9m deles, participaram representantes de 11 pa\u00edses, entre eles os que comp\u00f5em a regi\u00e3o: Brasil, Bol\u00edvia, Equador, Guiana, Guiana Francesa, Peru, Suriname e Venezuela. Foram convidados representantes de diferentes Dioceses, Organismos, ONGs, Entidades e Congrega\u00e7\u00f5es Religiosas, entre as quais a Ordem dos Frades Menores.<\/p>\n<p><a href=\"http:\/\/franciscanos.org.br\/wp-content\/uploads\/2015\/04\/repam2.jpg\"><img loading=\"lazy\" class=\"alignright wp-image-83261 size-full\" src=\"http:\/\/franciscanos.org.br\/wp-content\/uploads\/2015\/04\/repam2.jpg\" alt=\"repam2\" width=\"450\" height=\"222\" \/><\/a>A Repam ganhou refor\u00e7o no Encontro de Roma, do dia 2 a 4 de mar\u00e7o de 2015, com o envolvimento direto do Pontif\u00edcio Conselho de Justi\u00e7a e Paz, na pessoa de seu Presidente cardeal Peter Turkson. Este Encontro iniciou na Sala de Imprensa da Santa S\u00e9 com um ato oficial de lan\u00e7amento e apresenta\u00e7\u00e3o da Repam diante da imprensa internacional, de autoridades do Vaticano, de Redes fraternas, de representantes oficiais, de amigos e amigas. As Institui\u00e7\u00f5es presentes em Bras\u00edlia, por ocasi\u00e3o da cria\u00e7\u00e3o da Rede, e outros convidados estavam presentes em Roma. No Encontro houve ampla e participada reflex\u00e3o sobre as realidades desafiadoras da Amaz\u00f4nia e sobre a necessidade de refor\u00e7ar a solidariedade, dentro e fora, em forma de rede articulada. A expans\u00e3o do grande capital na explora\u00e7\u00e3o da Amaz\u00f4nia atrav\u00e9s da minera\u00e7\u00e3o, agropecu\u00e1ria, constru\u00e7\u00e3o de estradas, hidrel\u00e9tricas e empresas madeireiras exige da Igreja maior presen\u00e7a prof\u00e9tica. \u00a0<em>\u201cA Igreja na Amaz\u00f4nia quer se juntar a uma rede para somar esfor\u00e7os, para encorajar uns aos outros e ter uma voz prof\u00e9tica nos n\u00edveis internacionais mais importantes, quando a Amaz\u00f4nia e seu povo est\u00e3o em quest\u00e3o\u201d<\/em>, afirma cardeal Cl\u00e1udio Hummes que foi escolhido para ser o animador e coordenador na constru\u00e7\u00e3o e solidifica\u00e7\u00e3o da Repam, junto com Maur\u00edcio Lopez no servi\u00e7o de Secretaria.<\/p>\n<p>Voc\u00ea est\u00e1 convidado a conhecer a Repam, participar dela e divulg\u00e1-la. Visite a p\u00e1gina web: \u00a0<a href=\"http:\/\/www.redamazonica.org\">www.redamazonica.org<\/a> , bem como <a href=\"http:\/\/www.cnbb.org.br\">www.cnbb.org.br<\/a> na se\u00e7\u00e3o <strong>Comiss\u00f5es Episcopais<\/strong> buscando o item <strong>Amaz\u00f4nia<\/strong>. Ali vai encontrar muitas informa\u00e7\u00f5es. Al\u00e9m disso, veja o <a href=\"http:\/\/youtu.be\/CvxdZHK3c1w\">v\u00eddeo de lan\u00e7amento da Rede<\/a>\u00a0 e a carta pastoral <a href=\"https:\/\/gallery.mailchimp.com\/51e95fad153e82fc2697d5ec3\/files\/CartaPastroralREPAM_PV.pdf\">Confira a \u00edntegra do texto<\/a>.<\/p>\n<p><em>\u00a0<\/em><em>Frei Nestor In\u00e1cio Schwerz,<\/em><\/p>\n<p><em>Definidor geral da Ordem dos Frades Menores (OFM).\u00a0 <\/em><\/p>\n<p><em>\u00a0<\/em>Roma, 07\/04\/2015<\/p>\n","protected":false},"excerpt":{"rendered":"<p>Rede Eclesial Pan-amaz\u00f4nica<\/p>\n","protected":false},"author":1,"featured_media":207315,"comment_status":"open","ping_status":"open","sticky":false,"template":"","format":"standard","meta":[],"categories":[1],"tags":[201,833],"acf":[],"yoast_head":"<!-- This site is optimized with the Yoast SEO plugin v19.2 - https:\/\/yoast.com\/wordpress\/plugins\/seo\/ -->\n<title>Repam: um novo servi\u00e7o eclesial em prol da Amaz\u00f4nia - Not\u00edcias - Franciscanos<\/title>\n<meta name=\"robots\" content=\"index, follow, max-snippet:-1, max-image-preview:large, max-video-preview:-1\" \/>\n<link rel=\"canonical\" href=\"https:\/\/franciscanos.org.br\/noticias\/repam-um-novo-servico-eclesial-em-prol-da-amazonia.html\" \/>\n<meta property=\"og:locale\" content=\"pt_BR\" \/>\n<meta property=\"og:type\" content=\"article\" \/>\n<meta property=\"og:title\" content=\"Repam: um novo servi\u00e7o eclesial em prol da Amaz\u00f4nia - Not\u00edcias - Franciscanos\" \/>\n<meta property=\"og:description\" content=\"Rede Eclesial Pan-amaz\u00f4nica\" \/>\n<meta property=\"og:url\" content=\"https:\/\/franciscanos.org.br\/noticias\/repam-um-novo-servico-eclesial-em-prol-da-amazonia.html\" \/>\n<meta property=\"og:site_name\" content=\"Not\u00edcias - Franciscanos\" \/>\n<meta property=\"article:published_time\" content=\"2015-04-10T03:55:05+00:00\" \/>\n<meta property=\"article:modified_time\" content=\"2019-07-04T17:08:38+00:00\" \/>\n<meta property=\"og:image\" content=\"https:\/\/franciscanos.org.br\/noticias\/wp-content\/uploads\/2015\/04\/REPAM-1.jpg\" \/>\n\t<meta property=\"og:image:width\" content=\"273\" \/>\n\t<meta property=\"og:image:height\" content=\"181\" \/>\n\t<meta property=\"og:image:type\" content=\"image\/jpeg\" \/>\n<meta name=\"author\" content=\"admin\" \/>\n<meta name=\"twitter:card\" content=\"summary_large_image\" \/>\n<meta name=\"twitter:label1\" content=\"Escrito por\" \/>\n\t<meta name=\"twitter:data1\" content=\"admin\" \/>\n\t<meta name=\"twitter:label2\" content=\"Est. tempo de leitura\" \/>\n\t<meta name=\"twitter:data2\" content=\"3 minutos\" \/>\n<script type=\"application\/ld+json\" class=\"yoast-schema-graph\">{\"@context\":\"https:\/\/schema.org\",\"@graph\":[{\"@type\":\"WebSite\",\"@id\":\"https:\/\/franciscanos.org.br\/noticias\/#website\",\"url\":\"https:\/\/franciscanos.org.br\/noticias\/\",\"name\":\"Not\u00edcias - Franciscanos\",\"description\":\"Prov\u00edncia Franciscana da Imaculada Concei\u00e7\u00e3o do Brasil - Ordem dos Frades Menores - OFM\",\"potentialAction\":[{\"@type\":\"SearchAction\",\"target\":{\"@type\":\"EntryPoint\",\"urlTemplate\":\"https:\/\/franciscanos.org.br\/noticias\/?s={search_term_string}\"},\"query-input\":\"required name=search_term_string\"}],\"inLanguage\":\"pt-BR\"},{\"@type\":\"ImageObject\",\"inLanguage\":\"pt-BR\",\"@id\":\"https:\/\/franciscanos.org.br\/noticias\/repam-um-novo-servico-eclesial-em-prol-da-amazonia.html#primaryimage\",\"url\":\"https:\/\/franciscanos.org.br\/noticias\/wp-content\/uploads\/2015\/04\/REPAM-1.jpg\",\"contentUrl\":\"https:\/\/franciscanos.org.br\/noticias\/wp-content\/uploads\/2015\/04\/REPAM-1.jpg\",\"width\":273,\"height\":181},{\"@type\":\"WebPage\",\"@id\":\"https:\/\/franciscanos.org.br\/noticias\/repam-um-novo-servico-eclesial-em-prol-da-amazonia.html#webpage\",\"url\":\"https:\/\/franciscanos.org.br\/noticias\/repam-um-novo-servico-eclesial-em-prol-da-amazonia.html\",\"name\":\"Repam: um novo servi\u00e7o eclesial em prol da Amaz\u00f4nia - Not\u00edcias - Franciscanos\",\"isPartOf\":{\"@id\":\"https:\/\/franciscanos.org.br\/noticias\/#website\"},\"primaryImageOfPage\":{\"@id\":\"https:\/\/franciscanos.org.br\/noticias\/repam-um-novo-servico-eclesial-em-prol-da-amazonia.html#primaryimage\"},\"datePublished\":\"2015-04-10T03:55:05+00:00\",\"dateModified\":\"2019-07-04T17:08:38+00:00\",\"author\":{\"@id\":\"https:\/\/franciscanos.org.br\/noticias\/#\/schema\/person\/b38fbf43118f02820bd932f2e4b14ad3\"},\"breadcrumb\":{\"@id\":\"https:\/\/franciscanos.org.br\/noticias\/repam-um-novo-servico-eclesial-em-prol-da-amazonia.html#breadcrumb\"},\"inLanguage\":\"pt-BR\",\"potentialAction\":[{\"@type\":\"ReadAction\",\"target\":[\"https:\/\/franciscanos.org.br\/noticias\/repam-um-novo-servico-eclesial-em-prol-da-amazonia.html\"]}]},{\"@type\":\"BreadcrumbList\",\"@id\":\"https:\/\/franciscanos.org.br\/noticias\/repam-um-novo-servico-eclesial-em-prol-da-amazonia.html#breadcrumb\",\"itemListElement\":[{\"@type\":\"ListItem\",\"position\":1,\"name\":\"Home\",\"item\":\"https:\/\/franciscanos.org.br\/noticias\"},{\"@type\":\"ListItem\",\"position\":2,\"name\":\"Repam: um novo servi\u00e7o eclesial em prol da Amaz\u00f4nia\"}]},{\"@type\":\"Person\",\"@id\":\"https:\/\/franciscanos.org.br\/noticias\/#\/schema\/person\/b38fbf43118f02820bd932f2e4b14ad3\",\"name\":\"admin\",\"image\":{\"@type\":\"ImageObject\",\"inLanguage\":\"pt-BR\",\"@id\":\"https:\/\/franciscanos.org.br\/noticias\/#\/schema\/person\/image\/\",\"url\":\"https:\/\/secure.gravatar.com\/avatar\/e8495742d34d0ba6448ea1c628263b3e?s=96&d=mm&r=g\",\"contentUrl\":\"https:\/\/secure.gravatar.com\/avatar\/e8495742d34d0ba6448ea1c628263b3e?s=96&d=mm&r=g\",\"caption\":\"admin\"},\"url\":\"https:\/\/franciscanos.org.br\/noticias\/author\/admin\"}]}<\/script>\n<!-- \/ Yoast SEO plugin. -->","yoast_head_json":{"title":"Repam: um novo servi\u00e7o eclesial em prol da Amaz\u00f4nia - Not\u00edcias - Franciscanos","robots":{"index":"index","follow":"follow","max-snippet":"max-snippet:-1","max-image-preview":"max-image-preview:large","max-video-preview":"max-video-preview:-1"},"canonical":"https:\/\/franciscanos.org.br\/noticias\/repam-um-novo-servico-eclesial-em-prol-da-amazonia.html","og_locale":"pt_BR","og_type":"article","og_title":"Repam: um novo servi\u00e7o eclesial em prol da Amaz\u00f4nia - Not\u00edcias - Franciscanos","og_description":"Rede Eclesial Pan-amaz\u00f4nica","og_url":"https:\/\/franciscanos.org.br\/noticias\/repam-um-novo-servico-eclesial-em-prol-da-amazonia.html","og_site_name":"Not\u00edcias - Franciscanos","article_published_time":"2015-04-10T03:55:05+00:00","article_modified_time":"2019-07-04T17:08:38+00:00","og_image":[{"width":273,"height":181,"url":"https:\/\/franciscanos.org.br\/noticias\/wp-content\/uploads\/2015\/04\/REPAM-1.jpg","type":"image\/jpeg"}],"author":"admin","twitter_card":"summary_large_image","twitter_misc":{"Escrito por":"admin","Est. tempo de leitura":"3 minutos"},"schema":{"@context":"https:\/\/schema.org","@graph":[{"@type":"WebSite","@id":"https:\/\/franciscanos.org.br\/noticias\/#website","url":"https:\/\/franciscanos.org.br\/noticias\/","name":"Not\u00edcias - Franciscanos","description":"Prov\u00edncia Franciscana da Imaculada Concei\u00e7\u00e3o do Brasil - Ordem dos Frades Menores - OFM","potentialAction":[{"@type":"SearchAction","target":{"@type":"EntryPoint","urlTemplate":"https:\/\/franciscanos.org.br\/noticias\/?s={search_term_string}"},"query-input":"required name=search_term_string"}],"inLanguage":"pt-BR"},{"@type":"ImageObject","inLanguage":"pt-BR","@id":"https:\/\/franciscanos.org.br\/noticias\/repam-um-novo-servico-eclesial-em-prol-da-amazonia.html#primaryimage","url":"https:\/\/franciscanos.org.br\/noticias\/wp-content\/uploads\/2015\/04\/REPAM-1.jpg","contentUrl":"https:\/\/franciscanos.org.br\/noticias\/wp-content\/uploads\/2015\/04\/REPAM-1.jpg","width":273,"height":181},{"@type":"WebPage","@id":"https:\/\/franciscanos.org.br\/noticias\/repam-um-novo-servico-eclesial-em-prol-da-amazonia.html#webpage","url":"https:\/\/franciscanos.org.br\/noticias\/repam-um-novo-servico-eclesial-em-prol-da-amazonia.html","name":"Repam: um novo servi\u00e7o eclesial em prol da Amaz\u00f4nia - Not\u00edcias - Franciscanos","isPartOf":{"@id":"https:\/\/franciscanos.org.br\/noticias\/#website"},"primaryImageOfPage":{"@id":"https:\/\/franciscanos.org.br\/noticias\/repam-um-novo-servico-eclesial-em-prol-da-amazonia.html#primaryimage"},"datePublished":"2015-04-10T03:55:05+00:00","dateModified":"2019-07-04T17:08:38+00:00","author":{"@id":"https:\/\/franciscanos.org.br\/noticias\/#\/schema\/person\/b38fbf43118f02820bd932f2e4b14ad3"},"breadcrumb":{"@id":"https:\/\/franciscanos.org.br\/noticias\/repam-um-novo-servico-eclesial-em-prol-da-amazonia.html#breadcrumb"},"inLanguage":"pt-BR","potentialAction":[{"@type":"ReadAction","target":["https:\/\/franciscanos.org.br\/noticias\/repam-um-novo-servico-eclesial-em-prol-da-amazonia.html"]}]},{"@type":"BreadcrumbList","@id":"https:\/\/franciscanos.org.br\/noticias\/repam-um-novo-servico-eclesial-em-prol-da-amazonia.html#breadcrumb","itemListElement":[{"@type":"ListItem","position":1,"name":"Home","item":"https:\/\/franciscanos.org.br\/noticias"},{"@type":"ListItem","position":2,"name":"Repam: um novo servi\u00e7o eclesial em prol da Amaz\u00f4nia"}]},{"@type":"Person","@id":"https:\/\/franciscanos.org.br\/noticias\/#\/schema\/person\/b38fbf43118f02820bd932f2e4b14ad3","name":"admin","image":{"@type":"ImageObject","inLanguage":"pt-BR","@id":"https:\/\/franciscanos.org.br\/noticias\/#\/schema\/person\/image\/","url":"https:\/\/secure.gravatar.com\/avatar\/e8495742d34d0ba6448ea1c628263b3e?s=96&d=mm&r=g","contentUrl":"https:\/\/secure.gravatar.com\/avatar\/e8495742d34d0ba6448ea1c628263b3e?s=96&d=mm&r=g","caption":"admin"},"url":"https:\/\/franciscanos.org.br\/noticias\/author\/admin"}]}},"_links":{"self":[{"href":"https:\/\/franciscanos.org.br\/noticias\/wp-json\/wp\/v2\/posts\/83258"}],"collection":[{"href":"https:\/\/franciscanos.org.br\/noticias\/wp-json\/wp\/v2\/posts"}],"about":[{"href":"https:\/\/franciscanos.org.br\/noticias\/wp-json\/wp\/v2\/types\/post"}],"author":[{"embeddable":true,"href":"https:\/\/franciscanos.org.br\/noticias\/wp-json\/wp\/v2\/users\/1"}],"replies":[{"embeddable":true,"href":"https:\/\/franciscanos.org.br\/noticias\/wp-json\/wp\/v2\/comments?post=83258"}],"version-history":[{"count":0,"href":"https:\/\/franciscanos.org.br\/noticias\/wp-json\/wp\/v2\/posts\/83258\/revisions"}],"wp:featuredmedia":[{"embeddable":true,"href":"https:\/\/franciscanos.org.br\/noticias\/wp-json\/wp\/v2\/media\/207315"}],"wp:attachment":[{"href":"https:\/\/franciscanos.org.br\/noticias\/wp-json\/wp\/v2\/media?parent=83258"}],"wp:term":[{"taxonomy":"category","embeddable":true,"href":"https:\/\/franciscanos.org.br\/noticias\/wp-json\/wp\/v2\/categories?post=83258"},{"taxonomy":"post_tag","embeddable":true,"href":"https:\/\/franciscanos.org.br\/noticias\/wp-json\/wp\/v2\/tags?post=83258"}],"curies":[{"name":"wp","href":"https:\/\/api.w.org\/{rel}","templated":true}]}}