{"id":83061,"date":"2015-04-07T20:37:23","date_gmt":"2015-04-07T23:37:23","guid":{"rendered":"http:\/\/franciscanos.org.br\/?p=83061"},"modified":"2020-06-24T16:57:34","modified_gmt":"2020-06-24T19:57:34","slug":"os-afagos-e-provocacoes-de-dom-sevilha","status":"publish","type":"post","link":"https:\/\/franciscanos.org.br\/noticias\/os-afagos-e-provocacoes-de-dom-sevilha.html","title":{"rendered":"Os afagos e provoca\u00e7\u00f5es de Dom Sevilha"},"content":{"rendered":"<p><img loading=\"lazy\" src=\"http:\/\/franciscanos.org.br\/wp-content\/uploads\/2015\/04\/alto.jpg\" alt=\"alto\" width=\"820\" height=\"396\" \/><\/p>\n<p><strong>Moacir Beggo<\/strong><\/p>\n<p><strong>Vila Velha (ES)<\/strong> &#8211; Na sua primeira celebra\u00e7\u00e3o durante a Festa da Penha, o bispo auxiliar da Arquidiocese de Vit\u00f3ria, Dom Rubens Sevilha, OCD, brindou um Campinho lotado de fi\u00e9is e romeiros com uma reflex\u00e3o bem ao seu estilo: ao mesmo tempo que afagou, provocou e questionou.<\/p>\n<p>Este terceiro dia de homenagens \u00e0 M\u00e3e de Deus e Virgem da Penha teve a coordena\u00e7\u00e3o da regi\u00e3o pastoral de Cariacica\/Viana. Dom Sevilha presidiu a celebra\u00e7\u00e3o tendo como concelebrantes sacerdotes desta \u00e1rea pastoral, os frades do Convento da Penha, do Santu\u00e1rio do Divino Esp\u00edrito Santo e os frades de Colatina. O tempo nublado ajudou e o povo deu outra grande demonstra\u00e7\u00e3o de f\u00e9, beleza e devo\u00e7\u00e3o.<\/p>\n<p>Na sua homilia, Dom Sevilha falou da nossa alegria em ter Jesus Ressuscitado caminhando conosco, da mensagem de P\u00e1scoa que &#8220;tudo vai terminar bem&#8221;, e que o c\u00e9u \u00e9 fazer as pessoas felizes.<\/p>\n<p><strong>PRA TUDO TEM UM JEITO<\/strong><\/p>\n<p><a href=\"http:\/\/franciscanos.org.br\/wp-content\/uploads\/2015\/04\/home.jpg\"><img loading=\"lazy\" class=\"alignright size-full wp-image-83064\" src=\"http:\/\/franciscanos.org.br\/wp-content\/uploads\/2015\/04\/home.jpg\" alt=\"home\" width=\"500\" height=\"250\" \/><\/a>Segundo Dom Sevilha, estamos num tempo especial da Igreja, onde celebramos, na alegria da P\u00e1scoa, Nossa Senhora das Alegrias.<\/p>\n<p>&#8220;Por que esta alegria da P\u00e1scoa? H\u00e1 um ditado popular que a gente fala assim: &#8216;Pra tudo tem jeito, menos para a morte&#8217;. Pois n\u00e3o \u00e9 verdade! A morte tem solu\u00e7\u00e3o, sim, a ressurrei\u00e7\u00e3o de Jesus venceu a morte. Pois vejam: nascer, todo\u00a0 mundo nasce; morrer, todo mundo morre; agora, ressuscitar dos mortos, eu quero ver. A\u00ed \u00e9 s\u00f3 Jesus, verdadeiro Deus e verdadeiro homem, que leva ao Pai a nossa humanidade&#8221;, disse o celebrante.<\/p>\n<p>Segundo D. Sevilha, a alegria desse tempo, \u00e9 que nenhum ser humano est\u00e1 sozinho ou jogado na vida. &#8220;Voc\u00ea nunca vai ser um jogado na vida ou abandonado. Pode todo mundo abandonar voc\u00ea, mas Deus n\u00e3o vai abandon\u00e1-lo. Porque voc\u00ea tem um pai que \u00e9 Deus, voc\u00ea tem uma m\u00e3e que \u00e9 a M\u00e3e de Jesus e temos Jesus que caminha conosco. Ele disse: &#8216;Eis que estarei convosco at\u00e9 o final dos tempos&#8217;. Ele est\u00e1 no meio de n\u00f3s&#8221;, disse o bispo, destacando a eloqu\u00eancia de Pedro na primeira leitura ao pedir convers\u00e3o e perd\u00e3o dos pecados. &#8220;Que bonito ver Pedro assim, ele que estava acanhado na Semana Santa! Ele mudou e tamb\u00e9m n\u00f3s vamos mudando&#8221;, acrescentou.<\/p>\n<p><strong><a href=\"http:\/\/franciscanos.org.br\/wp-content\/uploads\/2015\/04\/povo.jpg\"><img loading=\"lazy\" class=\"alignleft wp-image-83065 \" src=\"http:\/\/franciscanos.org.br\/wp-content\/uploads\/2015\/04\/povo.jpg\" alt=\"povo\" width=\"548\" height=\"411\" \/><\/a>TUDO VAI TERMINAR BEM<\/strong><\/p>\n<p>Segundo o bispo, a mensagem da P\u00e1scoa, pode ser resumida numa frase: tudo vai terminar bem. &#8220;O nosso mundo vai terminar bem, a nossa hist\u00f3ria humana vai terminar bem, a sua vida vai terminar bem. Tudo vai terminar bem porque \u00e9 Deus quem nos conduz. E se algu\u00e9m perguntar: como vai terminar bem? E essas guerras, esses mart\u00edrios de crist\u00e3os em tantas partes do mundo? Quantos males em nosso pa\u00eds, em nosso estado, com a corrup\u00e7\u00e3o, com essa roubalheira toda, como \u00e9 que vai terminar bem?&#8221;, perguntou.<\/p>\n<p>Para Dom Sevilha, as guerras, a viol\u00eancia, e tantas maldades, tudo isso \u00e9 do homem. &#8220;Tudo isso \u00e9 do ser humano. E tudo o que \u00e9 do ser humano cai por terra, fica para tr\u00e1s. O mal n\u00e3o vence. Essa \u00e9 a esperan\u00e7a e a for\u00e7a do crist\u00e3o. N\u00f3s n\u00e3o estamos sozinhos&#8221;, enfatizou, refor\u00e7ando que Deus \u00e9 mais forte.<\/p>\n<p>O bispo, contudo, fez uma ressalva: &#8220;Mas cuidado! Tem gente aqui que ouviu essa frase &#8220;tudo vai terminar bem&#8221; e, feliz, pensou assim: &#8216;Que bom, ent\u00e3o tudo vai terminar como eu quero!&#8217;. Eu n\u00e3o disse que tudo vai terminar como voc\u00ea quer. Tudo vai terminar como Deus quer. E \u00e9 por isso que tudo vai terminar bem, porque ser\u00e1 como Ele quer, porque quando n\u00f3s queremos nem sempre queremos o bem. Ou melhor, n\u00f3s erramos. E Senhor vai corrigindo nossos erros. O Senhor nos ensina a caminhar na alegria de Nossa Senhora das Alegrias&#8221;, disse D. Sevilha.<\/p>\n<p>Referindo-se ao Evangelho, falou do choro de Maria Madalena no sepulcro e recordou a frase que marcou o in\u00edcio do Pontificado de Francisco ao falar desse choro. Segundo o Papa, &#8220;\u00e0s vezes as lentes, os \u00f3culos com os quais n\u00f3s vemos Jesus, s\u00e3o as l\u00e1grimas&#8221;. Para D.Sevilha, \u00e9 com essas lentes que podemos enxergar Jesus. &#8220;Na caminhada da nossa vida, h\u00e1 momentos dif\u00edceis, de l\u00e1grimas, de dor, mas o Senhor est\u00e1 sempre perto. Nada nos separar\u00e1 do amor de Cristo. O nosso erro, sim, nos separa. Voc\u00ea pode abandonar a Deus, mas Deus n\u00e3o vai abandonar voc\u00ea. Voc\u00ea pode virar as costas para Deus e se afastar, mas Deus nunca vai virar as costas ou se afastar de voc\u00ea. Ent\u00e3o, mesmo nas l\u00e1grimas, mesmo nos momentos dif\u00edceis, Deus est\u00e1 l\u00e1&#8221;, ensinou.<\/p>\n<div id=\"attachment_83066\" style=\"width: 670px\" class=\"wp-caption alignright\"><a href=\"http:\/\/franciscanos.org.br\/wp-content\/uploads\/2015\/04\/gilson.jpg\"><img aria-describedby=\"caption-attachment-83066\" loading=\"lazy\" class=\"wp-image-83066 size-full\" src=\"http:\/\/franciscanos.org.br\/wp-content\/uploads\/2015\/04\/gilson.jpg\" alt=\"gilson\" width=\"660\" height=\"387\" \/><\/a><p id=\"caption-attachment-83066\" class=\"wp-caption-text\">Frei Gilson presidiu o Oitav\u00e1rio da Festa<\/p><\/div>\n<p><strong>O C\u00c9U \u00c9 FAZER AS PESSOAS FELIZES<\/strong><\/p>\n<p>Ao encerrar sua homilia, lembrou uma frase de Dom Luciano Mendes de Almeida, bispo cujo processo de beatifica\u00e7\u00e3o j\u00e1 est\u00e1 em andamento. &#8220;E ele disse o seguinte: &#8216;Descobri que o c\u00e9u \u00e9 fazer as pessoas felizes&#8217;. Olha que bonito! Sua fam\u00edlia \u00e9 um c\u00e9u? Voc\u00ea est\u00e1 no c\u00e9u? Se voc\u00ea est\u00e1 fazendo os outros felizes, a sua vida vai virar um c\u00e9u. Agora, o contr\u00e1rio: Se voc\u00ea \u00e9 uma pessoa ego\u00edsta, n\u00e3o quer fazer os outros felizes. Sabe aquela pessoa dentro de casa, marido ou mulher, que s\u00f3 quer a sua vontade e, quando \u00e9 contrariado ou contrariada, fica nervoso, nervosa, com raiva, xinga, fecha a cara, fica uma semana sem falar com ningu\u00e9m. Esta pessoa est\u00e1 vivendo num purgat\u00f3rio&#8221;, ressaltou.<\/p>\n<p>E o bispo fez a pergunta: Voc\u00ea est\u00e1 no c\u00e9u ou no purgat\u00f3rio? &#8220;Se voc\u00ea est\u00e1 no purgat\u00f3rio, n\u00e3o est\u00e1 sendo verdadeiro crist\u00e3o, n\u00e3o est\u00e1 querendo a felicidade dos outros, mas a sua felicidade. Para o pai de fam\u00edlia, a felicidade sua \u00e9 a da fam\u00edlia; a felicidade pessoal n\u00e3o interessa. Ela passa para o segundo lugar. Para a mulher, s\u00e3o os filhos, os netos. Se a sua fam\u00edlia for feliz, voc\u00ea vai estar no c\u00e9u. Voc\u00ea n\u00e3o se casou para ser feliz, voc\u00ea se casou para ser pai, m\u00e3e, av\u00f3, av\u00f4, para fazer a sua fam\u00edlia feliz. Fazendo isso, voc\u00ea vai estar no c\u00e9u. Infelizmente, somos ego\u00edstas: eu quero eu, a minha vontade, e a\u00ed n\u00e3o seguimos o Mestre: &#8216;Eu vim para servir&#8217;, que n\u00f3s repitimos tanto na Campanha da Fraternidade&#8221;, lembrou.<\/p>\n<p>D. Sevilha finalizou com mais questionamentos: &#8220;No seu trabalho, na sua vida profissional, voc\u00ea est\u00e1 no c\u00e9u? Isto \u00e9, voc\u00ea est\u00e1 l\u00e1 para fazer os outros felizes? Voc\u00ea \u00e9 aquela pessoa que, quando chega, as pessoas se sentem bem? Voc\u00ea \u00e9 aquela pessoa que leva paz, alegria, esperan\u00e7a ou \u00e9 aquela pessoa amarga, azeda, que reclama, xinga? Que crist\u00e3o voc\u00ea \u00e9? Descobri que o c\u00e9u \u00e9 fazer os outros felizes, am\u00e9m!&#8221;, completou. A Missa terminou com uma bonita encena\u00e7\u00e3o das 7 Alegrias de Nossa Senhora.<\/p>\n<p><strong>OITAV\u00c1RIO: UM PEDACINHO DO C\u00c9U<\/strong><\/p>\n<p>No terceiro dia do Oitav\u00e1rio da Festa da Penha, antes da Santa Missa, os frades conduziram o momento devocional franciscano. Nesta ter\u00e7a-feira, a Fraternidade Franciscana de Colatina preparou a reflex\u00e3o. O guardi\u00e3o Frei Gilson Kammer refletiu sobre o lugar sagrado que se tornou o Morro da Penha com a devo\u00e7\u00e3o trazida por Frei Pedro Pal\u00e1cios. &#8220;Ele fez daqui, da casa da M\u00e3e de Deus, um lugar sagrado&#8221;, lembrou. Ao tratar do tema da fam\u00edlia, exortou a todos que tamb\u00e9m tornem suas fam\u00edlias sagradas. &#8220;Hoje Deus inspira a cada um de n\u00f3s a encontrar o lugar sagrado que \u00e9 a nossa casa. Que a nossa fam\u00edlia possa ser um lugar de perd\u00e3o e paz. Que Nossa Senhora nos ajude a viver a nossa sagrada fam\u00edlia. Que nossas fam\u00edlias possam ser um pedacinho do c\u00e9u, como \u00e9 este Santu\u00e1rio do perd\u00e3o e da gra\u00e7a&#8221;, finalizou Frei Gilson.<\/p>\n<p><strong>ROMARIA DOS MILITARES<\/strong><\/p>\n<p>O quarto dia da Festa da Peha ter\u00e1 Missas na capela \u00e0s 6h00, 7h00, 8h00 e 9h30. A Romaria dos Militares, que seria realizada hoje, foi transferida para sexta-feira, com sa\u00edda \u00e0s 14 horas da Prainha. \u00c0s 14h30 ter\u00e1 in\u00edcio o Oitav\u00e1rio e, em seguida, a Santa Missa, coordenada pela \u00e1rea pastoral de Benevente. As confiss\u00f5es ser\u00e3o atendidas das 8h00 \u00e0s 11h00 e das 14h00 \u00e0s 16h00.<\/p>\n<p><img class=\"ngg_displayed_gallery mceItem\" src=\"http:\/\/franciscanos.org.br\/index.php\/nextgen-attach_to_post\/preview\/id--83062\" alt=\"\" \/><\/p>\n<h2>VEJA MAIS FOTOS EM:<\/h2>\n<p><a href=\"https:\/\/www.facebook.com\/penhaconvento\">https:\/\/www.facebook.com\/penhaconvento<\/a><\/p>\n","protected":false},"excerpt":{"rendered":"<p>Festa da Penha<\/p>\n","protected":false},"author":1,"featured_media":219989,"comment_status":"open","ping_status":"open","sticky":false,"template":"","format":"standard","meta":[],"categories":[1],"tags":[245],"acf":[],"yoast_head":"<!-- This site is optimized with the Yoast SEO plugin v19.2 - https:\/\/yoast.com\/wordpress\/plugins\/seo\/ -->\n<title>Os afagos e provoca\u00e7\u00f5es de Dom Sevilha - Not\u00edcias - Franciscanos<\/title>\n<meta name=\"robots\" content=\"index, follow, max-snippet:-1, max-image-preview:large, max-video-preview:-1\" \/>\n<link rel=\"canonical\" href=\"https:\/\/franciscanos.org.br\/noticias\/os-afagos-e-provocacoes-de-dom-sevilha.html\" \/>\n<meta property=\"og:locale\" content=\"pt_BR\" \/>\n<meta property=\"og:type\" content=\"article\" \/>\n<meta property=\"og:title\" content=\"Os afagos e provoca\u00e7\u00f5es de Dom Sevilha - Not\u00edcias - Franciscanos\" \/>\n<meta property=\"og:description\" content=\"Festa da Penha\" \/>\n<meta property=\"og:url\" content=\"https:\/\/franciscanos.org.br\/noticias\/os-afagos-e-provocacoes-de-dom-sevilha.html\" \/>\n<meta property=\"og:site_name\" content=\"Not\u00edcias - Franciscanos\" \/>\n<meta property=\"article:published_time\" content=\"2015-04-07T23:37:23+00:00\" \/>\n<meta property=\"article:modified_time\" content=\"2020-06-24T19:57:34+00:00\" \/>\n<meta property=\"og:image\" content=\"https:\/\/franciscanos.org.br\/noticias\/wp-content\/uploads\/2015\/04\/home.jpg\" \/>\n\t<meta property=\"og:image:width\" content=\"273\" \/>\n\t<meta property=\"og:image:height\" content=\"181\" \/>\n\t<meta property=\"og:image:type\" content=\"image\/jpeg\" \/>\n<meta name=\"author\" content=\"admin\" \/>\n<meta name=\"twitter:card\" content=\"summary_large_image\" \/>\n<meta name=\"twitter:label1\" content=\"Escrito por\" \/>\n\t<meta name=\"twitter:data1\" content=\"admin\" \/>\n\t<meta name=\"twitter:label2\" content=\"Est. tempo de leitura\" \/>\n\t<meta name=\"twitter:data2\" content=\"7 minutos\" \/>\n<script type=\"application\/ld+json\" class=\"yoast-schema-graph\">{\"@context\":\"https:\/\/schema.org\",\"@graph\":[{\"@type\":\"WebSite\",\"@id\":\"https:\/\/franciscanos.org.br\/noticias\/#website\",\"url\":\"https:\/\/franciscanos.org.br\/noticias\/\",\"name\":\"Not\u00edcias - Franciscanos\",\"description\":\"Prov\u00edncia Franciscana da Imaculada Concei\u00e7\u00e3o do Brasil - Ordem dos Frades Menores - OFM\",\"potentialAction\":[{\"@type\":\"SearchAction\",\"target\":{\"@type\":\"EntryPoint\",\"urlTemplate\":\"https:\/\/franciscanos.org.br\/noticias\/?s={search_term_string}\"},\"query-input\":\"required name=search_term_string\"}],\"inLanguage\":\"pt-BR\"},{\"@type\":\"ImageObject\",\"inLanguage\":\"pt-BR\",\"@id\":\"https:\/\/franciscanos.org.br\/noticias\/os-afagos-e-provocacoes-de-dom-sevilha.html#primaryimage\",\"url\":\"https:\/\/franciscanos.org.br\/noticias\/wp-content\/uploads\/2015\/04\/home.jpg\",\"contentUrl\":\"https:\/\/franciscanos.org.br\/noticias\/wp-content\/uploads\/2015\/04\/home.jpg\",\"width\":273,\"height\":181},{\"@type\":\"WebPage\",\"@id\":\"https:\/\/franciscanos.org.br\/noticias\/os-afagos-e-provocacoes-de-dom-sevilha.html#webpage\",\"url\":\"https:\/\/franciscanos.org.br\/noticias\/os-afagos-e-provocacoes-de-dom-sevilha.html\",\"name\":\"Os afagos e provoca\u00e7\u00f5es de Dom Sevilha - Not\u00edcias - Franciscanos\",\"isPartOf\":{\"@id\":\"https:\/\/franciscanos.org.br\/noticias\/#website\"},\"primaryImageOfPage\":{\"@id\":\"https:\/\/franciscanos.org.br\/noticias\/os-afagos-e-provocacoes-de-dom-sevilha.html#primaryimage\"},\"datePublished\":\"2015-04-07T23:37:23+00:00\",\"dateModified\":\"2020-06-24T19:57:34+00:00\",\"author\":{\"@id\":\"https:\/\/franciscanos.org.br\/noticias\/#\/schema\/person\/b38fbf43118f02820bd932f2e4b14ad3\"},\"breadcrumb\":{\"@id\":\"https:\/\/franciscanos.org.br\/noticias\/os-afagos-e-provocacoes-de-dom-sevilha.html#breadcrumb\"},\"inLanguage\":\"pt-BR\",\"potentialAction\":[{\"@type\":\"ReadAction\",\"target\":[\"https:\/\/franciscanos.org.br\/noticias\/os-afagos-e-provocacoes-de-dom-sevilha.html\"]}]},{\"@type\":\"BreadcrumbList\",\"@id\":\"https:\/\/franciscanos.org.br\/noticias\/os-afagos-e-provocacoes-de-dom-sevilha.html#breadcrumb\",\"itemListElement\":[{\"@type\":\"ListItem\",\"position\":1,\"name\":\"Home\",\"item\":\"https:\/\/franciscanos.org.br\/noticias\"},{\"@type\":\"ListItem\",\"position\":2,\"name\":\"Os afagos e provoca\u00e7\u00f5es de Dom Sevilha\"}]},{\"@type\":\"Person\",\"@id\":\"https:\/\/franciscanos.org.br\/noticias\/#\/schema\/person\/b38fbf43118f02820bd932f2e4b14ad3\",\"name\":\"admin\",\"image\":{\"@type\":\"ImageObject\",\"inLanguage\":\"pt-BR\",\"@id\":\"https:\/\/franciscanos.org.br\/noticias\/#\/schema\/person\/image\/\",\"url\":\"https:\/\/secure.gravatar.com\/avatar\/e8495742d34d0ba6448ea1c628263b3e?s=96&d=mm&r=g\",\"contentUrl\":\"https:\/\/secure.gravatar.com\/avatar\/e8495742d34d0ba6448ea1c628263b3e?s=96&d=mm&r=g\",\"caption\":\"admin\"},\"url\":\"https:\/\/franciscanos.org.br\/noticias\/author\/admin\"}]}<\/script>\n<!-- \/ Yoast SEO plugin. -->","yoast_head_json":{"title":"Os afagos e provoca\u00e7\u00f5es de Dom Sevilha - Not\u00edcias - Franciscanos","robots":{"index":"index","follow":"follow","max-snippet":"max-snippet:-1","max-image-preview":"max-image-preview:large","max-video-preview":"max-video-preview:-1"},"canonical":"https:\/\/franciscanos.org.br\/noticias\/os-afagos-e-provocacoes-de-dom-sevilha.html","og_locale":"pt_BR","og_type":"article","og_title":"Os afagos e provoca\u00e7\u00f5es de Dom Sevilha - Not\u00edcias - Franciscanos","og_description":"Festa da Penha","og_url":"https:\/\/franciscanos.org.br\/noticias\/os-afagos-e-provocacoes-de-dom-sevilha.html","og_site_name":"Not\u00edcias - Franciscanos","article_published_time":"2015-04-07T23:37:23+00:00","article_modified_time":"2020-06-24T19:57:34+00:00","og_image":[{"width":273,"height":181,"url":"https:\/\/franciscanos.org.br\/noticias\/wp-content\/uploads\/2015\/04\/home.jpg","type":"image\/jpeg"}],"author":"admin","twitter_card":"summary_large_image","twitter_misc":{"Escrito por":"admin","Est. tempo de leitura":"7 minutos"},"schema":{"@context":"https:\/\/schema.org","@graph":[{"@type":"WebSite","@id":"https:\/\/franciscanos.org.br\/noticias\/#website","url":"https:\/\/franciscanos.org.br\/noticias\/","name":"Not\u00edcias - Franciscanos","description":"Prov\u00edncia Franciscana da Imaculada Concei\u00e7\u00e3o do Brasil - Ordem dos Frades Menores - OFM","potentialAction":[{"@type":"SearchAction","target":{"@type":"EntryPoint","urlTemplate":"https:\/\/franciscanos.org.br\/noticias\/?s={search_term_string}"},"query-input":"required name=search_term_string"}],"inLanguage":"pt-BR"},{"@type":"ImageObject","inLanguage":"pt-BR","@id":"https:\/\/franciscanos.org.br\/noticias\/os-afagos-e-provocacoes-de-dom-sevilha.html#primaryimage","url":"https:\/\/franciscanos.org.br\/noticias\/wp-content\/uploads\/2015\/04\/home.jpg","contentUrl":"https:\/\/franciscanos.org.br\/noticias\/wp-content\/uploads\/2015\/04\/home.jpg","width":273,"height":181},{"@type":"WebPage","@id":"https:\/\/franciscanos.org.br\/noticias\/os-afagos-e-provocacoes-de-dom-sevilha.html#webpage","url":"https:\/\/franciscanos.org.br\/noticias\/os-afagos-e-provocacoes-de-dom-sevilha.html","name":"Os afagos e provoca\u00e7\u00f5es de Dom Sevilha - Not\u00edcias - Franciscanos","isPartOf":{"@id":"https:\/\/franciscanos.org.br\/noticias\/#website"},"primaryImageOfPage":{"@id":"https:\/\/franciscanos.org.br\/noticias\/os-afagos-e-provocacoes-de-dom-sevilha.html#primaryimage"},"datePublished":"2015-04-07T23:37:23+00:00","dateModified":"2020-06-24T19:57:34+00:00","author":{"@id":"https:\/\/franciscanos.org.br\/noticias\/#\/schema\/person\/b38fbf43118f02820bd932f2e4b14ad3"},"breadcrumb":{"@id":"https:\/\/franciscanos.org.br\/noticias\/os-afagos-e-provocacoes-de-dom-sevilha.html#breadcrumb"},"inLanguage":"pt-BR","potentialAction":[{"@type":"ReadAction","target":["https:\/\/franciscanos.org.br\/noticias\/os-afagos-e-provocacoes-de-dom-sevilha.html"]}]},{"@type":"BreadcrumbList","@id":"https:\/\/franciscanos.org.br\/noticias\/os-afagos-e-provocacoes-de-dom-sevilha.html#breadcrumb","itemListElement":[{"@type":"ListItem","position":1,"name":"Home","item":"https:\/\/franciscanos.org.br\/noticias"},{"@type":"ListItem","position":2,"name":"Os afagos e provoca\u00e7\u00f5es de Dom Sevilha"}]},{"@type":"Person","@id":"https:\/\/franciscanos.org.br\/noticias\/#\/schema\/person\/b38fbf43118f02820bd932f2e4b14ad3","name":"admin","image":{"@type":"ImageObject","inLanguage":"pt-BR","@id":"https:\/\/franciscanos.org.br\/noticias\/#\/schema\/person\/image\/","url":"https:\/\/secure.gravatar.com\/avatar\/e8495742d34d0ba6448ea1c628263b3e?s=96&d=mm&r=g","contentUrl":"https:\/\/secure.gravatar.com\/avatar\/e8495742d34d0ba6448ea1c628263b3e?s=96&d=mm&r=g","caption":"admin"},"url":"https:\/\/franciscanos.org.br\/noticias\/author\/admin"}]}},"_links":{"self":[{"href":"https:\/\/franciscanos.org.br\/noticias\/wp-json\/wp\/v2\/posts\/83061"}],"collection":[{"href":"https:\/\/franciscanos.org.br\/noticias\/wp-json\/wp\/v2\/posts"}],"about":[{"href":"https:\/\/franciscanos.org.br\/noticias\/wp-json\/wp\/v2\/types\/post"}],"author":[{"embeddable":true,"href":"https:\/\/franciscanos.org.br\/noticias\/wp-json\/wp\/v2\/users\/1"}],"replies":[{"embeddable":true,"href":"https:\/\/franciscanos.org.br\/noticias\/wp-json\/wp\/v2\/comments?post=83061"}],"version-history":[{"count":1,"href":"https:\/\/franciscanos.org.br\/noticias\/wp-json\/wp\/v2\/posts\/83061\/revisions"}],"predecessor-version":[{"id":226713,"href":"https:\/\/franciscanos.org.br\/noticias\/wp-json\/wp\/v2\/posts\/83061\/revisions\/226713"}],"wp:featuredmedia":[{"embeddable":true,"href":"https:\/\/franciscanos.org.br\/noticias\/wp-json\/wp\/v2\/media\/219989"}],"wp:attachment":[{"href":"https:\/\/franciscanos.org.br\/noticias\/wp-json\/wp\/v2\/media?parent=83061"}],"wp:term":[{"taxonomy":"category","embeddable":true,"href":"https:\/\/franciscanos.org.br\/noticias\/wp-json\/wp\/v2\/categories?post=83061"},{"taxonomy":"post_tag","embeddable":true,"href":"https:\/\/franciscanos.org.br\/noticias\/wp-json\/wp\/v2\/tags?post=83061"}],"curies":[{"name":"wp","href":"https:\/\/api.w.org\/{rel}","templated":true}]}}