{"id":82922,"date":"2015-04-06T20:12:56","date_gmt":"2015-04-06T23:12:56","guid":{"rendered":"http:\/\/franciscanos.org.br\/?p=82922"},"modified":"2020-06-24T16:57:34","modified_gmt":"2020-06-24T19:57:34","slug":"o-lugar-de-maria-em-nossas-vidas-2","status":"publish","type":"post","link":"https:\/\/franciscanos.org.br\/noticias\/o-lugar-de-maria-em-nossas-vidas-2.html","title":{"rendered":"O lugar de Maria em nossas vidas"},"content":{"rendered":"<p><img loading=\"lazy\" src=\"http:\/\/franciscanos.org.br\/wp-content\/uploads\/2015\/04\/altoprov.jpg\" alt=\"altoprov\" width=\"820\" height=\"472\" \/><\/p>\n<p><strong>Moacir Beggo<\/strong><\/p>\n<p><strong>Vila Velha (ES)<\/strong> &#8211; O segundo dia da Festa da Penha, uma segunda-feira (6\/4) conhecida como Pascoela, que simboliza o prolongamento do pr\u00f3prio domingo de P\u00e1scoa, foi dedicado aos fi\u00e9is e romeiros da Regi\u00e3o Serrana do Estado do Esp\u00edrito Santo, a mais distante de Vila Velha, onde est\u00e1 situado o Santu\u00e1rio da Virgem da Penha.<\/p>\n<p>O dia, apesar de nublado, esteve muito abafado, mas n\u00e3o impediu que milhares de fi\u00e9is viessem ao Campinho do Morro da Penha para a principal celebra\u00e7\u00e3o eucar\u00edstica do dia e o momento devocional franciscano do Oitav\u00e1rio.<\/p>\n<div id=\"attachment_82925\" style=\"width: 510px\" class=\"wp-caption alignleft\"><a href=\"http:\/\/franciscanos.org.br\/wp-content\/uploads\/2015\/04\/marcio.jpg\"><img aria-describedby=\"caption-attachment-82925\" loading=\"lazy\" class=\"wp-image-82925 size-full\" src=\"http:\/\/franciscanos.org.br\/wp-content\/uploads\/2015\/04\/marcio.jpg\" alt=\"marcio\" width=\"500\" height=\"375\" \/><\/a><p id=\"caption-attachment-82925\" class=\"wp-caption-text\">Pe. Marcos \u00e0 esquerda durante a celebra\u00e7\u00e3o<\/p><\/div>\n<p>Padre Marcos Brito, atual p\u00e1roco da Par\u00f3quia de Sant\u2019Ana, de Marechal Floriano, presidiu a Santa Missa, tendo como concelebrantes sacerdotes das cidades de Santa Leopoldina, Pedra Azul, Santa Maria de Jetib\u00e1, Afonso Cl\u00e1udio e Domingos Martins, al\u00e9m dos frades do Convento da Penha, do Santu\u00e1rio do Divino Esp\u00edrito Santo, de Frei Gustavo Medella, que chegou hoje de S\u00e3o Paulo, e do Ministro Provincial dos Franciscanos, Frei Fid\u00eancio Vanboemmel.<\/p>\n<p>Pe. Marcos confessou que desde o momento que foi convidado para presidir a celebra\u00e7\u00e3o, ficava imaginando como seria isso numa segunda-feira \u00e0s 15 horas. E ele se surpreendeu. &#8220;Hoje, o que a gente consegue ver \u00e9 essa multid\u00e3o de pessoas que veio venerar a Nossa Senhora da Penha porque sabe da import\u00e2ncia de Maria em nossas vidas. Ela \u00e9 profunda conhecedora de Deus e nos ensina, com o seu jeito simples, a amar a Deus&#8221;, contou Pe. Marcos.<\/p>\n<p>Segundo o presidente da celebra\u00e7\u00e3o, Maria recebeu um presente de Deus ao ser escolhida para ser a m\u00e3e de Jesus. &#8220;Era algu\u00e9m que conhecia Deus e se submetia \u00e0 sua vontade. Ela demonstrou ser uma m\u00e3e devota, amorosa e protetora. Nesse sentido, ela foi um exemplo para todas as m\u00e3es&#8221;, acrescentou fazendo refer\u00eancia ao tema da festa:\u00a0 \u201cMaria, M\u00e3e da Fam\u00edlia, Santu\u00e1rio da Paz!\u201d.<\/p>\n<p><img loading=\"lazy\" class=\"alignright wp-image-82926 size-full\" src=\"http:\/\/franciscanos.org.br\/wp-content\/uploads\/2015\/04\/oitavario.jpg\" alt=\"oitavario\" width=\"500\" height=\"375\" \/>Para o p\u00e1roco da Par\u00f3quia de Sant&#8217;Ana, Maria participa de todos os momentos da vida de seu filho e tinha o entendimento das escrituras para viver cada momento, cada instante com Jesus, inclusive a caminhada at\u00e9 o Calv\u00e1rio. &#8220;Mas ela tamb\u00e9m participou deste momento que estamos vivendo: a ressurrei\u00e7\u00e3o&#8221;, disse.<\/p>\n<p>&#8220;A vit\u00f3ria de Jesus sobre a morte nos indica que n\u00e3o existe mais nada neste mundo que a gra\u00e7a de Deus n\u00e3o possa vencer&#8221;, acrescentou Pe. Marcos, pedindo no final de sua homilia a \u00a0intercess\u00e3o de Nossa Senhora da Penha, aquela &#8220;que ensina o caminho do amor&#8221;.<\/p>\n<p><strong>FREI JE\u00c2 PRESIDE MOMENTO DEVOCIONAL<\/strong><\/p>\n<p>Residindo h\u00e1 apenas dois meses no Convento da Penha, o jovem sacerdote Je\u00e2 Paulo de Andrade presidiu o momento devocional franciscano, que antecedeu \u00e0 Santa Missa, \u00e0s 14h30. Al\u00e9m de ora\u00e7\u00f5es e cantos, Frei Je\u00e2 falou um pouco sobre Frei Pedro Pal\u00e1cios, o franciscano respons\u00e1vel pela devo\u00e7\u00e3o \u00e0 Virgem da Penha, que veio com ele desde Portugal em 1558. Frei Je\u00e2 explicou que o piedoso frade queria um local reservado para a sua ora\u00e7\u00e3o e retiro. Encontrou na gruta que at\u00e9 hoje existe na Prainha. Ali teve origem uma caminhada de f\u00e9, gra\u00e7a e esperan\u00e7a que j\u00e1 dura mais de quatro s\u00e9culos.<\/p>\n<p><a href=\"http:\/\/franciscanos.org.br\/wp-content\/uploads\/2015\/04\/fidencio.jpg\"><img loading=\"lazy\" class=\"alignleft size-full wp-image-82927\" src=\"http:\/\/franciscanos.org.br\/wp-content\/uploads\/2015\/04\/fidencio.jpg\" alt=\"fidencio\" width=\"350\" height=\"406\" \/><\/a>Para refletir sobre o tema da festa, Frei Je\u00e2 tomou um trecho da mensagem que o Papa Francisco fez \u00e0s fam\u00edlias durante a sua visita ao Sri Lanka, em janeiro \u00faltimo:<\/p>\n<p><a href=\"http:\/\/franciscanos.org.br\/wp-content\/uploads\/2015\/04\/valflo.jpg\"><img loading=\"lazy\" class=\"alignright size-full wp-image-82928\" src=\"http:\/\/franciscanos.org.br\/wp-content\/uploads\/2015\/04\/valflo.jpg\" alt=\"valflo\" width=\"500\" height=\"306\" \/><\/a>&#8220;\u00c9, antes de tudo, na fam\u00edlia que aprendemos como rezar. N\u00e3o esque\u00e7ais: quando a fam\u00edlia reza unida, permanece unida. Isto \u00e9 importante. Nela chegamos a conhecer Deus, a crescer como homens e mulheres de f\u00e9, a considerar-nos como membros da fam\u00edlia mais ampla de Deus, a Igreja. Na fam\u00edlia, aprendemos a amar, a perdoar, a ser generosos e dispon\u00edveis e n\u00e3o fechados e ego\u00edstas. Aprendemos a ir al\u00e9m das nossas pr\u00f3prias necessidades, para encontrar outras pessoas e partilhar as nossas vidas com elas. Por isso \u00e9 t\u00e3o importante rezar como fam\u00edlia. T\u00e3o importante! \u00c9 por isso que as fam\u00edlias s\u00e3o t\u00e3o importantes no plano de Deus para a Igreja. Repousar no Senhor \u00e9 rezar, unidos em fam\u00edlia&#8221;, ensinou o Papa.<\/p>\n<p>Frei Je\u00e2 n\u00e3o tem d\u00favida: &#8220;Quem cresce nesta dimens\u00e3o descrita pelo Papa, cresce com olhar diferente para as pessoas e para o mundo&#8221;.<\/p>\n<p><strong>DESPEDIDA DE FREI FID\u00caNCIO<\/strong><\/p>\n<p>Por motivos de sa\u00fade, Frei Fid\u00eancio retornar\u00e1 nesta ter\u00e7a-feira a S\u00e3o Paulo. Ao se despedir do povo, ouviu um sonoro lamento: &#8220;ahahahah&#8230;&#8221;<\/p>\n<p>Ele pediu que rezassem por ele e pelos frades que t\u00eam a miss\u00e3o de continuar a evangeliza\u00e7\u00e3o neste Estado. &#8220;Obrigado pelo carinho. Continuem fi\u00e9is a Maria e continuem fi\u00e9is a Deus&#8221;, disse, recebendo calorosos aplausos do povo.<\/p>\n<p><strong>Nesta ter\u00e7a-feira (7\/4), a Festa da Penha tem a seguinte programa\u00e7\u00e3o:<\/strong><\/p>\n<p>Missas na Capela: 6h00, 7h00, 8h00 e 9h30.<\/p>\n<p>14h30: Oitav\u00e1rio e Missa no Campinho, que ter\u00e1 a coordena\u00e7\u00e3o da \u00c1rea pastoral de Cariacica e Viana.<\/p>\n<p>As confiss\u00f5es s\u00e3o atendidas nos seguintes hor\u00e1rios: das 8h00 \u00e0s 11h00 e das 14h00 \u00e0s 16h00.<\/p>\n<p><img class=\"ngg_displayed_gallery mceItem\" src=\"http:\/\/franciscanos.org.br\/index.php\/nextgen-attach_to_post\/preview\/id--82923\" alt=\"\" \/><\/p>\n<h1>\u00a0VEJA MAIS FOTOS EM<\/h1>\n<p><a href=\"https:\/\/www.facebook.com\/penhaconvento\">https:\/\/www.facebook.com\/penhaconvento<\/a><\/p>\n","protected":false},"excerpt":{"rendered":"<p>Festa da Penha<\/p>\n","protected":false},"author":1,"featured_media":219981,"comment_status":"open","ping_status":"open","sticky":false,"template":"","format":"standard","meta":[],"categories":[1],"tags":[245],"acf":[],"yoast_head":"<!-- This site is optimized with the Yoast SEO plugin v19.2 - https:\/\/yoast.com\/wordpress\/plugins\/seo\/ -->\n<title>O lugar de Maria em nossas vidas - Not\u00edcias - Franciscanos<\/title>\n<meta name=\"robots\" content=\"index, follow, max-snippet:-1, max-image-preview:large, max-video-preview:-1\" \/>\n<link rel=\"canonical\" href=\"https:\/\/franciscanos.org.br\/noticias\/o-lugar-de-maria-em-nossas-vidas-2.html\" \/>\n<meta property=\"og:locale\" content=\"pt_BR\" \/>\n<meta property=\"og:type\" content=\"article\" \/>\n<meta property=\"og:title\" content=\"O lugar de Maria em nossas vidas - Not\u00edcias - Franciscanos\" \/>\n<meta property=\"og:description\" content=\"Festa da Penha\" \/>\n<meta property=\"og:url\" content=\"https:\/\/franciscanos.org.br\/noticias\/o-lugar-de-maria-em-nossas-vidas-2.html\" \/>\n<meta property=\"og:site_name\" content=\"Not\u00edcias - Franciscanos\" \/>\n<meta property=\"article:published_time\" content=\"2015-04-06T23:12:56+00:00\" \/>\n<meta property=\"article:modified_time\" content=\"2020-06-24T19:57:34+00:00\" \/>\n<meta property=\"og:image\" content=\"https:\/\/franciscanos.org.br\/noticias\/wp-content\/uploads\/2015\/04\/altoprov.jpg\" \/>\n\t<meta property=\"og:image:width\" content=\"273\" \/>\n\t<meta property=\"og:image:height\" content=\"181\" \/>\n\t<meta property=\"og:image:type\" content=\"image\/jpeg\" \/>\n<meta name=\"author\" content=\"admin\" \/>\n<meta name=\"twitter:card\" content=\"summary_large_image\" \/>\n<meta name=\"twitter:label1\" content=\"Escrito por\" \/>\n\t<meta name=\"twitter:data1\" content=\"admin\" \/>\n\t<meta name=\"twitter:label2\" content=\"Est. tempo de leitura\" \/>\n\t<meta name=\"twitter:data2\" content=\"4 minutos\" \/>\n<script type=\"application\/ld+json\" class=\"yoast-schema-graph\">{\"@context\":\"https:\/\/schema.org\",\"@graph\":[{\"@type\":\"WebSite\",\"@id\":\"https:\/\/franciscanos.org.br\/noticias\/#website\",\"url\":\"https:\/\/franciscanos.org.br\/noticias\/\",\"name\":\"Not\u00edcias - Franciscanos\",\"description\":\"Prov\u00edncia Franciscana da Imaculada Concei\u00e7\u00e3o do Brasil - Ordem dos Frades Menores - OFM\",\"potentialAction\":[{\"@type\":\"SearchAction\",\"target\":{\"@type\":\"EntryPoint\",\"urlTemplate\":\"https:\/\/franciscanos.org.br\/noticias\/?s={search_term_string}\"},\"query-input\":\"required name=search_term_string\"}],\"inLanguage\":\"pt-BR\"},{\"@type\":\"ImageObject\",\"inLanguage\":\"pt-BR\",\"@id\":\"https:\/\/franciscanos.org.br\/noticias\/o-lugar-de-maria-em-nossas-vidas-2.html#primaryimage\",\"url\":\"https:\/\/franciscanos.org.br\/noticias\/wp-content\/uploads\/2015\/04\/altoprov.jpg\",\"contentUrl\":\"https:\/\/franciscanos.org.br\/noticias\/wp-content\/uploads\/2015\/04\/altoprov.jpg\",\"width\":273,\"height\":181},{\"@type\":\"WebPage\",\"@id\":\"https:\/\/franciscanos.org.br\/noticias\/o-lugar-de-maria-em-nossas-vidas-2.html#webpage\",\"url\":\"https:\/\/franciscanos.org.br\/noticias\/o-lugar-de-maria-em-nossas-vidas-2.html\",\"name\":\"O lugar de Maria em nossas vidas - Not\u00edcias - Franciscanos\",\"isPartOf\":{\"@id\":\"https:\/\/franciscanos.org.br\/noticias\/#website\"},\"primaryImageOfPage\":{\"@id\":\"https:\/\/franciscanos.org.br\/noticias\/o-lugar-de-maria-em-nossas-vidas-2.html#primaryimage\"},\"datePublished\":\"2015-04-06T23:12:56+00:00\",\"dateModified\":\"2020-06-24T19:57:34+00:00\",\"author\":{\"@id\":\"https:\/\/franciscanos.org.br\/noticias\/#\/schema\/person\/b38fbf43118f02820bd932f2e4b14ad3\"},\"breadcrumb\":{\"@id\":\"https:\/\/franciscanos.org.br\/noticias\/o-lugar-de-maria-em-nossas-vidas-2.html#breadcrumb\"},\"inLanguage\":\"pt-BR\",\"potentialAction\":[{\"@type\":\"ReadAction\",\"target\":[\"https:\/\/franciscanos.org.br\/noticias\/o-lugar-de-maria-em-nossas-vidas-2.html\"]}]},{\"@type\":\"BreadcrumbList\",\"@id\":\"https:\/\/franciscanos.org.br\/noticias\/o-lugar-de-maria-em-nossas-vidas-2.html#breadcrumb\",\"itemListElement\":[{\"@type\":\"ListItem\",\"position\":1,\"name\":\"Home\",\"item\":\"https:\/\/franciscanos.org.br\/noticias\"},{\"@type\":\"ListItem\",\"position\":2,\"name\":\"O lugar de Maria em nossas vidas\"}]},{\"@type\":\"Person\",\"@id\":\"https:\/\/franciscanos.org.br\/noticias\/#\/schema\/person\/b38fbf43118f02820bd932f2e4b14ad3\",\"name\":\"admin\",\"image\":{\"@type\":\"ImageObject\",\"inLanguage\":\"pt-BR\",\"@id\":\"https:\/\/franciscanos.org.br\/noticias\/#\/schema\/person\/image\/\",\"url\":\"https:\/\/secure.gravatar.com\/avatar\/e8495742d34d0ba6448ea1c628263b3e?s=96&d=mm&r=g\",\"contentUrl\":\"https:\/\/secure.gravatar.com\/avatar\/e8495742d34d0ba6448ea1c628263b3e?s=96&d=mm&r=g\",\"caption\":\"admin\"},\"url\":\"https:\/\/franciscanos.org.br\/noticias\/author\/admin\"}]}<\/script>\n<!-- \/ Yoast SEO plugin. -->","yoast_head_json":{"title":"O lugar de Maria em nossas vidas - Not\u00edcias - Franciscanos","robots":{"index":"index","follow":"follow","max-snippet":"max-snippet:-1","max-image-preview":"max-image-preview:large","max-video-preview":"max-video-preview:-1"},"canonical":"https:\/\/franciscanos.org.br\/noticias\/o-lugar-de-maria-em-nossas-vidas-2.html","og_locale":"pt_BR","og_type":"article","og_title":"O lugar de Maria em nossas vidas - Not\u00edcias - Franciscanos","og_description":"Festa da Penha","og_url":"https:\/\/franciscanos.org.br\/noticias\/o-lugar-de-maria-em-nossas-vidas-2.html","og_site_name":"Not\u00edcias - Franciscanos","article_published_time":"2015-04-06T23:12:56+00:00","article_modified_time":"2020-06-24T19:57:34+00:00","og_image":[{"width":273,"height":181,"url":"https:\/\/franciscanos.org.br\/noticias\/wp-content\/uploads\/2015\/04\/altoprov.jpg","type":"image\/jpeg"}],"author":"admin","twitter_card":"summary_large_image","twitter_misc":{"Escrito por":"admin","Est. tempo de leitura":"4 minutos"},"schema":{"@context":"https:\/\/schema.org","@graph":[{"@type":"WebSite","@id":"https:\/\/franciscanos.org.br\/noticias\/#website","url":"https:\/\/franciscanos.org.br\/noticias\/","name":"Not\u00edcias - Franciscanos","description":"Prov\u00edncia Franciscana da Imaculada Concei\u00e7\u00e3o do Brasil - Ordem dos Frades Menores - OFM","potentialAction":[{"@type":"SearchAction","target":{"@type":"EntryPoint","urlTemplate":"https:\/\/franciscanos.org.br\/noticias\/?s={search_term_string}"},"query-input":"required name=search_term_string"}],"inLanguage":"pt-BR"},{"@type":"ImageObject","inLanguage":"pt-BR","@id":"https:\/\/franciscanos.org.br\/noticias\/o-lugar-de-maria-em-nossas-vidas-2.html#primaryimage","url":"https:\/\/franciscanos.org.br\/noticias\/wp-content\/uploads\/2015\/04\/altoprov.jpg","contentUrl":"https:\/\/franciscanos.org.br\/noticias\/wp-content\/uploads\/2015\/04\/altoprov.jpg","width":273,"height":181},{"@type":"WebPage","@id":"https:\/\/franciscanos.org.br\/noticias\/o-lugar-de-maria-em-nossas-vidas-2.html#webpage","url":"https:\/\/franciscanos.org.br\/noticias\/o-lugar-de-maria-em-nossas-vidas-2.html","name":"O lugar de Maria em nossas vidas - Not\u00edcias - Franciscanos","isPartOf":{"@id":"https:\/\/franciscanos.org.br\/noticias\/#website"},"primaryImageOfPage":{"@id":"https:\/\/franciscanos.org.br\/noticias\/o-lugar-de-maria-em-nossas-vidas-2.html#primaryimage"},"datePublished":"2015-04-06T23:12:56+00:00","dateModified":"2020-06-24T19:57:34+00:00","author":{"@id":"https:\/\/franciscanos.org.br\/noticias\/#\/schema\/person\/b38fbf43118f02820bd932f2e4b14ad3"},"breadcrumb":{"@id":"https:\/\/franciscanos.org.br\/noticias\/o-lugar-de-maria-em-nossas-vidas-2.html#breadcrumb"},"inLanguage":"pt-BR","potentialAction":[{"@type":"ReadAction","target":["https:\/\/franciscanos.org.br\/noticias\/o-lugar-de-maria-em-nossas-vidas-2.html"]}]},{"@type":"BreadcrumbList","@id":"https:\/\/franciscanos.org.br\/noticias\/o-lugar-de-maria-em-nossas-vidas-2.html#breadcrumb","itemListElement":[{"@type":"ListItem","position":1,"name":"Home","item":"https:\/\/franciscanos.org.br\/noticias"},{"@type":"ListItem","position":2,"name":"O lugar de Maria em nossas vidas"}]},{"@type":"Person","@id":"https:\/\/franciscanos.org.br\/noticias\/#\/schema\/person\/b38fbf43118f02820bd932f2e4b14ad3","name":"admin","image":{"@type":"ImageObject","inLanguage":"pt-BR","@id":"https:\/\/franciscanos.org.br\/noticias\/#\/schema\/person\/image\/","url":"https:\/\/secure.gravatar.com\/avatar\/e8495742d34d0ba6448ea1c628263b3e?s=96&d=mm&r=g","contentUrl":"https:\/\/secure.gravatar.com\/avatar\/e8495742d34d0ba6448ea1c628263b3e?s=96&d=mm&r=g","caption":"admin"},"url":"https:\/\/franciscanos.org.br\/noticias\/author\/admin"}]}},"_links":{"self":[{"href":"https:\/\/franciscanos.org.br\/noticias\/wp-json\/wp\/v2\/posts\/82922"}],"collection":[{"href":"https:\/\/franciscanos.org.br\/noticias\/wp-json\/wp\/v2\/posts"}],"about":[{"href":"https:\/\/franciscanos.org.br\/noticias\/wp-json\/wp\/v2\/types\/post"}],"author":[{"embeddable":true,"href":"https:\/\/franciscanos.org.br\/noticias\/wp-json\/wp\/v2\/users\/1"}],"replies":[{"embeddable":true,"href":"https:\/\/franciscanos.org.br\/noticias\/wp-json\/wp\/v2\/comments?post=82922"}],"version-history":[{"count":1,"href":"https:\/\/franciscanos.org.br\/noticias\/wp-json\/wp\/v2\/posts\/82922\/revisions"}],"predecessor-version":[{"id":226714,"href":"https:\/\/franciscanos.org.br\/noticias\/wp-json\/wp\/v2\/posts\/82922\/revisions\/226714"}],"wp:featuredmedia":[{"embeddable":true,"href":"https:\/\/franciscanos.org.br\/noticias\/wp-json\/wp\/v2\/media\/219981"}],"wp:attachment":[{"href":"https:\/\/franciscanos.org.br\/noticias\/wp-json\/wp\/v2\/media?parent=82922"}],"wp:term":[{"taxonomy":"category","embeddable":true,"href":"https:\/\/franciscanos.org.br\/noticias\/wp-json\/wp\/v2\/categories?post=82922"},{"taxonomy":"post_tag","embeddable":true,"href":"https:\/\/franciscanos.org.br\/noticias\/wp-json\/wp\/v2\/tags?post=82922"}],"curies":[{"name":"wp","href":"https:\/\/api.w.org\/{rel}","templated":true}]}}