{"id":82685,"date":"2015-04-06T07:34:36","date_gmt":"2015-04-06T10:34:36","guid":{"rendered":"http:\/\/franciscanos.org.br\/?p=82685"},"modified":"2020-06-24T16:57:34","modified_gmt":"2020-06-24T19:57:34","slug":"ministro-provincial-abre-a-444a-festa-da-penha","status":"publish","type":"post","link":"https:\/\/franciscanos.org.br\/noticias\/ministro-provincial-abre-a-444a-festa-da-penha.html","title":{"rendered":"Ministro Provincial abre a 444\u00aa Festa da Penha"},"content":{"rendered":"<p><img loading=\"lazy\" src=\"http:\/\/franciscanos.org.br\/wp-content\/uploads\/2015\/04\/prov1.jpg\" alt=\"prov1\" width=\"820\" height=\"405\" \/><\/p>\n<p><strong>Moacir Beggo<\/strong><\/p>\n<p><strong>Vila Velha (ES)<\/strong> \u2013 Neste domingo de P\u00e1scoa, 5 de abril, repetiu-se pela 444\u00aa vez a grande homenagem \u00e0 M\u00e3e de Deus como queria o franciscano Frei Pedro Pal\u00e1cios. Coube ao Ministro Provincial da Prov\u00edncia Franciscana da Imaculada Concei\u00e7\u00e3o, Frei Fid\u00eancio Vanboemmel, presidir a celebra\u00e7\u00e3o Eucar\u00edstica que marcou a abertura da Festa da Penha como fez Frei Pedro Pal\u00e1cios em 1571.<\/p>\n<div id=\"attachment_82688\" style=\"width: 430px\" class=\"wp-caption alignleft\"><a href=\"http:\/\/franciscanos.org.br\/wp-content\/uploads\/2015\/04\/prov3.jpg\"><img aria-describedby=\"caption-attachment-82688\" loading=\"lazy\" class=\"wp-image-82688 size-full\" src=\"http:\/\/franciscanos.org.br\/wp-content\/uploads\/2015\/04\/prov3.jpg\" alt=\"prov3\" width=\"420\" height=\"450\" \/><\/a><p id=\"caption-attachment-82688\" class=\"wp-caption-text\">Frei Fid\u00eancio Vanboemmel<\/p><\/div>\n<p>A equipe de m\u00fasicos e cantores formada para a Festa, sob a lideran\u00e7a de Frei Florival Toledo e Frei Paulo Ferreira, esteve impec\u00e1vel. J\u00e1 o guardi\u00e3o do Convento da Penha, Frei Valdecir Schwambach, presidiu o Oitav\u00e1rio, o momento devocional franciscano que antecedeu a Santa Missa. Sempre muito \u00e0 vontade, ele acolheu com carinho os fi\u00e9is devotos da Penha. Na abertura, um momento sempre emocionante e belo \u00e9 a prociss\u00e3o com a imagem de Nossa Senhora da Penha, que sai em prociss\u00e3o da Capela S\u00e3o Francisco de Assis, a resid\u00eancia de Frei Pedro Pal\u00e1cios e onde o piedoso frade foi encontrado morto no dia 1\u00ba de maio de 1971, at\u00e9 o altar do Campinho.<\/p>\n<p>Esse momento de ora\u00e7\u00e3o come\u00e7ou\u00a0 \u00e0s 14h30 e \u00e9 composto de cantos a Nossa Senhora; s\u00faplicas pelos mist\u00e9rios realizados a Maria, M\u00e3e de Jesus na devo\u00e7\u00e3o que Frei Pedro Pal\u00e1cios trazia consigo; ladainha de Nossa Senhora, ora\u00e7\u00f5es e b\u00ean\u00e7\u00e3o. Neste ano, a cada dia do Oitav\u00e1rio, os frades far\u00e3o uma reflex\u00e3o sobre o tema da festa deste ano: \u201cMaria, M\u00e3e da Fam\u00edlia, Santu\u00e1rio da Paz!\u201d. O guardi\u00e3o Frei Vadecir\u00a0 falou sobre o tema da festa e lamentou que dentro dos lares haja mas batalhas do que paz. \u201cComo entender a\u00a0 concorr\u00eancia ou a rivalidade entre marido e mulher, entre filhos?\u00a0 \u00c9 estranho dizer isso, mas acontece.\u00a0 N\u00e3o queremos isso. Queremos paz e queremos comunh\u00e3o&#8221;, orientou.<\/p>\n<p>\u00c0s 15 horas teve in\u00edcio a Santa Missa, presidida por Frei Fid\u00eancio e concelebrada pelos sacerdotes da \u00e1rea pastoral de Vila Velha, entre eles os frades do Santu\u00e1rio do Divino Esp\u00edrito Santo, frades do Convento da Penha e da Prov\u00edncia da Imaculada.<\/p>\n<div id=\"attachment_82689\" style=\"width: 358px\" class=\"wp-caption alignright\"><a href=\"http:\/\/franciscanos.org.br\/wp-content\/uploads\/2015\/04\/prov4.jpg\"><img aria-describedby=\"caption-attachment-82689\" loading=\"lazy\" class=\"wp-image-82689 size-full\" src=\"http:\/\/franciscanos.org.br\/wp-content\/uploads\/2015\/04\/prov4.jpg\" alt=\"prov4\" width=\"348\" height=\"450\" \/><\/a><p id=\"caption-attachment-82689\" class=\"wp-caption-text\">Frei Valdecir, guardi\u00e3o do Convento da Penha<\/p><\/div>\n<p>&#8220;N\u00f3s, nesta tarde nos encontramos neste Campinho. N\u00e3o \u00e9 um Campinho qualquer. Para voc\u00eas, povo capixaba, este Campinho \u00e9 terra sagrada, um espa\u00e7o para ficar mais perto da M\u00e3e de Deus e louvar o Senhor da Vida&#8221;, disse Frei Fid\u00eancio em sua homilia. O Campinho \u00e9 onde ser\u00e3o realizadas as principais celebra\u00e7\u00f5es do Oitav\u00e1rio at\u00e9 o pr\u00f3ximo s\u00e1bado, com exce\u00e7\u00e3o da Missa da Romaria dos Homens (s\u00e1bado), Missa da Romaria das Mulheres (domingo); e a Missa de Encerramento, que ser\u00e3o na Prainha, um espa\u00e7o fora do Morro da Penha e pr\u00f3prio para grandes multid\u00f5es.<\/p>\n<p>Frei Fid\u00eancio lembrou que, ao longo de toda a semana da Oitava da P\u00e1scoa, o nosso cora\u00e7\u00e3o e o nosso olhar se voltar\u00e3o para a Virgem da Penha, a nossa Senhora das Alegrias, para com ela proclamar o que toda a Igreja canta e reza neste Tempo Pascal: \u201cRainha dos c\u00e9us, alegrai-vos, Aleluia! \/ Porque aquele que merecestes trazer em vosso pur\u00edssimo seio, Aleluia! \/ Ressuscitou como disse, Aleluia! \/ Exultai e alegrai-vos, \u00f3 Virgem Maria, Aleluia!\/ Porque o Senhor Ressuscitou verdadeiramente. Aleluia!&#8221;<\/p>\n<p>Frei Fid\u00eancio falou sobre os protagonistas e testemunhas da Ressurrei\u00e7\u00e3o do Senhor. Al\u00e9m de Maria Madalena e de cada um dos disc\u00edpulos, conta uma antiga tradi\u00e7\u00e3o que o Ressuscitado apareceu antes \u00e0 sua M\u00e3e Maria Sant\u00edssima, que desempenhou um papel decisivo na hist\u00f3ria da salva\u00e7\u00e3o. &#8220;Ela n\u00e3o poderia estar ausente deste alegre an\u00fancio Pascal. Maria Sant\u00edssima, a M\u00e3e que guardou e viveu no sil\u00eancio do seu cora\u00e7\u00e3o as Sete grandes Alegrias no seguimento de Jesus Cristo (Anuncia\u00e7\u00e3o, Visita a Isabel, Nascimento de Jesus, Adora\u00e7\u00e3o dos Magos, Encontro com Jesus no Templo, Ressurrei\u00e7\u00e3o, Assun\u00e7\u00e3o e Coroa\u00e7\u00e3o na gl\u00f3ria dos C\u00e9us), partilha conosco nesta tarde a Alegria de poder ter visto seu Filho Ressuscitado&#8221;, explicou o Ministro Provincial.<\/p>\n<p><a href=\"http:\/\/franciscanos.org.br\/wp-content\/uploads\/2015\/04\/prov2.jpg\"><img loading=\"lazy\" class=\"alignleft size-full wp-image-82690\" src=\"http:\/\/franciscanos.org.br\/wp-content\/uploads\/2015\/04\/prov2.jpg\" alt=\"prov2\" width=\"375\" height=\"500\" \/><\/a>E, atrav\u00e9s da Palavra de Deus, Frei Fid\u00eancio indicou como podemos tamb\u00e9m ser testemunhas do Ressuscitado. Primeiro, sempre buscar o bem como Jesus, pois no final &#8220;quem constr\u00f3i a vida aqui, ressuscitar\u00e1&#8221; e, depois, &#8220;viver com muita seriedade a nossa realidade terrena, ter os p\u00e9s no ch\u00e3o, mas a mente e o cora\u00e7\u00e3o no c\u00e9us onde est\u00e1 a nossa morada definitiva&#8221;.<\/p>\n<p>E Frei Fid\u00eancio deixou a mensagem final: &#8220;A vida e a ressurrei\u00e7\u00e3o se manifestam onde homens e mulheres est\u00e3o cheios da presen\u00e7a de Deus&#8221;.<\/p>\n<p>O Ministro encerrou a homilia proclamando uma antiga ora\u00e7\u00e3o mariana. Da mesma forma como o Anjo do Senhor anunciou a Maria o Mist\u00e9rio da Encarna\u00e7\u00e3o, agora canta Maria Sant\u00edssima na gl\u00f3ria, qual protagonista do mist\u00e9rio da Ressurrei\u00e7\u00e3o:<\/p>\n<p>&#8220;O Anjo exclamou \u00e0 Cheia de Gra\u00e7a:<\/p>\n<p>\u2018Virgem Pura rejubila!\u2019<\/p>\n<p>De novo digo, rejubila,<\/p>\n<p>teu Filho ressuscitou do t\u00famulo ao terceiro dia.<\/p>\n<p>Resplandece, resplandece, \u00f3 Nova Jerusal\u00e9m,<\/p>\n<p>pois a gl\u00f3ria do Senhor, brilhou sobre ti.<\/p>\n<p>Exulta agora, e alegra-te Si\u00e3o.<\/p>\n<p>E tu, \u00f3 M\u00e3e de Deus toda pura,<\/p>\n<p>Rejubila na Ressurrei\u00e7\u00e3o do teu Filho.\u00bb<\/p>\n<p>&nbsp;<\/p>\n<p>Nesta segunda-feira, 6 de abril, a Festa ter\u00e1 a seguinte programa\u00e7\u00e3o:<\/p>\n<p>Missas na Capela: 6h00, 7h00, 8h00 e 9h30<\/p>\n<p>14h30: Oitav\u00e1rio e Missa no Campinho do Convento<\/p>\n<p>Obs: Missa coordenada pela \u00c1rea Serrana<\/p>\n<p>Confiss\u00f5es: 8h00 \u00e0s 11h00 e 14h00 \u00e0s 16h00.<\/p>\n<p><img class=\"ngg_displayed_gallery mceItem\" src=\"http:\/\/franciscanos.org.br\/index.php\/nextgen-attach_to_post\/preview\/id--82687\" alt=\"\" \/><\/p>\n","protected":false},"excerpt":{"rendered":"<p>Festa da Penha<\/p>\n","protected":false},"author":1,"featured_media":219979,"comment_status":"open","ping_status":"open","sticky":false,"template":"","format":"standard","meta":[],"categories":[1],"tags":[245],"acf":[],"yoast_head":"<!-- This site is optimized with the Yoast SEO plugin v19.2 - https:\/\/yoast.com\/wordpress\/plugins\/seo\/ -->\n<title>Ministro Provincial abre a 444\u00aa Festa da Penha - Not\u00edcias - Franciscanos<\/title>\n<meta name=\"robots\" content=\"index, follow, max-snippet:-1, max-image-preview:large, max-video-preview:-1\" \/>\n<link rel=\"canonical\" href=\"https:\/\/franciscanos.org.br\/noticias\/ministro-provincial-abre-a-444a-festa-da-penha.html\" \/>\n<meta property=\"og:locale\" content=\"pt_BR\" \/>\n<meta property=\"og:type\" content=\"article\" \/>\n<meta property=\"og:title\" content=\"Ministro Provincial abre a 444\u00aa Festa da Penha - Not\u00edcias - Franciscanos\" \/>\n<meta property=\"og:description\" content=\"Festa da Penha\" \/>\n<meta property=\"og:url\" content=\"https:\/\/franciscanos.org.br\/noticias\/ministro-provincial-abre-a-444a-festa-da-penha.html\" \/>\n<meta property=\"og:site_name\" content=\"Not\u00edcias - Franciscanos\" \/>\n<meta property=\"article:published_time\" content=\"2015-04-06T10:34:36+00:00\" \/>\n<meta property=\"article:modified_time\" content=\"2020-06-24T19:57:34+00:00\" \/>\n<meta property=\"og:image\" content=\"https:\/\/franciscanos.org.br\/noticias\/wp-content\/uploads\/2015\/04\/prov1.jpg\" \/>\n\t<meta property=\"og:image:width\" content=\"273\" \/>\n\t<meta property=\"og:image:height\" content=\"181\" \/>\n\t<meta property=\"og:image:type\" content=\"image\/jpeg\" \/>\n<meta name=\"author\" content=\"admin\" \/>\n<meta name=\"twitter:card\" content=\"summary_large_image\" \/>\n<meta name=\"twitter:label1\" content=\"Escrito por\" \/>\n\t<meta name=\"twitter:data1\" content=\"admin\" \/>\n\t<meta name=\"twitter:label2\" content=\"Est. tempo de leitura\" \/>\n\t<meta name=\"twitter:data2\" content=\"5 minutos\" \/>\n<script type=\"application\/ld+json\" class=\"yoast-schema-graph\">{\"@context\":\"https:\/\/schema.org\",\"@graph\":[{\"@type\":\"WebSite\",\"@id\":\"https:\/\/franciscanos.org.br\/noticias\/#website\",\"url\":\"https:\/\/franciscanos.org.br\/noticias\/\",\"name\":\"Not\u00edcias - Franciscanos\",\"description\":\"Prov\u00edncia Franciscana da Imaculada Concei\u00e7\u00e3o do Brasil - Ordem dos Frades Menores - OFM\",\"potentialAction\":[{\"@type\":\"SearchAction\",\"target\":{\"@type\":\"EntryPoint\",\"urlTemplate\":\"https:\/\/franciscanos.org.br\/noticias\/?s={search_term_string}\"},\"query-input\":\"required name=search_term_string\"}],\"inLanguage\":\"pt-BR\"},{\"@type\":\"ImageObject\",\"inLanguage\":\"pt-BR\",\"@id\":\"https:\/\/franciscanos.org.br\/noticias\/ministro-provincial-abre-a-444a-festa-da-penha.html#primaryimage\",\"url\":\"https:\/\/franciscanos.org.br\/noticias\/wp-content\/uploads\/2015\/04\/prov1.jpg\",\"contentUrl\":\"https:\/\/franciscanos.org.br\/noticias\/wp-content\/uploads\/2015\/04\/prov1.jpg\",\"width\":273,\"height\":181},{\"@type\":\"WebPage\",\"@id\":\"https:\/\/franciscanos.org.br\/noticias\/ministro-provincial-abre-a-444a-festa-da-penha.html#webpage\",\"url\":\"https:\/\/franciscanos.org.br\/noticias\/ministro-provincial-abre-a-444a-festa-da-penha.html\",\"name\":\"Ministro Provincial abre a 444\u00aa Festa da Penha - Not\u00edcias - Franciscanos\",\"isPartOf\":{\"@id\":\"https:\/\/franciscanos.org.br\/noticias\/#website\"},\"primaryImageOfPage\":{\"@id\":\"https:\/\/franciscanos.org.br\/noticias\/ministro-provincial-abre-a-444a-festa-da-penha.html#primaryimage\"},\"datePublished\":\"2015-04-06T10:34:36+00:00\",\"dateModified\":\"2020-06-24T19:57:34+00:00\",\"author\":{\"@id\":\"https:\/\/franciscanos.org.br\/noticias\/#\/schema\/person\/b38fbf43118f02820bd932f2e4b14ad3\"},\"breadcrumb\":{\"@id\":\"https:\/\/franciscanos.org.br\/noticias\/ministro-provincial-abre-a-444a-festa-da-penha.html#breadcrumb\"},\"inLanguage\":\"pt-BR\",\"potentialAction\":[{\"@type\":\"ReadAction\",\"target\":[\"https:\/\/franciscanos.org.br\/noticias\/ministro-provincial-abre-a-444a-festa-da-penha.html\"]}]},{\"@type\":\"BreadcrumbList\",\"@id\":\"https:\/\/franciscanos.org.br\/noticias\/ministro-provincial-abre-a-444a-festa-da-penha.html#breadcrumb\",\"itemListElement\":[{\"@type\":\"ListItem\",\"position\":1,\"name\":\"Home\",\"item\":\"https:\/\/franciscanos.org.br\/noticias\"},{\"@type\":\"ListItem\",\"position\":2,\"name\":\"Ministro Provincial abre a 444\u00aa Festa da Penha\"}]},{\"@type\":\"Person\",\"@id\":\"https:\/\/franciscanos.org.br\/noticias\/#\/schema\/person\/b38fbf43118f02820bd932f2e4b14ad3\",\"name\":\"admin\",\"image\":{\"@type\":\"ImageObject\",\"inLanguage\":\"pt-BR\",\"@id\":\"https:\/\/franciscanos.org.br\/noticias\/#\/schema\/person\/image\/\",\"url\":\"https:\/\/secure.gravatar.com\/avatar\/e8495742d34d0ba6448ea1c628263b3e?s=96&d=mm&r=g\",\"contentUrl\":\"https:\/\/secure.gravatar.com\/avatar\/e8495742d34d0ba6448ea1c628263b3e?s=96&d=mm&r=g\",\"caption\":\"admin\"},\"url\":\"https:\/\/franciscanos.org.br\/noticias\/author\/admin\"}]}<\/script>\n<!-- \/ Yoast SEO plugin. -->","yoast_head_json":{"title":"Ministro Provincial abre a 444\u00aa Festa da Penha - Not\u00edcias - Franciscanos","robots":{"index":"index","follow":"follow","max-snippet":"max-snippet:-1","max-image-preview":"max-image-preview:large","max-video-preview":"max-video-preview:-1"},"canonical":"https:\/\/franciscanos.org.br\/noticias\/ministro-provincial-abre-a-444a-festa-da-penha.html","og_locale":"pt_BR","og_type":"article","og_title":"Ministro Provincial abre a 444\u00aa Festa da Penha - Not\u00edcias - Franciscanos","og_description":"Festa da Penha","og_url":"https:\/\/franciscanos.org.br\/noticias\/ministro-provincial-abre-a-444a-festa-da-penha.html","og_site_name":"Not\u00edcias - Franciscanos","article_published_time":"2015-04-06T10:34:36+00:00","article_modified_time":"2020-06-24T19:57:34+00:00","og_image":[{"width":273,"height":181,"url":"https:\/\/franciscanos.org.br\/noticias\/wp-content\/uploads\/2015\/04\/prov1.jpg","type":"image\/jpeg"}],"author":"admin","twitter_card":"summary_large_image","twitter_misc":{"Escrito por":"admin","Est. tempo de leitura":"5 minutos"},"schema":{"@context":"https:\/\/schema.org","@graph":[{"@type":"WebSite","@id":"https:\/\/franciscanos.org.br\/noticias\/#website","url":"https:\/\/franciscanos.org.br\/noticias\/","name":"Not\u00edcias - Franciscanos","description":"Prov\u00edncia Franciscana da Imaculada Concei\u00e7\u00e3o do Brasil - Ordem dos Frades Menores - OFM","potentialAction":[{"@type":"SearchAction","target":{"@type":"EntryPoint","urlTemplate":"https:\/\/franciscanos.org.br\/noticias\/?s={search_term_string}"},"query-input":"required name=search_term_string"}],"inLanguage":"pt-BR"},{"@type":"ImageObject","inLanguage":"pt-BR","@id":"https:\/\/franciscanos.org.br\/noticias\/ministro-provincial-abre-a-444a-festa-da-penha.html#primaryimage","url":"https:\/\/franciscanos.org.br\/noticias\/wp-content\/uploads\/2015\/04\/prov1.jpg","contentUrl":"https:\/\/franciscanos.org.br\/noticias\/wp-content\/uploads\/2015\/04\/prov1.jpg","width":273,"height":181},{"@type":"WebPage","@id":"https:\/\/franciscanos.org.br\/noticias\/ministro-provincial-abre-a-444a-festa-da-penha.html#webpage","url":"https:\/\/franciscanos.org.br\/noticias\/ministro-provincial-abre-a-444a-festa-da-penha.html","name":"Ministro Provincial abre a 444\u00aa Festa da Penha - Not\u00edcias - Franciscanos","isPartOf":{"@id":"https:\/\/franciscanos.org.br\/noticias\/#website"},"primaryImageOfPage":{"@id":"https:\/\/franciscanos.org.br\/noticias\/ministro-provincial-abre-a-444a-festa-da-penha.html#primaryimage"},"datePublished":"2015-04-06T10:34:36+00:00","dateModified":"2020-06-24T19:57:34+00:00","author":{"@id":"https:\/\/franciscanos.org.br\/noticias\/#\/schema\/person\/b38fbf43118f02820bd932f2e4b14ad3"},"breadcrumb":{"@id":"https:\/\/franciscanos.org.br\/noticias\/ministro-provincial-abre-a-444a-festa-da-penha.html#breadcrumb"},"inLanguage":"pt-BR","potentialAction":[{"@type":"ReadAction","target":["https:\/\/franciscanos.org.br\/noticias\/ministro-provincial-abre-a-444a-festa-da-penha.html"]}]},{"@type":"BreadcrumbList","@id":"https:\/\/franciscanos.org.br\/noticias\/ministro-provincial-abre-a-444a-festa-da-penha.html#breadcrumb","itemListElement":[{"@type":"ListItem","position":1,"name":"Home","item":"https:\/\/franciscanos.org.br\/noticias"},{"@type":"ListItem","position":2,"name":"Ministro Provincial abre a 444\u00aa Festa da Penha"}]},{"@type":"Person","@id":"https:\/\/franciscanos.org.br\/noticias\/#\/schema\/person\/b38fbf43118f02820bd932f2e4b14ad3","name":"admin","image":{"@type":"ImageObject","inLanguage":"pt-BR","@id":"https:\/\/franciscanos.org.br\/noticias\/#\/schema\/person\/image\/","url":"https:\/\/secure.gravatar.com\/avatar\/e8495742d34d0ba6448ea1c628263b3e?s=96&d=mm&r=g","contentUrl":"https:\/\/secure.gravatar.com\/avatar\/e8495742d34d0ba6448ea1c628263b3e?s=96&d=mm&r=g","caption":"admin"},"url":"https:\/\/franciscanos.org.br\/noticias\/author\/admin"}]}},"_links":{"self":[{"href":"https:\/\/franciscanos.org.br\/noticias\/wp-json\/wp\/v2\/posts\/82685"}],"collection":[{"href":"https:\/\/franciscanos.org.br\/noticias\/wp-json\/wp\/v2\/posts"}],"about":[{"href":"https:\/\/franciscanos.org.br\/noticias\/wp-json\/wp\/v2\/types\/post"}],"author":[{"embeddable":true,"href":"https:\/\/franciscanos.org.br\/noticias\/wp-json\/wp\/v2\/users\/1"}],"replies":[{"embeddable":true,"href":"https:\/\/franciscanos.org.br\/noticias\/wp-json\/wp\/v2\/comments?post=82685"}],"version-history":[{"count":1,"href":"https:\/\/franciscanos.org.br\/noticias\/wp-json\/wp\/v2\/posts\/82685\/revisions"}],"predecessor-version":[{"id":226715,"href":"https:\/\/franciscanos.org.br\/noticias\/wp-json\/wp\/v2\/posts\/82685\/revisions\/226715"}],"wp:featuredmedia":[{"embeddable":true,"href":"https:\/\/franciscanos.org.br\/noticias\/wp-json\/wp\/v2\/media\/219979"}],"wp:attachment":[{"href":"https:\/\/franciscanos.org.br\/noticias\/wp-json\/wp\/v2\/media?parent=82685"}],"wp:term":[{"taxonomy":"category","embeddable":true,"href":"https:\/\/franciscanos.org.br\/noticias\/wp-json\/wp\/v2\/categories?post=82685"},{"taxonomy":"post_tag","embeddable":true,"href":"https:\/\/franciscanos.org.br\/noticias\/wp-json\/wp\/v2\/tags?post=82685"}],"curies":[{"name":"wp","href":"https:\/\/api.w.org\/{rel}","templated":true}]}}