{"id":82546,"date":"2015-04-04T21:21:24","date_gmt":"2015-04-05T00:21:24","guid":{"rendered":"http:\/\/franciscanos.org.br\/?p=82546"},"modified":"2020-06-10T15:45:12","modified_gmt":"2020-06-10T18:45:12","slug":"nao-se-pode-viver-a-pascoa-sem-entrar-no-misterio","status":"publish","type":"post","link":"https:\/\/franciscanos.org.br\/noticias\/nao-se-pode-viver-a-pascoa-sem-entrar-no-misterio.html","title":{"rendered":"&#8220;N\u00e3o se pode viver a P\u00e1scoa sem entrar no mist\u00e9rio&#8221;"},"content":{"rendered":"<p><img loading=\"lazy\" src=\"http:\/\/franciscanos.org.br\/wp-content\/uploads\/2015\/04\/vigilia.jpg\" alt=\"vigilia\" width=\"820\" height=\"545\" \/><\/p>\n<p><strong>Cidade do Vaticano<\/strong>\u00a0 &#8211; \u00a0O Papa Francisco presidiu neste S\u00e1bado Santo, 4 de abril, na Bas\u00edlica de S\u00e3o Pedro, a solene Vig\u00edlia Pascal da Ressurrei\u00e7\u00e3o do Senhor.<\/p>\n<h3>Eis a homilia do Santo Padre, na \u00edntegra.<\/h3>\n<p>Esta \u00e9 uma noite de vig\u00edlia.<br \/>\nN\u00e3o dorme o Senhor, vigia o Guardi\u00e3o do seu povo (cf. Sl 121\/120, 4) para faz\u00ea-lo sair da escravid\u00e3o e abrir-lhe a estrada da liberdade.<\/p>\n<p>O Senhor vigia e, com a for\u00e7a do seu amor, faz passar o povo atrav\u00e9s do Mar Vermelho; e faz passar Jesus atrav\u00e9s do abismo da morte e da mans\u00e3o dos mortos.<\/p>\n<p>Foi uma noite de vig\u00edlia para os disc\u00edpulos e as disc\u00edpulas de Jesus. Noite de desola\u00e7\u00e3o e de medo. Os homens permaneceram fechados no Cen\u00e1culo. As mulheres, ao contr\u00e1rio, ao alvorecer do dia depois do s\u00e1bado foram ao sepulcro para ungir o corpo de Jesus. Tinham o cora\u00e7\u00e3o cheio de ang\u00fastia e perguntavam-se: \u00abComo faremos para entrar? Quem nos far\u00e1 rolar a pedra do sepulcro?\u00bb. Mas eis o primeiro sinal do Evento: a grande pedra j\u00e1 fora removida e o t\u00famulo estava aberto!<br \/>\n\u00abEntrando no sepulcro, viram um jovem sentado \u00e0 direita, vestido com uma t\u00fanica branca\u00bb (Mc 16, 5). As mulheres foram as primeiras a ver este grande sinal: o t\u00famulo vazio; e foram as primeiras a entrar nele.<\/p>\n<p>\u00abEntrando no sepulcro\u00bb. Faz-nos bem, nesta noite de vig\u00edlia, deter-nos a refletir sobre a experi\u00eancia das disc\u00edpulas de Jesus, que nos interpela a n\u00f3s tamb\u00e9m. Realmente \u00e9 para isto que estamos aqui: para entrar, entrar no Mist\u00e9rio que Deus realizou com a sua vig\u00edlia de amor.<br \/>\nN\u00e3o se pode viver a P\u00e1scoa sem entrar no mist\u00e9rio. N\u00e3o \u00e9 um fato intelectual, n\u00e3o \u00e9 s\u00f3 conhecer, ler&#8230; \u00c9 mais, \u00e9 muito mais!<\/p>\n<p>\u00abEntrar no mist\u00e9rio\u00bb significa capacidade de estupefa\u00e7\u00e3o, de contempla\u00e7\u00e3o; capacidade de escutar o sil\u00eancio e ouvir o sussurro de um fio de sil\u00eancio sonoro em que Deus nos fala (cf. 1 Re 19, 12).<\/p>\n<p>Entrar no mist\u00e9rio requer de n\u00f3s que n\u00e3o tenhamos medo da realidade: n\u00e3o nos fechemos em n\u00f3s mesmos, n\u00e3o fujamos perante aquilo que n\u00e3o entendemos, n\u00e3o fechemos os olhos diante dos problemas, n\u00e3o os neguemos, n\u00e3o eliminemos as quest\u00f5es&#8230;<\/p>\n<p>Entrar no mist\u00e9rio significa ir al\u00e9m da comodidade das pr\u00f3prias seguran\u00e7as, al\u00e9m da pregui\u00e7a e da indiferen\u00e7a que nos paralisam, e p\u00f4r-se \u00e0 procura da verdade, da beleza e do amor, buscar um sentido n\u00e3o \u00f3bvio, uma resposta n\u00e3o banal para as quest\u00f5es que p\u00f5em em crise a nossa f\u00e9, a nossa lealdade e nossa raz\u00e3o.<\/p>\n<p>Para entrar no mist\u00e9rio, \u00e9 preciso humildade, a humildade de rebaixar-se, de descer do pedestal do meu eu t\u00e3o orgulhoso, da nossa presun\u00e7\u00e3o; a humildade de se reajustar, reconhecendo o que realmente somos: criaturas, com valores e defeitos, pecadores necessitados de perd\u00e3o. Para entrar no mist\u00e9rio, \u00e9 preciso este abaixamento que \u00e9 impot\u00eancia, esvaziamento das pr\u00f3prias idolatrias, adora\u00e7\u00e3o. Sem adorar, n\u00e3o se pode entrar no mist\u00e9rio.<\/p>\n<p>Tudo isto nos ensinam as mulheres disc\u00edpulas de Jesus. Elas estiveram de vigia naquela noite, juntamente com a M\u00e3e. E Ela, a Virgem M\u00e3e, ajudou-as a n\u00e3o perderem a f\u00e9 nem a esperan\u00e7a. Deste modo, n\u00e3o ficaram prisioneiras do medo e da ang\u00fastia, mas \u00e0s primeiras luzes da aurora sa\u00edram, levando na m\u00e3o os seus perfumes e com o cora\u00e7\u00e3o perfumado de amor. Sa\u00edram e encontraram o sepulcro aberto. E entraram. Vigiaram, sa\u00edram e entraram no Mist\u00e9rio. Aprendamos com elas a vigiar com Deus e com Maria, nossa M\u00e3e, para entrar no Mist\u00e9rio que nos faz passar da morte \u00e0 vida.<\/p>\n<hr \/>\n<p><em>Fonte: R\u00e1dio Vaticano<\/em><\/p>\n","protected":false},"excerpt":{"rendered":"<p>Vig\u00edlia Pascal<\/p>\n","protected":false},"author":1,"featured_media":213152,"comment_status":"open","ping_status":"open","sticky":false,"template":"","format":"standard","meta":[],"categories":[1428],"tags":[626],"acf":[],"yoast_head":"<!-- This site is optimized with the Yoast SEO plugin v19.2 - https:\/\/yoast.com\/wordpress\/plugins\/seo\/ -->\n<title>&quot;N\u00e3o se pode viver a P\u00e1scoa sem entrar no mist\u00e9rio&quot; - Not\u00edcias - Franciscanos<\/title>\n<meta name=\"robots\" content=\"index, follow, max-snippet:-1, max-image-preview:large, max-video-preview:-1\" \/>\n<link rel=\"canonical\" href=\"https:\/\/franciscanos.org.br\/noticias\/nao-se-pode-viver-a-pascoa-sem-entrar-no-misterio.html\" \/>\n<meta property=\"og:locale\" content=\"pt_BR\" \/>\n<meta property=\"og:type\" content=\"article\" \/>\n<meta property=\"og:title\" content=\"&quot;N\u00e3o se pode viver a P\u00e1scoa sem entrar no mist\u00e9rio&quot; - Not\u00edcias - Franciscanos\" \/>\n<meta property=\"og:description\" content=\"Vig\u00edlia Pascal\" \/>\n<meta property=\"og:url\" content=\"https:\/\/franciscanos.org.br\/noticias\/nao-se-pode-viver-a-pascoa-sem-entrar-no-misterio.html\" \/>\n<meta property=\"og:site_name\" content=\"Not\u00edcias - Franciscanos\" \/>\n<meta property=\"article:published_time\" content=\"2015-04-05T00:21:24+00:00\" \/>\n<meta property=\"article:modified_time\" content=\"2020-06-10T18:45:12+00:00\" \/>\n<meta property=\"og:image\" content=\"https:\/\/franciscanos.org.br\/noticias\/wp-content\/uploads\/2015\/04\/vigilia_d.jpg\" \/>\n\t<meta property=\"og:image:width\" content=\"273\" \/>\n\t<meta property=\"og:image:height\" content=\"181\" \/>\n\t<meta property=\"og:image:type\" content=\"image\/jpeg\" \/>\n<meta name=\"author\" content=\"admin\" \/>\n<meta name=\"twitter:card\" content=\"summary_large_image\" \/>\n<meta name=\"twitter:label1\" content=\"Escrito por\" \/>\n\t<meta name=\"twitter:data1\" content=\"admin\" \/>\n\t<meta name=\"twitter:label2\" content=\"Est. tempo de leitura\" \/>\n\t<meta name=\"twitter:data2\" content=\"3 minutos\" \/>\n<script type=\"application\/ld+json\" class=\"yoast-schema-graph\">{\"@context\":\"https:\/\/schema.org\",\"@graph\":[{\"@type\":\"WebSite\",\"@id\":\"https:\/\/franciscanos.org.br\/noticias\/#website\",\"url\":\"https:\/\/franciscanos.org.br\/noticias\/\",\"name\":\"Not\u00edcias - Franciscanos\",\"description\":\"Prov\u00edncia Franciscana da Imaculada Concei\u00e7\u00e3o do Brasil - Ordem dos Frades Menores - OFM\",\"potentialAction\":[{\"@type\":\"SearchAction\",\"target\":{\"@type\":\"EntryPoint\",\"urlTemplate\":\"https:\/\/franciscanos.org.br\/noticias\/?s={search_term_string}\"},\"query-input\":\"required name=search_term_string\"}],\"inLanguage\":\"pt-BR\"},{\"@type\":\"ImageObject\",\"inLanguage\":\"pt-BR\",\"@id\":\"https:\/\/franciscanos.org.br\/noticias\/nao-se-pode-viver-a-pascoa-sem-entrar-no-misterio.html#primaryimage\",\"url\":\"https:\/\/franciscanos.org.br\/noticias\/wp-content\/uploads\/2015\/04\/vigilia_d.jpg\",\"contentUrl\":\"https:\/\/franciscanos.org.br\/noticias\/wp-content\/uploads\/2015\/04\/vigilia_d.jpg\",\"width\":273,\"height\":181},{\"@type\":\"WebPage\",\"@id\":\"https:\/\/franciscanos.org.br\/noticias\/nao-se-pode-viver-a-pascoa-sem-entrar-no-misterio.html#webpage\",\"url\":\"https:\/\/franciscanos.org.br\/noticias\/nao-se-pode-viver-a-pascoa-sem-entrar-no-misterio.html\",\"name\":\"\\\"N\u00e3o se pode viver a P\u00e1scoa sem entrar no mist\u00e9rio\\\" - Not\u00edcias - Franciscanos\",\"isPartOf\":{\"@id\":\"https:\/\/franciscanos.org.br\/noticias\/#website\"},\"primaryImageOfPage\":{\"@id\":\"https:\/\/franciscanos.org.br\/noticias\/nao-se-pode-viver-a-pascoa-sem-entrar-no-misterio.html#primaryimage\"},\"datePublished\":\"2015-04-05T00:21:24+00:00\",\"dateModified\":\"2020-06-10T18:45:12+00:00\",\"author\":{\"@id\":\"https:\/\/franciscanos.org.br\/noticias\/#\/schema\/person\/b38fbf43118f02820bd932f2e4b14ad3\"},\"breadcrumb\":{\"@id\":\"https:\/\/franciscanos.org.br\/noticias\/nao-se-pode-viver-a-pascoa-sem-entrar-no-misterio.html#breadcrumb\"},\"inLanguage\":\"pt-BR\",\"potentialAction\":[{\"@type\":\"ReadAction\",\"target\":[\"https:\/\/franciscanos.org.br\/noticias\/nao-se-pode-viver-a-pascoa-sem-entrar-no-misterio.html\"]}]},{\"@type\":\"BreadcrumbList\",\"@id\":\"https:\/\/franciscanos.org.br\/noticias\/nao-se-pode-viver-a-pascoa-sem-entrar-no-misterio.html#breadcrumb\",\"itemListElement\":[{\"@type\":\"ListItem\",\"position\":1,\"name\":\"Home\",\"item\":\"https:\/\/franciscanos.org.br\/noticias\"},{\"@type\":\"ListItem\",\"position\":2,\"name\":\"&#8220;N\u00e3o se pode viver a P\u00e1scoa sem entrar no mist\u00e9rio&#8221;\"}]},{\"@type\":\"Person\",\"@id\":\"https:\/\/franciscanos.org.br\/noticias\/#\/schema\/person\/b38fbf43118f02820bd932f2e4b14ad3\",\"name\":\"admin\",\"image\":{\"@type\":\"ImageObject\",\"inLanguage\":\"pt-BR\",\"@id\":\"https:\/\/franciscanos.org.br\/noticias\/#\/schema\/person\/image\/\",\"url\":\"https:\/\/secure.gravatar.com\/avatar\/e8495742d34d0ba6448ea1c628263b3e?s=96&d=mm&r=g\",\"contentUrl\":\"https:\/\/secure.gravatar.com\/avatar\/e8495742d34d0ba6448ea1c628263b3e?s=96&d=mm&r=g\",\"caption\":\"admin\"},\"url\":\"https:\/\/franciscanos.org.br\/noticias\/author\/admin\"}]}<\/script>\n<!-- \/ Yoast SEO plugin. -->","yoast_head_json":{"title":"\"N\u00e3o se pode viver a P\u00e1scoa sem entrar no mist\u00e9rio\" - Not\u00edcias - Franciscanos","robots":{"index":"index","follow":"follow","max-snippet":"max-snippet:-1","max-image-preview":"max-image-preview:large","max-video-preview":"max-video-preview:-1"},"canonical":"https:\/\/franciscanos.org.br\/noticias\/nao-se-pode-viver-a-pascoa-sem-entrar-no-misterio.html","og_locale":"pt_BR","og_type":"article","og_title":"\"N\u00e3o se pode viver a P\u00e1scoa sem entrar no mist\u00e9rio\" - Not\u00edcias - Franciscanos","og_description":"Vig\u00edlia Pascal","og_url":"https:\/\/franciscanos.org.br\/noticias\/nao-se-pode-viver-a-pascoa-sem-entrar-no-misterio.html","og_site_name":"Not\u00edcias - Franciscanos","article_published_time":"2015-04-05T00:21:24+00:00","article_modified_time":"2020-06-10T18:45:12+00:00","og_image":[{"width":273,"height":181,"url":"https:\/\/franciscanos.org.br\/noticias\/wp-content\/uploads\/2015\/04\/vigilia_d.jpg","type":"image\/jpeg"}],"author":"admin","twitter_card":"summary_large_image","twitter_misc":{"Escrito por":"admin","Est. tempo de leitura":"3 minutos"},"schema":{"@context":"https:\/\/schema.org","@graph":[{"@type":"WebSite","@id":"https:\/\/franciscanos.org.br\/noticias\/#website","url":"https:\/\/franciscanos.org.br\/noticias\/","name":"Not\u00edcias - Franciscanos","description":"Prov\u00edncia Franciscana da Imaculada Concei\u00e7\u00e3o do Brasil - Ordem dos Frades Menores - OFM","potentialAction":[{"@type":"SearchAction","target":{"@type":"EntryPoint","urlTemplate":"https:\/\/franciscanos.org.br\/noticias\/?s={search_term_string}"},"query-input":"required name=search_term_string"}],"inLanguage":"pt-BR"},{"@type":"ImageObject","inLanguage":"pt-BR","@id":"https:\/\/franciscanos.org.br\/noticias\/nao-se-pode-viver-a-pascoa-sem-entrar-no-misterio.html#primaryimage","url":"https:\/\/franciscanos.org.br\/noticias\/wp-content\/uploads\/2015\/04\/vigilia_d.jpg","contentUrl":"https:\/\/franciscanos.org.br\/noticias\/wp-content\/uploads\/2015\/04\/vigilia_d.jpg","width":273,"height":181},{"@type":"WebPage","@id":"https:\/\/franciscanos.org.br\/noticias\/nao-se-pode-viver-a-pascoa-sem-entrar-no-misterio.html#webpage","url":"https:\/\/franciscanos.org.br\/noticias\/nao-se-pode-viver-a-pascoa-sem-entrar-no-misterio.html","name":"\"N\u00e3o se pode viver a P\u00e1scoa sem entrar no mist\u00e9rio\" - Not\u00edcias - Franciscanos","isPartOf":{"@id":"https:\/\/franciscanos.org.br\/noticias\/#website"},"primaryImageOfPage":{"@id":"https:\/\/franciscanos.org.br\/noticias\/nao-se-pode-viver-a-pascoa-sem-entrar-no-misterio.html#primaryimage"},"datePublished":"2015-04-05T00:21:24+00:00","dateModified":"2020-06-10T18:45:12+00:00","author":{"@id":"https:\/\/franciscanos.org.br\/noticias\/#\/schema\/person\/b38fbf43118f02820bd932f2e4b14ad3"},"breadcrumb":{"@id":"https:\/\/franciscanos.org.br\/noticias\/nao-se-pode-viver-a-pascoa-sem-entrar-no-misterio.html#breadcrumb"},"inLanguage":"pt-BR","potentialAction":[{"@type":"ReadAction","target":["https:\/\/franciscanos.org.br\/noticias\/nao-se-pode-viver-a-pascoa-sem-entrar-no-misterio.html"]}]},{"@type":"BreadcrumbList","@id":"https:\/\/franciscanos.org.br\/noticias\/nao-se-pode-viver-a-pascoa-sem-entrar-no-misterio.html#breadcrumb","itemListElement":[{"@type":"ListItem","position":1,"name":"Home","item":"https:\/\/franciscanos.org.br\/noticias"},{"@type":"ListItem","position":2,"name":"&#8220;N\u00e3o se pode viver a P\u00e1scoa sem entrar no mist\u00e9rio&#8221;"}]},{"@type":"Person","@id":"https:\/\/franciscanos.org.br\/noticias\/#\/schema\/person\/b38fbf43118f02820bd932f2e4b14ad3","name":"admin","image":{"@type":"ImageObject","inLanguage":"pt-BR","@id":"https:\/\/franciscanos.org.br\/noticias\/#\/schema\/person\/image\/","url":"https:\/\/secure.gravatar.com\/avatar\/e8495742d34d0ba6448ea1c628263b3e?s=96&d=mm&r=g","contentUrl":"https:\/\/secure.gravatar.com\/avatar\/e8495742d34d0ba6448ea1c628263b3e?s=96&d=mm&r=g","caption":"admin"},"url":"https:\/\/franciscanos.org.br\/noticias\/author\/admin"}]}},"_links":{"self":[{"href":"https:\/\/franciscanos.org.br\/noticias\/wp-json\/wp\/v2\/posts\/82546"}],"collection":[{"href":"https:\/\/franciscanos.org.br\/noticias\/wp-json\/wp\/v2\/posts"}],"about":[{"href":"https:\/\/franciscanos.org.br\/noticias\/wp-json\/wp\/v2\/types\/post"}],"author":[{"embeddable":true,"href":"https:\/\/franciscanos.org.br\/noticias\/wp-json\/wp\/v2\/users\/1"}],"replies":[{"embeddable":true,"href":"https:\/\/franciscanos.org.br\/noticias\/wp-json\/wp\/v2\/comments?post=82546"}],"version-history":[{"count":1,"href":"https:\/\/franciscanos.org.br\/noticias\/wp-json\/wp\/v2\/posts\/82546\/revisions"}],"predecessor-version":[{"id":226077,"href":"https:\/\/franciscanos.org.br\/noticias\/wp-json\/wp\/v2\/posts\/82546\/revisions\/226077"}],"wp:featuredmedia":[{"embeddable":true,"href":"https:\/\/franciscanos.org.br\/noticias\/wp-json\/wp\/v2\/media\/213152"}],"wp:attachment":[{"href":"https:\/\/franciscanos.org.br\/noticias\/wp-json\/wp\/v2\/media?parent=82546"}],"wp:term":[{"taxonomy":"category","embeddable":true,"href":"https:\/\/franciscanos.org.br\/noticias\/wp-json\/wp\/v2\/categories?post=82546"},{"taxonomy":"post_tag","embeddable":true,"href":"https:\/\/franciscanos.org.br\/noticias\/wp-json\/wp\/v2\/tags?post=82546"}],"curies":[{"name":"wp","href":"https:\/\/api.w.org\/{rel}","templated":true}]}}