{"id":82532,"date":"2015-04-04T06:58:14","date_gmt":"2015-04-04T09:58:14","guid":{"rendered":"http:\/\/franciscanos.org.br\/?p=82532"},"modified":"2020-06-10T15:47:24","modified_gmt":"2020-06-10T18:47:24","slug":"papa-reza-pelos-cristaos-assassinados-pelo-nosso-silencio","status":"publish","type":"post","link":"https:\/\/franciscanos.org.br\/noticias\/papa-reza-pelos-cristaos-assassinados-pelo-nosso-silencio.html","title":{"rendered":"Papa reza pelos crist\u00e3os assassinados pelo nosso sil\u00eancio"},"content":{"rendered":"<p>&nbsp;<\/p>\n<p><img loading=\"lazy\" class=\"alignnone size-full wp-image-224221\" src=\"https:\/\/franciscanos.org.br\/noticias\/wp-content\/uploads\/2019\/04\/sexta_06.jpg\" alt=\"\" width=\"1280\" height=\"570\" srcset=\"https:\/\/franciscanos.org.br\/noticias\/wp-content\/uploads\/2019\/04\/sexta_06.jpg 1280w, https:\/\/franciscanos.org.br\/noticias\/wp-content\/uploads\/2019\/04\/sexta_06-450x200.jpg 450w, https:\/\/franciscanos.org.br\/noticias\/wp-content\/uploads\/2019\/04\/sexta_06-1024x456.jpg 1024w, https:\/\/franciscanos.org.br\/noticias\/wp-content\/uploads\/2019\/04\/sexta_06-768x342.jpg 768w, https:\/\/franciscanos.org.br\/noticias\/wp-content\/uploads\/2019\/04\/sexta_06-150x67.jpg 150w\" sizes=\"(max-width: 1280px) 100vw, 1280px\" \/><\/p>\n<p>Cidade do Vaticano \u2013 Nesta Sexta-feira Santa (03\/04), o Papa Francisco presidiu a tradicional Via-Sacra no Coliseu romano, com a participa\u00e7\u00e3o de milhares de fi\u00e9is.<\/p>\n<p>Ao final da 14a esta\u00e7\u00e3o, o Papa leu a seguinte <strong>ora\u00e7\u00e3o:<\/strong><\/p>\n<p>\u201c\u00d3 Cristo crucificado e vitorioso, a tua via-sacra \u00e9 a s\u00edntese de tua vida, \u00e9 o \u00edcone de tua obedi\u00eancia \u00e0 vontade do Pai, a realiza\u00e7\u00e3o do teu infinito amor por n\u00f3s pecadores, a prova de tua miss\u00e3o e o cumprimento definitivo da revela\u00e7\u00e3o e da hist\u00f3ria da salva\u00e7\u00e3o. O peso da tua cruz nos liberta de todos os nossos fardos. Na tua obedi\u00eancia \u00e0 vontade do Pai, n\u00f3s nos damos conta da nossa rebeli\u00e3o e desobedi\u00eancia. Em ti vendido, tra\u00eddo e crucificado pela tua gente, n\u00f3s vemos nossas cotidianas trai\u00e7\u00f5es e infidelidades. Na tua inoc\u00eancia, vemos a nossa culpa; no teu rosto esbofeteado, cuspido e desfigurado, vemos a brutalidade dos nossos pecados. Na crueldade da tua paix\u00e3o, vemos a crueldade do nosso cora\u00e7\u00e3o e das nossas a\u00e7\u00f5es. No teu sentir-te abandonado, vemos todos os abandonados pelos familiares, pela sociedade, pela aten\u00e7\u00e3o e pela solidariedade. No teu corpo sacrificado e dilacerado vemos os corpos dos nossos irm\u00e3os abandonados nas ruas, desfigurados pela nossa neglig\u00eancia e indiferen\u00e7a. Na tua sede, Senhor, vemos a sede do teu Pai misericordioso que em ti quis abra\u00e7ar, perdoar e salvar toda a humanidade. Em ti, divino Amor, vemos ainda hoje os nossos irm\u00e3os perseguidos, decapitados e crucificados pela sua f\u00e9 em ti, sob nossos olhos ou com frequ\u00eancia com nosso sil\u00eancio c\u00famplice. Imprime em nosso cora\u00e7\u00e3o sentimentos de f\u00e9, esperan\u00e7a, caridade, de dor pelos nossos pecados e leva-nos a nos arrepender pelos nossos pecados que te crucificaram. Leva-nos a transformar a nossa convers\u00e3o feita de palavras em convers\u00e3o de vida e de obras. Leva-nos a manter em n\u00f3s uma recorda\u00e7\u00e3o viva do teu rosto desfigurado para n\u00e3o esquecermos nunca o grande pre\u00e7o que tu pagaste para nos libertar. Jesus Crucificado, reaviva em n\u00f3s a f\u00e9 , que ela n\u00e3o ceda diante das tenta\u00e7\u00f5es. Reaviva em n\u00f3s a esperan\u00e7a, para que n\u00e3o se perca seguindo as sedu\u00e7\u00f5es do mundo; guarda em n\u00f3s a caridade, que n\u00e3o se deixe enganar pela corrup\u00e7\u00e3o e a mundanidade. Ensina-nos que a Cruz \u00e9 o caminho para Ressurrei\u00e7\u00e3o. Ensina-nos que a Santa-feira Santa \u00e9 a estrada para a P\u00e1scoa de luz. Ensina-nos que Deus jamais esquece nenhum de seus filhos e jamais se cansa de nos perdoar e de abra\u00e7ar com a sua infinita miseric\u00f3rdia. E ensina-nos a n\u00e3o nos cansar de pedir perd\u00e3o e de acreditar na miseric\u00f3rdia sem limites do Pai.\u201d<\/p>\n<p>Depois da b\u00ean\u00e7\u00e3o final, Francisco acrescentou uma sauda\u00e7\u00e3o: \u201cVoltemos a nossas casas com a lembran\u00e7a de Jesus, de sua paix\u00e3o, do seu grande amor, e tamb\u00e9m com a esperan\u00e7a da sua jubilosa ressurrei\u00e7\u00e3o&#8221;.<\/p>\n<p>Este ano, as medita\u00e7\u00f5es foram confiadas ao Bispo em\u00e9rito de Novara, Dom Renato Corti. O texto que acompanhou as 14 esta\u00e7\u00f5es foi publicado tamb\u00e9m em portugu\u00eas.<\/p>\n<p>Os temas foram os dramas familiares do mundo de hoje, a presen\u00e7a feminina na Igreja e a \u201ctristeza no abisso\u201d de tantas almas feridas pela solid\u00e3o, o abandono, a indiferen\u00e7a, as doen\u00e7as, a morte de um ente querido; o risco de ser \u201ccrist\u00e3os mornos\u201d, dramas coletivos como o tr\u00e1fico de seres humanos, a condi\u00e7\u00e3o das crian\u00e7as-soldado, o trabalho em regime de escravid\u00e3o, os jovens roubados de si mesmos, feridos em sua intimidade e barbaramente profanados com abusos sexuais; a pena de morte ainda praticada em muitos pa\u00edses, e toda forma de tortura e opress\u00e3o violenta de inocentes.<br \/>\nDom Corti enriqueceu as medita\u00e7\u00f5es utilizando textos do Papa Paulo VI, do Cardeal Carlo Maria Martini e do Ministro paquistan\u00eas Shahbaz Bhatti, assassinado em 2011.<\/p>\n<p>Dois brasileiros estavam entre as pessoas que carregaram a cruz de Jesus durante a Via-Sacra: os irm\u00e3os Rafaela e Vitor, adotados no Brasil por um casal de italianos, participaram da cerim\u00f4nia ao lado dos pais na terceira esta\u00e7\u00e3o. Al\u00e9m deles, tamb\u00e9m levaram a cruz duas religiosas iraquianas e pessoas provenientes de S\u00edria, Nig\u00e9ria, Egito e China, entre outras.<\/p>\n<hr \/>\n<p><em>Fonte: R\u00e1dio Vaticano<\/em><\/p>\n","protected":false},"excerpt":{"rendered":"<p>Via-Sacra<\/p>\n","protected":false},"author":1,"featured_media":225018,"comment_status":"open","ping_status":"open","sticky":false,"template":"","format":"standard","meta":[],"categories":[1428],"tags":[234],"acf":[],"yoast_head":"<!-- This site is optimized with the Yoast SEO plugin v19.2 - https:\/\/yoast.com\/wordpress\/plugins\/seo\/ -->\n<title>Papa reza pelos crist\u00e3os assassinados pelo nosso sil\u00eancio - Not\u00edcias - Franciscanos<\/title>\n<meta name=\"robots\" content=\"index, follow, max-snippet:-1, max-image-preview:large, max-video-preview:-1\" \/>\n<link rel=\"canonical\" href=\"https:\/\/franciscanos.org.br\/noticias\/papa-reza-pelos-cristaos-assassinados-pelo-nosso-silencio.html\" \/>\n<meta property=\"og:locale\" content=\"pt_BR\" \/>\n<meta property=\"og:type\" content=\"article\" \/>\n<meta property=\"og:title\" content=\"Papa reza pelos crist\u00e3os assassinados pelo nosso sil\u00eancio - Not\u00edcias - Franciscanos\" \/>\n<meta property=\"og:description\" content=\"Via-Sacra\" \/>\n<meta property=\"og:url\" content=\"https:\/\/franciscanos.org.br\/noticias\/papa-reza-pelos-cristaos-assassinados-pelo-nosso-silencio.html\" \/>\n<meta property=\"og:site_name\" content=\"Not\u00edcias - Franciscanos\" \/>\n<meta property=\"article:published_time\" content=\"2015-04-04T09:58:14+00:00\" \/>\n<meta property=\"article:modified_time\" content=\"2020-06-10T18:47:24+00:00\" \/>\n<meta property=\"og:image\" content=\"https:\/\/franciscanos.org.br\/noticias\/wp-content\/uploads\/2018\/03\/coliseu_d.jpg\" \/>\n\t<meta property=\"og:image:width\" content=\"800\" \/>\n\t<meta property=\"og:image:height\" content=\"600\" \/>\n\t<meta property=\"og:image:type\" content=\"image\/jpeg\" \/>\n<meta name=\"author\" content=\"admin\" \/>\n<meta name=\"twitter:card\" content=\"summary_large_image\" \/>\n<meta name=\"twitter:label1\" content=\"Escrito por\" \/>\n\t<meta name=\"twitter:data1\" content=\"admin\" \/>\n\t<meta name=\"twitter:label2\" content=\"Est. tempo de leitura\" \/>\n\t<meta name=\"twitter:data2\" content=\"4 minutos\" \/>\n<script type=\"application\/ld+json\" class=\"yoast-schema-graph\">{\"@context\":\"https:\/\/schema.org\",\"@graph\":[{\"@type\":\"WebSite\",\"@id\":\"https:\/\/franciscanos.org.br\/noticias\/#website\",\"url\":\"https:\/\/franciscanos.org.br\/noticias\/\",\"name\":\"Not\u00edcias - Franciscanos\",\"description\":\"Prov\u00edncia Franciscana da Imaculada Concei\u00e7\u00e3o do Brasil - Ordem dos Frades Menores - OFM\",\"potentialAction\":[{\"@type\":\"SearchAction\",\"target\":{\"@type\":\"EntryPoint\",\"urlTemplate\":\"https:\/\/franciscanos.org.br\/noticias\/?s={search_term_string}\"},\"query-input\":\"required name=search_term_string\"}],\"inLanguage\":\"pt-BR\"},{\"@type\":\"ImageObject\",\"inLanguage\":\"pt-BR\",\"@id\":\"https:\/\/franciscanos.org.br\/noticias\/papa-reza-pelos-cristaos-assassinados-pelo-nosso-silencio.html#primaryimage\",\"url\":\"https:\/\/franciscanos.org.br\/noticias\/wp-content\/uploads\/2018\/03\/coliseu_d.jpg\",\"contentUrl\":\"https:\/\/franciscanos.org.br\/noticias\/wp-content\/uploads\/2018\/03\/coliseu_d.jpg\",\"width\":800,\"height\":600},{\"@type\":\"WebPage\",\"@id\":\"https:\/\/franciscanos.org.br\/noticias\/papa-reza-pelos-cristaos-assassinados-pelo-nosso-silencio.html#webpage\",\"url\":\"https:\/\/franciscanos.org.br\/noticias\/papa-reza-pelos-cristaos-assassinados-pelo-nosso-silencio.html\",\"name\":\"Papa reza pelos crist\u00e3os assassinados pelo nosso sil\u00eancio - Not\u00edcias - Franciscanos\",\"isPartOf\":{\"@id\":\"https:\/\/franciscanos.org.br\/noticias\/#website\"},\"primaryImageOfPage\":{\"@id\":\"https:\/\/franciscanos.org.br\/noticias\/papa-reza-pelos-cristaos-assassinados-pelo-nosso-silencio.html#primaryimage\"},\"datePublished\":\"2015-04-04T09:58:14+00:00\",\"dateModified\":\"2020-06-10T18:47:24+00:00\",\"author\":{\"@id\":\"https:\/\/franciscanos.org.br\/noticias\/#\/schema\/person\/b38fbf43118f02820bd932f2e4b14ad3\"},\"breadcrumb\":{\"@id\":\"https:\/\/franciscanos.org.br\/noticias\/papa-reza-pelos-cristaos-assassinados-pelo-nosso-silencio.html#breadcrumb\"},\"inLanguage\":\"pt-BR\",\"potentialAction\":[{\"@type\":\"ReadAction\",\"target\":[\"https:\/\/franciscanos.org.br\/noticias\/papa-reza-pelos-cristaos-assassinados-pelo-nosso-silencio.html\"]}]},{\"@type\":\"BreadcrumbList\",\"@id\":\"https:\/\/franciscanos.org.br\/noticias\/papa-reza-pelos-cristaos-assassinados-pelo-nosso-silencio.html#breadcrumb\",\"itemListElement\":[{\"@type\":\"ListItem\",\"position\":1,\"name\":\"Home\",\"item\":\"https:\/\/franciscanos.org.br\/noticias\"},{\"@type\":\"ListItem\",\"position\":2,\"name\":\"Papa reza pelos crist\u00e3os assassinados pelo nosso sil\u00eancio\"}]},{\"@type\":\"Person\",\"@id\":\"https:\/\/franciscanos.org.br\/noticias\/#\/schema\/person\/b38fbf43118f02820bd932f2e4b14ad3\",\"name\":\"admin\",\"image\":{\"@type\":\"ImageObject\",\"inLanguage\":\"pt-BR\",\"@id\":\"https:\/\/franciscanos.org.br\/noticias\/#\/schema\/person\/image\/\",\"url\":\"https:\/\/secure.gravatar.com\/avatar\/e8495742d34d0ba6448ea1c628263b3e?s=96&d=mm&r=g\",\"contentUrl\":\"https:\/\/secure.gravatar.com\/avatar\/e8495742d34d0ba6448ea1c628263b3e?s=96&d=mm&r=g\",\"caption\":\"admin\"},\"url\":\"https:\/\/franciscanos.org.br\/noticias\/author\/admin\"}]}<\/script>\n<!-- \/ Yoast SEO plugin. -->","yoast_head_json":{"title":"Papa reza pelos crist\u00e3os assassinados pelo nosso sil\u00eancio - Not\u00edcias - Franciscanos","robots":{"index":"index","follow":"follow","max-snippet":"max-snippet:-1","max-image-preview":"max-image-preview:large","max-video-preview":"max-video-preview:-1"},"canonical":"https:\/\/franciscanos.org.br\/noticias\/papa-reza-pelos-cristaos-assassinados-pelo-nosso-silencio.html","og_locale":"pt_BR","og_type":"article","og_title":"Papa reza pelos crist\u00e3os assassinados pelo nosso sil\u00eancio - Not\u00edcias - Franciscanos","og_description":"Via-Sacra","og_url":"https:\/\/franciscanos.org.br\/noticias\/papa-reza-pelos-cristaos-assassinados-pelo-nosso-silencio.html","og_site_name":"Not\u00edcias - Franciscanos","article_published_time":"2015-04-04T09:58:14+00:00","article_modified_time":"2020-06-10T18:47:24+00:00","og_image":[{"width":800,"height":600,"url":"https:\/\/franciscanos.org.br\/noticias\/wp-content\/uploads\/2018\/03\/coliseu_d.jpg","type":"image\/jpeg"}],"author":"admin","twitter_card":"summary_large_image","twitter_misc":{"Escrito por":"admin","Est. tempo de leitura":"4 minutos"},"schema":{"@context":"https:\/\/schema.org","@graph":[{"@type":"WebSite","@id":"https:\/\/franciscanos.org.br\/noticias\/#website","url":"https:\/\/franciscanos.org.br\/noticias\/","name":"Not\u00edcias - Franciscanos","description":"Prov\u00edncia Franciscana da Imaculada Concei\u00e7\u00e3o do Brasil - Ordem dos Frades Menores - OFM","potentialAction":[{"@type":"SearchAction","target":{"@type":"EntryPoint","urlTemplate":"https:\/\/franciscanos.org.br\/noticias\/?s={search_term_string}"},"query-input":"required name=search_term_string"}],"inLanguage":"pt-BR"},{"@type":"ImageObject","inLanguage":"pt-BR","@id":"https:\/\/franciscanos.org.br\/noticias\/papa-reza-pelos-cristaos-assassinados-pelo-nosso-silencio.html#primaryimage","url":"https:\/\/franciscanos.org.br\/noticias\/wp-content\/uploads\/2018\/03\/coliseu_d.jpg","contentUrl":"https:\/\/franciscanos.org.br\/noticias\/wp-content\/uploads\/2018\/03\/coliseu_d.jpg","width":800,"height":600},{"@type":"WebPage","@id":"https:\/\/franciscanos.org.br\/noticias\/papa-reza-pelos-cristaos-assassinados-pelo-nosso-silencio.html#webpage","url":"https:\/\/franciscanos.org.br\/noticias\/papa-reza-pelos-cristaos-assassinados-pelo-nosso-silencio.html","name":"Papa reza pelos crist\u00e3os assassinados pelo nosso sil\u00eancio - Not\u00edcias - Franciscanos","isPartOf":{"@id":"https:\/\/franciscanos.org.br\/noticias\/#website"},"primaryImageOfPage":{"@id":"https:\/\/franciscanos.org.br\/noticias\/papa-reza-pelos-cristaos-assassinados-pelo-nosso-silencio.html#primaryimage"},"datePublished":"2015-04-04T09:58:14+00:00","dateModified":"2020-06-10T18:47:24+00:00","author":{"@id":"https:\/\/franciscanos.org.br\/noticias\/#\/schema\/person\/b38fbf43118f02820bd932f2e4b14ad3"},"breadcrumb":{"@id":"https:\/\/franciscanos.org.br\/noticias\/papa-reza-pelos-cristaos-assassinados-pelo-nosso-silencio.html#breadcrumb"},"inLanguage":"pt-BR","potentialAction":[{"@type":"ReadAction","target":["https:\/\/franciscanos.org.br\/noticias\/papa-reza-pelos-cristaos-assassinados-pelo-nosso-silencio.html"]}]},{"@type":"BreadcrumbList","@id":"https:\/\/franciscanos.org.br\/noticias\/papa-reza-pelos-cristaos-assassinados-pelo-nosso-silencio.html#breadcrumb","itemListElement":[{"@type":"ListItem","position":1,"name":"Home","item":"https:\/\/franciscanos.org.br\/noticias"},{"@type":"ListItem","position":2,"name":"Papa reza pelos crist\u00e3os assassinados pelo nosso sil\u00eancio"}]},{"@type":"Person","@id":"https:\/\/franciscanos.org.br\/noticias\/#\/schema\/person\/b38fbf43118f02820bd932f2e4b14ad3","name":"admin","image":{"@type":"ImageObject","inLanguage":"pt-BR","@id":"https:\/\/franciscanos.org.br\/noticias\/#\/schema\/person\/image\/","url":"https:\/\/secure.gravatar.com\/avatar\/e8495742d34d0ba6448ea1c628263b3e?s=96&d=mm&r=g","contentUrl":"https:\/\/secure.gravatar.com\/avatar\/e8495742d34d0ba6448ea1c628263b3e?s=96&d=mm&r=g","caption":"admin"},"url":"https:\/\/franciscanos.org.br\/noticias\/author\/admin"}]}},"_links":{"self":[{"href":"https:\/\/franciscanos.org.br\/noticias\/wp-json\/wp\/v2\/posts\/82532"}],"collection":[{"href":"https:\/\/franciscanos.org.br\/noticias\/wp-json\/wp\/v2\/posts"}],"about":[{"href":"https:\/\/franciscanos.org.br\/noticias\/wp-json\/wp\/v2\/types\/post"}],"author":[{"embeddable":true,"href":"https:\/\/franciscanos.org.br\/noticias\/wp-json\/wp\/v2\/users\/1"}],"replies":[{"embeddable":true,"href":"https:\/\/franciscanos.org.br\/noticias\/wp-json\/wp\/v2\/comments?post=82532"}],"version-history":[{"count":2,"href":"https:\/\/franciscanos.org.br\/noticias\/wp-json\/wp\/v2\/posts\/82532\/revisions"}],"predecessor-version":[{"id":226079,"href":"https:\/\/franciscanos.org.br\/noticias\/wp-json\/wp\/v2\/posts\/82532\/revisions\/226079"}],"wp:featuredmedia":[{"embeddable":true,"href":"https:\/\/franciscanos.org.br\/noticias\/wp-json\/wp\/v2\/media\/225018"}],"wp:attachment":[{"href":"https:\/\/franciscanos.org.br\/noticias\/wp-json\/wp\/v2\/media?parent=82532"}],"wp:term":[{"taxonomy":"category","embeddable":true,"href":"https:\/\/franciscanos.org.br\/noticias\/wp-json\/wp\/v2\/categories?post=82532"},{"taxonomy":"post_tag","embeddable":true,"href":"https:\/\/franciscanos.org.br\/noticias\/wp-json\/wp\/v2\/tags?post=82532"}],"curies":[{"name":"wp","href":"https:\/\/api.w.org\/{rel}","templated":true}]}}