{"id":82510,"date":"2015-04-03T06:00:09","date_gmt":"2015-04-03T09:00:09","guid":{"rendered":"http:\/\/franciscanos.org.br\/?p=82510"},"modified":"2020-06-24T13:59:01","modified_gmt":"2020-06-24T16:59:01","slug":"sexta-feira-nosso-silencio-nao-e-de-desespero","status":"publish","type":"post","link":"https:\/\/franciscanos.org.br\/noticias\/sexta-feira-nosso-silencio-nao-e-de-desespero.html","title":{"rendered":"Sexta-feira: &#8220;Nosso sil\u00eancio n\u00e3o \u00e9 de desespero&#8221;"},"content":{"rendered":"<p><img loading=\"lazy\" src=\"http:\/\/franciscanos.org.br\/wp-content\/uploads\/2015\/04\/crucifixo.jpg\" alt=\"crucifixo\" width=\"820\" height=\"546\" \/><\/p>\n<p>Sexta-feira da Paix\u00e3o do Senhor. S\u00f3 mesmo um Deus apaixonado seria capaz de tal entrega. Dia do sil\u00eancio, da agonia, das humilha\u00e7\u00f5es e dores sentidas por nosso Senhor. A celebra\u00e7\u00e3o, realizada \u00e0s tr\u00eas da tarde, recorda o epis\u00f3dio narrado por S\u00e3o Jo\u00e3o em seu Evangelho, de 18,1\u201319,42.<\/p>\n<p>Sexta-feira Santa&#8230; Sexta-feira da cruz, dos pregos, do sangue, do pus e do escarro; da coroa de espinhos, do deboche, da humilha\u00e7\u00e3o, do desprezo, dos gritos de condena\u00e7\u00e3o e de dor, da covardia dos grandes, tudo contra Deus. Sexta-feira do absurdo e da malcria\u00e7\u00e3o.<\/p>\n<p>Jesus Cristo \u00e9 o Gr\u00e3o de trigo esmagado, que morre para gerar vida. Hoje \u00e9 dia de solidariedade, dia de recordar nosso compromisso com os crucificados da atualidade: miser\u00e1veis, prisioneiros, perseguidos, explorados, sem-teto e sem dignidade. Tempo de imitar S\u00e3o Francisco e, sem nojo e sem medo, abra\u00e7ar aqueles que ostentam as feridas de uma sociedade ferida de morte.<\/p>\n<p>Sexta-feira da esperan\u00e7a que brota da f\u00e9 gratuita do bom ladr\u00e3o, o \u00fanico que teve a sensibilidade de reconhecer a grandeza oculta sobre aquele ser humano chagado que sofria injustamente sobre o madeiro da cruz. \u201cAinda hoje estar\u00e1s comigo no Para\u00edso\u201d. Sonhar com o Para\u00edso mesmo em meio ao calv\u00e1rio \u00e9 a grande li\u00e7\u00e3o que nos deixa o bom ladr\u00e3o.<\/p>\n<p>A certeza de que a Semana Santa n\u00e3o termina na Sexta-Feira da Paix\u00e3o nos faz suportar a contradi\u00e7\u00e3o de um Deus pregado na Cruz. Nosso sil\u00eancio n\u00e3o \u00e9 de desespero, mas de medita\u00e7\u00e3o profunda sobre os mist\u00e9rios de um amor t\u00e3o grande como este com que Cristo nos amou.<br \/>\nPor intercess\u00e3o de S\u00e3o Francisco, que Deus aben\u00e7oe sua vida, em nome do Pai, do Filho e do Esp\u00edrito Santo. Am\u00e9m.<\/p>\n<p><strong>Frei Gustavo Medella<\/strong><\/p>\n","protected":false},"excerpt":{"rendered":"<p>Liturgia<\/p>\n","protected":false},"author":1,"featured_media":204737,"comment_status":"open","ping_status":"open","sticky":false,"template":"","format":"standard","meta":[],"categories":[1],"tags":[537],"acf":[],"yoast_head":"<!-- This site is optimized with the Yoast SEO plugin v19.2 - https:\/\/yoast.com\/wordpress\/plugins\/seo\/ -->\n<title>Sexta-feira: &quot;Nosso sil\u00eancio n\u00e3o \u00e9 de desespero&quot; - Not\u00edcias - Franciscanos<\/title>\n<meta name=\"robots\" content=\"index, follow, max-snippet:-1, max-image-preview:large, max-video-preview:-1\" \/>\n<link rel=\"canonical\" href=\"https:\/\/franciscanos.org.br\/noticias\/sexta-feira-nosso-silencio-nao-e-de-desespero.html\" \/>\n<meta property=\"og:locale\" content=\"pt_BR\" \/>\n<meta property=\"og:type\" content=\"article\" \/>\n<meta property=\"og:title\" content=\"Sexta-feira: &quot;Nosso sil\u00eancio n\u00e3o \u00e9 de desespero&quot; - Not\u00edcias - Franciscanos\" \/>\n<meta property=\"og:description\" content=\"Liturgia\" \/>\n<meta property=\"og:url\" content=\"https:\/\/franciscanos.org.br\/noticias\/sexta-feira-nosso-silencio-nao-e-de-desespero.html\" \/>\n<meta property=\"og:site_name\" content=\"Not\u00edcias - Franciscanos\" \/>\n<meta property=\"article:published_time\" content=\"2015-04-03T09:00:09+00:00\" \/>\n<meta property=\"article:modified_time\" content=\"2020-06-24T16:59:01+00:00\" \/>\n<meta property=\"og:image\" content=\"https:\/\/franciscanos.org.br\/noticias\/wp-content\/uploads\/2015\/04\/crucifixo.jpg\" \/>\n\t<meta property=\"og:image:width\" content=\"273\" \/>\n\t<meta property=\"og:image:height\" content=\"182\" \/>\n\t<meta property=\"og:image:type\" content=\"image\/jpeg\" \/>\n<meta name=\"author\" content=\"admin\" \/>\n<meta name=\"twitter:card\" content=\"summary_large_image\" \/>\n<meta name=\"twitter:label1\" content=\"Escrito por\" \/>\n\t<meta name=\"twitter:data1\" content=\"admin\" \/>\n\t<meta name=\"twitter:label2\" content=\"Est. tempo de leitura\" \/>\n\t<meta name=\"twitter:data2\" content=\"2 minutos\" \/>\n<script type=\"application\/ld+json\" class=\"yoast-schema-graph\">{\"@context\":\"https:\/\/schema.org\",\"@graph\":[{\"@type\":\"WebSite\",\"@id\":\"https:\/\/franciscanos.org.br\/noticias\/#website\",\"url\":\"https:\/\/franciscanos.org.br\/noticias\/\",\"name\":\"Not\u00edcias - Franciscanos\",\"description\":\"Prov\u00edncia Franciscana da Imaculada Concei\u00e7\u00e3o do Brasil - Ordem dos Frades Menores - OFM\",\"potentialAction\":[{\"@type\":\"SearchAction\",\"target\":{\"@type\":\"EntryPoint\",\"urlTemplate\":\"https:\/\/franciscanos.org.br\/noticias\/?s={search_term_string}\"},\"query-input\":\"required name=search_term_string\"}],\"inLanguage\":\"pt-BR\"},{\"@type\":\"ImageObject\",\"inLanguage\":\"pt-BR\",\"@id\":\"https:\/\/franciscanos.org.br\/noticias\/sexta-feira-nosso-silencio-nao-e-de-desespero.html#primaryimage\",\"url\":\"https:\/\/franciscanos.org.br\/noticias\/wp-content\/uploads\/2015\/04\/crucifixo.jpg\",\"contentUrl\":\"https:\/\/franciscanos.org.br\/noticias\/wp-content\/uploads\/2015\/04\/crucifixo.jpg\",\"width\":273,\"height\":182},{\"@type\":\"WebPage\",\"@id\":\"https:\/\/franciscanos.org.br\/noticias\/sexta-feira-nosso-silencio-nao-e-de-desespero.html#webpage\",\"url\":\"https:\/\/franciscanos.org.br\/noticias\/sexta-feira-nosso-silencio-nao-e-de-desespero.html\",\"name\":\"Sexta-feira: \\\"Nosso sil\u00eancio n\u00e3o \u00e9 de desespero\\\" - Not\u00edcias - Franciscanos\",\"isPartOf\":{\"@id\":\"https:\/\/franciscanos.org.br\/noticias\/#website\"},\"primaryImageOfPage\":{\"@id\":\"https:\/\/franciscanos.org.br\/noticias\/sexta-feira-nosso-silencio-nao-e-de-desespero.html#primaryimage\"},\"datePublished\":\"2015-04-03T09:00:09+00:00\",\"dateModified\":\"2020-06-24T16:59:01+00:00\",\"author\":{\"@id\":\"https:\/\/franciscanos.org.br\/noticias\/#\/schema\/person\/b38fbf43118f02820bd932f2e4b14ad3\"},\"breadcrumb\":{\"@id\":\"https:\/\/franciscanos.org.br\/noticias\/sexta-feira-nosso-silencio-nao-e-de-desespero.html#breadcrumb\"},\"inLanguage\":\"pt-BR\",\"potentialAction\":[{\"@type\":\"ReadAction\",\"target\":[\"https:\/\/franciscanos.org.br\/noticias\/sexta-feira-nosso-silencio-nao-e-de-desespero.html\"]}]},{\"@type\":\"BreadcrumbList\",\"@id\":\"https:\/\/franciscanos.org.br\/noticias\/sexta-feira-nosso-silencio-nao-e-de-desespero.html#breadcrumb\",\"itemListElement\":[{\"@type\":\"ListItem\",\"position\":1,\"name\":\"Home\",\"item\":\"https:\/\/franciscanos.org.br\/noticias\"},{\"@type\":\"ListItem\",\"position\":2,\"name\":\"Sexta-feira: &#8220;Nosso sil\u00eancio n\u00e3o \u00e9 de desespero&#8221;\"}]},{\"@type\":\"Person\",\"@id\":\"https:\/\/franciscanos.org.br\/noticias\/#\/schema\/person\/b38fbf43118f02820bd932f2e4b14ad3\",\"name\":\"admin\",\"image\":{\"@type\":\"ImageObject\",\"inLanguage\":\"pt-BR\",\"@id\":\"https:\/\/franciscanos.org.br\/noticias\/#\/schema\/person\/image\/\",\"url\":\"https:\/\/secure.gravatar.com\/avatar\/e8495742d34d0ba6448ea1c628263b3e?s=96&d=mm&r=g\",\"contentUrl\":\"https:\/\/secure.gravatar.com\/avatar\/e8495742d34d0ba6448ea1c628263b3e?s=96&d=mm&r=g\",\"caption\":\"admin\"},\"url\":\"https:\/\/franciscanos.org.br\/noticias\/author\/admin\"}]}<\/script>\n<!-- \/ Yoast SEO plugin. -->","yoast_head_json":{"title":"Sexta-feira: \"Nosso sil\u00eancio n\u00e3o \u00e9 de desespero\" - Not\u00edcias - Franciscanos","robots":{"index":"index","follow":"follow","max-snippet":"max-snippet:-1","max-image-preview":"max-image-preview:large","max-video-preview":"max-video-preview:-1"},"canonical":"https:\/\/franciscanos.org.br\/noticias\/sexta-feira-nosso-silencio-nao-e-de-desespero.html","og_locale":"pt_BR","og_type":"article","og_title":"Sexta-feira: \"Nosso sil\u00eancio n\u00e3o \u00e9 de desespero\" - Not\u00edcias - Franciscanos","og_description":"Liturgia","og_url":"https:\/\/franciscanos.org.br\/noticias\/sexta-feira-nosso-silencio-nao-e-de-desespero.html","og_site_name":"Not\u00edcias - Franciscanos","article_published_time":"2015-04-03T09:00:09+00:00","article_modified_time":"2020-06-24T16:59:01+00:00","og_image":[{"width":273,"height":182,"url":"https:\/\/franciscanos.org.br\/noticias\/wp-content\/uploads\/2015\/04\/crucifixo.jpg","type":"image\/jpeg"}],"author":"admin","twitter_card":"summary_large_image","twitter_misc":{"Escrito por":"admin","Est. tempo de leitura":"2 minutos"},"schema":{"@context":"https:\/\/schema.org","@graph":[{"@type":"WebSite","@id":"https:\/\/franciscanos.org.br\/noticias\/#website","url":"https:\/\/franciscanos.org.br\/noticias\/","name":"Not\u00edcias - Franciscanos","description":"Prov\u00edncia Franciscana da Imaculada Concei\u00e7\u00e3o do Brasil - Ordem dos Frades Menores - OFM","potentialAction":[{"@type":"SearchAction","target":{"@type":"EntryPoint","urlTemplate":"https:\/\/franciscanos.org.br\/noticias\/?s={search_term_string}"},"query-input":"required name=search_term_string"}],"inLanguage":"pt-BR"},{"@type":"ImageObject","inLanguage":"pt-BR","@id":"https:\/\/franciscanos.org.br\/noticias\/sexta-feira-nosso-silencio-nao-e-de-desespero.html#primaryimage","url":"https:\/\/franciscanos.org.br\/noticias\/wp-content\/uploads\/2015\/04\/crucifixo.jpg","contentUrl":"https:\/\/franciscanos.org.br\/noticias\/wp-content\/uploads\/2015\/04\/crucifixo.jpg","width":273,"height":182},{"@type":"WebPage","@id":"https:\/\/franciscanos.org.br\/noticias\/sexta-feira-nosso-silencio-nao-e-de-desespero.html#webpage","url":"https:\/\/franciscanos.org.br\/noticias\/sexta-feira-nosso-silencio-nao-e-de-desespero.html","name":"Sexta-feira: \"Nosso sil\u00eancio n\u00e3o \u00e9 de desespero\" - Not\u00edcias - Franciscanos","isPartOf":{"@id":"https:\/\/franciscanos.org.br\/noticias\/#website"},"primaryImageOfPage":{"@id":"https:\/\/franciscanos.org.br\/noticias\/sexta-feira-nosso-silencio-nao-e-de-desespero.html#primaryimage"},"datePublished":"2015-04-03T09:00:09+00:00","dateModified":"2020-06-24T16:59:01+00:00","author":{"@id":"https:\/\/franciscanos.org.br\/noticias\/#\/schema\/person\/b38fbf43118f02820bd932f2e4b14ad3"},"breadcrumb":{"@id":"https:\/\/franciscanos.org.br\/noticias\/sexta-feira-nosso-silencio-nao-e-de-desespero.html#breadcrumb"},"inLanguage":"pt-BR","potentialAction":[{"@type":"ReadAction","target":["https:\/\/franciscanos.org.br\/noticias\/sexta-feira-nosso-silencio-nao-e-de-desespero.html"]}]},{"@type":"BreadcrumbList","@id":"https:\/\/franciscanos.org.br\/noticias\/sexta-feira-nosso-silencio-nao-e-de-desespero.html#breadcrumb","itemListElement":[{"@type":"ListItem","position":1,"name":"Home","item":"https:\/\/franciscanos.org.br\/noticias"},{"@type":"ListItem","position":2,"name":"Sexta-feira: &#8220;Nosso sil\u00eancio n\u00e3o \u00e9 de desespero&#8221;"}]},{"@type":"Person","@id":"https:\/\/franciscanos.org.br\/noticias\/#\/schema\/person\/b38fbf43118f02820bd932f2e4b14ad3","name":"admin","image":{"@type":"ImageObject","inLanguage":"pt-BR","@id":"https:\/\/franciscanos.org.br\/noticias\/#\/schema\/person\/image\/","url":"https:\/\/secure.gravatar.com\/avatar\/e8495742d34d0ba6448ea1c628263b3e?s=96&d=mm&r=g","contentUrl":"https:\/\/secure.gravatar.com\/avatar\/e8495742d34d0ba6448ea1c628263b3e?s=96&d=mm&r=g","caption":"admin"},"url":"https:\/\/franciscanos.org.br\/noticias\/author\/admin"}]}},"_links":{"self":[{"href":"https:\/\/franciscanos.org.br\/noticias\/wp-json\/wp\/v2\/posts\/82510"}],"collection":[{"href":"https:\/\/franciscanos.org.br\/noticias\/wp-json\/wp\/v2\/posts"}],"about":[{"href":"https:\/\/franciscanos.org.br\/noticias\/wp-json\/wp\/v2\/types\/post"}],"author":[{"embeddable":true,"href":"https:\/\/franciscanos.org.br\/noticias\/wp-json\/wp\/v2\/users\/1"}],"replies":[{"embeddable":true,"href":"https:\/\/franciscanos.org.br\/noticias\/wp-json\/wp\/v2\/comments?post=82510"}],"version-history":[{"count":1,"href":"https:\/\/franciscanos.org.br\/noticias\/wp-json\/wp\/v2\/posts\/82510\/revisions"}],"predecessor-version":[{"id":226690,"href":"https:\/\/franciscanos.org.br\/noticias\/wp-json\/wp\/v2\/posts\/82510\/revisions\/226690"}],"wp:featuredmedia":[{"embeddable":true,"href":"https:\/\/franciscanos.org.br\/noticias\/wp-json\/wp\/v2\/media\/204737"}],"wp:attachment":[{"href":"https:\/\/franciscanos.org.br\/noticias\/wp-json\/wp\/v2\/media?parent=82510"}],"wp:term":[{"taxonomy":"category","embeddable":true,"href":"https:\/\/franciscanos.org.br\/noticias\/wp-json\/wp\/v2\/categories?post=82510"},{"taxonomy":"post_tag","embeddable":true,"href":"https:\/\/franciscanos.org.br\/noticias\/wp-json\/wp\/v2\/tags?post=82510"}],"curies":[{"name":"wp","href":"https:\/\/api.w.org\/{rel}","templated":true}]}}