{"id":82507,"date":"2015-04-02T21:53:31","date_gmt":"2015-04-03T00:53:31","guid":{"rendered":"http:\/\/franciscanos.org.br\/?p=82507"},"modified":"2020-06-10T15:52:23","modified_gmt":"2020-06-10T18:52:23","slug":"papa-lava-os-pes-de-doze-detentos","status":"publish","type":"post","link":"https:\/\/franciscanos.org.br\/noticias\/papa-lava-os-pes-de-doze-detentos.html","title":{"rendered":"Papa lava os p\u00e9s de doze detentos"},"content":{"rendered":"<p><img loading=\"lazy\" class=\"alignnone wp-image-225021 size-full\" src=\"https:\/\/franciscanos.org.br\/noticias\/wp-content\/uploads\/2018\/03\/lavapes_07.jpg\" alt=\"\" width=\"890\" height=\"501\" srcset=\"https:\/\/franciscanos.org.br\/noticias\/wp-content\/uploads\/2018\/03\/lavapes_07.jpg 890w, https:\/\/franciscanos.org.br\/noticias\/wp-content\/uploads\/2018\/03\/lavapes_07-450x253.jpg 450w, https:\/\/franciscanos.org.br\/noticias\/wp-content\/uploads\/2018\/03\/lavapes_07-768x432.jpg 768w, https:\/\/franciscanos.org.br\/noticias\/wp-content\/uploads\/2018\/03\/lavapes_07-150x84.jpg 150w\" sizes=\"(max-width: 890px) 100vw, 890px\" \/><\/p>\n<p><strong>Roma<\/strong> &#8211; Aplausos, beijos e abra\u00e7os acolheram no final da tarde desta Quinta-feira Santa o Papa Francisco no complexo penitenci\u00e1rio de Rebibbia, zona leste de Roma, onde celebrou a Missa da Ceia do Senhor, com o rito do Lava-p\u00e9s. Francisco chegou \u00e0 Penitenci\u00e1ria pouco depois das 17h locais (meio-dia no Brasil) e se deteve por alguns momentos na parte interna do complexo, antes de entrar para celebrar a Santa Missa. No p\u00e1tio o aguardavam mais de 300 detentos, o pessoal da pol\u00edcia penitenci\u00e1ria, pessoal administrativo, os volunt\u00e1rios e capel\u00e3es. O Pont\u00edfice cumprimentou quase um por um dos detentos, abra\u00e7ando-os e beijando-os.<\/p>\n<p>\u201cAgrade\u00e7o a todos voc\u00eas pela acolhida t\u00e3o calorosa e sincera, muito obrigado!\u201d, disse Francisco antes de entrar na Igreja do Pai-Nosso dentro do complexo penitenci\u00e1rio.<\/p>\n<p>Na igreja, o Papa encontrou outros 300 detentos; 150 mulheres, incluindo 15 m\u00e3es com as crian\u00e7as, e 150 homens. Durante a celebra\u00e7\u00e3o lavou os p\u00e9s de doze deles: seis mulheres e seis homens, dos quais um brasileiro. Um dos momentos mais emocionantes foi quando Francisco lavou inclusive os p\u00e9s de uma crian\u00e7a que estava no colo da m\u00e3e detenta.<\/p>\n<p>\u201cEu tamb\u00e9m preciso ser lavado pelo Senhor, e por isso rezem durante esta Missa para que o Senhor lave tamb\u00e9m as minhas sujeiras\u201d: foi o que disse o Papa Francisco, momentos antes de para lavar os p\u00e9s dos doze detentos concluindo a sua breve homilia.<\/p>\n<p>Na \u00e9poca de Jesus, disse Francisco pronunciando uma homilia sem texto escrito, \u201cera costume, era h\u00e1bito\u201d lavar os p\u00e9s dos h\u00f3spedes, \u201cporque as pessoas quando chegavam em uma casa tinham os p\u00e9s sujos de p\u00f3 da estrada. N\u00e3o existiam &#8211; disse -, os paralelep\u00edpedos naquele tempo. E na entrada da casa, se lavava os p\u00e9s. Mas isso n\u00e3o era feito pelo dono da casa, eram os escravos que faziam isso: era trabalho de escravo. E Jesus lava como escravo os nossos p\u00e9s, os p\u00e9s dos disc\u00edpulos. E por isso diz a Pedro: o que eu estou fazendo agora voc\u00ea n\u00e3o entende, voc\u00ea vai entender mais tarde.<\/p>\n<p>Jesus \u00e9 tanto amor que se fez escravo para nos servir, para nos curar, para nos limpar. Hoje nesta Missa \u2013 continuou Francisco &#8211; a Igreja quer que o sacerdote lave os p\u00e9s de doze pessoas, em mem\u00f3ria dos doze ap\u00f3stolos. Mas no nosso cora\u00e7\u00e3o devemos ter a certeza, devemos estar certos de que o Senhor, quando lava os nossos p\u00e9s, nos lava totalmente, nos purifica. Nos faz sentir novamente o seu amor.<\/p>\n<p>Na B\u00edblia h\u00e1 uma frase, no Profeta Isa\u00edas, muito bonita: pode uma m\u00e3e se esquecer do seu filho? Se uma m\u00e3e se esquecesse de seu filho eu jamais me esquecerei de voc\u00ea. Assim \u00e9 o amor de Deus por mim. E eu vou lavar hoje os p\u00e9s de doze de voc\u00eas, disse em seguida o Papa. Mas nestes irm\u00e3os e irm\u00e3s est\u00e3o todos voc\u00eas, todos, todos, todos os que vivem aqui. Voc\u00eas representam eles. Mas eu tamb\u00e9m preciso ser lavado pelo Senhor, e por isso rezem durante esta Missa, para que o Senhor lave tamb\u00e9m as minhas sujeiras, para que eu me torne mais escravo de voc\u00eas, mais escravo no servi\u00e7o das pessoas, como foi Jesus\u201d, finalizou Francisco.<\/p>\n<hr \/>\n<p><em>Fonte: R\u00e1dio Vaticano<\/em><\/p>\n","protected":false},"excerpt":{"rendered":"<p>Ceia do Senhor<\/p>\n","protected":false},"author":1,"featured_media":225022,"comment_status":"open","ping_status":"open","sticky":false,"template":"","format":"standard","meta":[],"categories":[1],"tags":[1436],"acf":[],"yoast_head":"<!-- This site is optimized with the Yoast SEO plugin v19.2 - https:\/\/yoast.com\/wordpress\/plugins\/seo\/ -->\n<title>Papa lava os p\u00e9s de doze detentos - Not\u00edcias - Franciscanos<\/title>\n<meta name=\"robots\" content=\"index, follow, max-snippet:-1, max-image-preview:large, max-video-preview:-1\" \/>\n<link rel=\"canonical\" href=\"https:\/\/franciscanos.org.br\/noticias\/papa-lava-os-pes-de-doze-detentos.html\" \/>\n<meta property=\"og:locale\" content=\"pt_BR\" \/>\n<meta property=\"og:type\" content=\"article\" \/>\n<meta property=\"og:title\" content=\"Papa lava os p\u00e9s de doze detentos - Not\u00edcias - Franciscanos\" \/>\n<meta property=\"og:description\" content=\"Ceia do Senhor\" \/>\n<meta property=\"og:url\" content=\"https:\/\/franciscanos.org.br\/noticias\/papa-lava-os-pes-de-doze-detentos.html\" \/>\n<meta property=\"og:site_name\" content=\"Not\u00edcias - Franciscanos\" \/>\n<meta property=\"article:published_time\" content=\"2015-04-03T00:53:31+00:00\" \/>\n<meta property=\"article:modified_time\" content=\"2020-06-10T18:52:23+00:00\" \/>\n<meta property=\"og:image\" content=\"https:\/\/franciscanos.org.br\/noticias\/wp-content\/uploads\/2018\/03\/lavapes_07d.jpg\" \/>\n\t<meta property=\"og:image:width\" content=\"800\" \/>\n\t<meta property=\"og:image:height\" content=\"601\" \/>\n\t<meta property=\"og:image:type\" content=\"image\/jpeg\" \/>\n<meta name=\"author\" content=\"admin\" \/>\n<meta name=\"twitter:card\" content=\"summary_large_image\" \/>\n<meta name=\"twitter:label1\" content=\"Escrito por\" \/>\n\t<meta name=\"twitter:data1\" content=\"admin\" \/>\n\t<meta name=\"twitter:label2\" content=\"Est. tempo de leitura\" \/>\n\t<meta name=\"twitter:data2\" content=\"3 minutos\" \/>\n<script type=\"application\/ld+json\" class=\"yoast-schema-graph\">{\"@context\":\"https:\/\/schema.org\",\"@graph\":[{\"@type\":\"WebSite\",\"@id\":\"https:\/\/franciscanos.org.br\/noticias\/#website\",\"url\":\"https:\/\/franciscanos.org.br\/noticias\/\",\"name\":\"Not\u00edcias - Franciscanos\",\"description\":\"Prov\u00edncia Franciscana da Imaculada Concei\u00e7\u00e3o do Brasil - Ordem dos Frades Menores - OFM\",\"potentialAction\":[{\"@type\":\"SearchAction\",\"target\":{\"@type\":\"EntryPoint\",\"urlTemplate\":\"https:\/\/franciscanos.org.br\/noticias\/?s={search_term_string}\"},\"query-input\":\"required name=search_term_string\"}],\"inLanguage\":\"pt-BR\"},{\"@type\":\"ImageObject\",\"inLanguage\":\"pt-BR\",\"@id\":\"https:\/\/franciscanos.org.br\/noticias\/papa-lava-os-pes-de-doze-detentos.html#primaryimage\",\"url\":\"https:\/\/franciscanos.org.br\/noticias\/wp-content\/uploads\/2018\/03\/lavapes_07d.jpg\",\"contentUrl\":\"https:\/\/franciscanos.org.br\/noticias\/wp-content\/uploads\/2018\/03\/lavapes_07d.jpg\",\"width\":800,\"height\":601},{\"@type\":\"WebPage\",\"@id\":\"https:\/\/franciscanos.org.br\/noticias\/papa-lava-os-pes-de-doze-detentos.html#webpage\",\"url\":\"https:\/\/franciscanos.org.br\/noticias\/papa-lava-os-pes-de-doze-detentos.html\",\"name\":\"Papa lava os p\u00e9s de doze detentos - Not\u00edcias - Franciscanos\",\"isPartOf\":{\"@id\":\"https:\/\/franciscanos.org.br\/noticias\/#website\"},\"primaryImageOfPage\":{\"@id\":\"https:\/\/franciscanos.org.br\/noticias\/papa-lava-os-pes-de-doze-detentos.html#primaryimage\"},\"datePublished\":\"2015-04-03T00:53:31+00:00\",\"dateModified\":\"2020-06-10T18:52:23+00:00\",\"author\":{\"@id\":\"https:\/\/franciscanos.org.br\/noticias\/#\/schema\/person\/b38fbf43118f02820bd932f2e4b14ad3\"},\"breadcrumb\":{\"@id\":\"https:\/\/franciscanos.org.br\/noticias\/papa-lava-os-pes-de-doze-detentos.html#breadcrumb\"},\"inLanguage\":\"pt-BR\",\"potentialAction\":[{\"@type\":\"ReadAction\",\"target\":[\"https:\/\/franciscanos.org.br\/noticias\/papa-lava-os-pes-de-doze-detentos.html\"]}]},{\"@type\":\"BreadcrumbList\",\"@id\":\"https:\/\/franciscanos.org.br\/noticias\/papa-lava-os-pes-de-doze-detentos.html#breadcrumb\",\"itemListElement\":[{\"@type\":\"ListItem\",\"position\":1,\"name\":\"Home\",\"item\":\"https:\/\/franciscanos.org.br\/noticias\"},{\"@type\":\"ListItem\",\"position\":2,\"name\":\"Papa lava os p\u00e9s de doze detentos\"}]},{\"@type\":\"Person\",\"@id\":\"https:\/\/franciscanos.org.br\/noticias\/#\/schema\/person\/b38fbf43118f02820bd932f2e4b14ad3\",\"name\":\"admin\",\"image\":{\"@type\":\"ImageObject\",\"inLanguage\":\"pt-BR\",\"@id\":\"https:\/\/franciscanos.org.br\/noticias\/#\/schema\/person\/image\/\",\"url\":\"https:\/\/secure.gravatar.com\/avatar\/e8495742d34d0ba6448ea1c628263b3e?s=96&d=mm&r=g\",\"contentUrl\":\"https:\/\/secure.gravatar.com\/avatar\/e8495742d34d0ba6448ea1c628263b3e?s=96&d=mm&r=g\",\"caption\":\"admin\"},\"url\":\"https:\/\/franciscanos.org.br\/noticias\/author\/admin\"}]}<\/script>\n<!-- \/ Yoast SEO plugin. -->","yoast_head_json":{"title":"Papa lava os p\u00e9s de doze detentos - Not\u00edcias - Franciscanos","robots":{"index":"index","follow":"follow","max-snippet":"max-snippet:-1","max-image-preview":"max-image-preview:large","max-video-preview":"max-video-preview:-1"},"canonical":"https:\/\/franciscanos.org.br\/noticias\/papa-lava-os-pes-de-doze-detentos.html","og_locale":"pt_BR","og_type":"article","og_title":"Papa lava os p\u00e9s de doze detentos - Not\u00edcias - Franciscanos","og_description":"Ceia do Senhor","og_url":"https:\/\/franciscanos.org.br\/noticias\/papa-lava-os-pes-de-doze-detentos.html","og_site_name":"Not\u00edcias - Franciscanos","article_published_time":"2015-04-03T00:53:31+00:00","article_modified_time":"2020-06-10T18:52:23+00:00","og_image":[{"width":800,"height":601,"url":"https:\/\/franciscanos.org.br\/noticias\/wp-content\/uploads\/2018\/03\/lavapes_07d.jpg","type":"image\/jpeg"}],"author":"admin","twitter_card":"summary_large_image","twitter_misc":{"Escrito por":"admin","Est. tempo de leitura":"3 minutos"},"schema":{"@context":"https:\/\/schema.org","@graph":[{"@type":"WebSite","@id":"https:\/\/franciscanos.org.br\/noticias\/#website","url":"https:\/\/franciscanos.org.br\/noticias\/","name":"Not\u00edcias - Franciscanos","description":"Prov\u00edncia Franciscana da Imaculada Concei\u00e7\u00e3o do Brasil - Ordem dos Frades Menores - OFM","potentialAction":[{"@type":"SearchAction","target":{"@type":"EntryPoint","urlTemplate":"https:\/\/franciscanos.org.br\/noticias\/?s={search_term_string}"},"query-input":"required name=search_term_string"}],"inLanguage":"pt-BR"},{"@type":"ImageObject","inLanguage":"pt-BR","@id":"https:\/\/franciscanos.org.br\/noticias\/papa-lava-os-pes-de-doze-detentos.html#primaryimage","url":"https:\/\/franciscanos.org.br\/noticias\/wp-content\/uploads\/2018\/03\/lavapes_07d.jpg","contentUrl":"https:\/\/franciscanos.org.br\/noticias\/wp-content\/uploads\/2018\/03\/lavapes_07d.jpg","width":800,"height":601},{"@type":"WebPage","@id":"https:\/\/franciscanos.org.br\/noticias\/papa-lava-os-pes-de-doze-detentos.html#webpage","url":"https:\/\/franciscanos.org.br\/noticias\/papa-lava-os-pes-de-doze-detentos.html","name":"Papa lava os p\u00e9s de doze detentos - Not\u00edcias - Franciscanos","isPartOf":{"@id":"https:\/\/franciscanos.org.br\/noticias\/#website"},"primaryImageOfPage":{"@id":"https:\/\/franciscanos.org.br\/noticias\/papa-lava-os-pes-de-doze-detentos.html#primaryimage"},"datePublished":"2015-04-03T00:53:31+00:00","dateModified":"2020-06-10T18:52:23+00:00","author":{"@id":"https:\/\/franciscanos.org.br\/noticias\/#\/schema\/person\/b38fbf43118f02820bd932f2e4b14ad3"},"breadcrumb":{"@id":"https:\/\/franciscanos.org.br\/noticias\/papa-lava-os-pes-de-doze-detentos.html#breadcrumb"},"inLanguage":"pt-BR","potentialAction":[{"@type":"ReadAction","target":["https:\/\/franciscanos.org.br\/noticias\/papa-lava-os-pes-de-doze-detentos.html"]}]},{"@type":"BreadcrumbList","@id":"https:\/\/franciscanos.org.br\/noticias\/papa-lava-os-pes-de-doze-detentos.html#breadcrumb","itemListElement":[{"@type":"ListItem","position":1,"name":"Home","item":"https:\/\/franciscanos.org.br\/noticias"},{"@type":"ListItem","position":2,"name":"Papa lava os p\u00e9s de doze detentos"}]},{"@type":"Person","@id":"https:\/\/franciscanos.org.br\/noticias\/#\/schema\/person\/b38fbf43118f02820bd932f2e4b14ad3","name":"admin","image":{"@type":"ImageObject","inLanguage":"pt-BR","@id":"https:\/\/franciscanos.org.br\/noticias\/#\/schema\/person\/image\/","url":"https:\/\/secure.gravatar.com\/avatar\/e8495742d34d0ba6448ea1c628263b3e?s=96&d=mm&r=g","contentUrl":"https:\/\/secure.gravatar.com\/avatar\/e8495742d34d0ba6448ea1c628263b3e?s=96&d=mm&r=g","caption":"admin"},"url":"https:\/\/franciscanos.org.br\/noticias\/author\/admin"}]}},"_links":{"self":[{"href":"https:\/\/franciscanos.org.br\/noticias\/wp-json\/wp\/v2\/posts\/82507"}],"collection":[{"href":"https:\/\/franciscanos.org.br\/noticias\/wp-json\/wp\/v2\/posts"}],"about":[{"href":"https:\/\/franciscanos.org.br\/noticias\/wp-json\/wp\/v2\/types\/post"}],"author":[{"embeddable":true,"href":"https:\/\/franciscanos.org.br\/noticias\/wp-json\/wp\/v2\/users\/1"}],"replies":[{"embeddable":true,"href":"https:\/\/franciscanos.org.br\/noticias\/wp-json\/wp\/v2\/comments?post=82507"}],"version-history":[{"count":2,"href":"https:\/\/franciscanos.org.br\/noticias\/wp-json\/wp\/v2\/posts\/82507\/revisions"}],"predecessor-version":[{"id":226086,"href":"https:\/\/franciscanos.org.br\/noticias\/wp-json\/wp\/v2\/posts\/82507\/revisions\/226086"}],"wp:featuredmedia":[{"embeddable":true,"href":"https:\/\/franciscanos.org.br\/noticias\/wp-json\/wp\/v2\/media\/225022"}],"wp:attachment":[{"href":"https:\/\/franciscanos.org.br\/noticias\/wp-json\/wp\/v2\/media?parent=82507"}],"wp:term":[{"taxonomy":"category","embeddable":true,"href":"https:\/\/franciscanos.org.br\/noticias\/wp-json\/wp\/v2\/categories?post=82507"},{"taxonomy":"post_tag","embeddable":true,"href":"https:\/\/franciscanos.org.br\/noticias\/wp-json\/wp\/v2\/tags?post=82507"}],"curies":[{"name":"wp","href":"https:\/\/api.w.org\/{rel}","templated":true}]}}