{"id":82502,"date":"2015-04-02T07:28:29","date_gmt":"2015-04-02T10:28:29","guid":{"rendered":"http:\/\/franciscanos.org.br\/?p=82502"},"modified":"2020-06-24T16:55:19","modified_gmt":"2020-06-24T19:55:19","slug":"o-significado-de-lava-pes-desta-quinta-feira-santa","status":"publish","type":"post","link":"https:\/\/franciscanos.org.br\/noticias\/o-significado-de-lava-pes-desta-quinta-feira-santa.html","title":{"rendered":"O significado do lava-p\u00e9s desta Quinta-feira Santa"},"content":{"rendered":"<p><img loading=\"lazy\" src=\"http:\/\/franciscanos.org.br\/wp-content\/uploads\/2015\/04\/pes.jpg\" alt=\"pes\" width=\"820\" height=\"615\" \/><\/p>\n<p>\u201cEu vos dou um novo mandamento: amai-vos uns aos outros como eu vos amei.\u201d Este \u00e9 a grande heran\u00e7a que Jesus deixa para seus disc\u00edpulos. \u00c9 o testamento que um pai confia a seus filhos e filhas na esperan\u00e7a de que eles levem adiante sua obra.<\/p>\n<p>O mais bonito e emocionante nesta celebra\u00e7\u00e3o da Quinta-feira Santa \u00e9 que Jesus n\u00e3o deixa apenas um testamento de palavras, mas ele mesmo se reveste de humildade e nos mostra o caminho do amor ao qual nos pede trilhar. O texto de Jo 13,1-15 conta que Jesus ceou com os seus disc\u00edpulos e, logo depois da ceia, pegou a jarra e a bacia, amarrou uma toalha na cintura e se p\u00f4s a lavar os p\u00e9s de seus disc\u00edpulos.<\/p>\n<p>Lavar os p\u00e9s \u00e9 sinal de servi\u00e7o, de submiss\u00e3o, de bem-querer. Numa \u00e9poca em que as pessoas caminhavam muito mais do que caminham hoje, ocupar-se dos cuidados dos p\u00e9s de outra pessoa \u00e9 querer muito bem ela. \u00c9 desejar profundamente que o outro siga em frente sua caminhada existencial, que viva sua vida com entusiasmo e paix\u00e3o.<\/p>\n<p>E \u00e9 isto que Jesus deseja de n\u00f3s: que sejamos continuadores de sua obra de paz e de justi\u00e7a; que n\u00e3o tenhamos medo nem pregui\u00e7a de nos lavarmos os p\u00e9s; que deixemos de lado toda a arrog\u00e2ncia e nos coloquemos como menores, atentos \u00e0s necessidades de nossos irm\u00e3os e irm\u00e3s, sempre dispostos a uma vida de servi\u00e7o e doa\u00e7\u00e3o.<\/p>\n<p>Por intercess\u00e3o de S\u00e3o Francisco, que Deus aben\u00e7oe sua vida, em nome do Pai, do Filho e do Esp\u00edrito Santo. Am\u00e9m.<\/p>\n<p><strong>Frei Gustavo Medella<\/strong><\/p>\n","protected":false},"excerpt":{"rendered":"<p>Liturgia<\/p>\n","protected":false},"author":1,"featured_media":219280,"comment_status":"open","ping_status":"open","sticky":false,"template":"","format":"standard","meta":[],"categories":[1],"tags":[537],"acf":[],"yoast_head":"<!-- This site is optimized with the Yoast SEO plugin v19.2 - https:\/\/yoast.com\/wordpress\/plugins\/seo\/ -->\n<title>O significado do lava-p\u00e9s desta Quinta-feira Santa - Not\u00edcias - Franciscanos<\/title>\n<meta name=\"robots\" content=\"index, follow, max-snippet:-1, max-image-preview:large, max-video-preview:-1\" \/>\n<link rel=\"canonical\" href=\"https:\/\/franciscanos.org.br\/noticias\/o-significado-de-lava-pes-desta-quinta-feira-santa.html\" \/>\n<meta property=\"og:locale\" content=\"pt_BR\" \/>\n<meta property=\"og:type\" content=\"article\" \/>\n<meta property=\"og:title\" content=\"O significado do lava-p\u00e9s desta Quinta-feira Santa - Not\u00edcias - Franciscanos\" \/>\n<meta property=\"og:description\" content=\"Liturgia\" \/>\n<meta property=\"og:url\" content=\"https:\/\/franciscanos.org.br\/noticias\/o-significado-de-lava-pes-desta-quinta-feira-santa.html\" \/>\n<meta property=\"og:site_name\" content=\"Not\u00edcias - Franciscanos\" \/>\n<meta property=\"article:published_time\" content=\"2015-04-02T10:28:29+00:00\" \/>\n<meta property=\"article:modified_time\" content=\"2020-06-24T19:55:19+00:00\" \/>\n<meta property=\"og:image\" content=\"https:\/\/franciscanos.org.br\/noticias\/wp-content\/uploads\/2015\/04\/pes.jpg\" \/>\n\t<meta property=\"og:image:width\" content=\"273\" \/>\n\t<meta property=\"og:image:height\" content=\"181\" \/>\n\t<meta property=\"og:image:type\" content=\"image\/jpeg\" \/>\n<meta name=\"author\" content=\"admin\" \/>\n<meta name=\"twitter:card\" content=\"summary_large_image\" \/>\n<meta name=\"twitter:label1\" content=\"Escrito por\" \/>\n\t<meta name=\"twitter:data1\" content=\"admin\" \/>\n\t<meta name=\"twitter:label2\" content=\"Est. tempo de leitura\" \/>\n\t<meta name=\"twitter:data2\" content=\"1 minuto\" \/>\n<script type=\"application\/ld+json\" class=\"yoast-schema-graph\">{\"@context\":\"https:\/\/schema.org\",\"@graph\":[{\"@type\":\"WebSite\",\"@id\":\"https:\/\/franciscanos.org.br\/noticias\/#website\",\"url\":\"https:\/\/franciscanos.org.br\/noticias\/\",\"name\":\"Not\u00edcias - Franciscanos\",\"description\":\"Prov\u00edncia Franciscana da Imaculada Concei\u00e7\u00e3o do Brasil - Ordem dos Frades Menores - OFM\",\"potentialAction\":[{\"@type\":\"SearchAction\",\"target\":{\"@type\":\"EntryPoint\",\"urlTemplate\":\"https:\/\/franciscanos.org.br\/noticias\/?s={search_term_string}\"},\"query-input\":\"required name=search_term_string\"}],\"inLanguage\":\"pt-BR\"},{\"@type\":\"ImageObject\",\"inLanguage\":\"pt-BR\",\"@id\":\"https:\/\/franciscanos.org.br\/noticias\/o-significado-de-lava-pes-desta-quinta-feira-santa.html#primaryimage\",\"url\":\"https:\/\/franciscanos.org.br\/noticias\/wp-content\/uploads\/2015\/04\/pes.jpg\",\"contentUrl\":\"https:\/\/franciscanos.org.br\/noticias\/wp-content\/uploads\/2015\/04\/pes.jpg\",\"width\":273,\"height\":181},{\"@type\":\"WebPage\",\"@id\":\"https:\/\/franciscanos.org.br\/noticias\/o-significado-de-lava-pes-desta-quinta-feira-santa.html#webpage\",\"url\":\"https:\/\/franciscanos.org.br\/noticias\/o-significado-de-lava-pes-desta-quinta-feira-santa.html\",\"name\":\"O significado do lava-p\u00e9s desta Quinta-feira Santa - Not\u00edcias - Franciscanos\",\"isPartOf\":{\"@id\":\"https:\/\/franciscanos.org.br\/noticias\/#website\"},\"primaryImageOfPage\":{\"@id\":\"https:\/\/franciscanos.org.br\/noticias\/o-significado-de-lava-pes-desta-quinta-feira-santa.html#primaryimage\"},\"datePublished\":\"2015-04-02T10:28:29+00:00\",\"dateModified\":\"2020-06-24T19:55:19+00:00\",\"author\":{\"@id\":\"https:\/\/franciscanos.org.br\/noticias\/#\/schema\/person\/b38fbf43118f02820bd932f2e4b14ad3\"},\"breadcrumb\":{\"@id\":\"https:\/\/franciscanos.org.br\/noticias\/o-significado-de-lava-pes-desta-quinta-feira-santa.html#breadcrumb\"},\"inLanguage\":\"pt-BR\",\"potentialAction\":[{\"@type\":\"ReadAction\",\"target\":[\"https:\/\/franciscanos.org.br\/noticias\/o-significado-de-lava-pes-desta-quinta-feira-santa.html\"]}]},{\"@type\":\"BreadcrumbList\",\"@id\":\"https:\/\/franciscanos.org.br\/noticias\/o-significado-de-lava-pes-desta-quinta-feira-santa.html#breadcrumb\",\"itemListElement\":[{\"@type\":\"ListItem\",\"position\":1,\"name\":\"Home\",\"item\":\"https:\/\/franciscanos.org.br\/noticias\"},{\"@type\":\"ListItem\",\"position\":2,\"name\":\"O significado do lava-p\u00e9s desta Quinta-feira Santa\"}]},{\"@type\":\"Person\",\"@id\":\"https:\/\/franciscanos.org.br\/noticias\/#\/schema\/person\/b38fbf43118f02820bd932f2e4b14ad3\",\"name\":\"admin\",\"image\":{\"@type\":\"ImageObject\",\"inLanguage\":\"pt-BR\",\"@id\":\"https:\/\/franciscanos.org.br\/noticias\/#\/schema\/person\/image\/\",\"url\":\"https:\/\/secure.gravatar.com\/avatar\/e8495742d34d0ba6448ea1c628263b3e?s=96&d=mm&r=g\",\"contentUrl\":\"https:\/\/secure.gravatar.com\/avatar\/e8495742d34d0ba6448ea1c628263b3e?s=96&d=mm&r=g\",\"caption\":\"admin\"},\"url\":\"https:\/\/franciscanos.org.br\/noticias\/author\/admin\"}]}<\/script>\n<!-- \/ Yoast SEO plugin. -->","yoast_head_json":{"title":"O significado do lava-p\u00e9s desta Quinta-feira Santa - Not\u00edcias - Franciscanos","robots":{"index":"index","follow":"follow","max-snippet":"max-snippet:-1","max-image-preview":"max-image-preview:large","max-video-preview":"max-video-preview:-1"},"canonical":"https:\/\/franciscanos.org.br\/noticias\/o-significado-de-lava-pes-desta-quinta-feira-santa.html","og_locale":"pt_BR","og_type":"article","og_title":"O significado do lava-p\u00e9s desta Quinta-feira Santa - Not\u00edcias - Franciscanos","og_description":"Liturgia","og_url":"https:\/\/franciscanos.org.br\/noticias\/o-significado-de-lava-pes-desta-quinta-feira-santa.html","og_site_name":"Not\u00edcias - Franciscanos","article_published_time":"2015-04-02T10:28:29+00:00","article_modified_time":"2020-06-24T19:55:19+00:00","og_image":[{"width":273,"height":181,"url":"https:\/\/franciscanos.org.br\/noticias\/wp-content\/uploads\/2015\/04\/pes.jpg","type":"image\/jpeg"}],"author":"admin","twitter_card":"summary_large_image","twitter_misc":{"Escrito por":"admin","Est. tempo de leitura":"1 minuto"},"schema":{"@context":"https:\/\/schema.org","@graph":[{"@type":"WebSite","@id":"https:\/\/franciscanos.org.br\/noticias\/#website","url":"https:\/\/franciscanos.org.br\/noticias\/","name":"Not\u00edcias - Franciscanos","description":"Prov\u00edncia Franciscana da Imaculada Concei\u00e7\u00e3o do Brasil - Ordem dos Frades Menores - OFM","potentialAction":[{"@type":"SearchAction","target":{"@type":"EntryPoint","urlTemplate":"https:\/\/franciscanos.org.br\/noticias\/?s={search_term_string}"},"query-input":"required name=search_term_string"}],"inLanguage":"pt-BR"},{"@type":"ImageObject","inLanguage":"pt-BR","@id":"https:\/\/franciscanos.org.br\/noticias\/o-significado-de-lava-pes-desta-quinta-feira-santa.html#primaryimage","url":"https:\/\/franciscanos.org.br\/noticias\/wp-content\/uploads\/2015\/04\/pes.jpg","contentUrl":"https:\/\/franciscanos.org.br\/noticias\/wp-content\/uploads\/2015\/04\/pes.jpg","width":273,"height":181},{"@type":"WebPage","@id":"https:\/\/franciscanos.org.br\/noticias\/o-significado-de-lava-pes-desta-quinta-feira-santa.html#webpage","url":"https:\/\/franciscanos.org.br\/noticias\/o-significado-de-lava-pes-desta-quinta-feira-santa.html","name":"O significado do lava-p\u00e9s desta Quinta-feira Santa - Not\u00edcias - Franciscanos","isPartOf":{"@id":"https:\/\/franciscanos.org.br\/noticias\/#website"},"primaryImageOfPage":{"@id":"https:\/\/franciscanos.org.br\/noticias\/o-significado-de-lava-pes-desta-quinta-feira-santa.html#primaryimage"},"datePublished":"2015-04-02T10:28:29+00:00","dateModified":"2020-06-24T19:55:19+00:00","author":{"@id":"https:\/\/franciscanos.org.br\/noticias\/#\/schema\/person\/b38fbf43118f02820bd932f2e4b14ad3"},"breadcrumb":{"@id":"https:\/\/franciscanos.org.br\/noticias\/o-significado-de-lava-pes-desta-quinta-feira-santa.html#breadcrumb"},"inLanguage":"pt-BR","potentialAction":[{"@type":"ReadAction","target":["https:\/\/franciscanos.org.br\/noticias\/o-significado-de-lava-pes-desta-quinta-feira-santa.html"]}]},{"@type":"BreadcrumbList","@id":"https:\/\/franciscanos.org.br\/noticias\/o-significado-de-lava-pes-desta-quinta-feira-santa.html#breadcrumb","itemListElement":[{"@type":"ListItem","position":1,"name":"Home","item":"https:\/\/franciscanos.org.br\/noticias"},{"@type":"ListItem","position":2,"name":"O significado do lava-p\u00e9s desta Quinta-feira Santa"}]},{"@type":"Person","@id":"https:\/\/franciscanos.org.br\/noticias\/#\/schema\/person\/b38fbf43118f02820bd932f2e4b14ad3","name":"admin","image":{"@type":"ImageObject","inLanguage":"pt-BR","@id":"https:\/\/franciscanos.org.br\/noticias\/#\/schema\/person\/image\/","url":"https:\/\/secure.gravatar.com\/avatar\/e8495742d34d0ba6448ea1c628263b3e?s=96&d=mm&r=g","contentUrl":"https:\/\/secure.gravatar.com\/avatar\/e8495742d34d0ba6448ea1c628263b3e?s=96&d=mm&r=g","caption":"admin"},"url":"https:\/\/franciscanos.org.br\/noticias\/author\/admin"}]}},"_links":{"self":[{"href":"https:\/\/franciscanos.org.br\/noticias\/wp-json\/wp\/v2\/posts\/82502"}],"collection":[{"href":"https:\/\/franciscanos.org.br\/noticias\/wp-json\/wp\/v2\/posts"}],"about":[{"href":"https:\/\/franciscanos.org.br\/noticias\/wp-json\/wp\/v2\/types\/post"}],"author":[{"embeddable":true,"href":"https:\/\/franciscanos.org.br\/noticias\/wp-json\/wp\/v2\/users\/1"}],"replies":[{"embeddable":true,"href":"https:\/\/franciscanos.org.br\/noticias\/wp-json\/wp\/v2\/comments?post=82502"}],"version-history":[{"count":1,"href":"https:\/\/franciscanos.org.br\/noticias\/wp-json\/wp\/v2\/posts\/82502\/revisions"}],"predecessor-version":[{"id":226710,"href":"https:\/\/franciscanos.org.br\/noticias\/wp-json\/wp\/v2\/posts\/82502\/revisions\/226710"}],"wp:featuredmedia":[{"embeddable":true,"href":"https:\/\/franciscanos.org.br\/noticias\/wp-json\/wp\/v2\/media\/219280"}],"wp:attachment":[{"href":"https:\/\/franciscanos.org.br\/noticias\/wp-json\/wp\/v2\/media?parent=82502"}],"wp:term":[{"taxonomy":"category","embeddable":true,"href":"https:\/\/franciscanos.org.br\/noticias\/wp-json\/wp\/v2\/categories?post=82502"},{"taxonomy":"post_tag","embeddable":true,"href":"https:\/\/franciscanos.org.br\/noticias\/wp-json\/wp\/v2\/tags?post=82502"}],"curies":[{"name":"wp","href":"https:\/\/api.w.org\/{rel}","templated":true}]}}