{"id":82369,"date":"2015-04-01T07:21:00","date_gmt":"2015-04-01T10:21:00","guid":{"rendered":"http:\/\/franciscanos.org.br\/?p=82369"},"modified":"2020-06-10T15:55:05","modified_gmt":"2020-06-10T18:55:05","slug":"nossa-vida-nao-termina-na-pedra-de-um-sepulcro","status":"publish","type":"post","link":"https:\/\/franciscanos.org.br\/noticias\/nossa-vida-nao-termina-na-pedra-de-um-sepulcro.html","title":{"rendered":"\u201cNossa vida n\u00e3o termina na pedra de um sepulcro&#8221;"},"content":{"rendered":"<p><img loading=\"lazy\" src=\"http:\/\/franciscanos.org.br\/wp-content\/uploads\/2015\/04\/papa_01.jpg\" alt=\"papa_01\" width=\"820\" height=\"443\" \/><\/p>\n<p><strong>Cidade do Vaticano<\/strong> \u2013 Nesta Semana Santa, o Papa Francisco acolheu milhares de peregrinos, na Pra\u00e7a S. Pedro, para a Audi\u00eancia Geral desta quarta-feira (1\u00ba\/04).\u00a0Francisco dedicou sua catequese ao Tr\u00edduo Pascal, que tem in\u00edcio na Quinta-Feira Santa com a Santa Missa da Ceia do Senhor.<\/p>\n<p>O Evangelho desta celebra\u00e7\u00e3o, com o rito do lava-p\u00e9s, expressa o significado da Eucaristia como servi\u00e7o a Deus e aos irm\u00e3os: o Filho do homem, de fato, n\u00e3o veio para ser servido, mas para servir. \u201cSe n\u00e3o nos aproximamos da santa Comunh\u00e3o sem estar sinceramente dispostos a lavar os p\u00e9s uns dos outros, n\u00e3o reconhecemos o Corpo do Senhor\u201d, disse o Papa.<\/p>\n<p><strong>Adora\u00e7\u00e3o da Cruz<\/strong><br \/>\nJ\u00e1 na liturgia da Sexta-feira Santa, meditamos o mist\u00e9rio da morte de Cristo e adoramos a Cruz. Nos \u00faltimos instantes de vida, Jesus disse: \u201cEst\u00e1 consumado!\u201d. Isso significa que a obra de salva\u00e7\u00e3o foi realizada, explicou o Papa. Com o seu sacrif\u00edcio, Jesus transformou a maior injusti\u00e7a em amor maior.<\/p>\n<p>No decorrer dos s\u00e9culos, homens e mulheres refletiram um raio deste amor perfeito, pleno e puro, acrescentou Francisco, citando como exemplo o \u201ctestemunho heroico\u201d do sacerdote italiano Andrea Santoro, assassinado na Turquia em 2006. Tamb\u00e9m hoje, disse ele, h\u00e1 tantos homens e mulheres que s\u00e3o verdadeiros m\u00e1rtires que oferecem sua vida com Jesus para professar a f\u00e9.<\/p>\n<p>\u201c\u00c9 um servi\u00e7o, o servi\u00e7o do testemunho crist\u00e3o at\u00e9 o sangue. Servi\u00e7o que nos fez Cristo. Este \u00e9 o significado da express\u00e3o \u2018est\u00e1 consumado\u2019. Que belo ser\u00e1 que todos n\u00f3s, no final de nossa vida, com nossos erros, nossos pecados, com nossas boas obras, com nosso amor ao pr\u00f3ximo, possamos dizer ao Pai: \u2018Est\u00e1 consumado\u2019. Certamente, n\u00e3o com a perfei\u00e7\u00e3o de Cristo, mas: \u201cSenhor, fiz tudo o que pude\u201d. Adorando a Cruz, olhando Jesus, pensemos no amor, no servi\u00e7o, na nossa vida, nos m\u00e1rtires crist\u00e3os e nos far\u00e1 bem pensar no final da nossa vida. Ningu\u00e9m de n\u00f3s sabe quando isso vai acontecer, mas podemos pedir a gra\u00e7a de poder dizer: Pai, fiz o que pude. Est\u00e1 consumado.\u201d<\/p>\n<p><strong>Repouso de Cristo<\/strong><br \/>\nO S\u00e1bado Santo \u00e9 o dia em que a Igreja contempla o \u201crepouso\u201d de Cristo no t\u00famulo depois do combate da cruz. Neste dia, a Igreja, mais uma vez, se identifica com Maria. Na escurid\u00e3o que envolve a cria\u00e7\u00e3o, Ela permanece s\u00f3 a manter a chama da f\u00e9 acesa, esperando contra toda a esperan\u00e7a na Ressurrei\u00e7\u00e3o de Cristo.<\/p>\n<p><strong>Al\u00e9m do sepulcro<\/strong><br \/>\nNa grande Vig\u00edlia Pascal, em que ressoa novamente o Aleluia, celebramos Cristo Ressuscitado. \u201c\u00c0s vezes, disse o Papa, a escurid\u00e3o da noite parece envolver a alma e pensamos: \u00abJ\u00e1 n\u00e3o h\u00e1 nada a fazer!\u00bb E o cora\u00e7\u00e3o sente-se sem for\u00e7as para amar. Mas justamente naquela escurid\u00e3o, Cristo acende o fogo do amor de Deus: uma centelha rompe a obscuridade e anuncia um in\u00edcio. A pedra da dor \u00e9 abatida, deixando espa\u00e7o \u00e0 esperan\u00e7a. Eis o grande mist\u00e9rio da P\u00e1scoa!\u201d<\/p>\n<p>Cristo venceu a morte e n\u00f3s, com Ele, destacou Francisco. \u201cNossa vida n\u00e3o termina na pedra de um sepulcro, ela vai al\u00e9m, com a esperan\u00e7a. Como crist\u00e3os, somos chamados a ser sentinelas da manh\u00e3.\u201d<br \/>\nO Papa ent\u00e3o exortou os fi\u00e9is: \u201cQueridos irm\u00e3os e irm\u00e3s, nesses dias do Tr\u00edduo Sagrado, n\u00e3o nos limitemos a celebrar a paix\u00e3o do Senhor, mas entremos no mist\u00e9rio, fa\u00e7amos nossos os seus sentimentos, as suas atitudes. Assim, a nossa ser\u00e1 uma \u201cfeliz P\u00e1scoa\u201d.<\/p>\n<h1><strong>\u00cdNTEGRA DA CATEQUESE\u00a0<\/strong><\/h1>\n<p>Queridos irm\u00e3os e irm\u00e3s, bom dia!<\/p>\n<p>Amanh\u00e3 \u00e9 Quinta-Feira Santa. \u00c0 tarde, com a Santa Missa \u201cna Ceia do Senhor\u201d, ter\u00e1 in\u00edcio o Tr\u00edduo Pascal da paix\u00e3o, morte e ressurrei\u00e7\u00e3o de Cristo, que \u00e9 o \u00e1pice de todo o ano lit\u00fargico e tamb\u00e9m o \u00e1pice da nossa vida crist\u00e3.<\/p>\n<p>O Tr\u00edduo se abre com a celebra\u00e7\u00e3o da \u00daltima Ceia. Jesus, na v\u00e9spera de sua paix\u00e3o, oferece ao Pai o seu corpo e o seu sangue sob as esp\u00e9cies de p\u00e3o e de vinho e, doando-os em alimento para os ap\u00f3stolos, ordenou-lhes perpetuar a oferta em sua mem\u00f3ria. O Evangelho desta celebra\u00e7\u00e3o, recordando o lava p\u00e9s, exprime o mesmo significado da Eucaristia sob outra perspectiva. Jesus \u2013 como um servo \u2013 lava os p\u00e9s de Sim\u00e3o Pedro e dos outros onze disc\u00edpulos (cfr Jo 13, 4-5). Com esse gesto prof\u00e9tico, Ele exprime o sentido da sua vida e da sua paix\u00e3o, aquele do servi\u00e7o a Deus e aos irm\u00e3os: \u201cO Filho do homem, de fato, n\u00e3o veio para ser servido, mas para servir\u201d (Mc 10, 45).<\/p>\n<p>Isso aconteceu tamb\u00e9m no nosso Batismo, quando a gra\u00e7a de Deus nos lavou do pecado e fomos revestidos de Cristo (cfr Col 3, 10). Isso acontece cada vez que fazemos o memorial do Senhor na Eucaristia: fazemos comunh\u00e3o com Cristo Servo para obedecer ao seu mandamento, aquele de nos amarmos como Ele nos amou (cfr Jo 13, 34; 15, 12). Se nos aproximamos da santa Comunh\u00e3o sem estarmos sinceramente dispostos a lavarmos os p\u00e9s uns dos outros, n\u00e3o reconhecemos o Corpo do Senhor. \u00c9 o servi\u00e7o de Jesus que doa a si mesmo, totalmente.<\/p>\n<p>Depois, depois de amanh\u00e3, na liturgia da Sexta-Feira Santa, meditamos o mist\u00e9rio da morte de Cristo e adoramos a Cruz. Nos \u00faltimos instantes de vida, antes de entregar o esp\u00edrito ao Pai, Jesus disse: \u201cEst\u00e1 consumado!\u201d (Jo 19, 30). O que significa esta palavra? Que Jesus diga: \u201cEst\u00e1 consumado\u201d? Significa que a obra da salva\u00e7\u00e3o est\u00e1 cumprida, que todas as Escrituras encontram seu cumprimento no amor de Cristo, Cordeiro imolado. Jesus, com seu Sacrif\u00edcio, transformou a maior injusti\u00e7a no maior amor.<\/p>\n<p>Ao longo dos s\u00e9culos h\u00e1 homens e mulheres que, com o testemunho da sua exist\u00eancia, refletem o raio deste amor perfeito, pleno, n\u00e3o contaminado. Gosto de recordar um heroico testemunho dos nossos dias, Don Andrea Santoro, sacerdote da diocese de Roma e mission\u00e1rio na Turquia. Algum dia antes de ser assassinado em Tresbisonda, escreveu: \u201cEstou aqui para morar no meio desse povo e permitir a Jesus faz\u00ea-lo emprestando-lhe a minha carne\u2026 Uma pessoa se torna capaz de salva\u00e7\u00e3o somente oferecendo a pr\u00f3pria carne. O mal do mundo seja suportado e a dor seja partilhada, absorvendo-a na pr\u00f3pria carne at\u00e9 o fim, como fez Jesus\u201d (A. Polselli, Don Andrea Santoro, as heran\u00e7as, Cidade Nova, Roma 2008, p. 31). Este exemplo de um homem dos nossos tempos e tantos outros nos apoiam em oferecer a nossa vida como dom de amor aos irm\u00e3os, \u00e0 imita\u00e7\u00e3o de Jesus. E tamb\u00e9m hoje h\u00e1 tantos homens e mulheres, verdadeiros m\u00e1rtires que oferecem suas vidas com Jesus para confessar a f\u00e9, somente por esse motivo. \u00c9 um servi\u00e7o, servi\u00e7o do testemunho crist\u00e3o at\u00e9 o sangue, servi\u00e7o que Cristo noz fez: redimiu-nos at\u00e9 o fim. E este \u00e9 o significado daquela palavra \u201cEst\u00e1 consumado\u201d. Que belo ser\u00e1 se todos n\u00f3s, ao fim da nossa vida, com os nossos erros, os nossos pecados, tamb\u00e9m com as nossas boas obras, com o nosso amor ao pr\u00f3ximo, possamos dizer ao Pai como Jesus: \u201cEst\u00e1 consumado\u201d; n\u00e3o com a perfei\u00e7\u00e3o com a qual Ele disse, mas dizer: \u201cSenhor, fiz tudo o que pude fazer. Est\u00e1 consumado\u201d. Adorando a Cruz, olhando Jesus, pensemos no amor, no servi\u00e7o, na nossa vida, nos m\u00e1rtires crist\u00e3os e tamb\u00e9m nos far\u00e1 bem pensar no final da nossa vida. Ningu\u00e9m de n\u00f3s sabe quando isso vai acontecer, mas podemos pedir a gra\u00e7a de poder dizer: \u201cPai, fiz o que pude. Est\u00e1 consumado\u201d.<\/p>\n<p>O S\u00e1bado Santo \u00e9 o dia em que a Igreja contempla o \u201crepouso\u201d de Cristo no t\u00famulo depois do vitorioso combate da cruz. No S\u00e1bado Santo, a Igreja, uma vez mais, se identifica com Maria: toda a sua f\u00e9 \u00e9 recolhida nela, a primeira e perfeita disc\u00edpula, a primeira e perfeita crente. Na obscuridade que envolve o criado, Ela permanece sozinha a manter acessa a chama da f\u00e9, esperando contra toda esperan\u00e7a (cf. Rm 4, 18) na Ressurrei\u00e7\u00e3o de Jesus.<\/p>\n<p>E na grande Vig\u00edlia Pascal, em que ressoa novamente o Aleluia, celebramos Cristo Ressuscitado centro e fim do cosmo e da hist\u00f3ria; vigiamos cheios de esperan\u00e7a \u00e0 espera do seu retorno, quando a P\u00e1scoa ter\u00e1 a sua plena manifesta\u00e7\u00e3o.<\/p>\n<p>\u00c0s vezes a escurid\u00e3o da noite parece penetrar na alma; \u00e0s vezes pensamos: \u201cagora n\u00e3o h\u00e1 mais nada a fazer\u201d e o cora\u00e7\u00e3o n\u00e3o encontra mais a for\u00e7a de amar\u2026 Mas justamente naquela escurid\u00e3o Cristo acende o fogo do amor de Deus: um brilho quebra a escurid\u00e3o e anuncia um novo in\u00edcio, algo come\u00e7a no escuro mais profundo. N\u00f3s sabemos que a noite \u00e9 \u201cmais noite\u201d, \u00e9 mais escura pouco antes que comece o dia. Mas justamente naquela escurid\u00e3o \u00e9 Cristo que vence e acende o fogo do amor. A pedra da dor \u00e9 abatida, deixando espa\u00e7o \u00e0 esperan\u00e7a. Eis o grande mist\u00e9rio da P\u00e1scoa! Nesta noite santa, a Igreja nos entrega a luz do Ressuscitado, para que em n\u00f3s n\u00e3o haja o remorso de quem diz \u201cpor agora\u2026\u201d, mas a esperan\u00e7a de quem se abre a um presente cheio de futuro: Cristo venceu a morte, e n\u00f3s com Ele. A nossa vida n\u00e3o termina diante da pedra de um sepulcro, a nossa vida vai al\u00e9m com a esperan\u00e7a em Cristo que ressuscitou justamente daquele sepulcro. Como crist\u00e3os, somos chamados a ser sentinelas da manh\u00e3, que sabem discernir os sinais do Ressuscitado, como fizeram as mulheres e os disc\u00edpulos reunidos no sepulcro na aurora do primeiro dia da semana.<\/p>\n<p>Queridos irm\u00e3os e irm\u00e3s, nestes dias do Tr\u00edduo Santo n\u00e3o nos limitemos a celebrar a paix\u00e3o do Senhor, mas entremos no mist\u00e9rio, fa\u00e7amos nossos os seus sentimentos, as suas atitudes, como nos convida a fazer o ap\u00f3stolo Paulo: \u201cTenhais em v\u00f3s mesmos os sentimentos de Cristo Jesus\u201d (Fil 2, 5). Assim, a nossa ser\u00e1 uma \u201cfeliz P\u00e1scoa\u201d.<\/p>\n<p><strong>PAPA FRANCISCO<\/strong><br \/>\n<strong>Pra\u00e7a S\u00e3o Pedro<\/strong><br \/>\n<strong>Quarta-feira, 1\u00ba de abril de 2015<\/strong><\/p>\n<hr \/>\n<p><em>Fonte: R\u00e1dio Vaticano<\/em><\/p>\n","protected":false},"excerpt":{"rendered":"<p>Audi\u00eancia Geral<\/p>\n","protected":false},"author":1,"featured_media":219965,"comment_status":"open","ping_status":"open","sticky":false,"template":"","format":"standard","meta":[],"categories":[1428],"tags":[487],"acf":[],"yoast_head":"<!-- This site is optimized with the Yoast SEO plugin v19.2 - https:\/\/yoast.com\/wordpress\/plugins\/seo\/ -->\n<title>\u201cNossa vida n\u00e3o termina na pedra de um sepulcro&quot; - Not\u00edcias - Franciscanos<\/title>\n<meta name=\"robots\" content=\"index, follow, max-snippet:-1, max-image-preview:large, max-video-preview:-1\" \/>\n<link rel=\"canonical\" href=\"https:\/\/franciscanos.org.br\/noticias\/nossa-vida-nao-termina-na-pedra-de-um-sepulcro.html\" \/>\n<meta property=\"og:locale\" content=\"pt_BR\" \/>\n<meta property=\"og:type\" content=\"article\" \/>\n<meta property=\"og:title\" content=\"\u201cNossa vida n\u00e3o termina na pedra de um sepulcro&quot; - Not\u00edcias - Franciscanos\" \/>\n<meta property=\"og:description\" content=\"Audi\u00eancia Geral\" \/>\n<meta property=\"og:url\" content=\"https:\/\/franciscanos.org.br\/noticias\/nossa-vida-nao-termina-na-pedra-de-um-sepulcro.html\" \/>\n<meta property=\"og:site_name\" content=\"Not\u00edcias - Franciscanos\" \/>\n<meta property=\"article:published_time\" content=\"2015-04-01T10:21:00+00:00\" \/>\n<meta property=\"article:modified_time\" content=\"2020-06-10T18:55:05+00:00\" \/>\n<meta property=\"og:image\" content=\"https:\/\/franciscanos.org.br\/noticias\/wp-content\/uploads\/2015\/04\/papa_01.jpg\" \/>\n\t<meta property=\"og:image:width\" content=\"273\" \/>\n\t<meta property=\"og:image:height\" content=\"181\" \/>\n\t<meta property=\"og:image:type\" content=\"image\/jpeg\" \/>\n<meta name=\"author\" content=\"admin\" \/>\n<meta name=\"twitter:card\" content=\"summary_large_image\" \/>\n<meta name=\"twitter:label1\" content=\"Escrito por\" \/>\n\t<meta name=\"twitter:data1\" content=\"admin\" \/>\n\t<meta name=\"twitter:label2\" content=\"Est. tempo de leitura\" \/>\n\t<meta name=\"twitter:data2\" content=\"9 minutos\" \/>\n<script type=\"application\/ld+json\" class=\"yoast-schema-graph\">{\"@context\":\"https:\/\/schema.org\",\"@graph\":[{\"@type\":\"WebSite\",\"@id\":\"https:\/\/franciscanos.org.br\/noticias\/#website\",\"url\":\"https:\/\/franciscanos.org.br\/noticias\/\",\"name\":\"Not\u00edcias - Franciscanos\",\"description\":\"Prov\u00edncia Franciscana da Imaculada Concei\u00e7\u00e3o do Brasil - Ordem dos Frades Menores - OFM\",\"potentialAction\":[{\"@type\":\"SearchAction\",\"target\":{\"@type\":\"EntryPoint\",\"urlTemplate\":\"https:\/\/franciscanos.org.br\/noticias\/?s={search_term_string}\"},\"query-input\":\"required name=search_term_string\"}],\"inLanguage\":\"pt-BR\"},{\"@type\":\"ImageObject\",\"inLanguage\":\"pt-BR\",\"@id\":\"https:\/\/franciscanos.org.br\/noticias\/nossa-vida-nao-termina-na-pedra-de-um-sepulcro.html#primaryimage\",\"url\":\"https:\/\/franciscanos.org.br\/noticias\/wp-content\/uploads\/2015\/04\/papa_01.jpg\",\"contentUrl\":\"https:\/\/franciscanos.org.br\/noticias\/wp-content\/uploads\/2015\/04\/papa_01.jpg\",\"width\":273,\"height\":181},{\"@type\":\"WebPage\",\"@id\":\"https:\/\/franciscanos.org.br\/noticias\/nossa-vida-nao-termina-na-pedra-de-um-sepulcro.html#webpage\",\"url\":\"https:\/\/franciscanos.org.br\/noticias\/nossa-vida-nao-termina-na-pedra-de-um-sepulcro.html\",\"name\":\"\u201cNossa vida n\u00e3o termina na pedra de um sepulcro\\\" - Not\u00edcias - Franciscanos\",\"isPartOf\":{\"@id\":\"https:\/\/franciscanos.org.br\/noticias\/#website\"},\"primaryImageOfPage\":{\"@id\":\"https:\/\/franciscanos.org.br\/noticias\/nossa-vida-nao-termina-na-pedra-de-um-sepulcro.html#primaryimage\"},\"datePublished\":\"2015-04-01T10:21:00+00:00\",\"dateModified\":\"2020-06-10T18:55:05+00:00\",\"author\":{\"@id\":\"https:\/\/franciscanos.org.br\/noticias\/#\/schema\/person\/b38fbf43118f02820bd932f2e4b14ad3\"},\"breadcrumb\":{\"@id\":\"https:\/\/franciscanos.org.br\/noticias\/nossa-vida-nao-termina-na-pedra-de-um-sepulcro.html#breadcrumb\"},\"inLanguage\":\"pt-BR\",\"potentialAction\":[{\"@type\":\"ReadAction\",\"target\":[\"https:\/\/franciscanos.org.br\/noticias\/nossa-vida-nao-termina-na-pedra-de-um-sepulcro.html\"]}]},{\"@type\":\"BreadcrumbList\",\"@id\":\"https:\/\/franciscanos.org.br\/noticias\/nossa-vida-nao-termina-na-pedra-de-um-sepulcro.html#breadcrumb\",\"itemListElement\":[{\"@type\":\"ListItem\",\"position\":1,\"name\":\"Home\",\"item\":\"https:\/\/franciscanos.org.br\/noticias\"},{\"@type\":\"ListItem\",\"position\":2,\"name\":\"\u201cNossa vida n\u00e3o termina na pedra de um sepulcro&#8221;\"}]},{\"@type\":\"Person\",\"@id\":\"https:\/\/franciscanos.org.br\/noticias\/#\/schema\/person\/b38fbf43118f02820bd932f2e4b14ad3\",\"name\":\"admin\",\"image\":{\"@type\":\"ImageObject\",\"inLanguage\":\"pt-BR\",\"@id\":\"https:\/\/franciscanos.org.br\/noticias\/#\/schema\/person\/image\/\",\"url\":\"https:\/\/secure.gravatar.com\/avatar\/e8495742d34d0ba6448ea1c628263b3e?s=96&d=mm&r=g\",\"contentUrl\":\"https:\/\/secure.gravatar.com\/avatar\/e8495742d34d0ba6448ea1c628263b3e?s=96&d=mm&r=g\",\"caption\":\"admin\"},\"url\":\"https:\/\/franciscanos.org.br\/noticias\/author\/admin\"}]}<\/script>\n<!-- \/ Yoast SEO plugin. -->","yoast_head_json":{"title":"\u201cNossa vida n\u00e3o termina na pedra de um sepulcro\" - Not\u00edcias - Franciscanos","robots":{"index":"index","follow":"follow","max-snippet":"max-snippet:-1","max-image-preview":"max-image-preview:large","max-video-preview":"max-video-preview:-1"},"canonical":"https:\/\/franciscanos.org.br\/noticias\/nossa-vida-nao-termina-na-pedra-de-um-sepulcro.html","og_locale":"pt_BR","og_type":"article","og_title":"\u201cNossa vida n\u00e3o termina na pedra de um sepulcro\" - Not\u00edcias - Franciscanos","og_description":"Audi\u00eancia Geral","og_url":"https:\/\/franciscanos.org.br\/noticias\/nossa-vida-nao-termina-na-pedra-de-um-sepulcro.html","og_site_name":"Not\u00edcias - Franciscanos","article_published_time":"2015-04-01T10:21:00+00:00","article_modified_time":"2020-06-10T18:55:05+00:00","og_image":[{"width":273,"height":181,"url":"https:\/\/franciscanos.org.br\/noticias\/wp-content\/uploads\/2015\/04\/papa_01.jpg","type":"image\/jpeg"}],"author":"admin","twitter_card":"summary_large_image","twitter_misc":{"Escrito por":"admin","Est. tempo de leitura":"9 minutos"},"schema":{"@context":"https:\/\/schema.org","@graph":[{"@type":"WebSite","@id":"https:\/\/franciscanos.org.br\/noticias\/#website","url":"https:\/\/franciscanos.org.br\/noticias\/","name":"Not\u00edcias - Franciscanos","description":"Prov\u00edncia Franciscana da Imaculada Concei\u00e7\u00e3o do Brasil - Ordem dos Frades Menores - OFM","potentialAction":[{"@type":"SearchAction","target":{"@type":"EntryPoint","urlTemplate":"https:\/\/franciscanos.org.br\/noticias\/?s={search_term_string}"},"query-input":"required name=search_term_string"}],"inLanguage":"pt-BR"},{"@type":"ImageObject","inLanguage":"pt-BR","@id":"https:\/\/franciscanos.org.br\/noticias\/nossa-vida-nao-termina-na-pedra-de-um-sepulcro.html#primaryimage","url":"https:\/\/franciscanos.org.br\/noticias\/wp-content\/uploads\/2015\/04\/papa_01.jpg","contentUrl":"https:\/\/franciscanos.org.br\/noticias\/wp-content\/uploads\/2015\/04\/papa_01.jpg","width":273,"height":181},{"@type":"WebPage","@id":"https:\/\/franciscanos.org.br\/noticias\/nossa-vida-nao-termina-na-pedra-de-um-sepulcro.html#webpage","url":"https:\/\/franciscanos.org.br\/noticias\/nossa-vida-nao-termina-na-pedra-de-um-sepulcro.html","name":"\u201cNossa vida n\u00e3o termina na pedra de um sepulcro\" - Not\u00edcias - Franciscanos","isPartOf":{"@id":"https:\/\/franciscanos.org.br\/noticias\/#website"},"primaryImageOfPage":{"@id":"https:\/\/franciscanos.org.br\/noticias\/nossa-vida-nao-termina-na-pedra-de-um-sepulcro.html#primaryimage"},"datePublished":"2015-04-01T10:21:00+00:00","dateModified":"2020-06-10T18:55:05+00:00","author":{"@id":"https:\/\/franciscanos.org.br\/noticias\/#\/schema\/person\/b38fbf43118f02820bd932f2e4b14ad3"},"breadcrumb":{"@id":"https:\/\/franciscanos.org.br\/noticias\/nossa-vida-nao-termina-na-pedra-de-um-sepulcro.html#breadcrumb"},"inLanguage":"pt-BR","potentialAction":[{"@type":"ReadAction","target":["https:\/\/franciscanos.org.br\/noticias\/nossa-vida-nao-termina-na-pedra-de-um-sepulcro.html"]}]},{"@type":"BreadcrumbList","@id":"https:\/\/franciscanos.org.br\/noticias\/nossa-vida-nao-termina-na-pedra-de-um-sepulcro.html#breadcrumb","itemListElement":[{"@type":"ListItem","position":1,"name":"Home","item":"https:\/\/franciscanos.org.br\/noticias"},{"@type":"ListItem","position":2,"name":"\u201cNossa vida n\u00e3o termina na pedra de um sepulcro&#8221;"}]},{"@type":"Person","@id":"https:\/\/franciscanos.org.br\/noticias\/#\/schema\/person\/b38fbf43118f02820bd932f2e4b14ad3","name":"admin","image":{"@type":"ImageObject","inLanguage":"pt-BR","@id":"https:\/\/franciscanos.org.br\/noticias\/#\/schema\/person\/image\/","url":"https:\/\/secure.gravatar.com\/avatar\/e8495742d34d0ba6448ea1c628263b3e?s=96&d=mm&r=g","contentUrl":"https:\/\/secure.gravatar.com\/avatar\/e8495742d34d0ba6448ea1c628263b3e?s=96&d=mm&r=g","caption":"admin"},"url":"https:\/\/franciscanos.org.br\/noticias\/author\/admin"}]}},"_links":{"self":[{"href":"https:\/\/franciscanos.org.br\/noticias\/wp-json\/wp\/v2\/posts\/82369"}],"collection":[{"href":"https:\/\/franciscanos.org.br\/noticias\/wp-json\/wp\/v2\/posts"}],"about":[{"href":"https:\/\/franciscanos.org.br\/noticias\/wp-json\/wp\/v2\/types\/post"}],"author":[{"embeddable":true,"href":"https:\/\/franciscanos.org.br\/noticias\/wp-json\/wp\/v2\/users\/1"}],"replies":[{"embeddable":true,"href":"https:\/\/franciscanos.org.br\/noticias\/wp-json\/wp\/v2\/comments?post=82369"}],"version-history":[{"count":1,"href":"https:\/\/franciscanos.org.br\/noticias\/wp-json\/wp\/v2\/posts\/82369\/revisions"}],"predecessor-version":[{"id":226089,"href":"https:\/\/franciscanos.org.br\/noticias\/wp-json\/wp\/v2\/posts\/82369\/revisions\/226089"}],"wp:featuredmedia":[{"embeddable":true,"href":"https:\/\/franciscanos.org.br\/noticias\/wp-json\/wp\/v2\/media\/219965"}],"wp:attachment":[{"href":"https:\/\/franciscanos.org.br\/noticias\/wp-json\/wp\/v2\/media?parent=82369"}],"wp:term":[{"taxonomy":"category","embeddable":true,"href":"https:\/\/franciscanos.org.br\/noticias\/wp-json\/wp\/v2\/categories?post=82369"},{"taxonomy":"post_tag","embeddable":true,"href":"https:\/\/franciscanos.org.br\/noticias\/wp-json\/wp\/v2\/tags?post=82369"}],"curies":[{"name":"wp","href":"https:\/\/api.w.org\/{rel}","templated":true}]}}