{"id":82305,"date":"2015-03-30T07:47:09","date_gmt":"2015-03-30T10:47:09","guid":{"rendered":"http:\/\/franciscanos.org.br\/?p=82305"},"modified":"2020-06-10T15:56:00","modified_gmt":"2020-06-10T18:56:00","slug":"deus-humilha-se-para-caminhar-com-o-seu-povo","status":"publish","type":"post","link":"https:\/\/franciscanos.org.br\/noticias\/deus-humilha-se-para-caminhar-com-o-seu-povo.html","title":{"rendered":"&#8220;Deus humilha-Se para caminhar com o seu povo&#8221;"},"content":{"rendered":"<p><img loading=\"lazy\" src=\"http:\/\/franciscanos.org.br\/wp-content\/uploads\/2015\/03\/ramos_29.jpg\" alt=\"ramos_29\" width=\"820\" height=\"450\" \/><\/p>\n<p><strong>Cidade do Vaticano<\/strong> &#8211; N\u00e3o existe humildade sem humilha\u00e7\u00e3o: no dia em que a Igreja celebra o Domingo de Ramos, que marca o in\u00edcio da Semana Santa, o Papa Francisco presidiu \u00e0 celebra\u00e7\u00e3o eucar\u00edstica na Pra\u00e7a S\u00e3o Pedro, com a participa\u00e7\u00e3o de milhares de fi\u00e9is.<\/p>\n<p>A cerim\u00f4nia teve in\u00edcio com a b\u00ean\u00e7\u00e3o dos ramos, seguida da prociss\u00e3o. Os ramos recordam a entrada triunfal de Jesus em Jerusal\u00e9m. E no centro desta celebra\u00e7\u00e3o t\u00e3o festiva, disse o Papa em sua homilia, est\u00e1 a palavra contida no hino da Carta aos Filipenses: \u201cHumilhou-Se a Si mesmo\u201d.<\/p>\n<p>Para Francisco, esta palavra desvenda o estilo de Deus e do crist\u00e3o: a humildade. \u201cUm estilo que nunca deixar\u00e1 de nos surpreender e p\u00f4r em crise: jamais nos habituaremos a um Deus humilde! Humilhar-se \u00e9, antes de mais nada, o estilo de Deus: Deus humilha-Se para caminhar com o seu povo, para suportar as suas infidelidades.\u201d<\/p>\n<p>Esta Semana que nos leva \u00e0 P\u00e1scoa, acrescentou o Pont\u00edfice, s\u00f3 ser\u00e1 Santa se caminharmos por esta estrada da humilha\u00e7\u00e3o de Jesus. Nestes dias, ouviremos o desprezo dos chefes do seu povo e as suas intrigas para O fazerem cair. Assistiremos \u00e0 trai\u00e7\u00e3o de Judas. Veremos o Senhor ser preso, condenado \u00e0 morte, flagelado e ultrajado. Ouviremos que Pedro, a \u201crocha\u201d dos disc\u00edpulos, O negar\u00e1 tr\u00eas vezes. Ouviremos os gritos da multid\u00e3o, que pedir\u00e1 a Sua crucifica\u00e7\u00e3o. E O veremos coroado de espinhos.<\/p>\n<p>\u201cEste \u00e9 o caminho de Deus, o caminho da humildade. \u00c9 a estrada de Jesus; n\u00e3o h\u00e1 outra. E n\u00e3o existe humildade sem humilha\u00e7\u00e3o\u201d, destacou o Papa, explicando que humildade quer dizer servi\u00e7o, significa dar espa\u00e7o a Deus despojando-se de si mesmo, \u201cesvaziando-se\u201d. \u201cEsta \u00e9 a maior humilha\u00e7\u00e3o.\u201d<\/p>\n<p>Contudo, frisou Francisco, h\u00e1 outro caminho, contr\u00e1rio ao de Cristo: o mundanismo.<br \/>\n\u201cO mundanismo oferece-nos o caminho da vaidade, do orgulho, do sucesso&#8230; \u00c9 o outro caminho. O maligno o prop\u00f4s tamb\u00e9m a Jesus, durante os quarenta dias no deserto. Mas Ele rejeitou-o sem hesita\u00e7\u00e3o. E, com Cristo, tamb\u00e9m n\u00f3s podemos vencer esta tenta\u00e7\u00e3o, n\u00e3o s\u00f3 nas grandes ocasi\u00f5es mas tamb\u00e9m nas circunst\u00e2ncias ordin\u00e1rias da vida.\u201d<\/p>\n<p>O Papa deu o exemplo de tantos homens e mulheres que cada dia, no sil\u00eancio e escondidos, renunciam a si mesmos para servir os outros: um familiar doente, um idoso sozinho, uma pessoa deficiente, um sem-teto. E citou ainda a humilha\u00e7\u00e3o daquelas pessoas que, por sua conduta fiel ao Evangelho, s\u00e3o discriminadas e perseguidas, definindo-as os m\u00e1rtires de hoje, pois suportam com dignidade insultos e ultrajes para n\u00e3o renegar Jesus.<\/p>\n<p>\u201cDurante esta semana, emboquemos tamb\u00e9m n\u00f3s decididamente esta estrada, com tanto amor por Ele, o nosso Senhor e Salvador. Ser\u00e1 o amor a guiar-nos e a dar-nos for\u00e7a. E, onde Ele estiver, estaremos tamb\u00e9m n\u00f3s.\u201d<\/p>\n<p><strong>JMJ<\/strong><\/p>\n<p>Ao final da Missa neste Domingo de Ramos, 29, o Papa Francisco saudou os jovens por ocasi\u00e3o da XXX Jornada Mundial da Juventude, celebrada em n\u00edvel diocesano.<\/p>\n<p>\u201cQueridos jovens, eu os exorto a prosseguirem seu caminho seja nas dioceses, seja na peregrina\u00e7\u00e3o atrav\u00e9s dos continentes, que os levar\u00e1 no pr\u00f3ximo ano a Crac\u00f3via, p\u00e1tria de S\u00e3o Jo\u00e3o Paulo II, iniciador das Jornadas Mundiais da Juventude.\u201d<\/p>\n<p>O Pont\u00edfice destacou que o tema desta Jornada, \u201cFelizes os puros de cora\u00e7\u00e3o, porque ver\u00e3o a Deus\u201d, est\u00e1 em sintonia com o Ano Santo da Miseric\u00f3rdia, que ser\u00e1 celebrado em 2016.<\/p>\n<p>O Santo Padre incentiva os jovens dizendo: \u201cDeixem-se cumular pela ternura do Pai, para difundi-la aos demais\u201d.<\/p>\n<p><strong>Papa reza pelas v\u00edtimas de desastre a\u00e9reo<\/strong><\/p>\n<p>\u201cConfio \u00e0 intercess\u00e3o de Maria as v\u00edtimas do desastre a\u00e9reo de ter\u00e7a-feira passada, entre as quais havia tamb\u00e9m um grupo de estudantes alem\u00e3es\u201d, disse Francisco.<\/p>\n<p>O Santo Padre exortou os fi\u00e9is presentes na Pra\u00e7a S\u00e3o Pedro a aprenderem com Nossa Senhora a seguir o Senhor mesmo quando o seu caminho leva \u00e0 cruz.<\/p>\n<p>O copiloto Andreas Lubitz, de 28 anos, \u00e9 apontado como respons\u00e1vel pela queda do avi\u00e3o da companhia Germanwings, que transportava 150 pessoas entre passageiros e tripula\u00e7\u00e3o. O Airbus A320 fazia a rota Barcelona, na Espanha, a D\u00fcsseldorf, na Alemanha.<\/p>\n<p><strong>\u00cdNTEGRA DA HOMILIA DO PAPA FRANCISCO<\/strong><\/p>\n<p>No centro desta celebra\u00e7\u00e3o, que se apresenta t\u00e3o festiva, est\u00e1 a palavra que ouvimos no hino da Carta aos Filipenses: \u00abHumilhou-Se a Si mesmo\u00bb (2, 8). A humilha\u00e7\u00e3o de Jesus.<\/p>\n<p>Esta palavra desvenda-nos o estilo de Deus e, consequentemente, o que deve ser do crist\u00e3o: a humildade. Um estilo que nunca deixar\u00e1 de nos surpreender e p\u00f4r em crise: n\u00e3o chegamos jamais a habituar-nos a um Deus humilde!<\/p>\n<p>Humilhar-se \u00e9, antes de mais nada, o estilo de Deus: Deus humilha-Se para caminhar com o seu povo, para suportar as suas infidelidades. Isto \u00e9 evidente, quando se l\u00ea a hist\u00f3ria do \u00caxodo: que humilha\u00e7\u00e3o para o Senhor ouvir todas aquelas murmura\u00e7\u00f5es, aquelas queixas! Embora dirigidas contra Mois\u00e9s, no fundo eram lan\u00e7adas contra Ele, o Pai deles, que os fizera sair da condi\u00e7\u00e3o de escravatura e os guiava pelo caminho atrav\u00e9s do deserto at\u00e9 \u00e0 terra da liberdade.<\/p>\n<p>Nesta Semana, a Semana Santa, que nos leva \u00e0 P\u00e1scoa, caminharemos por esta estrada da humilha\u00e7\u00e3o de Jesus. E s\u00f3 assim ser\u00e1 \u00absanta\u00bb tamb\u00e9m para n\u00f3s!<\/p>\n<p>Ouviremos o desprezo dos chefes do seu povo e as suas intrigas para O fazerem cair. Assistiremos \u00e0 trai\u00e7\u00e3o de Judas, um dos Doze, que O vender\u00e1 por trinta den\u00e1rios. Veremos ser preso o Senhor e levado como um malfeitor; abandonado pelos disc\u00edpulos; conduzido perante o Sin\u00e9drio, condenado \u00e0 morte, flagelado e ultrajado. Ouviremos que Pedro, a \u00abrocha\u00bb dos disc\u00edpulos, O negar\u00e1 tr\u00eas vezes. Ouviremos os gritos da multid\u00e3o, incitada pelos chefes, que pede Barrab\u00e1s livre e Ele crucificado. V\u00ea-Lo-emos escarnecido pelos soldados, coberto com um manto de p\u00farpura, coroado de espinhos. E depois, ao longo da via dolorosa e junto da cruz, ouviremos os insultos do povo e dos chefes, que zombam de Ele ser Rei e Filho de Deus.<\/p>\n<p>Este \u00e9 o caminho de Deus, o caminho da humildade. \u00c9 a estrada de Jesus; n\u00e3o h\u00e1 outra. E n\u00e3o existe humildade, sem humilha\u00e7\u00e3o.<\/p>\n<p>Percorrendo at\u00e9 ao fim esta estrada, o Filho de Deus assumiu a \u00abforma de servo\u00bb (cf. Flp 2, 7). Com efeito, a humildade quer dizer tamb\u00e9m servi\u00e7o, significa dar espa\u00e7o a Deus despojando-se de si mesmo, \u00abesvaziando-se\u00bb, como diz a Escritura (v. 7). Esta \u2013 esvaziar-se \u2013 \u00e9 a maior humilha\u00e7\u00e3o.<\/p>\n<p>H\u00e1 outro caminho, contr\u00e1rio ao caminho de Cristo: o mundanismo. O mundanismo oferece-nos o caminho da vaidade, do orgulho, do sucesso&#8230; \u00c9 o outro caminho. O maligno prop\u00f4-lo tamb\u00e9m a Jesus, durante os quarenta dias no deserto. Mas Jesus rejeitou-o sem hesita\u00e7\u00e3o. E, com Ele, s\u00f3 com a sua gra\u00e7a, com a sua ajuda, tamb\u00e9m n\u00f3s podemos vencer esta tenta\u00e7\u00e3o da vaidade, do mundanismo, n\u00e3o s\u00f3 nas grandes ocasi\u00f5es mas tamb\u00e9m nas circunst\u00e2ncias ordin\u00e1rias da vida.<\/p>\n<p>Nisto, serve-nos de ajuda e conforto o exemplo de tantos homens e mulheres que cada dia, no sil\u00eancio e escondidos, renunciam a si mesmos para servir os outros: um familiar doente, um idoso sozinho, uma pessoa deficiente, um sem-abrigo&#8230;<\/p>\n<p>Pensamos tamb\u00e9m na humilha\u00e7\u00e3o das pessoas que, pela sua conduta fiel ao Evangelho, s\u00e3o discriminadas e pagam na pr\u00f3pria pele. E pensamos ainda nos nossos irm\u00e3os e irm\u00e3s perseguidos porque s\u00e3o crist\u00e3os, os m\u00e1rtires de hoje (e s\u00e3o tantos): n\u00e3o renegam Jesus e suportam, com dignidade, insultos e ultrajes. Seguem-No pelo seu caminho. Verdadeiramente, podemos falar duma \u00abnuvem de testemunhas\u00bb (cf. Heb 12, 1): os m\u00e1rtires de hoje.<\/p>\n<p>Durante esta Semana, emboquemos tamb\u00e9m n\u00f3s decididamente esta estrada da humildade, com tanto amor por Ele, o nosso Senhor e Salvador. Ser\u00e1 o amor a guiar-nos e a dar-nos for\u00e7a. E, onde Ele estiver, estaremos tamb\u00e9mn\u00f3s (cf. Jo 12, 26).<\/p>\n<p><em>PAPA FRANCISCO<\/em><br \/>\n<em>Pra\u00e7a de S\u00e3o Pedro<\/em><br \/>\n<em>XXX Jornada Mundial da Juventude<\/em><br \/>\n<em>Domingo, 29 de Mar\u00e7o de 2015<\/em><\/p>\n<hr \/>\n<p><em>Fonte: R\u00e1dio Vaticano<\/em><\/p>\n","protected":false},"excerpt":{"rendered":"<p>Domingo de Ramos<\/p>\n","protected":false},"author":1,"featured_media":219956,"comment_status":"open","ping_status":"open","sticky":false,"template":"","format":"standard","meta":[],"categories":[1428],"tags":[1432],"acf":[],"yoast_head":"<!-- This site is optimized with the Yoast SEO plugin v19.2 - https:\/\/yoast.com\/wordpress\/plugins\/seo\/ -->\n<title>&quot;Deus humilha-Se para caminhar com o seu povo&quot; - Not\u00edcias - Franciscanos<\/title>\n<meta name=\"robots\" content=\"index, follow, max-snippet:-1, max-image-preview:large, max-video-preview:-1\" \/>\n<link rel=\"canonical\" href=\"https:\/\/franciscanos.org.br\/noticias\/deus-humilha-se-para-caminhar-com-o-seu-povo.html\" \/>\n<meta property=\"og:locale\" content=\"pt_BR\" \/>\n<meta property=\"og:type\" content=\"article\" \/>\n<meta property=\"og:title\" content=\"&quot;Deus humilha-Se para caminhar com o seu povo&quot; - Not\u00edcias - Franciscanos\" \/>\n<meta property=\"og:description\" content=\"Domingo de Ramos\" \/>\n<meta property=\"og:url\" content=\"https:\/\/franciscanos.org.br\/noticias\/deus-humilha-se-para-caminhar-com-o-seu-povo.html\" \/>\n<meta property=\"og:site_name\" content=\"Not\u00edcias - Franciscanos\" \/>\n<meta property=\"article:published_time\" content=\"2015-03-30T10:47:09+00:00\" \/>\n<meta property=\"article:modified_time\" content=\"2020-06-10T18:56:00+00:00\" \/>\n<meta property=\"og:image\" content=\"https:\/\/franciscanos.org.br\/noticias\/wp-content\/uploads\/2015\/03\/ramos_29.jpg\" \/>\n\t<meta property=\"og:image:width\" content=\"273\" \/>\n\t<meta property=\"og:image:height\" content=\"181\" \/>\n\t<meta property=\"og:image:type\" content=\"image\/jpeg\" \/>\n<meta name=\"author\" content=\"admin\" \/>\n<meta name=\"twitter:card\" content=\"summary_large_image\" \/>\n<meta name=\"twitter:label1\" content=\"Escrito por\" \/>\n\t<meta name=\"twitter:data1\" content=\"admin\" \/>\n\t<meta name=\"twitter:label2\" content=\"Est. tempo de leitura\" \/>\n\t<meta name=\"twitter:data2\" content=\"7 minutos\" \/>\n<script type=\"application\/ld+json\" class=\"yoast-schema-graph\">{\"@context\":\"https:\/\/schema.org\",\"@graph\":[{\"@type\":\"WebSite\",\"@id\":\"https:\/\/franciscanos.org.br\/noticias\/#website\",\"url\":\"https:\/\/franciscanos.org.br\/noticias\/\",\"name\":\"Not\u00edcias - Franciscanos\",\"description\":\"Prov\u00edncia Franciscana da Imaculada Concei\u00e7\u00e3o do Brasil - Ordem dos Frades Menores - OFM\",\"potentialAction\":[{\"@type\":\"SearchAction\",\"target\":{\"@type\":\"EntryPoint\",\"urlTemplate\":\"https:\/\/franciscanos.org.br\/noticias\/?s={search_term_string}\"},\"query-input\":\"required name=search_term_string\"}],\"inLanguage\":\"pt-BR\"},{\"@type\":\"ImageObject\",\"inLanguage\":\"pt-BR\",\"@id\":\"https:\/\/franciscanos.org.br\/noticias\/deus-humilha-se-para-caminhar-com-o-seu-povo.html#primaryimage\",\"url\":\"https:\/\/franciscanos.org.br\/noticias\/wp-content\/uploads\/2015\/03\/ramos_29.jpg\",\"contentUrl\":\"https:\/\/franciscanos.org.br\/noticias\/wp-content\/uploads\/2015\/03\/ramos_29.jpg\",\"width\":273,\"height\":181},{\"@type\":\"WebPage\",\"@id\":\"https:\/\/franciscanos.org.br\/noticias\/deus-humilha-se-para-caminhar-com-o-seu-povo.html#webpage\",\"url\":\"https:\/\/franciscanos.org.br\/noticias\/deus-humilha-se-para-caminhar-com-o-seu-povo.html\",\"name\":\"\\\"Deus humilha-Se para caminhar com o seu povo\\\" - Not\u00edcias - Franciscanos\",\"isPartOf\":{\"@id\":\"https:\/\/franciscanos.org.br\/noticias\/#website\"},\"primaryImageOfPage\":{\"@id\":\"https:\/\/franciscanos.org.br\/noticias\/deus-humilha-se-para-caminhar-com-o-seu-povo.html#primaryimage\"},\"datePublished\":\"2015-03-30T10:47:09+00:00\",\"dateModified\":\"2020-06-10T18:56:00+00:00\",\"author\":{\"@id\":\"https:\/\/franciscanos.org.br\/noticias\/#\/schema\/person\/b38fbf43118f02820bd932f2e4b14ad3\"},\"breadcrumb\":{\"@id\":\"https:\/\/franciscanos.org.br\/noticias\/deus-humilha-se-para-caminhar-com-o-seu-povo.html#breadcrumb\"},\"inLanguage\":\"pt-BR\",\"potentialAction\":[{\"@type\":\"ReadAction\",\"target\":[\"https:\/\/franciscanos.org.br\/noticias\/deus-humilha-se-para-caminhar-com-o-seu-povo.html\"]}]},{\"@type\":\"BreadcrumbList\",\"@id\":\"https:\/\/franciscanos.org.br\/noticias\/deus-humilha-se-para-caminhar-com-o-seu-povo.html#breadcrumb\",\"itemListElement\":[{\"@type\":\"ListItem\",\"position\":1,\"name\":\"Home\",\"item\":\"https:\/\/franciscanos.org.br\/noticias\"},{\"@type\":\"ListItem\",\"position\":2,\"name\":\"&#8220;Deus humilha-Se para caminhar com o seu povo&#8221;\"}]},{\"@type\":\"Person\",\"@id\":\"https:\/\/franciscanos.org.br\/noticias\/#\/schema\/person\/b38fbf43118f02820bd932f2e4b14ad3\",\"name\":\"admin\",\"image\":{\"@type\":\"ImageObject\",\"inLanguage\":\"pt-BR\",\"@id\":\"https:\/\/franciscanos.org.br\/noticias\/#\/schema\/person\/image\/\",\"url\":\"https:\/\/secure.gravatar.com\/avatar\/e8495742d34d0ba6448ea1c628263b3e?s=96&d=mm&r=g\",\"contentUrl\":\"https:\/\/secure.gravatar.com\/avatar\/e8495742d34d0ba6448ea1c628263b3e?s=96&d=mm&r=g\",\"caption\":\"admin\"},\"url\":\"https:\/\/franciscanos.org.br\/noticias\/author\/admin\"}]}<\/script>\n<!-- \/ Yoast SEO plugin. -->","yoast_head_json":{"title":"\"Deus humilha-Se para caminhar com o seu povo\" - Not\u00edcias - Franciscanos","robots":{"index":"index","follow":"follow","max-snippet":"max-snippet:-1","max-image-preview":"max-image-preview:large","max-video-preview":"max-video-preview:-1"},"canonical":"https:\/\/franciscanos.org.br\/noticias\/deus-humilha-se-para-caminhar-com-o-seu-povo.html","og_locale":"pt_BR","og_type":"article","og_title":"\"Deus humilha-Se para caminhar com o seu povo\" - Not\u00edcias - Franciscanos","og_description":"Domingo de Ramos","og_url":"https:\/\/franciscanos.org.br\/noticias\/deus-humilha-se-para-caminhar-com-o-seu-povo.html","og_site_name":"Not\u00edcias - Franciscanos","article_published_time":"2015-03-30T10:47:09+00:00","article_modified_time":"2020-06-10T18:56:00+00:00","og_image":[{"width":273,"height":181,"url":"https:\/\/franciscanos.org.br\/noticias\/wp-content\/uploads\/2015\/03\/ramos_29.jpg","type":"image\/jpeg"}],"author":"admin","twitter_card":"summary_large_image","twitter_misc":{"Escrito por":"admin","Est. tempo de leitura":"7 minutos"},"schema":{"@context":"https:\/\/schema.org","@graph":[{"@type":"WebSite","@id":"https:\/\/franciscanos.org.br\/noticias\/#website","url":"https:\/\/franciscanos.org.br\/noticias\/","name":"Not\u00edcias - Franciscanos","description":"Prov\u00edncia Franciscana da Imaculada Concei\u00e7\u00e3o do Brasil - Ordem dos Frades Menores - OFM","potentialAction":[{"@type":"SearchAction","target":{"@type":"EntryPoint","urlTemplate":"https:\/\/franciscanos.org.br\/noticias\/?s={search_term_string}"},"query-input":"required name=search_term_string"}],"inLanguage":"pt-BR"},{"@type":"ImageObject","inLanguage":"pt-BR","@id":"https:\/\/franciscanos.org.br\/noticias\/deus-humilha-se-para-caminhar-com-o-seu-povo.html#primaryimage","url":"https:\/\/franciscanos.org.br\/noticias\/wp-content\/uploads\/2015\/03\/ramos_29.jpg","contentUrl":"https:\/\/franciscanos.org.br\/noticias\/wp-content\/uploads\/2015\/03\/ramos_29.jpg","width":273,"height":181},{"@type":"WebPage","@id":"https:\/\/franciscanos.org.br\/noticias\/deus-humilha-se-para-caminhar-com-o-seu-povo.html#webpage","url":"https:\/\/franciscanos.org.br\/noticias\/deus-humilha-se-para-caminhar-com-o-seu-povo.html","name":"\"Deus humilha-Se para caminhar com o seu povo\" - Not\u00edcias - Franciscanos","isPartOf":{"@id":"https:\/\/franciscanos.org.br\/noticias\/#website"},"primaryImageOfPage":{"@id":"https:\/\/franciscanos.org.br\/noticias\/deus-humilha-se-para-caminhar-com-o-seu-povo.html#primaryimage"},"datePublished":"2015-03-30T10:47:09+00:00","dateModified":"2020-06-10T18:56:00+00:00","author":{"@id":"https:\/\/franciscanos.org.br\/noticias\/#\/schema\/person\/b38fbf43118f02820bd932f2e4b14ad3"},"breadcrumb":{"@id":"https:\/\/franciscanos.org.br\/noticias\/deus-humilha-se-para-caminhar-com-o-seu-povo.html#breadcrumb"},"inLanguage":"pt-BR","potentialAction":[{"@type":"ReadAction","target":["https:\/\/franciscanos.org.br\/noticias\/deus-humilha-se-para-caminhar-com-o-seu-povo.html"]}]},{"@type":"BreadcrumbList","@id":"https:\/\/franciscanos.org.br\/noticias\/deus-humilha-se-para-caminhar-com-o-seu-povo.html#breadcrumb","itemListElement":[{"@type":"ListItem","position":1,"name":"Home","item":"https:\/\/franciscanos.org.br\/noticias"},{"@type":"ListItem","position":2,"name":"&#8220;Deus humilha-Se para caminhar com o seu povo&#8221;"}]},{"@type":"Person","@id":"https:\/\/franciscanos.org.br\/noticias\/#\/schema\/person\/b38fbf43118f02820bd932f2e4b14ad3","name":"admin","image":{"@type":"ImageObject","inLanguage":"pt-BR","@id":"https:\/\/franciscanos.org.br\/noticias\/#\/schema\/person\/image\/","url":"https:\/\/secure.gravatar.com\/avatar\/e8495742d34d0ba6448ea1c628263b3e?s=96&d=mm&r=g","contentUrl":"https:\/\/secure.gravatar.com\/avatar\/e8495742d34d0ba6448ea1c628263b3e?s=96&d=mm&r=g","caption":"admin"},"url":"https:\/\/franciscanos.org.br\/noticias\/author\/admin"}]}},"_links":{"self":[{"href":"https:\/\/franciscanos.org.br\/noticias\/wp-json\/wp\/v2\/posts\/82305"}],"collection":[{"href":"https:\/\/franciscanos.org.br\/noticias\/wp-json\/wp\/v2\/posts"}],"about":[{"href":"https:\/\/franciscanos.org.br\/noticias\/wp-json\/wp\/v2\/types\/post"}],"author":[{"embeddable":true,"href":"https:\/\/franciscanos.org.br\/noticias\/wp-json\/wp\/v2\/users\/1"}],"replies":[{"embeddable":true,"href":"https:\/\/franciscanos.org.br\/noticias\/wp-json\/wp\/v2\/comments?post=82305"}],"version-history":[{"count":1,"href":"https:\/\/franciscanos.org.br\/noticias\/wp-json\/wp\/v2\/posts\/82305\/revisions"}],"predecessor-version":[{"id":226090,"href":"https:\/\/franciscanos.org.br\/noticias\/wp-json\/wp\/v2\/posts\/82305\/revisions\/226090"}],"wp:featuredmedia":[{"embeddable":true,"href":"https:\/\/franciscanos.org.br\/noticias\/wp-json\/wp\/v2\/media\/219956"}],"wp:attachment":[{"href":"https:\/\/franciscanos.org.br\/noticias\/wp-json\/wp\/v2\/media?parent=82305"}],"wp:term":[{"taxonomy":"category","embeddable":true,"href":"https:\/\/franciscanos.org.br\/noticias\/wp-json\/wp\/v2\/categories?post=82305"},{"taxonomy":"post_tag","embeddable":true,"href":"https:\/\/franciscanos.org.br\/noticias\/wp-json\/wp\/v2\/tags?post=82305"}],"curies":[{"name":"wp","href":"https:\/\/api.w.org\/{rel}","templated":true}]}}