{"id":82216,"date":"2015-03-26T12:55:29","date_gmt":"2015-03-26T15:55:29","guid":{"rendered":"http:\/\/franciscanos.org.br\/?p=82216"},"modified":"2020-06-10T15:57:06","modified_gmt":"2020-06-10T18:57:06","slug":"fraternidade-santo-antonio-elege-novo-conselho-2","status":"publish","type":"post","link":"https:\/\/franciscanos.org.br\/noticias\/fraternidade-santo-antonio-elege-novo-conselho-2.html","title":{"rendered":"Fraternidade Santo Ant\u00f4nio elege novo Conselho"},"content":{"rendered":"<p><strong><a href=\"http:\/\/franciscanos.org.br\/wp-content\/uploads\/2015\/03\/duque-820.jpg\"><img loading=\"lazy\" src=\"http:\/\/franciscanos.org.br\/wp-content\/uploads\/2015\/03\/duque-820.jpg\" alt=\"duque-820\" width=\"820\" height=\"436\" \/><\/a><\/strong><\/p>\n<p><strong>Duque de Caxias (RJ)<\/strong>\u00a0\u2013 A Fraternidade Franciscana Secular Santo Ant\u00f4nio, de Duque de Caxias (RJ), realizou no \u00faltimo final de semana o seu Cap\u00edtulo Eletivo. Com muita alegria e singeleza de cora\u00e7\u00e3o os irm\u00e3os e irm\u00e3s presentes elegeram o novo conselho que ir\u00e1 guiar e animar a fraternidade no tri\u00eanio 2015-2018.<\/p>\n<p>A elei\u00e7\u00e3o foi presidida pelo irm\u00e3o Arion Silva, Ministro do Regional Sudeste 2, vinculado \u00e1 Ordem Franciscana Secular (OFS), e pelo Frei Francisco Ant\u00f4nio da Silva, OFMConv., um dos assistentes espirituais do Regional Sudeste 2. Tamb\u00e9m esteve presente ao cap\u00edtulo o di\u00e1cono Jo\u00e3o Quirino, da Diocese de Duque de Caxias, e membro da equipe pastoral da Par\u00f3quia Santo Ant\u00f4nio.<\/p>\n<p>Frei Francisco destacou a import\u00e2ncia da unidade para que a fraternidade seja alegre e cres\u00e7a espiritualmente e continue fortalecendo os la\u00e7os fraternos entre os irm\u00e3os como \u00e9 desejo do pr\u00f3prio Cristo: que todos sejam um conforme a unidade perfeita da Sant\u00edssima Trindade. Em seguida, o ministro regional deu in\u00edcio ao Cap\u00edtulo Eletivo invocando o Esp\u00edrito Santo para guiar e iluminar as mentes e os cora\u00e7\u00f5es dos irm\u00e3os para essa importante etapa da vida fraterna. Contente por estar presente em mais um cap\u00edtulo na Fraternidade Santo Ant\u00f4nio, o ministro regional destacou que os cap\u00edtulos s\u00e3o celebra\u00e7\u00f5es em que louvamos o Senhor pelas gra\u00e7as alcan\u00e7adas e celebramos a vida em fraternidade e o servi\u00e7o aos irm\u00e3os.<\/p>\n<p>Ap\u00f3s a verifica\u00e7\u00e3o dos requisitos regulamentares para a realiza\u00e7\u00e3o do Cap\u00edtulo Eletivo e da confirma\u00e7\u00e3o da indica\u00e7\u00e3o dos nomes na pr\u00e9via que antecedeu as elei\u00e7\u00f5es, o coordenador do distrito procedeu com a deposi\u00e7\u00e3o regulamentar dos cargos dos atuais mandat\u00e1rios e iniciou o pleito que elegeu as irm\u00e3s Aline Milani Romeiro Pereira (ministra), Isabel Galdino da Silva (vice-ministra), Vilma Marcos Peixoto (secret\u00e1ria), Maria Magda Guimar\u00e3es de Farias (tesoureira) e Maria Aparecida Carvalho dos Santos (formadora).<\/p>\n<p><a href=\"http:\/\/franciscanos.org.br\/wp-content\/uploads\/2015\/03\/duque-600.jpg\"><img loading=\"lazy\" class=\"alignright wp-image-82219\" src=\"http:\/\/franciscanos.org.br\/wp-content\/uploads\/2015\/03\/duque-600.jpg\" alt=\"duque-600\" width=\"463\" height=\"387\" \/><\/a>O rejuvenescimento da fraternidade \u00e9 fruto do trabalho vocacional que vem sendo desenvolvido pelos irm\u00e3os e pela assistente, Ir. Maria Madalena Martins de Souza, a partir do aprofundamento da forma\u00e7\u00e3o, e da divulga\u00e7\u00e3o do carisma franciscano na par\u00f3quia e diocese.<\/p>\n<p>A fraternidade e o novo conselho agradecem, em especial, a todos os irm\u00e3os que no \u00faltimo mandato responderam ao chamado de servir ao conselho da fraternidade com humildemente e zelo pelos irm\u00e3os. A fraternidade possui, hoje, um bom n\u00famero de simpatizantes e conta com quatro irm\u00e3os na etapa de inicia\u00e7\u00e3o e dois simpatizantes.<\/p>\n<p>Na v\u00e9spera de completar seu anivers\u00e1rio, a ministra eleita recebeu de presente do Onipotente e Bom Senhor duas grandes d\u00e1divas: a gra\u00e7a de servir como irm\u00e3 menor no conselho local da fraternidade e o dever de zelar pela vida de cada irm\u00e3o que o Senhor lhe confiou pastorear.<\/p>\n<p>Que o Senhor, fonte de todas as gra\u00e7as, possa recompensar a todos com muitas b\u00ean\u00e7\u00e3os e consolos espirituais. Louvemos e bendizemos ao Senhor que entre n\u00f3s faz maravilhas!<\/p>\n<p><strong>Breve hist\u00f3ria da Ordem Franciscana Secular<\/strong><\/p>\n<p>A Ordem dos Frades Menores (OFM) nasceu em 1210, e a Ordem de Santa Clara (as Clarissas), em 1212. Foi tamb\u00e9m nessa \u00e9poca que nasceu a Ordem Franciscana Secular (OFS), tendo como ideal viver o Evangelho em todos os lugares onde se encontravam. Homens e mulheres, casados e solteiros, em meio \u00e0s fam\u00edlias, buscando viver o mesmo ideal que tanto atraiu Francisco de Assis. A Ordem foi aprovada pelo Papa Hon\u00f3rio III em 1221. Luqu\u00e9sio e Buonadona s\u00e3o considerados os primeiros franciscanos seculares, pois, segundo a tradi\u00e7\u00e3o, esse foi o primeiro casal que S\u00e3o Francisco aceitou na Ordem Secular daquele tempo.<\/p>\n<p>Hoje, mais do que nunca, os Franciscanos Seculares sentem-se comprometidos a viver o Evangelho cada dia e em toda circunst\u00e2ncia, segundo a pr\u00f3pria voca\u00e7\u00e3o e os dons recebidos. A OFS apresenta-se como uma experi\u00eancia de vida crist\u00e3, partilhada por mulheres e homens sem discrimina\u00e7\u00e3o, sendo hoje um verdadeiro ex\u00e9rcito franciscano de Deus espalhado por todo o mundo.<\/p>\n<p>\u201cA Ordem Franciscana Secular \u00e9 a mais antiga forma de organiza\u00e7\u00e3o de Leigos que, guiados pela Igreja, unidos em fraternidade e inspirando-se no ideal de S\u00e3o Francisco de Assis, se empenham em testemunhar com a vida o Evangelho de Jesus Cristo e se dedicam ao apostolado no estado laical\u201d (S\u00e3o Jo\u00e3o Paulo II).<\/p>\n","protected":false},"excerpt":{"rendered":"<p>OFS &#8211;  Duque de Caxias <\/p>\n","protected":false},"author":1,"featured_media":219947,"comment_status":"open","ping_status":"open","sticky":false,"template":"","format":"standard","meta":[],"categories":[1],"tags":[60],"acf":[],"yoast_head":"<!-- This site is optimized with the Yoast SEO plugin v19.2 - https:\/\/yoast.com\/wordpress\/plugins\/seo\/ -->\n<title>Fraternidade Santo Ant\u00f4nio elege novo Conselho - Not\u00edcias - Franciscanos<\/title>\n<meta name=\"robots\" content=\"index, follow, max-snippet:-1, max-image-preview:large, max-video-preview:-1\" \/>\n<link rel=\"canonical\" href=\"https:\/\/franciscanos.org.br\/noticias\/fraternidade-santo-antonio-elege-novo-conselho-2.html\" \/>\n<meta property=\"og:locale\" content=\"pt_BR\" \/>\n<meta property=\"og:type\" content=\"article\" \/>\n<meta property=\"og:title\" content=\"Fraternidade Santo Ant\u00f4nio elege novo Conselho - Not\u00edcias - Franciscanos\" \/>\n<meta property=\"og:description\" content=\"OFS - Duque de Caxias\" \/>\n<meta property=\"og:url\" content=\"https:\/\/franciscanos.org.br\/noticias\/fraternidade-santo-antonio-elege-novo-conselho-2.html\" \/>\n<meta property=\"og:site_name\" content=\"Not\u00edcias - Franciscanos\" \/>\n<meta property=\"article:published_time\" content=\"2015-03-26T15:55:29+00:00\" \/>\n<meta property=\"article:modified_time\" content=\"2020-06-10T18:57:06+00:00\" \/>\n<meta property=\"og:image\" content=\"https:\/\/franciscanos.org.br\/noticias\/wp-content\/uploads\/2015\/03\/duque-820.jpg\" \/>\n\t<meta property=\"og:image:width\" content=\"273\" \/>\n\t<meta property=\"og:image:height\" content=\"181\" \/>\n\t<meta property=\"og:image:type\" content=\"image\/jpeg\" \/>\n<meta name=\"author\" content=\"admin\" \/>\n<meta name=\"twitter:card\" content=\"summary_large_image\" \/>\n<meta name=\"twitter:label1\" content=\"Escrito por\" \/>\n\t<meta name=\"twitter:data1\" content=\"admin\" \/>\n\t<meta name=\"twitter:label2\" content=\"Est. tempo de leitura\" \/>\n\t<meta name=\"twitter:data2\" content=\"4 minutos\" \/>\n<script type=\"application\/ld+json\" class=\"yoast-schema-graph\">{\"@context\":\"https:\/\/schema.org\",\"@graph\":[{\"@type\":\"WebSite\",\"@id\":\"https:\/\/franciscanos.org.br\/noticias\/#website\",\"url\":\"https:\/\/franciscanos.org.br\/noticias\/\",\"name\":\"Not\u00edcias - Franciscanos\",\"description\":\"Prov\u00edncia Franciscana da Imaculada Concei\u00e7\u00e3o do Brasil - Ordem dos Frades Menores - OFM\",\"potentialAction\":[{\"@type\":\"SearchAction\",\"target\":{\"@type\":\"EntryPoint\",\"urlTemplate\":\"https:\/\/franciscanos.org.br\/noticias\/?s={search_term_string}\"},\"query-input\":\"required name=search_term_string\"}],\"inLanguage\":\"pt-BR\"},{\"@type\":\"ImageObject\",\"inLanguage\":\"pt-BR\",\"@id\":\"https:\/\/franciscanos.org.br\/noticias\/fraternidade-santo-antonio-elege-novo-conselho-2.html#primaryimage\",\"url\":\"https:\/\/franciscanos.org.br\/noticias\/wp-content\/uploads\/2015\/03\/duque-820.jpg\",\"contentUrl\":\"https:\/\/franciscanos.org.br\/noticias\/wp-content\/uploads\/2015\/03\/duque-820.jpg\",\"width\":273,\"height\":181},{\"@type\":\"WebPage\",\"@id\":\"https:\/\/franciscanos.org.br\/noticias\/fraternidade-santo-antonio-elege-novo-conselho-2.html#webpage\",\"url\":\"https:\/\/franciscanos.org.br\/noticias\/fraternidade-santo-antonio-elege-novo-conselho-2.html\",\"name\":\"Fraternidade Santo Ant\u00f4nio elege novo Conselho - Not\u00edcias - Franciscanos\",\"isPartOf\":{\"@id\":\"https:\/\/franciscanos.org.br\/noticias\/#website\"},\"primaryImageOfPage\":{\"@id\":\"https:\/\/franciscanos.org.br\/noticias\/fraternidade-santo-antonio-elege-novo-conselho-2.html#primaryimage\"},\"datePublished\":\"2015-03-26T15:55:29+00:00\",\"dateModified\":\"2020-06-10T18:57:06+00:00\",\"author\":{\"@id\":\"https:\/\/franciscanos.org.br\/noticias\/#\/schema\/person\/b38fbf43118f02820bd932f2e4b14ad3\"},\"breadcrumb\":{\"@id\":\"https:\/\/franciscanos.org.br\/noticias\/fraternidade-santo-antonio-elege-novo-conselho-2.html#breadcrumb\"},\"inLanguage\":\"pt-BR\",\"potentialAction\":[{\"@type\":\"ReadAction\",\"target\":[\"https:\/\/franciscanos.org.br\/noticias\/fraternidade-santo-antonio-elege-novo-conselho-2.html\"]}]},{\"@type\":\"BreadcrumbList\",\"@id\":\"https:\/\/franciscanos.org.br\/noticias\/fraternidade-santo-antonio-elege-novo-conselho-2.html#breadcrumb\",\"itemListElement\":[{\"@type\":\"ListItem\",\"position\":1,\"name\":\"Home\",\"item\":\"https:\/\/franciscanos.org.br\/noticias\"},{\"@type\":\"ListItem\",\"position\":2,\"name\":\"Fraternidade Santo Ant\u00f4nio elege novo Conselho\"}]},{\"@type\":\"Person\",\"@id\":\"https:\/\/franciscanos.org.br\/noticias\/#\/schema\/person\/b38fbf43118f02820bd932f2e4b14ad3\",\"name\":\"admin\",\"image\":{\"@type\":\"ImageObject\",\"inLanguage\":\"pt-BR\",\"@id\":\"https:\/\/franciscanos.org.br\/noticias\/#\/schema\/person\/image\/\",\"url\":\"https:\/\/secure.gravatar.com\/avatar\/e8495742d34d0ba6448ea1c628263b3e?s=96&d=mm&r=g\",\"contentUrl\":\"https:\/\/secure.gravatar.com\/avatar\/e8495742d34d0ba6448ea1c628263b3e?s=96&d=mm&r=g\",\"caption\":\"admin\"},\"url\":\"https:\/\/franciscanos.org.br\/noticias\/author\/admin\"}]}<\/script>\n<!-- \/ Yoast SEO plugin. -->","yoast_head_json":{"title":"Fraternidade Santo Ant\u00f4nio elege novo Conselho - Not\u00edcias - Franciscanos","robots":{"index":"index","follow":"follow","max-snippet":"max-snippet:-1","max-image-preview":"max-image-preview:large","max-video-preview":"max-video-preview:-1"},"canonical":"https:\/\/franciscanos.org.br\/noticias\/fraternidade-santo-antonio-elege-novo-conselho-2.html","og_locale":"pt_BR","og_type":"article","og_title":"Fraternidade Santo Ant\u00f4nio elege novo Conselho - Not\u00edcias - Franciscanos","og_description":"OFS - Duque de Caxias","og_url":"https:\/\/franciscanos.org.br\/noticias\/fraternidade-santo-antonio-elege-novo-conselho-2.html","og_site_name":"Not\u00edcias - Franciscanos","article_published_time":"2015-03-26T15:55:29+00:00","article_modified_time":"2020-06-10T18:57:06+00:00","og_image":[{"width":273,"height":181,"url":"https:\/\/franciscanos.org.br\/noticias\/wp-content\/uploads\/2015\/03\/duque-820.jpg","type":"image\/jpeg"}],"author":"admin","twitter_card":"summary_large_image","twitter_misc":{"Escrito por":"admin","Est. tempo de leitura":"4 minutos"},"schema":{"@context":"https:\/\/schema.org","@graph":[{"@type":"WebSite","@id":"https:\/\/franciscanos.org.br\/noticias\/#website","url":"https:\/\/franciscanos.org.br\/noticias\/","name":"Not\u00edcias - Franciscanos","description":"Prov\u00edncia Franciscana da Imaculada Concei\u00e7\u00e3o do Brasil - Ordem dos Frades Menores - OFM","potentialAction":[{"@type":"SearchAction","target":{"@type":"EntryPoint","urlTemplate":"https:\/\/franciscanos.org.br\/noticias\/?s={search_term_string}"},"query-input":"required name=search_term_string"}],"inLanguage":"pt-BR"},{"@type":"ImageObject","inLanguage":"pt-BR","@id":"https:\/\/franciscanos.org.br\/noticias\/fraternidade-santo-antonio-elege-novo-conselho-2.html#primaryimage","url":"https:\/\/franciscanos.org.br\/noticias\/wp-content\/uploads\/2015\/03\/duque-820.jpg","contentUrl":"https:\/\/franciscanos.org.br\/noticias\/wp-content\/uploads\/2015\/03\/duque-820.jpg","width":273,"height":181},{"@type":"WebPage","@id":"https:\/\/franciscanos.org.br\/noticias\/fraternidade-santo-antonio-elege-novo-conselho-2.html#webpage","url":"https:\/\/franciscanos.org.br\/noticias\/fraternidade-santo-antonio-elege-novo-conselho-2.html","name":"Fraternidade Santo Ant\u00f4nio elege novo Conselho - Not\u00edcias - Franciscanos","isPartOf":{"@id":"https:\/\/franciscanos.org.br\/noticias\/#website"},"primaryImageOfPage":{"@id":"https:\/\/franciscanos.org.br\/noticias\/fraternidade-santo-antonio-elege-novo-conselho-2.html#primaryimage"},"datePublished":"2015-03-26T15:55:29+00:00","dateModified":"2020-06-10T18:57:06+00:00","author":{"@id":"https:\/\/franciscanos.org.br\/noticias\/#\/schema\/person\/b38fbf43118f02820bd932f2e4b14ad3"},"breadcrumb":{"@id":"https:\/\/franciscanos.org.br\/noticias\/fraternidade-santo-antonio-elege-novo-conselho-2.html#breadcrumb"},"inLanguage":"pt-BR","potentialAction":[{"@type":"ReadAction","target":["https:\/\/franciscanos.org.br\/noticias\/fraternidade-santo-antonio-elege-novo-conselho-2.html"]}]},{"@type":"BreadcrumbList","@id":"https:\/\/franciscanos.org.br\/noticias\/fraternidade-santo-antonio-elege-novo-conselho-2.html#breadcrumb","itemListElement":[{"@type":"ListItem","position":1,"name":"Home","item":"https:\/\/franciscanos.org.br\/noticias"},{"@type":"ListItem","position":2,"name":"Fraternidade Santo Ant\u00f4nio elege novo Conselho"}]},{"@type":"Person","@id":"https:\/\/franciscanos.org.br\/noticias\/#\/schema\/person\/b38fbf43118f02820bd932f2e4b14ad3","name":"admin","image":{"@type":"ImageObject","inLanguage":"pt-BR","@id":"https:\/\/franciscanos.org.br\/noticias\/#\/schema\/person\/image\/","url":"https:\/\/secure.gravatar.com\/avatar\/e8495742d34d0ba6448ea1c628263b3e?s=96&d=mm&r=g","contentUrl":"https:\/\/secure.gravatar.com\/avatar\/e8495742d34d0ba6448ea1c628263b3e?s=96&d=mm&r=g","caption":"admin"},"url":"https:\/\/franciscanos.org.br\/noticias\/author\/admin"}]}},"_links":{"self":[{"href":"https:\/\/franciscanos.org.br\/noticias\/wp-json\/wp\/v2\/posts\/82216"}],"collection":[{"href":"https:\/\/franciscanos.org.br\/noticias\/wp-json\/wp\/v2\/posts"}],"about":[{"href":"https:\/\/franciscanos.org.br\/noticias\/wp-json\/wp\/v2\/types\/post"}],"author":[{"embeddable":true,"href":"https:\/\/franciscanos.org.br\/noticias\/wp-json\/wp\/v2\/users\/1"}],"replies":[{"embeddable":true,"href":"https:\/\/franciscanos.org.br\/noticias\/wp-json\/wp\/v2\/comments?post=82216"}],"version-history":[{"count":1,"href":"https:\/\/franciscanos.org.br\/noticias\/wp-json\/wp\/v2\/posts\/82216\/revisions"}],"predecessor-version":[{"id":226092,"href":"https:\/\/franciscanos.org.br\/noticias\/wp-json\/wp\/v2\/posts\/82216\/revisions\/226092"}],"wp:featuredmedia":[{"embeddable":true,"href":"https:\/\/franciscanos.org.br\/noticias\/wp-json\/wp\/v2\/media\/219947"}],"wp:attachment":[{"href":"https:\/\/franciscanos.org.br\/noticias\/wp-json\/wp\/v2\/media?parent=82216"}],"wp:term":[{"taxonomy":"category","embeddable":true,"href":"https:\/\/franciscanos.org.br\/noticias\/wp-json\/wp\/v2\/categories?post=82216"},{"taxonomy":"post_tag","embeddable":true,"href":"https:\/\/franciscanos.org.br\/noticias\/wp-json\/wp\/v2\/tags?post=82216"}],"curies":[{"name":"wp","href":"https:\/\/api.w.org\/{rel}","templated":true}]}}