{"id":8191,"date":"2011-12-07T13:27:31","date_gmt":"2011-12-07T15:27:31","guid":{"rendered":"http:\/\/new.franciscanos.org.br\/?p=8191"},"modified":"2019-03-08T18:04:28","modified_gmt":"2019-03-08T21:04:28","slug":"cristianismo-o-novo-livro-de-leonardo-boff-vai-ser-lancado-dia-9","status":"publish","type":"post","link":"https:\/\/franciscanos.org.br\/noticias\/cristianismo-o-novo-livro-de-leonardo-boff-vai-ser-lancado-dia-9.html","title":{"rendered":"&#8220;Cristianismo&#8221;, o novo livro de Boff, vai ser lan\u00e7ado dia 9"},"content":{"rendered":"<p><a href=\"http:\/\/franciscanos.org.br\/wp-content\/uploads\/2011\/12\/1387_081211.jpg\"><img loading=\"lazy\" class=\"alignright size-full wp-image-8500\" title=\"1387_081211\" src=\"http:\/\/franciscanos.org.br\/wp-content\/uploads\/2011\/12\/1387_081211.jpg\" alt=\"\" width=\"350\" height=\"621\" \/><img loading=\"lazy\" class=\"alignleft size-full wp-image-8201\" style=\"margin: 5px 8px;\" title=\"boff_p071211\" src=\"http:\/\/franciscanos.org.br\/wp-content\/uploads\/2011\/12\/boff_p071211.jpg\" alt=\"\" width=\"150\" height=\"238\" \/><\/a>Depois de 50 anos de continuada e intensiva reflex\u00e3o teol\u00f3gica, o escritor, m\u00edstico, militante e te\u00f3logo Leonardo Boff est\u00e1 de volta ao tema teol\u00f3gico propriamente dito, com o seu mais novo livro &#8220;Cristianismo \u2013 o m\u00ednimo do m\u00ednimo&#8221;, uma publica\u00e7\u00e3o da Editora Vozes. Em Recife, o lan\u00e7amento seguido por uma palestra com o autor, ser\u00e1\u00a0 no dia 05 de dezembro, \u00e0s 19 horas, no Instituto Humanitas Unicap \u2013 IHU (Rua do Pr\u00edncipe, 526). O lan\u00e7amento em S\u00e3o Paulo est\u00e1 marcado para o dia 9 de dezembro, \u00e0s 19 horas, na Livraria Cultura, no Conjunto Nacional (Av. Paulista), onde ocorrer\u00e1 um debate entre o autor e o jornalista Ricardo Kotscho mediado por Fernando Altemeyer J\u00fanior.<\/p>\n<p>Desde que foi censurado por Roma e deixou a Ordem Franciscana e o minist\u00e9rio sacerdotal, Boff se dedicou com paix\u00e3o \u00e0 ecoteologia, unindo-se num grito \u00fanico pela salva\u00e7\u00e3o da Terra e o seu fruto mais precioso: a humanidade. O novo trabalho, como diz, \u00e9 &#8220;como se fora um canto de cisne&#8221; depois de 50 anos de reflex\u00e3o teol\u00f3gica, onde expressa o &#8220;m\u00ednimo do m\u00ednimo&#8221; do cristianismo, para que possa ser compreendido por pessoas que mostrem algum fasc\u00ednio e interesse pela mensagem crist\u00e3.<\/p>\n<p>Aos 73 anos, Boff \u00e9 autor de mais de 60 livros nas \u00e1reas de teologia, ecologia, espiritualidade, filosofia, antropologia e m\u00edstica, a grande maioria publicada pela Editora Vozes, onde foi do Conselho Editorial de 1970 a 1985. Segundo Boff, este livro parte de uma quest\u00e3o simples: como se insere o cristianismo dentro do processo da evolu\u00e7\u00e3o do universo que j\u00e1 possui pelo menos 13,7 bilh\u00f5es de anos? Como ele revela Deus e como Deus se revela nele, pergunta o te\u00f3logo, lembrando que nem tudo o que vem sob nome de cristianismo \u00e9 crist\u00e3o.<\/p>\n<p>Nesta obra, ele n\u00e3o deixa sua linha cr\u00edtica \u00e0 Igreja institucional e que imp\u00f4s a ele puni\u00e7\u00f5es e condena\u00e7\u00f5es. Retomando o tema do livro &#8220;Igreja: Carisma e Poder&#8221;, quando foi submetido a um processo pela Sagrada Congrega\u00e7\u00e3o para a Defesa da F\u00e9, ex Santo Of\u00edcio, no Vaticano, e que lhe rendeu um ano de &#8220;sil\u00eancio obsequioso&#8221; e a deposi\u00e7\u00e3o de todas as suas fun\u00e7\u00f5es editoriais e de magist\u00e9rio no campo religioso, Boff diz que carisma e poder s\u00e3o elementos que coexistem e possuem igual dignidade. &#8220;Lamentavelmente, o poder marginalizou, sen\u00e3o abafou o carisma, sem jamais consegui-lo totalmente, enrijecendo a mensagem de Jesus a ponto de perder seu car\u00e1ter libert\u00e1rio e seu fasc\u00ednio&#8221;.<\/p>\n<p>Leonardo Boff \u00e9 um dos escritores do selo Nobilis da Editora Vozes, empresa que neste ano comemorou 110 anos de funda\u00e7\u00e3o. O novo livro poder\u00e1 ser encontrado nas melhores livrarias do pa\u00eds e pelo site da Vozes (www.universovozes.com.br).<\/p>\n","protected":false},"excerpt":{"rendered":"<p>Editora Vozes <\/p>\n","protected":false},"author":1,"featured_media":199185,"comment_status":"closed","ping_status":"open","sticky":false,"template":"","format":"standard","meta":[],"categories":[1],"tags":[238,343],"acf":[],"yoast_head":"<!-- This site is optimized with the Yoast SEO plugin v19.2 - https:\/\/yoast.com\/wordpress\/plugins\/seo\/ -->\n<title>&quot;Cristianismo&quot;, o novo livro de Boff, vai ser lan\u00e7ado dia 9 - Not\u00edcias - Franciscanos<\/title>\n<meta name=\"robots\" content=\"index, follow, max-snippet:-1, max-image-preview:large, max-video-preview:-1\" \/>\n<link rel=\"canonical\" href=\"https:\/\/franciscanos.org.br\/noticias\/cristianismo-o-novo-livro-de-leonardo-boff-vai-ser-lancado-dia-9.html\" \/>\n<meta property=\"og:locale\" content=\"pt_BR\" \/>\n<meta property=\"og:type\" content=\"article\" \/>\n<meta property=\"og:title\" content=\"&quot;Cristianismo&quot;, o novo livro de Boff, vai ser lan\u00e7ado dia 9 - Not\u00edcias - Franciscanos\" \/>\n<meta property=\"og:description\" content=\"Editora Vozes\" \/>\n<meta property=\"og:url\" content=\"https:\/\/franciscanos.org.br\/noticias\/cristianismo-o-novo-livro-de-leonardo-boff-vai-ser-lancado-dia-9.html\" \/>\n<meta property=\"og:site_name\" content=\"Not\u00edcias - Franciscanos\" \/>\n<meta property=\"article:published_time\" content=\"2011-12-07T15:27:31+00:00\" \/>\n<meta property=\"article:modified_time\" content=\"2019-03-08T21:04:28+00:00\" \/>\n<meta property=\"og:image\" content=\"https:\/\/franciscanos.org.br\/noticias\/wp-content\/uploads\/2011\/12\/ppboff231012.jpg\" \/>\n\t<meta property=\"og:image:width\" content=\"500\" \/>\n\t<meta property=\"og:image:height\" content=\"320\" \/>\n\t<meta property=\"og:image:type\" content=\"image\/jpeg\" \/>\n<meta name=\"author\" content=\"admin\" \/>\n<meta name=\"twitter:card\" content=\"summary_large_image\" \/>\n<meta name=\"twitter:label1\" content=\"Escrito por\" \/>\n\t<meta name=\"twitter:data1\" content=\"admin\" \/>\n\t<meta name=\"twitter:label2\" content=\"Est. tempo de leitura\" \/>\n\t<meta name=\"twitter:data2\" content=\"2 minutos\" \/>\n<script type=\"application\/ld+json\" class=\"yoast-schema-graph\">{\"@context\":\"https:\/\/schema.org\",\"@graph\":[{\"@type\":\"WebSite\",\"@id\":\"https:\/\/franciscanos.org.br\/noticias\/#website\",\"url\":\"https:\/\/franciscanos.org.br\/noticias\/\",\"name\":\"Not\u00edcias - Franciscanos\",\"description\":\"Prov\u00edncia Franciscana da Imaculada Concei\u00e7\u00e3o do Brasil - Ordem dos Frades Menores - OFM\",\"potentialAction\":[{\"@type\":\"SearchAction\",\"target\":{\"@type\":\"EntryPoint\",\"urlTemplate\":\"https:\/\/franciscanos.org.br\/noticias\/?s={search_term_string}\"},\"query-input\":\"required name=search_term_string\"}],\"inLanguage\":\"pt-BR\"},{\"@type\":\"ImageObject\",\"inLanguage\":\"pt-BR\",\"@id\":\"https:\/\/franciscanos.org.br\/noticias\/cristianismo-o-novo-livro-de-leonardo-boff-vai-ser-lancado-dia-9.html#primaryimage\",\"url\":\"https:\/\/franciscanos.org.br\/noticias\/wp-content\/uploads\/2011\/12\/ppboff231012.jpg\",\"contentUrl\":\"https:\/\/franciscanos.org.br\/noticias\/wp-content\/uploads\/2011\/12\/ppboff231012.jpg\",\"width\":500,\"height\":320},{\"@type\":\"WebPage\",\"@id\":\"https:\/\/franciscanos.org.br\/noticias\/cristianismo-o-novo-livro-de-leonardo-boff-vai-ser-lancado-dia-9.html#webpage\",\"url\":\"https:\/\/franciscanos.org.br\/noticias\/cristianismo-o-novo-livro-de-leonardo-boff-vai-ser-lancado-dia-9.html\",\"name\":\"\\\"Cristianismo\\\", o novo livro de Boff, vai ser lan\u00e7ado dia 9 - Not\u00edcias - Franciscanos\",\"isPartOf\":{\"@id\":\"https:\/\/franciscanos.org.br\/noticias\/#website\"},\"primaryImageOfPage\":{\"@id\":\"https:\/\/franciscanos.org.br\/noticias\/cristianismo-o-novo-livro-de-leonardo-boff-vai-ser-lancado-dia-9.html#primaryimage\"},\"datePublished\":\"2011-12-07T15:27:31+00:00\",\"dateModified\":\"2019-03-08T21:04:28+00:00\",\"author\":{\"@id\":\"https:\/\/franciscanos.org.br\/noticias\/#\/schema\/person\/b38fbf43118f02820bd932f2e4b14ad3\"},\"breadcrumb\":{\"@id\":\"https:\/\/franciscanos.org.br\/noticias\/cristianismo-o-novo-livro-de-leonardo-boff-vai-ser-lancado-dia-9.html#breadcrumb\"},\"inLanguage\":\"pt-BR\",\"potentialAction\":[{\"@type\":\"ReadAction\",\"target\":[\"https:\/\/franciscanos.org.br\/noticias\/cristianismo-o-novo-livro-de-leonardo-boff-vai-ser-lancado-dia-9.html\"]}]},{\"@type\":\"BreadcrumbList\",\"@id\":\"https:\/\/franciscanos.org.br\/noticias\/cristianismo-o-novo-livro-de-leonardo-boff-vai-ser-lancado-dia-9.html#breadcrumb\",\"itemListElement\":[{\"@type\":\"ListItem\",\"position\":1,\"name\":\"Home\",\"item\":\"https:\/\/franciscanos.org.br\/noticias\"},{\"@type\":\"ListItem\",\"position\":2,\"name\":\"&#8220;Cristianismo&#8221;, o novo livro de Boff, vai ser lan\u00e7ado dia 9\"}]},{\"@type\":\"Person\",\"@id\":\"https:\/\/franciscanos.org.br\/noticias\/#\/schema\/person\/b38fbf43118f02820bd932f2e4b14ad3\",\"name\":\"admin\",\"image\":{\"@type\":\"ImageObject\",\"inLanguage\":\"pt-BR\",\"@id\":\"https:\/\/franciscanos.org.br\/noticias\/#\/schema\/person\/image\/\",\"url\":\"https:\/\/secure.gravatar.com\/avatar\/e8495742d34d0ba6448ea1c628263b3e?s=96&d=mm&r=g\",\"contentUrl\":\"https:\/\/secure.gravatar.com\/avatar\/e8495742d34d0ba6448ea1c628263b3e?s=96&d=mm&r=g\",\"caption\":\"admin\"},\"url\":\"https:\/\/franciscanos.org.br\/noticias\/author\/admin\"}]}<\/script>\n<!-- \/ Yoast SEO plugin. -->","yoast_head_json":{"title":"\"Cristianismo\", o novo livro de Boff, vai ser lan\u00e7ado dia 9 - Not\u00edcias - Franciscanos","robots":{"index":"index","follow":"follow","max-snippet":"max-snippet:-1","max-image-preview":"max-image-preview:large","max-video-preview":"max-video-preview:-1"},"canonical":"https:\/\/franciscanos.org.br\/noticias\/cristianismo-o-novo-livro-de-leonardo-boff-vai-ser-lancado-dia-9.html","og_locale":"pt_BR","og_type":"article","og_title":"\"Cristianismo\", o novo livro de Boff, vai ser lan\u00e7ado dia 9 - Not\u00edcias - Franciscanos","og_description":"Editora Vozes","og_url":"https:\/\/franciscanos.org.br\/noticias\/cristianismo-o-novo-livro-de-leonardo-boff-vai-ser-lancado-dia-9.html","og_site_name":"Not\u00edcias - Franciscanos","article_published_time":"2011-12-07T15:27:31+00:00","article_modified_time":"2019-03-08T21:04:28+00:00","og_image":[{"width":500,"height":320,"url":"https:\/\/franciscanos.org.br\/noticias\/wp-content\/uploads\/2011\/12\/ppboff231012.jpg","type":"image\/jpeg"}],"author":"admin","twitter_card":"summary_large_image","twitter_misc":{"Escrito por":"admin","Est. tempo de leitura":"2 minutos"},"schema":{"@context":"https:\/\/schema.org","@graph":[{"@type":"WebSite","@id":"https:\/\/franciscanos.org.br\/noticias\/#website","url":"https:\/\/franciscanos.org.br\/noticias\/","name":"Not\u00edcias - Franciscanos","description":"Prov\u00edncia Franciscana da Imaculada Concei\u00e7\u00e3o do Brasil - Ordem dos Frades Menores - OFM","potentialAction":[{"@type":"SearchAction","target":{"@type":"EntryPoint","urlTemplate":"https:\/\/franciscanos.org.br\/noticias\/?s={search_term_string}"},"query-input":"required name=search_term_string"}],"inLanguage":"pt-BR"},{"@type":"ImageObject","inLanguage":"pt-BR","@id":"https:\/\/franciscanos.org.br\/noticias\/cristianismo-o-novo-livro-de-leonardo-boff-vai-ser-lancado-dia-9.html#primaryimage","url":"https:\/\/franciscanos.org.br\/noticias\/wp-content\/uploads\/2011\/12\/ppboff231012.jpg","contentUrl":"https:\/\/franciscanos.org.br\/noticias\/wp-content\/uploads\/2011\/12\/ppboff231012.jpg","width":500,"height":320},{"@type":"WebPage","@id":"https:\/\/franciscanos.org.br\/noticias\/cristianismo-o-novo-livro-de-leonardo-boff-vai-ser-lancado-dia-9.html#webpage","url":"https:\/\/franciscanos.org.br\/noticias\/cristianismo-o-novo-livro-de-leonardo-boff-vai-ser-lancado-dia-9.html","name":"\"Cristianismo\", o novo livro de Boff, vai ser lan\u00e7ado dia 9 - Not\u00edcias - Franciscanos","isPartOf":{"@id":"https:\/\/franciscanos.org.br\/noticias\/#website"},"primaryImageOfPage":{"@id":"https:\/\/franciscanos.org.br\/noticias\/cristianismo-o-novo-livro-de-leonardo-boff-vai-ser-lancado-dia-9.html#primaryimage"},"datePublished":"2011-12-07T15:27:31+00:00","dateModified":"2019-03-08T21:04:28+00:00","author":{"@id":"https:\/\/franciscanos.org.br\/noticias\/#\/schema\/person\/b38fbf43118f02820bd932f2e4b14ad3"},"breadcrumb":{"@id":"https:\/\/franciscanos.org.br\/noticias\/cristianismo-o-novo-livro-de-leonardo-boff-vai-ser-lancado-dia-9.html#breadcrumb"},"inLanguage":"pt-BR","potentialAction":[{"@type":"ReadAction","target":["https:\/\/franciscanos.org.br\/noticias\/cristianismo-o-novo-livro-de-leonardo-boff-vai-ser-lancado-dia-9.html"]}]},{"@type":"BreadcrumbList","@id":"https:\/\/franciscanos.org.br\/noticias\/cristianismo-o-novo-livro-de-leonardo-boff-vai-ser-lancado-dia-9.html#breadcrumb","itemListElement":[{"@type":"ListItem","position":1,"name":"Home","item":"https:\/\/franciscanos.org.br\/noticias"},{"@type":"ListItem","position":2,"name":"&#8220;Cristianismo&#8221;, o novo livro de Boff, vai ser lan\u00e7ado dia 9"}]},{"@type":"Person","@id":"https:\/\/franciscanos.org.br\/noticias\/#\/schema\/person\/b38fbf43118f02820bd932f2e4b14ad3","name":"admin","image":{"@type":"ImageObject","inLanguage":"pt-BR","@id":"https:\/\/franciscanos.org.br\/noticias\/#\/schema\/person\/image\/","url":"https:\/\/secure.gravatar.com\/avatar\/e8495742d34d0ba6448ea1c628263b3e?s=96&d=mm&r=g","contentUrl":"https:\/\/secure.gravatar.com\/avatar\/e8495742d34d0ba6448ea1c628263b3e?s=96&d=mm&r=g","caption":"admin"},"url":"https:\/\/franciscanos.org.br\/noticias\/author\/admin"}]}},"_links":{"self":[{"href":"https:\/\/franciscanos.org.br\/noticias\/wp-json\/wp\/v2\/posts\/8191"}],"collection":[{"href":"https:\/\/franciscanos.org.br\/noticias\/wp-json\/wp\/v2\/posts"}],"about":[{"href":"https:\/\/franciscanos.org.br\/noticias\/wp-json\/wp\/v2\/types\/post"}],"author":[{"embeddable":true,"href":"https:\/\/franciscanos.org.br\/noticias\/wp-json\/wp\/v2\/users\/1"}],"replies":[{"embeddable":true,"href":"https:\/\/franciscanos.org.br\/noticias\/wp-json\/wp\/v2\/comments?post=8191"}],"version-history":[{"count":0,"href":"https:\/\/franciscanos.org.br\/noticias\/wp-json\/wp\/v2\/posts\/8191\/revisions"}],"wp:featuredmedia":[{"embeddable":true,"href":"https:\/\/franciscanos.org.br\/noticias\/wp-json\/wp\/v2\/media\/199185"}],"wp:attachment":[{"href":"https:\/\/franciscanos.org.br\/noticias\/wp-json\/wp\/v2\/media?parent=8191"}],"wp:term":[{"taxonomy":"category","embeddable":true,"href":"https:\/\/franciscanos.org.br\/noticias\/wp-json\/wp\/v2\/categories?post=8191"},{"taxonomy":"post_tag","embeddable":true,"href":"https:\/\/franciscanos.org.br\/noticias\/wp-json\/wp\/v2\/tags?post=8191"}],"curies":[{"name":"wp","href":"https:\/\/api.w.org\/{rel}","templated":true}]}}