{"id":81880,"date":"2015-03-24T12:25:24","date_gmt":"2015-03-24T15:25:24","guid":{"rendered":"http:\/\/franciscanos.org.br\/?p=81880"},"modified":"2020-06-24T14:00:12","modified_gmt":"2020-06-24T17:00:12","slug":"a-mulher-do-sim-reflexao-de-frei-almir","status":"publish","type":"post","link":"https:\/\/franciscanos.org.br\/noticias\/a-mulher-do-sim-reflexao-de-frei-almir.html","title":{"rendered":"Solenidade da Anuncia\u00e7\u00e3o: &#8220;a mulher do sim&#8221;"},"content":{"rendered":"<p><img loading=\"lazy\" src=\"http:\/\/franciscanos.org.br\/wp-content\/uploads\/2015\/03\/anuncia_25.jpg\" alt=\"anuncia_25\" width=\"820\" height=\"445\" \/><\/p>\n<p><strong>Solenidade da Anuncia\u00e7\u00e3o do Senhor<\/strong><\/p>\n<p><strong>Is 7,10-14; 8,10;\u00a0 Hb 10,4-10; Lc 1,26-38<\/strong><\/p>\n<p><strong>\u00a0 \u00a0 \u00a0 \u00a0 \u00a0 \u00a0\u00a0<\/strong>Cada ano os disc\u00edpulos de Jesus gostam de se deter numa das mais ternas e tocantes cenas do Novo Testamento, exclusividade de Lucas: o an\u00fancio a Maria feito pelo Alto.\u00a0 Poetas e pintores de todos os tempos nas letras e nas telas fixaram esse di\u00e1logo ang\u00e9lico. O texto de Lucas exala frescor e aponta para a festa do Natal do Menino das Palhas.<\/p>\n<p>O centro e cerne de nossa f\u00e9 se chama Jesus, esse que vem do insond\u00e1vel mist\u00e9rio da Trindade, Verbo eterno feito carne, ungido no Esp\u00edrito. N\u00f3s, crist\u00e3os, somos dele, dele dependemos, nele apoiamos claramente nosso existir. Ali\u00e1s, nosso nome n\u00e3o diz outra coisa: somos crist\u00e3os, de Cristo, mergulhamos nele, vivemos seu modo de viver, n\u00e3o existimos mais por n\u00f3s mesmos, mas vivemos para ele e ele vive em n\u00f3s.\u00a0 Esse que tem sua origem na fogueira de amor da Trindade veio ter conosco, n\u00e3o de passagem, mas para ficar.<\/p>\n<p>Para que tudo fosse vi\u00e1vel e fact\u00edvel, esse Deus sonhou viver nossa carne e para tanto precisava da carne de uma mulher. Escolhida foi Maria, a mulher de Nazar\u00e9, que vivia cantando com os l\u00e1bios e o cora\u00e7\u00e3o a ternura dos salmos, a cantiga das promessas feitas a seu povo. Circulava para aqui e para ali em sua aldeia, em seu modesto canto existencial. Experimentava saudade do Alt\u00edssimo e frequentava os cultos da sinagoga na transpar\u00eancia de seu corpo e de seu cora\u00e7\u00e3o. Havia sido prometida em casamento a um certo Jos\u00e9, da descend\u00eancia de Davi.<\/p>\n<p>No rec\u00f4ndito de seu cora\u00e7\u00e3o um apelo soa e um chamado se faz. O Alt\u00edssimo precisa dela. Na transpar\u00eancia de sua vida poderia come\u00e7ar a ser realizado o sonho de Deus de viver entre os homens. Perturbada em sua simplicidade, depois de ter sido esclarecida pelo alto, Maria concorda.\u00a0 Diz um sim. \u201cEst\u00e1 bem. Fa\u00e7a-me em mim segundo a tua palavra.\u00a0 Estou \u00e0 disposi\u00e7\u00e3o dos planos do Alt\u00edssimo. Que a sombra do Esp\u00edrito paire sobre mim e na virgindade de minha vida a for\u00e7a do Alto come\u00e7ar\u00e1 a criar um mundo novo.\u00a0 Fa\u00e7a-se em mim, na humildade de minha pessoa que sou serva\u201d. Obedi\u00eancia, acolhimento, humildade se misturam e o Verbo, a Palavra, a Comunica\u00e7\u00e3o\u00a0 passa a existir. Maria, a mulher nova, a nova Eva, a transparente, a imaculada, a M\u00e3e do Verbo, a M\u00e3e de Deus, Maria da Anuncia\u00e7\u00e3o.\u00a0 A terra virginal acolhe as maravilhas.\u00a0 As gera\u00e7\u00f5es de todos os tempos haver\u00e3o de olhar para aquela na qual o Senhor operou maravilhas.<\/p>\n<p>Guardemos no cora\u00e7\u00e3o estas palavras de Ivo de Chartres: \u201cNessa concep\u00e7\u00e3o, oculta-se, car\u00edssimos irm\u00e3os, um grande e admir\u00e1vel mist\u00e9rio.\u00a0 Nele, destru\u00eddo o documento de nossa prevarica\u00e7\u00e3o, unem-se o divino e o humano, tornando-se uma s\u00f3 carne, isto \u00e9, Cristo e a Igreja. O leito\u00a0 dessa uni\u00e3o\u00a0 foi o seio virginal onde, ap\u00f3s nove meses, segundo a lei natural, Cristo saiu do quarto nupcial como o esposo unido \u00e0 sua esposa. Saiu unido \u00e0 nossa carne e estabeleceu no sol a sua tenda, isto \u00e9, a carne humana assumida, porque tornou vis\u00edvel a todos o mesmo corpo com que haveria de vencer o inimigo\u201d (<em>Lecion\u00e1rio \u00a0Mon\u00e1stico II,\u00a0 p.727<\/em>).<\/p>\n<p><strong>Frei Almir Guimar\u00e3es<\/strong><\/p>\n","protected":false},"excerpt":{"rendered":"<p>Anuncia\u00e7\u00e3o do Senhor<\/p>\n","protected":false},"author":1,"featured_media":209107,"comment_status":"open","ping_status":"open","sticky":false,"template":"","format":"standard","meta":[],"categories":[1],"tags":[537],"acf":[],"yoast_head":"<!-- This site is optimized with the Yoast SEO plugin v19.2 - https:\/\/yoast.com\/wordpress\/plugins\/seo\/ -->\n<title>Solenidade da Anuncia\u00e7\u00e3o: &quot;a mulher do sim&quot; - Not\u00edcias - Franciscanos<\/title>\n<meta name=\"robots\" content=\"index, follow, max-snippet:-1, max-image-preview:large, max-video-preview:-1\" \/>\n<link rel=\"canonical\" href=\"https:\/\/franciscanos.org.br\/noticias\/a-mulher-do-sim-reflexao-de-frei-almir.html\" \/>\n<meta property=\"og:locale\" content=\"pt_BR\" \/>\n<meta property=\"og:type\" content=\"article\" \/>\n<meta property=\"og:title\" content=\"Solenidade da Anuncia\u00e7\u00e3o: &quot;a mulher do sim&quot; - Not\u00edcias - Franciscanos\" \/>\n<meta property=\"og:description\" content=\"Anuncia\u00e7\u00e3o do Senhor\" \/>\n<meta property=\"og:url\" content=\"https:\/\/franciscanos.org.br\/noticias\/a-mulher-do-sim-reflexao-de-frei-almir.html\" \/>\n<meta property=\"og:site_name\" content=\"Not\u00edcias - Franciscanos\" \/>\n<meta property=\"article:published_time\" content=\"2015-03-24T15:25:24+00:00\" \/>\n<meta property=\"article:modified_time\" content=\"2020-06-24T17:00:12+00:00\" \/>\n<meta property=\"og:image\" content=\"https:\/\/franciscanos.org.br\/noticias\/wp-content\/uploads\/2015\/03\/anuncia_25.jpg\" \/>\n\t<meta property=\"og:image:width\" content=\"273\" \/>\n\t<meta property=\"og:image:height\" content=\"181\" \/>\n\t<meta property=\"og:image:type\" content=\"image\/jpeg\" \/>\n<meta name=\"author\" content=\"admin\" \/>\n<meta name=\"twitter:card\" content=\"summary_large_image\" \/>\n<meta name=\"twitter:label1\" content=\"Escrito por\" \/>\n\t<meta name=\"twitter:data1\" content=\"admin\" \/>\n\t<meta name=\"twitter:label2\" content=\"Est. tempo de leitura\" \/>\n\t<meta name=\"twitter:data2\" content=\"3 minutos\" \/>\n<script type=\"application\/ld+json\" class=\"yoast-schema-graph\">{\"@context\":\"https:\/\/schema.org\",\"@graph\":[{\"@type\":\"WebSite\",\"@id\":\"https:\/\/franciscanos.org.br\/noticias\/#website\",\"url\":\"https:\/\/franciscanos.org.br\/noticias\/\",\"name\":\"Not\u00edcias - Franciscanos\",\"description\":\"Prov\u00edncia Franciscana da Imaculada Concei\u00e7\u00e3o do Brasil - Ordem dos Frades Menores - OFM\",\"potentialAction\":[{\"@type\":\"SearchAction\",\"target\":{\"@type\":\"EntryPoint\",\"urlTemplate\":\"https:\/\/franciscanos.org.br\/noticias\/?s={search_term_string}\"},\"query-input\":\"required name=search_term_string\"}],\"inLanguage\":\"pt-BR\"},{\"@type\":\"ImageObject\",\"inLanguage\":\"pt-BR\",\"@id\":\"https:\/\/franciscanos.org.br\/noticias\/a-mulher-do-sim-reflexao-de-frei-almir.html#primaryimage\",\"url\":\"https:\/\/franciscanos.org.br\/noticias\/wp-content\/uploads\/2015\/03\/anuncia_25.jpg\",\"contentUrl\":\"https:\/\/franciscanos.org.br\/noticias\/wp-content\/uploads\/2015\/03\/anuncia_25.jpg\",\"width\":273,\"height\":181},{\"@type\":\"WebPage\",\"@id\":\"https:\/\/franciscanos.org.br\/noticias\/a-mulher-do-sim-reflexao-de-frei-almir.html#webpage\",\"url\":\"https:\/\/franciscanos.org.br\/noticias\/a-mulher-do-sim-reflexao-de-frei-almir.html\",\"name\":\"Solenidade da Anuncia\u00e7\u00e3o: \\\"a mulher do sim\\\" - Not\u00edcias - Franciscanos\",\"isPartOf\":{\"@id\":\"https:\/\/franciscanos.org.br\/noticias\/#website\"},\"primaryImageOfPage\":{\"@id\":\"https:\/\/franciscanos.org.br\/noticias\/a-mulher-do-sim-reflexao-de-frei-almir.html#primaryimage\"},\"datePublished\":\"2015-03-24T15:25:24+00:00\",\"dateModified\":\"2020-06-24T17:00:12+00:00\",\"author\":{\"@id\":\"https:\/\/franciscanos.org.br\/noticias\/#\/schema\/person\/b38fbf43118f02820bd932f2e4b14ad3\"},\"breadcrumb\":{\"@id\":\"https:\/\/franciscanos.org.br\/noticias\/a-mulher-do-sim-reflexao-de-frei-almir.html#breadcrumb\"},\"inLanguage\":\"pt-BR\",\"potentialAction\":[{\"@type\":\"ReadAction\",\"target\":[\"https:\/\/franciscanos.org.br\/noticias\/a-mulher-do-sim-reflexao-de-frei-almir.html\"]}]},{\"@type\":\"BreadcrumbList\",\"@id\":\"https:\/\/franciscanos.org.br\/noticias\/a-mulher-do-sim-reflexao-de-frei-almir.html#breadcrumb\",\"itemListElement\":[{\"@type\":\"ListItem\",\"position\":1,\"name\":\"Home\",\"item\":\"https:\/\/franciscanos.org.br\/noticias\"},{\"@type\":\"ListItem\",\"position\":2,\"name\":\"Solenidade da Anuncia\u00e7\u00e3o: &#8220;a mulher do sim&#8221;\"}]},{\"@type\":\"Person\",\"@id\":\"https:\/\/franciscanos.org.br\/noticias\/#\/schema\/person\/b38fbf43118f02820bd932f2e4b14ad3\",\"name\":\"admin\",\"image\":{\"@type\":\"ImageObject\",\"inLanguage\":\"pt-BR\",\"@id\":\"https:\/\/franciscanos.org.br\/noticias\/#\/schema\/person\/image\/\",\"url\":\"https:\/\/secure.gravatar.com\/avatar\/e8495742d34d0ba6448ea1c628263b3e?s=96&d=mm&r=g\",\"contentUrl\":\"https:\/\/secure.gravatar.com\/avatar\/e8495742d34d0ba6448ea1c628263b3e?s=96&d=mm&r=g\",\"caption\":\"admin\"},\"url\":\"https:\/\/franciscanos.org.br\/noticias\/author\/admin\"}]}<\/script>\n<!-- \/ Yoast SEO plugin. -->","yoast_head_json":{"title":"Solenidade da Anuncia\u00e7\u00e3o: \"a mulher do sim\" - Not\u00edcias - Franciscanos","robots":{"index":"index","follow":"follow","max-snippet":"max-snippet:-1","max-image-preview":"max-image-preview:large","max-video-preview":"max-video-preview:-1"},"canonical":"https:\/\/franciscanos.org.br\/noticias\/a-mulher-do-sim-reflexao-de-frei-almir.html","og_locale":"pt_BR","og_type":"article","og_title":"Solenidade da Anuncia\u00e7\u00e3o: \"a mulher do sim\" - Not\u00edcias - Franciscanos","og_description":"Anuncia\u00e7\u00e3o do Senhor","og_url":"https:\/\/franciscanos.org.br\/noticias\/a-mulher-do-sim-reflexao-de-frei-almir.html","og_site_name":"Not\u00edcias - Franciscanos","article_published_time":"2015-03-24T15:25:24+00:00","article_modified_time":"2020-06-24T17:00:12+00:00","og_image":[{"width":273,"height":181,"url":"https:\/\/franciscanos.org.br\/noticias\/wp-content\/uploads\/2015\/03\/anuncia_25.jpg","type":"image\/jpeg"}],"author":"admin","twitter_card":"summary_large_image","twitter_misc":{"Escrito por":"admin","Est. tempo de leitura":"3 minutos"},"schema":{"@context":"https:\/\/schema.org","@graph":[{"@type":"WebSite","@id":"https:\/\/franciscanos.org.br\/noticias\/#website","url":"https:\/\/franciscanos.org.br\/noticias\/","name":"Not\u00edcias - Franciscanos","description":"Prov\u00edncia Franciscana da Imaculada Concei\u00e7\u00e3o do Brasil - Ordem dos Frades Menores - OFM","potentialAction":[{"@type":"SearchAction","target":{"@type":"EntryPoint","urlTemplate":"https:\/\/franciscanos.org.br\/noticias\/?s={search_term_string}"},"query-input":"required name=search_term_string"}],"inLanguage":"pt-BR"},{"@type":"ImageObject","inLanguage":"pt-BR","@id":"https:\/\/franciscanos.org.br\/noticias\/a-mulher-do-sim-reflexao-de-frei-almir.html#primaryimage","url":"https:\/\/franciscanos.org.br\/noticias\/wp-content\/uploads\/2015\/03\/anuncia_25.jpg","contentUrl":"https:\/\/franciscanos.org.br\/noticias\/wp-content\/uploads\/2015\/03\/anuncia_25.jpg","width":273,"height":181},{"@type":"WebPage","@id":"https:\/\/franciscanos.org.br\/noticias\/a-mulher-do-sim-reflexao-de-frei-almir.html#webpage","url":"https:\/\/franciscanos.org.br\/noticias\/a-mulher-do-sim-reflexao-de-frei-almir.html","name":"Solenidade da Anuncia\u00e7\u00e3o: \"a mulher do sim\" - Not\u00edcias - Franciscanos","isPartOf":{"@id":"https:\/\/franciscanos.org.br\/noticias\/#website"},"primaryImageOfPage":{"@id":"https:\/\/franciscanos.org.br\/noticias\/a-mulher-do-sim-reflexao-de-frei-almir.html#primaryimage"},"datePublished":"2015-03-24T15:25:24+00:00","dateModified":"2020-06-24T17:00:12+00:00","author":{"@id":"https:\/\/franciscanos.org.br\/noticias\/#\/schema\/person\/b38fbf43118f02820bd932f2e4b14ad3"},"breadcrumb":{"@id":"https:\/\/franciscanos.org.br\/noticias\/a-mulher-do-sim-reflexao-de-frei-almir.html#breadcrumb"},"inLanguage":"pt-BR","potentialAction":[{"@type":"ReadAction","target":["https:\/\/franciscanos.org.br\/noticias\/a-mulher-do-sim-reflexao-de-frei-almir.html"]}]},{"@type":"BreadcrumbList","@id":"https:\/\/franciscanos.org.br\/noticias\/a-mulher-do-sim-reflexao-de-frei-almir.html#breadcrumb","itemListElement":[{"@type":"ListItem","position":1,"name":"Home","item":"https:\/\/franciscanos.org.br\/noticias"},{"@type":"ListItem","position":2,"name":"Solenidade da Anuncia\u00e7\u00e3o: &#8220;a mulher do sim&#8221;"}]},{"@type":"Person","@id":"https:\/\/franciscanos.org.br\/noticias\/#\/schema\/person\/b38fbf43118f02820bd932f2e4b14ad3","name":"admin","image":{"@type":"ImageObject","inLanguage":"pt-BR","@id":"https:\/\/franciscanos.org.br\/noticias\/#\/schema\/person\/image\/","url":"https:\/\/secure.gravatar.com\/avatar\/e8495742d34d0ba6448ea1c628263b3e?s=96&d=mm&r=g","contentUrl":"https:\/\/secure.gravatar.com\/avatar\/e8495742d34d0ba6448ea1c628263b3e?s=96&d=mm&r=g","caption":"admin"},"url":"https:\/\/franciscanos.org.br\/noticias\/author\/admin"}]}},"_links":{"self":[{"href":"https:\/\/franciscanos.org.br\/noticias\/wp-json\/wp\/v2\/posts\/81880"}],"collection":[{"href":"https:\/\/franciscanos.org.br\/noticias\/wp-json\/wp\/v2\/posts"}],"about":[{"href":"https:\/\/franciscanos.org.br\/noticias\/wp-json\/wp\/v2\/types\/post"}],"author":[{"embeddable":true,"href":"https:\/\/franciscanos.org.br\/noticias\/wp-json\/wp\/v2\/users\/1"}],"replies":[{"embeddable":true,"href":"https:\/\/franciscanos.org.br\/noticias\/wp-json\/wp\/v2\/comments?post=81880"}],"version-history":[{"count":1,"href":"https:\/\/franciscanos.org.br\/noticias\/wp-json\/wp\/v2\/posts\/81880\/revisions"}],"predecessor-version":[{"id":226691,"href":"https:\/\/franciscanos.org.br\/noticias\/wp-json\/wp\/v2\/posts\/81880\/revisions\/226691"}],"wp:featuredmedia":[{"embeddable":true,"href":"https:\/\/franciscanos.org.br\/noticias\/wp-json\/wp\/v2\/media\/209107"}],"wp:attachment":[{"href":"https:\/\/franciscanos.org.br\/noticias\/wp-json\/wp\/v2\/media?parent=81880"}],"wp:term":[{"taxonomy":"category","embeddable":true,"href":"https:\/\/franciscanos.org.br\/noticias\/wp-json\/wp\/v2\/categories?post=81880"},{"taxonomy":"post_tag","embeddable":true,"href":"https:\/\/franciscanos.org.br\/noticias\/wp-json\/wp\/v2\/tags?post=81880"}],"curies":[{"name":"wp","href":"https:\/\/api.w.org\/{rel}","templated":true}]}}