{"id":81807,"date":"2015-03-22T16:21:53","date_gmt":"2015-03-22T19:21:53","guid":{"rendered":"http:\/\/franciscanos.org.br\/?p=81807"},"modified":"2020-06-10T15:58:57","modified_gmt":"2020-06-10T18:58:57","slug":"a-corrupcao-fede-diz-o-papa-em-napoles","status":"publish","type":"post","link":"https:\/\/franciscanos.org.br\/noticias\/a-corrupcao-fede-diz-o-papa-em-napoles.html","title":{"rendered":"&#8220;A corrup\u00e7\u00e3o fede&#8221;, diz o Papa em N\u00e1poles"},"content":{"rendered":"<p><img loading=\"lazy\" class=\"alignnone size-full wp-image-196772\" src=\"https:\/\/franciscanos.org.br\/noticias\/wp-content\/uploads\/2015\/03\/francesco_papa.png\" alt=\"\" width=\"890\" height=\"501\" srcset=\"https:\/\/franciscanos.org.br\/noticias\/wp-content\/uploads\/2015\/03\/francesco_papa.png 890w, https:\/\/franciscanos.org.br\/noticias\/wp-content\/uploads\/2015\/03\/francesco_papa-450x253.png 450w, https:\/\/franciscanos.org.br\/noticias\/wp-content\/uploads\/2015\/03\/francesco_papa-768x432.png 768w, https:\/\/franciscanos.org.br\/noticias\/wp-content\/uploads\/2015\/03\/francesco_papa-150x84.png 150w\" sizes=\"(max-width: 890px) 100vw, 890px\" \/><\/p>\n<p><strong>N\u00e1poles<\/strong> &#8211; Depois da \u201cPequena S\u00faplica\u201d feita a Nossa Senhora do Ros\u00e1rio, no Santu\u00e1rio de Pompeia, Francisco se deslocou, de helic\u00f3ptero, para Scampia, na periferia de N\u00e1poles, onde, na Pra\u00e7a Jo\u00e3o Paulo II, manteve um encontro com a popula\u00e7\u00e3o local e com diversos grupos sociais. Em seu caloroso discurso, o Papa tratou de temas cruciais, como a migra\u00e7\u00e3o, o trabalho e a corrup\u00e7\u00e3o. Sobre a corrup\u00e7\u00e3o, ele foi categ\u00f3rico:\u00a0&#8220;A corrup\u00e7\u00e3o fede. Uma sociedade corrupta fede. Um crist\u00e3o que deixa a corrup\u00e7\u00e3o entrar dentro de si, n\u00e3o \u00e9 crist\u00e3o, mas fede. Entenderam?&#8221;<\/p>\n<p>E o Papa acrescentou: \u201cVoc\u00eas pertencem a um povo de uma longa hist\u00f3ria, composta de acontecimentos complexos e dram\u00e1ticos. A vida em N\u00e1poles nunca foi f\u00e1cil, mas tamb\u00e9m nunca triste! Eis o seu grande recurso, que produz uma cultura de vida, e a esperan\u00e7a \u00e9 o seu grande patrim\u00f4nio!\u201d<\/p>\n<p><strong>VEJA A \u00cdNTEGRA DO DISCURSO<\/strong><\/p>\n<p>Queridos irm\u00e3os e irm\u00e3s, bom dia!<\/p>\n<p>Quis come\u00e7ar daqui, desta periferia, a minha visita a N\u00e1poles. Sa\u00fado todos voc\u00eas e vos agrade\u00e7o pelo vosso caloroso acolhimento! Realmente se v\u00ea que os napolitanos n\u00e3o s\u00e3o frios! Agrade\u00e7o ao vosso arcebispo por me ter convidado \u2013 tamb\u00e9m amea\u00e7ado se n\u00e3o tivesse vindo a N\u00e1poles \u2013 pelas suas palavras de boas vindas; e obrigado \u00e0queles que deram voz \u00e0s realidades dos migrantes, dos trabalhadores e dos magistrados.<\/p>\n<p>Voc\u00eas pertencem a um povo de longa hist\u00f3ria, atravessada por acontecimentos complexos e dram\u00e1ticos. A vida em N\u00e1poles nunca foi f\u00e1cil, por\u00e9m nunca foi triste! Esse \u00e9 o vosso grande recurso: a alegria, a alegria. O caminho cotidiano nesta cidade, com as suas dificuldades e suas prova\u00e7\u00f5es, produz uma cultura de vida que ajuda sempre a se levantar depois de cada queda e a fazer de modo que o mal n\u00e3o tenha nunca a \u00faltima palavra. Este \u00e9 um belo desafio: n\u00e3o deixar nunca que o mal tenha a \u00faltima palavra. \u00c9 a esperan\u00e7a, voc\u00eas sabem bem, este grande patrim\u00f4nio, esta \u201calavanca da alma\u201d t\u00e3o preciosa, mas tamb\u00e9m exposta a assaltos e roubos.<\/p>\n<p>Sabemos, quem adota voluntariamente o caminho do mal rouba um peda\u00e7o de esperan\u00e7a, ganha algo mas rouba a esperan\u00e7a a si mesmo, aos outros, \u00e0 sociedade. O caminho do mal \u00e9 um caminho que rouba sempre a esperan\u00e7a, rouba-a tamb\u00e9m do povo honesto e trabalhador e tamb\u00e9m da boa fama da cidade, da sua economia.<\/p>\n<p>Gostaria de responder \u00e0 irm\u00e3 que falou em nome dos imigrantes e dos sem moradia fixa. A senhora pediu uma palavra que assegure que os migrantes s\u00e3o filhos de Deus e que s\u00e3o cidad\u00e3os. Mas \u00e9 necess\u00e1rio chegar a isso? Os migrantes s\u00e3o seres humanos de segunda classe? Devemos fazer nossos irm\u00e3os e irm\u00e3s migrantes ouvirem que s\u00e3o cidad\u00e3os, que s\u00e3o como n\u00f3s, filhos de Deus, que s\u00e3o migrantes como n\u00f3s, porque todos n\u00f3s somos migrantes rumo a outra p\u00e1tria, e talvez chegaremos todos. E ningu\u00e9m se perca pelo caminho! Todos somos migrantes, filhos de Deus que nos colocou todos em caminho. N\u00e3o se pode dizer: \u201cMas os migrantes s\u00e3o assim\u2026 N\u00f3s somos\u2026\u201d N\u00e3o! Todos somos migrantes, todos estamos em caminho. E esta palavra que todos somos migrantes n\u00e3o est\u00e1 escrita em um livro, est\u00e1 escrita na nossa carne, no nosso caminho de vida, que nos assegura que em Cristo somos todos filhos de Deus, filhos amados, filhos queridos, filhos salvos. Pensemos nisso: todos somos migrantes no caminho da vida, ningu\u00e9m de n\u00f3s tem morada fixa nesta terra, todos precisamos caminhar para l\u00e1. E todos devemos ir encontrar Deus: primeiro um, depois o outro, ou como dizia aquele idoso, aquele velhinho esperto: \u201cSim, sim, todos! V\u00e3o voc\u00eas, eu vou por \u00faltimo\u201d. Todos devemos ir.<\/p>\n<p>Depois houve a interven\u00e7\u00e3o do trabalhador. E agrade\u00e7o tamb\u00e9m a ele, porque naturalmente eu queria tocar neste ponto, que \u00e9 um sinal negativo do nosso tempo. De modo especial o \u00e9 a falta de trabalho para os jovens. Mas pensem: mais de 40 por cento dos jovens de 25 anos n\u00e3o t\u00eam trabalho! Isso \u00e9 grave! O que faz um jovem sem trabalho? Que futuro tem? Que caminho de vida escolhe? Esta \u00e9 uma responsabilidade n\u00e3o somente da cidade, n\u00e3o somente do pa\u00eds, mas do mundo! Por que? Porque h\u00e1 um sistema econ\u00f4mico que descarta o povo e agora \u00e9 a vez dos jovens de serem descartados, isso \u00e9, sem trabalho. Isso \u00e9 grave! \u201cMas h\u00e1 as obras de caridade, h\u00e1 os volunt\u00e1rios, h\u00e1 a C\u00e1ritas, h\u00e1 aquele centro, h\u00e1 aquele clube que d\u00e1 de comer\u2026\u201d. Mas o problema n\u00e3o \u00e9 comer, o problema mais grave \u00e9 n\u00e3o ter a possibilidade de levar o p\u00e3o pra casa, de ganh\u00e1-lo! E quando n\u00e3o se ganha o p\u00e3o, se perde a dignidade! Esta falta de trabalho nos rouba a dignidade. Devemos lutar por isso, devemos defender a nossa dignidade de cidad\u00e3os, de homens, de mulheres, de jovens. Este \u00e9 o drama do nosso tempo. N\u00e3o devemos permanecer em sil\u00eancio.<\/p>\n<p>Penso tamb\u00e9m no trabalho pela metade. O que quero dizer com isso? A explora\u00e7\u00e3o de pessoas no trabalho. H\u00e1 algumas semanas, uma mo\u00e7a que precisava de trabalho, encontrou um em uma empresa tur\u00edstica e as condi\u00e7\u00f5es eram estas: 11 horas de trabalho, 600 euros ao m\u00eas sem contribui\u00e7\u00e3o alguma para a aposentadoria. \u201cMas \u00e9 pouco por 11 horas!\u201d. \u201cSe voc\u00ea n\u00e3o gosta, olhe para a fila de gente que est\u00e1 esperando pelo trabalho!\u201d. Isso se chama escravid\u00e3o, isso se chama explora\u00e7\u00e3o, isso n\u00e3o \u00e9 humano, isso n\u00e3o \u00e9 crist\u00e3o. E se aquele que faz isso se diz crist\u00e3o, \u00e9 um mentiroso, n\u00e3o diz a verdade, n\u00e3o \u00e9 crist\u00e3o. Tamb\u00e9m a explora\u00e7\u00e3o do trabalho no escuro \u2013 voc\u00ea trabalha sem contrato e eu te pago aquilo que quero \u2013 \u00e9 explora\u00e7\u00e3o de pessoas. \u201cSem as contribui\u00e7\u00f5es para a aposentadoria e a sa\u00fade?\u201d. \u201cA mim n\u00e3o interessa\u201d.<\/p>\n<p>Eu te entendo bem, irm\u00e3o, e te agrade\u00e7o por aquilo que disseste. Devemos retomar a luta pela nossa dignidade que \u00e9 a luta para procurar, para encontrar, para reencontrar a possibilidade de levar o p\u00e3o pra casa! Essa \u00e9 a nossa luta!<\/p>\n<p>E aqui penso na interven\u00e7\u00e3o do presidente da Corte de Apelo. Ele usou uma bela express\u00e3o \u201cpercurso de esperan\u00e7a\u201d e recordava um lema de S\u00e3o Jo\u00e3o Bosco: \u201cbons crist\u00e3os e honestos cidad\u00e3os\u201d, dirigido \u00e0s crian\u00e7as e aos jovens. O percurso de esperan\u00e7a para as crian\u00e7as \u2013 estas que est\u00e3o aqui e para todas \u2013 \u00e9 antes de tudo a educa\u00e7\u00e3o, mas uma verdadeira educa\u00e7\u00e3o, o percurso de educar para um futuro: isso previne e ajuda a seguir adiante. O juiz disse uma palavra que eu gostaria de retomar, uma palavra que se usa muito hoje, o juiz disse \u201ccorrup\u00e7\u00e3o\u201d. Mas, diga-me, se n\u00f3s fechamos a porta aos migrantes, se n\u00f3s tiramos o trabalho e a dignidade do povo, como se chama isso? Chama-se corrup\u00e7\u00e3o e todos n\u00f3s temos a possibilidade de sermos corruptos, ningu\u00e9m pode dizer: \u201ceu nunca serei corrupto\u201d. N\u00e3o! \u00c9 uma tenta\u00e7\u00e3o, \u00e9 um deslize para os neg\u00f3cios f\u00e1ceis, para a delinqu\u00eancia, para os crimes, para a explora\u00e7\u00e3o das pessoas. Quanta corrup\u00e7\u00e3o h\u00e1 no mundo! \u00c9 uma palavra ruim, se pensamos um pouco. Porque uma coisa corrupta \u00e9 uma coisa suja! Se n\u00f3s encontramos um animal morto que est\u00e1 se degradando, que est\u00e1 \u201ccorro\u00eddo\u201d \u00e9 ruim e tamb\u00e9m fede. A corrup\u00e7\u00e3o fede! A sociedade corrupta fede! Um crist\u00e3o que deixa entrar em si a corrup\u00e7\u00e3o n\u00e3o \u00e9 crist\u00e3o, fede!<\/p>\n<p>Queridos amigos, a minha presen\u00e7a quer ser um impulso a um caminho de esperan\u00e7a, de renascimento e de recupera\u00e7\u00e3o j\u00e1 em andamento. Conhe\u00e7o o empenho, generoso e eficaz, da Igreja, presente com as suas comunidades e os seus servi\u00e7os no vivo da realidade de Scampia; bem como a cont\u00ednua mobiliza\u00e7\u00e3o de grupos de volunt\u00e1rios que n\u00e3o deixam faltar a sua ajuda.<\/p>\n<p>Encorajo tamb\u00e9m a presen\u00e7a e o ativo empenho das Institui\u00e7\u00f5es citadinas, porque uma comunidade n\u00e3o pode progredir sem o seu apoio, tanto mais em momentos de crise e na presen\u00e7a de situa\u00e7\u00f5es sociais dif\u00edceis e \u00e0s vezes extremas. A \u201cboa pol\u00edtica\u201d \u00e9 um servi\u00e7o \u00e0s pessoas, que se exercita em primeiro lugar em n\u00edvel local, onde o peso das falhas, dos atrasos, das reais e pr\u00f3prias omiss\u00f5es \u00e9 mais direto e faz mais mal. A boa pol\u00edtica \u00e9 uma das express\u00f5es mais altas da caridade, do servi\u00e7o e do amor. Fa\u00e7am uma boa pol\u00edtica, mas entre voc\u00eas: a pol\u00edtica se faz todos juntos! Entre todos se faz uma boa pol\u00edtica!<\/p>\n<p>N\u00e1poles est\u00e1 sempre pronta para ressurgir, contando com uma esperan\u00e7a formada por mil provas e, por isso, recurso aut\u00eantico e concreto com o qual contar em todo momento. A sua raiz est\u00e1 no cerne da alma dos pr\u00f3prios napolitanos, sobretudo na sua alegria, na sua religiosidade, na sua piedade! Desejo-vos que tenham a coragem de seguir adiante com essa alegria, com essa raiz, a coragem de levar adiante a esperan\u00e7a, de n\u00e3o roubar nunca a esperan\u00e7a de ningu\u00e9m, de seguir adiante pelo caminho do bem, n\u00e3o pelo caminho do mal, de seguir adiante no acolhimento de todos aqueles que v\u00eam a N\u00e1poles de qualquer pa\u00eds: sejam todos napolitanos, aprendam o napolitano que \u00e9 t\u00e3o doce e t\u00e3o bonito! Desejo-vos seguir adiante em procurar fontes de trabalho, para que todos tenham a dignidade de levar o p\u00e3o para casa e de seguir adiante na limpeza da pr\u00f3pria alma, ma limpeza da cidade, na limpeza da sociedade para que n\u00e3o haja aquele fedor da corrup\u00e7\u00e3o!<\/p>\n<p>Desejo-vos o melhor, sigam adiante e S\u00e3o Gennaro, vosso padroeiro, vos auxilie e interceda por voc\u00eas.<\/p>\n<p>Aben\u00e7oo todos de cora\u00e7\u00e3o, aben\u00e7oo vossas fam\u00edlias e este vosso bairro, aben\u00e7oo as crian\u00e7as que est\u00e3o aqui em torno a n\u00f3s. E, por favor, n\u00e3o se esque\u00e7am de rezar por mim. Que Nossa Senhora vos acompanhe!<\/p>\n<hr \/>\n<p><em>Fonte: R\u00e1dio Vaticano<\/em><\/p>\n","protected":false},"excerpt":{"rendered":"<p>Viagem Apost\u00f3lica a N\u00e1poles<\/p>\n","protected":false},"author":1,"featured_media":0,"comment_status":"open","ping_status":"open","sticky":false,"template":"","format":"standard","meta":[],"categories":[1428],"tags":[1140],"acf":[],"yoast_head":"<!-- This site is optimized with the Yoast SEO plugin v19.2 - https:\/\/yoast.com\/wordpress\/plugins\/seo\/ -->\n<title>&quot;A corrup\u00e7\u00e3o fede&quot;, diz o Papa em N\u00e1poles - Not\u00edcias - Franciscanos<\/title>\n<meta name=\"robots\" content=\"index, follow, max-snippet:-1, max-image-preview:large, max-video-preview:-1\" \/>\n<link rel=\"canonical\" href=\"https:\/\/franciscanos.org.br\/noticias\/a-corrupcao-fede-diz-o-papa-em-napoles.html\" \/>\n<meta property=\"og:locale\" content=\"pt_BR\" \/>\n<meta property=\"og:type\" content=\"article\" \/>\n<meta property=\"og:title\" content=\"&quot;A corrup\u00e7\u00e3o fede&quot;, diz o Papa em N\u00e1poles - Not\u00edcias - Franciscanos\" \/>\n<meta property=\"og:description\" content=\"Viagem Apost\u00f3lica a N\u00e1poles\" \/>\n<meta property=\"og:url\" content=\"https:\/\/franciscanos.org.br\/noticias\/a-corrupcao-fede-diz-o-papa-em-napoles.html\" \/>\n<meta property=\"og:site_name\" content=\"Not\u00edcias - Franciscanos\" \/>\n<meta property=\"article:published_time\" content=\"2015-03-22T19:21:53+00:00\" \/>\n<meta property=\"article:modified_time\" content=\"2020-06-10T18:58:57+00:00\" \/>\n<meta property=\"og:image\" content=\"https:\/\/franciscanos.org.br\/noticias\/wp-content\/uploads\/2015\/03\/francesco_papa.png\" \/>\n<meta name=\"author\" content=\"admin\" \/>\n<meta name=\"twitter:card\" content=\"summary_large_image\" \/>\n<meta name=\"twitter:label1\" content=\"Escrito por\" \/>\n\t<meta name=\"twitter:data1\" content=\"admin\" \/>\n\t<meta name=\"twitter:label2\" content=\"Est. tempo de leitura\" \/>\n\t<meta name=\"twitter:data2\" content=\"9 minutos\" \/>\n<script type=\"application\/ld+json\" class=\"yoast-schema-graph\">{\"@context\":\"https:\/\/schema.org\",\"@graph\":[{\"@type\":\"WebSite\",\"@id\":\"https:\/\/franciscanos.org.br\/noticias\/#website\",\"url\":\"https:\/\/franciscanos.org.br\/noticias\/\",\"name\":\"Not\u00edcias - Franciscanos\",\"description\":\"Prov\u00edncia Franciscana da Imaculada Concei\u00e7\u00e3o do Brasil - Ordem dos Frades Menores - OFM\",\"potentialAction\":[{\"@type\":\"SearchAction\",\"target\":{\"@type\":\"EntryPoint\",\"urlTemplate\":\"https:\/\/franciscanos.org.br\/noticias\/?s={search_term_string}\"},\"query-input\":\"required name=search_term_string\"}],\"inLanguage\":\"pt-BR\"},{\"@type\":\"ImageObject\",\"inLanguage\":\"pt-BR\",\"@id\":\"https:\/\/franciscanos.org.br\/noticias\/a-corrupcao-fede-diz-o-papa-em-napoles.html#primaryimage\",\"url\":\"https:\/\/franciscanos.org.br\/noticias\/wp-content\/uploads\/2015\/03\/francesco_papa.png\",\"contentUrl\":\"https:\/\/franciscanos.org.br\/noticias\/wp-content\/uploads\/2015\/03\/francesco_papa.png\",\"width\":890,\"height\":501},{\"@type\":\"WebPage\",\"@id\":\"https:\/\/franciscanos.org.br\/noticias\/a-corrupcao-fede-diz-o-papa-em-napoles.html#webpage\",\"url\":\"https:\/\/franciscanos.org.br\/noticias\/a-corrupcao-fede-diz-o-papa-em-napoles.html\",\"name\":\"\\\"A corrup\u00e7\u00e3o fede\\\", diz o Papa em N\u00e1poles - Not\u00edcias - Franciscanos\",\"isPartOf\":{\"@id\":\"https:\/\/franciscanos.org.br\/noticias\/#website\"},\"primaryImageOfPage\":{\"@id\":\"https:\/\/franciscanos.org.br\/noticias\/a-corrupcao-fede-diz-o-papa-em-napoles.html#primaryimage\"},\"datePublished\":\"2015-03-22T19:21:53+00:00\",\"dateModified\":\"2020-06-10T18:58:57+00:00\",\"author\":{\"@id\":\"https:\/\/franciscanos.org.br\/noticias\/#\/schema\/person\/b38fbf43118f02820bd932f2e4b14ad3\"},\"breadcrumb\":{\"@id\":\"https:\/\/franciscanos.org.br\/noticias\/a-corrupcao-fede-diz-o-papa-em-napoles.html#breadcrumb\"},\"inLanguage\":\"pt-BR\",\"potentialAction\":[{\"@type\":\"ReadAction\",\"target\":[\"https:\/\/franciscanos.org.br\/noticias\/a-corrupcao-fede-diz-o-papa-em-napoles.html\"]}]},{\"@type\":\"BreadcrumbList\",\"@id\":\"https:\/\/franciscanos.org.br\/noticias\/a-corrupcao-fede-diz-o-papa-em-napoles.html#breadcrumb\",\"itemListElement\":[{\"@type\":\"ListItem\",\"position\":1,\"name\":\"Home\",\"item\":\"https:\/\/franciscanos.org.br\/noticias\"},{\"@type\":\"ListItem\",\"position\":2,\"name\":\"&#8220;A corrup\u00e7\u00e3o fede&#8221;, diz o Papa em N\u00e1poles\"}]},{\"@type\":\"Person\",\"@id\":\"https:\/\/franciscanos.org.br\/noticias\/#\/schema\/person\/b38fbf43118f02820bd932f2e4b14ad3\",\"name\":\"admin\",\"image\":{\"@type\":\"ImageObject\",\"inLanguage\":\"pt-BR\",\"@id\":\"https:\/\/franciscanos.org.br\/noticias\/#\/schema\/person\/image\/\",\"url\":\"https:\/\/secure.gravatar.com\/avatar\/e8495742d34d0ba6448ea1c628263b3e?s=96&d=mm&r=g\",\"contentUrl\":\"https:\/\/secure.gravatar.com\/avatar\/e8495742d34d0ba6448ea1c628263b3e?s=96&d=mm&r=g\",\"caption\":\"admin\"},\"url\":\"https:\/\/franciscanos.org.br\/noticias\/author\/admin\"}]}<\/script>\n<!-- \/ Yoast SEO plugin. -->","yoast_head_json":{"title":"\"A corrup\u00e7\u00e3o fede\", diz o Papa em N\u00e1poles - Not\u00edcias - Franciscanos","robots":{"index":"index","follow":"follow","max-snippet":"max-snippet:-1","max-image-preview":"max-image-preview:large","max-video-preview":"max-video-preview:-1"},"canonical":"https:\/\/franciscanos.org.br\/noticias\/a-corrupcao-fede-diz-o-papa-em-napoles.html","og_locale":"pt_BR","og_type":"article","og_title":"\"A corrup\u00e7\u00e3o fede\", diz o Papa em N\u00e1poles - Not\u00edcias - Franciscanos","og_description":"Viagem Apost\u00f3lica a N\u00e1poles","og_url":"https:\/\/franciscanos.org.br\/noticias\/a-corrupcao-fede-diz-o-papa-em-napoles.html","og_site_name":"Not\u00edcias - Franciscanos","article_published_time":"2015-03-22T19:21:53+00:00","article_modified_time":"2020-06-10T18:58:57+00:00","og_image":[{"url":"https:\/\/franciscanos.org.br\/noticias\/wp-content\/uploads\/2015\/03\/francesco_papa.png"}],"author":"admin","twitter_card":"summary_large_image","twitter_misc":{"Escrito por":"admin","Est. tempo de leitura":"9 minutos"},"schema":{"@context":"https:\/\/schema.org","@graph":[{"@type":"WebSite","@id":"https:\/\/franciscanos.org.br\/noticias\/#website","url":"https:\/\/franciscanos.org.br\/noticias\/","name":"Not\u00edcias - Franciscanos","description":"Prov\u00edncia Franciscana da Imaculada Concei\u00e7\u00e3o do Brasil - Ordem dos Frades Menores - OFM","potentialAction":[{"@type":"SearchAction","target":{"@type":"EntryPoint","urlTemplate":"https:\/\/franciscanos.org.br\/noticias\/?s={search_term_string}"},"query-input":"required name=search_term_string"}],"inLanguage":"pt-BR"},{"@type":"ImageObject","inLanguage":"pt-BR","@id":"https:\/\/franciscanos.org.br\/noticias\/a-corrupcao-fede-diz-o-papa-em-napoles.html#primaryimage","url":"https:\/\/franciscanos.org.br\/noticias\/wp-content\/uploads\/2015\/03\/francesco_papa.png","contentUrl":"https:\/\/franciscanos.org.br\/noticias\/wp-content\/uploads\/2015\/03\/francesco_papa.png","width":890,"height":501},{"@type":"WebPage","@id":"https:\/\/franciscanos.org.br\/noticias\/a-corrupcao-fede-diz-o-papa-em-napoles.html#webpage","url":"https:\/\/franciscanos.org.br\/noticias\/a-corrupcao-fede-diz-o-papa-em-napoles.html","name":"\"A corrup\u00e7\u00e3o fede\", diz o Papa em N\u00e1poles - Not\u00edcias - Franciscanos","isPartOf":{"@id":"https:\/\/franciscanos.org.br\/noticias\/#website"},"primaryImageOfPage":{"@id":"https:\/\/franciscanos.org.br\/noticias\/a-corrupcao-fede-diz-o-papa-em-napoles.html#primaryimage"},"datePublished":"2015-03-22T19:21:53+00:00","dateModified":"2020-06-10T18:58:57+00:00","author":{"@id":"https:\/\/franciscanos.org.br\/noticias\/#\/schema\/person\/b38fbf43118f02820bd932f2e4b14ad3"},"breadcrumb":{"@id":"https:\/\/franciscanos.org.br\/noticias\/a-corrupcao-fede-diz-o-papa-em-napoles.html#breadcrumb"},"inLanguage":"pt-BR","potentialAction":[{"@type":"ReadAction","target":["https:\/\/franciscanos.org.br\/noticias\/a-corrupcao-fede-diz-o-papa-em-napoles.html"]}]},{"@type":"BreadcrumbList","@id":"https:\/\/franciscanos.org.br\/noticias\/a-corrupcao-fede-diz-o-papa-em-napoles.html#breadcrumb","itemListElement":[{"@type":"ListItem","position":1,"name":"Home","item":"https:\/\/franciscanos.org.br\/noticias"},{"@type":"ListItem","position":2,"name":"&#8220;A corrup\u00e7\u00e3o fede&#8221;, diz o Papa em N\u00e1poles"}]},{"@type":"Person","@id":"https:\/\/franciscanos.org.br\/noticias\/#\/schema\/person\/b38fbf43118f02820bd932f2e4b14ad3","name":"admin","image":{"@type":"ImageObject","inLanguage":"pt-BR","@id":"https:\/\/franciscanos.org.br\/noticias\/#\/schema\/person\/image\/","url":"https:\/\/secure.gravatar.com\/avatar\/e8495742d34d0ba6448ea1c628263b3e?s=96&d=mm&r=g","contentUrl":"https:\/\/secure.gravatar.com\/avatar\/e8495742d34d0ba6448ea1c628263b3e?s=96&d=mm&r=g","caption":"admin"},"url":"https:\/\/franciscanos.org.br\/noticias\/author\/admin"}]}},"_links":{"self":[{"href":"https:\/\/franciscanos.org.br\/noticias\/wp-json\/wp\/v2\/posts\/81807"}],"collection":[{"href":"https:\/\/franciscanos.org.br\/noticias\/wp-json\/wp\/v2\/posts"}],"about":[{"href":"https:\/\/franciscanos.org.br\/noticias\/wp-json\/wp\/v2\/types\/post"}],"author":[{"embeddable":true,"href":"https:\/\/franciscanos.org.br\/noticias\/wp-json\/wp\/v2\/users\/1"}],"replies":[{"embeddable":true,"href":"https:\/\/franciscanos.org.br\/noticias\/wp-json\/wp\/v2\/comments?post=81807"}],"version-history":[{"count":1,"href":"https:\/\/franciscanos.org.br\/noticias\/wp-json\/wp\/v2\/posts\/81807\/revisions"}],"predecessor-version":[{"id":226095,"href":"https:\/\/franciscanos.org.br\/noticias\/wp-json\/wp\/v2\/posts\/81807\/revisions\/226095"}],"wp:attachment":[{"href":"https:\/\/franciscanos.org.br\/noticias\/wp-json\/wp\/v2\/media?parent=81807"}],"wp:term":[{"taxonomy":"category","embeddable":true,"href":"https:\/\/franciscanos.org.br\/noticias\/wp-json\/wp\/v2\/categories?post=81807"},{"taxonomy":"post_tag","embeddable":true,"href":"https:\/\/franciscanos.org.br\/noticias\/wp-json\/wp\/v2\/tags?post=81807"}],"curies":[{"name":"wp","href":"https:\/\/api.w.org\/{rel}","templated":true}]}}