{"id":81706,"date":"2015-03-20T06:00:14","date_gmt":"2015-03-20T09:00:14","guid":{"rendered":"http:\/\/franciscanos.org.br\/?p=81706"},"modified":"2020-02-13T09:50:02","modified_gmt":"2020-02-13T12:50:02","slug":"de-grao-em-grao","status":"publish","type":"post","link":"https:\/\/franciscanos.org.br\/noticias\/de-grao-em-grao.html","title":{"rendered":"De gr\u00e3o em gr\u00e3o&#8230;"},"content":{"rendered":"<p><img loading=\"lazy\" class=\"alignnone size-full wp-image-196778\" src=\"https:\/\/franciscanos.org.br\/noticias\/wp-content\/uploads\/2015\/03\/liturgia_home_22-820.jpg\" alt=\"\" width=\"820\" height=\"485\" srcset=\"https:\/\/franciscanos.org.br\/noticias\/wp-content\/uploads\/2015\/03\/liturgia_home_22-820.jpg 820w, https:\/\/franciscanos.org.br\/noticias\/wp-content\/uploads\/2015\/03\/liturgia_home_22-820-450x266.jpg 450w, https:\/\/franciscanos.org.br\/noticias\/wp-content\/uploads\/2015\/03\/liturgia_home_22-820-768x454.jpg 768w, https:\/\/franciscanos.org.br\/noticias\/wp-content\/uploads\/2015\/03\/liturgia_home_22-820-150x89.jpg 150w\" sizes=\"(max-width: 820px) 100vw, 820px\" \/><\/p>\n<p><strong>Frei Gustavo Medella<\/strong><\/p>\n<p>\u201cSe o gr\u00e3o de trigo que cai na terra n\u00e3o morre, ele continua s\u00f3 um gr\u00e3o de trigo. Mas se morre, ent\u00e3o produz muito fruto\u201d. Nesta frase, que est\u00e1 no Evangelho de Jo 12,20-33, que comp\u00f5e a liturgia deste quinto domingo da Quaresma, Jesus Cristo usa a met\u00e1fora do gr\u00e3o de trigo para falar de si mesmo. Ele queria desta forma mostrar que, sua morte, ainda que sofrida e injusta, seria fonte de vida para o mundo. E a principal garantia de Cristo era sua total fidelidade ao projeto do Reino de Deus. Ele foi fiel at\u00e9 o fim.<\/p>\n<p>A din\u00e2mica do gr\u00e3o de trigo tamb\u00e9m pode ser aplicada a toda vida humana. Todos os dias, mesmo sem perceber, agimos da mesma forma que o gr\u00e3o de trigo: morremos para gerar frutos. Todo sacrif\u00edcio que fazemos em benef\u00edcio do pr\u00f3ximo n\u00e3o deixa de ser uma pequena morte, mas \u00e9 morte que gera a vida.<\/p>\n<p>Bom exemplo \u00e9 o da m\u00e3e que, de madrugada, se levanta para acudir seu beb\u00ea que est\u00e1 chorando. Naquele momento ela morreu para seu sono, para sua pregui\u00e7a, para a vontade de ficar dormindo. Foi capaz de sacrificar-se porque algu\u00e9m que ela ama estava precisando de seu socorro.<\/p>\n<p>Outra situa\u00e7\u00e3o de \u201cmorte para si mesmo\u201d \u00e9 o casamento: mais uma vez se morre para gerar vida. Marido e mulher precisam se transformar mutuamente, um se adequando ao outro. Caminhando desta forma s\u00e3o capazes de construir uma uni\u00e3o feliz.<\/p>\n<p>Como vimos, a vida \u00e9 um constante morrer, mas esta constata\u00e7\u00e3o n\u00e3o quer trazer medo ou tristeza a ningu\u00e9m. Ela pretende apenas recordar que vida e morte caminham de m\u00e3os dadas, uma gerando a outra. Mesmo com toda dor e saudade, somos convidados a lan\u00e7ar este olhar de esperan\u00e7a tamb\u00e9m sobre as situa\u00e7\u00f5es de perda e morte que enfrentamos. Sempre que a tristeza vier, pegue a B\u00edblia e leia mais uma vez a Palavra que Jesus: Se o gr\u00e3o de trigo, ca\u00eddo na terra, n\u00e3o morrer, fica s\u00f3; se morrer, produz muito fruto.<\/p>\n","protected":false},"excerpt":{"rendered":"<p>Liturgia Dominical<\/p>\n","protected":false},"author":1,"featured_media":219927,"comment_status":"open","ping_status":"open","sticky":false,"template":"","format":"standard","meta":[],"categories":[1],"tags":[537],"acf":[],"yoast_head":"<!-- This site is optimized with the Yoast SEO plugin v19.2 - https:\/\/yoast.com\/wordpress\/plugins\/seo\/ -->\n<title>De gr\u00e3o em gr\u00e3o... - Not\u00edcias - Franciscanos<\/title>\n<meta name=\"robots\" content=\"index, follow, max-snippet:-1, max-image-preview:large, max-video-preview:-1\" \/>\n<link rel=\"canonical\" href=\"https:\/\/franciscanos.org.br\/noticias\/de-grao-em-grao.html\" \/>\n<meta property=\"og:locale\" content=\"pt_BR\" \/>\n<meta property=\"og:type\" content=\"article\" \/>\n<meta property=\"og:title\" content=\"De gr\u00e3o em gr\u00e3o... - Not\u00edcias - Franciscanos\" \/>\n<meta property=\"og:description\" content=\"Liturgia Dominical\" \/>\n<meta property=\"og:url\" content=\"https:\/\/franciscanos.org.br\/noticias\/de-grao-em-grao.html\" \/>\n<meta property=\"og:site_name\" content=\"Not\u00edcias - Franciscanos\" \/>\n<meta property=\"article:published_time\" content=\"2015-03-20T09:00:14+00:00\" \/>\n<meta property=\"article:modified_time\" content=\"2020-02-13T12:50:02+00:00\" \/>\n<meta property=\"og:image\" content=\"https:\/\/franciscanos.org.br\/noticias\/wp-content\/uploads\/2015\/03\/liturgia_home_22-820-1.jpg\" \/>\n\t<meta property=\"og:image:width\" content=\"273\" \/>\n\t<meta property=\"og:image:height\" content=\"181\" \/>\n\t<meta property=\"og:image:type\" content=\"image\/jpeg\" \/>\n<meta name=\"author\" content=\"admin\" \/>\n<meta name=\"twitter:card\" content=\"summary_large_image\" \/>\n<meta name=\"twitter:label1\" content=\"Escrito por\" \/>\n\t<meta name=\"twitter:data1\" content=\"admin\" \/>\n\t<meta name=\"twitter:label2\" content=\"Est. tempo de leitura\" \/>\n\t<meta name=\"twitter:data2\" content=\"2 minutos\" \/>\n<script type=\"application\/ld+json\" class=\"yoast-schema-graph\">{\"@context\":\"https:\/\/schema.org\",\"@graph\":[{\"@type\":\"WebSite\",\"@id\":\"https:\/\/franciscanos.org.br\/noticias\/#website\",\"url\":\"https:\/\/franciscanos.org.br\/noticias\/\",\"name\":\"Not\u00edcias - Franciscanos\",\"description\":\"Prov\u00edncia Franciscana da Imaculada Concei\u00e7\u00e3o do Brasil - Ordem dos Frades Menores - OFM\",\"potentialAction\":[{\"@type\":\"SearchAction\",\"target\":{\"@type\":\"EntryPoint\",\"urlTemplate\":\"https:\/\/franciscanos.org.br\/noticias\/?s={search_term_string}\"},\"query-input\":\"required name=search_term_string\"}],\"inLanguage\":\"pt-BR\"},{\"@type\":\"ImageObject\",\"inLanguage\":\"pt-BR\",\"@id\":\"https:\/\/franciscanos.org.br\/noticias\/de-grao-em-grao.html#primaryimage\",\"url\":\"https:\/\/franciscanos.org.br\/noticias\/wp-content\/uploads\/2015\/03\/liturgia_home_22-820-1.jpg\",\"contentUrl\":\"https:\/\/franciscanos.org.br\/noticias\/wp-content\/uploads\/2015\/03\/liturgia_home_22-820-1.jpg\",\"width\":273,\"height\":181},{\"@type\":\"WebPage\",\"@id\":\"https:\/\/franciscanos.org.br\/noticias\/de-grao-em-grao.html#webpage\",\"url\":\"https:\/\/franciscanos.org.br\/noticias\/de-grao-em-grao.html\",\"name\":\"De gr\u00e3o em gr\u00e3o... - Not\u00edcias - Franciscanos\",\"isPartOf\":{\"@id\":\"https:\/\/franciscanos.org.br\/noticias\/#website\"},\"primaryImageOfPage\":{\"@id\":\"https:\/\/franciscanos.org.br\/noticias\/de-grao-em-grao.html#primaryimage\"},\"datePublished\":\"2015-03-20T09:00:14+00:00\",\"dateModified\":\"2020-02-13T12:50:02+00:00\",\"author\":{\"@id\":\"https:\/\/franciscanos.org.br\/noticias\/#\/schema\/person\/b38fbf43118f02820bd932f2e4b14ad3\"},\"breadcrumb\":{\"@id\":\"https:\/\/franciscanos.org.br\/noticias\/de-grao-em-grao.html#breadcrumb\"},\"inLanguage\":\"pt-BR\",\"potentialAction\":[{\"@type\":\"ReadAction\",\"target\":[\"https:\/\/franciscanos.org.br\/noticias\/de-grao-em-grao.html\"]}]},{\"@type\":\"BreadcrumbList\",\"@id\":\"https:\/\/franciscanos.org.br\/noticias\/de-grao-em-grao.html#breadcrumb\",\"itemListElement\":[{\"@type\":\"ListItem\",\"position\":1,\"name\":\"Home\",\"item\":\"https:\/\/franciscanos.org.br\/noticias\"},{\"@type\":\"ListItem\",\"position\":2,\"name\":\"De gr\u00e3o em gr\u00e3o&#8230;\"}]},{\"@type\":\"Person\",\"@id\":\"https:\/\/franciscanos.org.br\/noticias\/#\/schema\/person\/b38fbf43118f02820bd932f2e4b14ad3\",\"name\":\"admin\",\"image\":{\"@type\":\"ImageObject\",\"inLanguage\":\"pt-BR\",\"@id\":\"https:\/\/franciscanos.org.br\/noticias\/#\/schema\/person\/image\/\",\"url\":\"https:\/\/secure.gravatar.com\/avatar\/e8495742d34d0ba6448ea1c628263b3e?s=96&d=mm&r=g\",\"contentUrl\":\"https:\/\/secure.gravatar.com\/avatar\/e8495742d34d0ba6448ea1c628263b3e?s=96&d=mm&r=g\",\"caption\":\"admin\"},\"url\":\"https:\/\/franciscanos.org.br\/noticias\/author\/admin\"}]}<\/script>\n<!-- \/ Yoast SEO plugin. -->","yoast_head_json":{"title":"De gr\u00e3o em gr\u00e3o... - Not\u00edcias - Franciscanos","robots":{"index":"index","follow":"follow","max-snippet":"max-snippet:-1","max-image-preview":"max-image-preview:large","max-video-preview":"max-video-preview:-1"},"canonical":"https:\/\/franciscanos.org.br\/noticias\/de-grao-em-grao.html","og_locale":"pt_BR","og_type":"article","og_title":"De gr\u00e3o em gr\u00e3o... - Not\u00edcias - Franciscanos","og_description":"Liturgia Dominical","og_url":"https:\/\/franciscanos.org.br\/noticias\/de-grao-em-grao.html","og_site_name":"Not\u00edcias - Franciscanos","article_published_time":"2015-03-20T09:00:14+00:00","article_modified_time":"2020-02-13T12:50:02+00:00","og_image":[{"width":273,"height":181,"url":"https:\/\/franciscanos.org.br\/noticias\/wp-content\/uploads\/2015\/03\/liturgia_home_22-820-1.jpg","type":"image\/jpeg"}],"author":"admin","twitter_card":"summary_large_image","twitter_misc":{"Escrito por":"admin","Est. tempo de leitura":"2 minutos"},"schema":{"@context":"https:\/\/schema.org","@graph":[{"@type":"WebSite","@id":"https:\/\/franciscanos.org.br\/noticias\/#website","url":"https:\/\/franciscanos.org.br\/noticias\/","name":"Not\u00edcias - Franciscanos","description":"Prov\u00edncia Franciscana da Imaculada Concei\u00e7\u00e3o do Brasil - Ordem dos Frades Menores - OFM","potentialAction":[{"@type":"SearchAction","target":{"@type":"EntryPoint","urlTemplate":"https:\/\/franciscanos.org.br\/noticias\/?s={search_term_string}"},"query-input":"required name=search_term_string"}],"inLanguage":"pt-BR"},{"@type":"ImageObject","inLanguage":"pt-BR","@id":"https:\/\/franciscanos.org.br\/noticias\/de-grao-em-grao.html#primaryimage","url":"https:\/\/franciscanos.org.br\/noticias\/wp-content\/uploads\/2015\/03\/liturgia_home_22-820-1.jpg","contentUrl":"https:\/\/franciscanos.org.br\/noticias\/wp-content\/uploads\/2015\/03\/liturgia_home_22-820-1.jpg","width":273,"height":181},{"@type":"WebPage","@id":"https:\/\/franciscanos.org.br\/noticias\/de-grao-em-grao.html#webpage","url":"https:\/\/franciscanos.org.br\/noticias\/de-grao-em-grao.html","name":"De gr\u00e3o em gr\u00e3o... - Not\u00edcias - Franciscanos","isPartOf":{"@id":"https:\/\/franciscanos.org.br\/noticias\/#website"},"primaryImageOfPage":{"@id":"https:\/\/franciscanos.org.br\/noticias\/de-grao-em-grao.html#primaryimage"},"datePublished":"2015-03-20T09:00:14+00:00","dateModified":"2020-02-13T12:50:02+00:00","author":{"@id":"https:\/\/franciscanos.org.br\/noticias\/#\/schema\/person\/b38fbf43118f02820bd932f2e4b14ad3"},"breadcrumb":{"@id":"https:\/\/franciscanos.org.br\/noticias\/de-grao-em-grao.html#breadcrumb"},"inLanguage":"pt-BR","potentialAction":[{"@type":"ReadAction","target":["https:\/\/franciscanos.org.br\/noticias\/de-grao-em-grao.html"]}]},{"@type":"BreadcrumbList","@id":"https:\/\/franciscanos.org.br\/noticias\/de-grao-em-grao.html#breadcrumb","itemListElement":[{"@type":"ListItem","position":1,"name":"Home","item":"https:\/\/franciscanos.org.br\/noticias"},{"@type":"ListItem","position":2,"name":"De gr\u00e3o em gr\u00e3o&#8230;"}]},{"@type":"Person","@id":"https:\/\/franciscanos.org.br\/noticias\/#\/schema\/person\/b38fbf43118f02820bd932f2e4b14ad3","name":"admin","image":{"@type":"ImageObject","inLanguage":"pt-BR","@id":"https:\/\/franciscanos.org.br\/noticias\/#\/schema\/person\/image\/","url":"https:\/\/secure.gravatar.com\/avatar\/e8495742d34d0ba6448ea1c628263b3e?s=96&d=mm&r=g","contentUrl":"https:\/\/secure.gravatar.com\/avatar\/e8495742d34d0ba6448ea1c628263b3e?s=96&d=mm&r=g","caption":"admin"},"url":"https:\/\/franciscanos.org.br\/noticias\/author\/admin"}]}},"_links":{"self":[{"href":"https:\/\/franciscanos.org.br\/noticias\/wp-json\/wp\/v2\/posts\/81706"}],"collection":[{"href":"https:\/\/franciscanos.org.br\/noticias\/wp-json\/wp\/v2\/posts"}],"about":[{"href":"https:\/\/franciscanos.org.br\/noticias\/wp-json\/wp\/v2\/types\/post"}],"author":[{"embeddable":true,"href":"https:\/\/franciscanos.org.br\/noticias\/wp-json\/wp\/v2\/users\/1"}],"replies":[{"embeddable":true,"href":"https:\/\/franciscanos.org.br\/noticias\/wp-json\/wp\/v2\/comments?post=81706"}],"version-history":[{"count":0,"href":"https:\/\/franciscanos.org.br\/noticias\/wp-json\/wp\/v2\/posts\/81706\/revisions"}],"wp:featuredmedia":[{"embeddable":true,"href":"https:\/\/franciscanos.org.br\/noticias\/wp-json\/wp\/v2\/media\/219927"}],"wp:attachment":[{"href":"https:\/\/franciscanos.org.br\/noticias\/wp-json\/wp\/v2\/media?parent=81706"}],"wp:term":[{"taxonomy":"category","embeddable":true,"href":"https:\/\/franciscanos.org.br\/noticias\/wp-json\/wp\/v2\/categories?post=81706"},{"taxonomy":"post_tag","embeddable":true,"href":"https:\/\/franciscanos.org.br\/noticias\/wp-json\/wp\/v2\/tags?post=81706"}],"curies":[{"name":"wp","href":"https:\/\/api.w.org\/{rel}","templated":true}]}}