{"id":81486,"date":"2015-03-16T12:07:28","date_gmt":"2015-03-16T15:07:28","guid":{"rendered":"http:\/\/franciscanos.org.br\/?p=81486"},"modified":"2019-01-24T13:15:39","modified_gmt":"2019-01-24T15:15:39","slug":"lancamentos-da-semana-editora-vozes","status":"publish","type":"post","link":"https:\/\/franciscanos.org.br\/noticias\/lancamentos-da-semana-editora-vozes.html","title":{"rendered":"Lan\u00e7amentos da semana &#8211; Editora Vozes"},"content":{"rendered":"<h3><strong><a href=\"http:\/\/franciscanos.org.br\/wp-content\/uploads\/2015\/03\/CARTAS-DE-ESPERANCA.jpg\"><img loading=\"lazy\" class=\"alignleft size-full wp-image-81487\" src=\"http:\/\/franciscanos.org.br\/wp-content\/uploads\/2015\/03\/CARTAS-DE-ESPERANCA.jpg\" alt=\"CARTAS-DE-ESPERANCA\" width=\"200\" height=\"317\" \/><\/a>Cartas de esperan\u00e7a em tempos de ditadura<\/strong><\/h3>\n<p><em>Frei Betto e Leonardo Boff escrevem a Alceu Amoroso Lima<\/em><br \/>\n<em>Organiza\u00e7\u00e3o, introdu\u00e7\u00e3o e notas de Leandro Garcia Rodrigues<\/em><\/p>\n<p>As 25 cartas que comp\u00f5em este epistol\u00e1rio n\u00e3o s\u00e3o apenas \u201ccartas da pris\u00e3o\u201d, s\u00e3o cartas das \u201ccatacumbas p\u00f3s-modernas\u201d. Existenciais, circunstanciais, cuja no\u00e7\u00e3o de encarceramento n\u00e3o se reduz apenas \u00e0s dimens\u00f5es f\u00edsicas da pr\u00f3pria cela, da cadeia; barreiras estas transpostas pelas diversas cartas que circulavam, entrando ou saindo de tais masmorras, acenando com a liberdade vindoura \u2013 para alguns detentos; e\/ou a despedida \u2013 para aqueles que de l\u00e1 n\u00e3o sa\u00edram.<br \/>\nMais do que cartas da pris\u00e3o, s\u00e3o textos que evocam a liberdade, que clamam por este direito t\u00e3o b\u00e1sico do ser humano. Neste sentido, Alceu Amoroso Lima foi o destinat\u00e1rio de Frei Betto e Leonardo Boff, cujas missivas n\u00e3o apenas denunciavam as torturas e os desmandos do Regime Civil-militar instaurado em 1964, mas tamb\u00e9m evocavam \u2013 e clamavam \u2013 por justi\u00e7a e liberta\u00e7\u00e3o, valores estes que Alceu defendeu veementemente nas in\u00fameras cr\u00f4nicas que publicou nos jornais brasileiros daquele momento. S\u00e3o \u201cdocumentos para amanh\u00e3\u201d, na express\u00e3o do pr\u00f3prio Alceu, documentos para se (re)avaliar a hist\u00f3ria contempor\u00e2nea do Brasil.<\/p>\n<p style=\"padding-left: 30px;\"><em>Leandro Garcia Rodrigues \u00e9 doutor e p\u00f3s-doutor em Estudos Lietar\u00e1rios pela PUC-Rio. \u00c9 autor de \u201cAlceu Amoroso Lima: cultura, religi\u00e3o e vida liter\u00e1ria\u201d (Edusp, 2012) e organizou os seguintes epistol\u00e1rios rec\u00edprocos: \u201cCorrespond\u00eancia Carlos Drummond de Andrade e Alceu Amoroso Lima\u201d (UFMG, 2014) e \u201cCorrespond\u00eancia M\u00e1rio de Andrade e Alceu Amoroso Lima\u201d (Edusp, 2014).<\/em><\/p>\n<p><strong>N\u00ba DE P\u00c1GINAS: 240<\/strong><\/p>\n<h3><strong><a href=\"http:\/\/franciscanos.org.br\/wp-content\/uploads\/2015\/03\/DOGMATICA-CATOLICA.jpg\"><img loading=\"lazy\" class=\"alignleft size-full wp-image-81488\" src=\"http:\/\/franciscanos.org.br\/wp-content\/uploads\/2015\/03\/DOGMATICA-CATOLICA.jpg\" alt=\"DOGMATICA-CATOLICA\" width=\"200\" height=\"244\" \/><\/a>Dogm\u00e1tica cat\u00f3lica<\/strong><\/h3>\n<p><strong>Gerhard Ludwig M\u00fcller<\/strong><\/p>\n<p>Dogm\u00e1tica cat\u00f3lica \u00e9 um manual did\u00e1tico compacto, escrito por um \u00fanico autor, com uma clara diretriz e enfoque antropol\u00f3gico. Cont\u00e9m todos os tratados e foi desenvolvido sob o ponto de vista b\u00edblico, hist\u00f3rico-teol\u00f3gico e sistem\u00e1tico.<br \/>\nO presente projeto sistem\u00e1tico leva em conta a situa\u00e7\u00e3o espec\u00edfica e sempre cambiante em que o ser humano se aproxima dos temas da Teologia. Para al\u00e9m de uma divis\u00e3o mec\u00e2nica dos tratados, a \u201cDogm\u00e1tica Cat\u00f3lica\u201d \u00e9 uma tentativa de esclarecer a coordena\u00e7\u00e3o interna e a compenetra\u00e7\u00e3o rec\u00edproca dos eixos tem\u00e1ticos. Segundo M\u00fcller, a teologia nunca pode se dar apenas a partir de uma \u00fanica perspectiva, mas deve sempre dirigir o olhar para a realidade inteira da alian\u00e7a de Deus com o ser humano.<br \/>\nA \u00eanfase deste manual de \u201cDogm\u00e1tica Cat\u00f3lica\u201d est\u00e1 em possibilitar uma orienta\u00e7\u00e3o inicial e atender \u00e0 necessidade de uma certifica\u00e7\u00e3o sobre a origem, a dire\u00e7\u00e3o e o futuro da f\u00e9 crist\u00e3. E busca transmitir os fundamentos primeiros bem como propiciar os impulsos para o aprofundamento dos conhecimentos de f\u00e9.<\/p>\n<p style=\"padding-left: 30px;\"><em>Gerhard Ludwig M\u00fcller nasceu em 1947; at\u00e9 2001 foi professor de Dogm\u00e1tica na Faculdade de Teologia da Universidade de Munique; desde novembro de 2002, \u00e9 bispo da diocese de Ratisbona.<\/em><\/p>\n<p><strong>N\u00ba DE P\u00c1GINAS:\u00a0704<\/strong><\/p>\n<h3><strong><a href=\"http:\/\/franciscanos.org.br\/wp-content\/uploads\/2015\/03\/HISTORAIA-DA-REPUBLICA.jpg\"><img loading=\"lazy\" class=\"alignleft size-full wp-image-81489\" src=\"http:\/\/franciscanos.org.br\/wp-content\/uploads\/2015\/03\/HISTORAIA-DA-REPUBLICA.jpg\" alt=\"HISTORAIA-DA-REPUBLICA\" width=\"200\" height=\"297\" \/><\/a>Hist\u00f3ria da Rep\u00fablica Romana<\/strong><\/h3>\n<p><strong>Henrique Modanez de Sant\u2019Anna<\/strong><\/p>\n<p>Situada entre a diplomacia e a viol\u00eancia, a hist\u00f3ria da Rep\u00fablica Romana testemunhou grandes realiza\u00e7\u00f5es e infort\u00fanios, oferecendo ao homem antigo material suficiente para o registro de suas percep\u00e7\u00f5es sobre o mundo no qual se via inserido. Atualmente historiadores enxergam essa realidade passada como parte de uma hist\u00f3ria mais ampla de Roma, tendo as fontes antigas como guia para o que pode ou n\u00e3o ser dito sobre ela. Em suas especificidades, a Rep\u00fablica romana apresenta-se ao historiador com a mesma import\u00e2ncia hist\u00f3rica frequentemente atribu\u00edda ao Imp\u00e9rio, sendo n\u00e3o apenas a forma de governo que o antecedeu, mas tamb\u00e9m o que lhe possibilitou a exist\u00eancia.<br \/>\nEste livro representa um esfor\u00e7o de s\u00edntese e an\u00e1lise dos eventos mais importantes dessa hist\u00f3ria, de modo a levar o leitor a pensar criticamente sobre ela. A estrat\u00e9gia did\u00e1tica adotada passa pela apresenta\u00e7\u00e3o de conte\u00fado factual suficiente para a reflex\u00e3o sobre quest\u00f5es hist\u00f3ricas fundamentais, sempre baseando os argumentos no que pode ou n\u00e3o ser extra\u00eddo das fontes.<br \/>\nO prop\u00f3sito deste livro \u00e9 o de oferecer ao leitor uma s\u00edntese hist\u00f3rica suficientemente densa, sem, no entanto, realizar um esfor\u00e7o de verticaliza\u00e7\u00e3o que a descaracterize. \u00c9 destinado, portanto, aos que necessitam aprofundar seus conhecimentos em hist\u00f3ria antiga, ou \u00e0quele que queira iniciar de modo mais direcionado suas pesquisas sobre a hist\u00f3ria de Roma.<\/p>\n<p><em>Henrique Modanez de Sant\u2019Anna \u00e9 Professor de Hist\u00f3ria Antiga da Universidade de Bras\u00edlia (UnB), atuando no curso de gradua\u00e7\u00e3o oferecido pelo Departamento de Hist\u00f3ria e no respectivo Programa de P\u00f3s-Gradua\u00e7\u00e3o. Doutorou-se em 2011, na mesma universidade, ap\u00f3s cumprir est\u00e1gios de pesquisa na Funda\u00e7\u00e3o Hardt (Genebra, Su\u00ed\u00e7a) e na Universidade da Calif\u00f3rnia (Berkeley, EUA). Entre 2012 e 2013, foi Fellow in Hellenic Studies do Harvard Center for Hellenic Studies, com um projeto de pesquisa sobre tipos de domina\u00e7\u00e3o leg\u00edtima na monarquia helen\u00edstica (323-278 a.C.). Autor de artigos em revistas especializadas e publicou, tamb\u00e9m, um estudo introdut\u00f3rio sobre Alexandre Magno pela Universidade de Coimbra (2011).<\/em><\/p>\n<p><strong>N\u00ba DE P\u00c1GINAS:\u00a0200<\/strong><\/p>\n<h3><strong><a href=\"http:\/\/franciscanos.org.br\/wp-content\/uploads\/2015\/03\/A-ESPIRITUALIDADE-DE-FRANCISCO.jpg\"><img loading=\"lazy\" class=\"alignleft size-full wp-image-81490\" src=\"http:\/\/franciscanos.org.br\/wp-content\/uploads\/2015\/03\/A-ESPIRITUALIDADE-DE-FRANCISCO.jpg\" alt=\"A-ESPIRITUALIDADE-DE-FRANCISCO\" width=\"200\" height=\"315\" \/><\/a>A espiritualidade do Franciscano Secular<\/strong><\/h3>\n<p><em>Exemplo e Proposta de Francisco de Assis<\/em><br \/>\n<strong>Frei Alberto Beckh\u00e4user, OFM<\/strong><\/p>\n<p>A Espiritualidade do Franciscano Secular juntou num s\u00f3 volume duas obras de Frei Alberto Beckh\u00e4user sobre a Regra e Vida dos Franciscanos Seculares ou a sua Forma de Vida, renovada a pedido do Concilio Vaticano II e aprovada pelo papa Paulo VI em 1978.<br \/>\nO primeiro desses livros foi o \u201cComent\u00e1rio Espiritual \u00e0 Regra da Ordem Franciscana Secular\u201d, publicado em sua 1\u00aa edi\u00e7\u00e3o em 1990 em coedi\u00e7\u00e3o de Vozes e CEFEPAL. Faltando um Coment\u00e1rio ao Pr\u00f3logo da Regra que consta da \u201cCarta de S\u00e3o Francisco a Todos os Fi\u00e9is\u201d, saiu em 2001 o livro \u201cMeu Deus e meu Tudo &#8211; Mensagem de S\u00e3o Francisco de Assis aos Fi\u00e9is Penitentes\u201d em coedi\u00e7\u00e3o de FFB, Vozes e OFS.<br \/>\nS\u00e3o obras fundamentais tanto para a inicia\u00e7\u00e3o \u00e0 vida franciscana secular como para o conhecimento da espiritualidade franciscana secular, sendo de proveito tamb\u00e9m para os crist\u00e3os em geral, simpatizantes dos ideais e da espiritualidade de S\u00e3o Francisco de Assis.<\/p>\n<p><em>Frei Alberto Beckh\u00e4user, OFM, \u00e9 natural de Forquilhinha, SC. Doutorado em Teologia com Especializa\u00e7\u00e3o em Liturgia defendeu tese sobre o Culto dos Santos. Desde 1967 acompanha de perto a grande caminhada p\u00f3s-conciliar da reforma e da renova\u00e7\u00e3o lit\u00fargicas no Brasil, da qual se tornou um dos protagonistas.Ao lado dessa intensa atividade, dedicou um tempo consider\u00e1vel \u00e0 Assist\u00eancia da Ordem Franciscana Secular. Exerceu a fun\u00e7\u00e3o de Assistente em todos os n\u00edveis, destacando-se sua atua\u00e7\u00e3o como Assistente Nacional durante 20 anos. Dedicou v\u00e1rios livros e in\u00fameros artigos ao aprofundamento do carisma e da espiritualidade do Franciscano Secular.Frei Alberto continua a escrever. Tem em torno de 30 livros sobre a Sagrada Liturgia publicados. D\u00e1 cursos e palestras. Leciona Liturgia em v\u00e1rias Escolas Teol\u00f3gicas como o Semin\u00e1rio Diocesano de Petr\u00f3polis, o Semin\u00e1rio de Caratinga, MG e o Instituto Teol\u00f3gico Franciscano em Petr\u00f3polis. Atualmente \u00e9 Assistente espiritual da Fraternidade Franciscana Secular de Nossa Senhora dos Anjos, em Petr\u00f3polis.<\/em><\/p>\n<p><strong>N\u00ba DE P\u00c1GINAS:\u00a0264<\/strong><\/p>\n<h3><strong><a href=\"http:\/\/franciscanos.org.br\/wp-content\/uploads\/2015\/03\/SERENIDADE-MENTAL.jpg\"><img loading=\"lazy\" class=\"alignleft size-full wp-image-81491\" src=\"http:\/\/franciscanos.org.br\/wp-content\/uploads\/2015\/03\/SERENIDADE-MENTAL.jpg\" alt=\"SERENIDADE-MENTAL\" width=\"200\" height=\"319\" \/><\/a>Serenidade Mental \u2013 Decida com lucidez<\/strong><\/h3>\n<p><strong>Miriam Subirana<\/strong><\/p>\n<p>Miriam Subirana combina a sabedoria do pensamento oriental com a intelig\u00eancia espiritual, e utiliza a criatividade como t\u00e9cnica de coaching e de medita\u00e7\u00e3o. Nesta nova obra ela defende que a pr\u00e1tica regular da medita\u00e7\u00e3o \u00e9 o fundamento de sua serenidade mental, a chave para pensar e decidir com lucidez, uma vez que lhe permite entrar em contato com a ess\u00eancia imut\u00e1vel de seu ser, com o melhor de si, com a inst\u00e2ncia mais pura de sua natureza.<br \/>\nSegundo ela, \u00e9 uma experi\u00eancia de serenidade e concentra\u00e7\u00e3o essencial para a constru\u00e7\u00e3o de uma aut\u00eantica autoestima, de afirmar a seguran\u00e7a e confian\u00e7a em si mesmo e nos outros. A medita\u00e7\u00e3o o ajuda a reconhecer e compreender sua identidade verdadeira, original e aut\u00eantica como uma energia metaf\u00edsica, uma energia espiritual, que \u00e9 a base do pensamento elevado.<br \/>\nEsta obra lhe ajudar\u00e1 a: Confiar que cada desafio aparece porque voc\u00ea \u00e9 capaz de enfrent\u00e1-lo; Ser livre para ser feliz; Respeitar sua intui\u00e7\u00e3o; Ser forte; Ser aut\u00eantico e viver sua pr\u00f3pria vida; Atrever-se a ser diferente e acreditar em voc\u00ea.<\/p>\n<p><em>Miriam Subirana \u00e9 doutora em Belas Artes pela Universidade de Barcelona, artista, coach e diretora de YesOuiSi: Espa\u00e7o Internacional de Criatividade, Espiritualidade e Coaching. Combina a sabedoria do pensamento oriental com a intelig\u00eancia espiritual, habilidades de lideran\u00e7a e a Investiga\u00e7\u00e3o Apreciativa, a criatividade como t\u00e9cnica de coaching e de medita\u00e7\u00e3o. Al\u00e9m das confer\u00eancias e semin\u00e1rios em escolas de neg\u00f3cios, universidades e funda\u00e7\u00f5es do mundo inteiro, publicou in\u00fameros livros, traduzidos para v\u00e1rios idiomas. Colabora habitualmente com diversos meios de comunica\u00e7\u00e3o. info@miriamsubirana.com \/ www.miriamsubirana.com<\/em><\/p>\n<p><strong>N\u00ba DE P\u00c1GINAS:\u00a0152<\/strong><\/p>\n<h3><strong><a href=\"http:\/\/franciscanos.org.br\/wp-content\/uploads\/2015\/03\/PENSAR-BEM.jpg\"><img loading=\"lazy\" class=\"alignleft size-full wp-image-81492\" src=\"http:\/\/franciscanos.org.br\/wp-content\/uploads\/2015\/03\/PENSAR-BEM.jpg\" alt=\"PENSAR-BEM\" width=\"200\" height=\"307\" \/><\/a>Pensar bem nos faz bem! Vol. 3<\/strong><\/h3>\n<p><em>Pequenas reflex\u00f5es sobre grande temas<\/em><\/p>\n<p><strong>Mario Sergio Cortella<\/strong><\/p>\n<p>F\u00e9, sabedoria, conhecimento e forma\u00e7\u00e3o s\u00e3o temas bastante discutidos e relevantes para o ser humano na busca pela constru\u00e7\u00e3o de um indiv\u00edduo. Pode n\u00e3o parecer, mas todos t\u00eam uma liga\u00e7\u00e3o entre si, pois \u00e9 quase imposs\u00edvel discutir sobre f\u00e9 sem falar sobre sabedoria, ou ent\u00e3o sobre forma\u00e7\u00e3o e n\u00e3o falar sobre conhecimento.<br \/>\nTendo como inspira\u00e7\u00e3o esses temas, o autor Mario Sergio Cortella elaborou o terceiro volume do \u201cPensar bem nos faz bem! &#8211; Pequenas reflex\u00f5es sobre grandes temas\u201d. Como os dois volumes anteriores, o livro \u00e9 baseado nas falas di\u00e1rias do autor na r\u00e1dio CBN e trazem o olhar da Filosofia sobre temas do quotidiano.<br \/>\nPensar bem nos faz bem! Pensar de maneira nova o que vivemos, nos prop\u00f5e a Filosofia, indagar sobre as raz\u00f5es daquilo que fazemos, pensamos e olhamos, de forma a n\u00e3o ter uma vida autom\u00e1tica, marcada por um pensamento pouco cr\u00edtico, ou at\u00e9 por uma aliena\u00e7\u00e3o em rela\u00e7\u00e3o ao mundo objetivo.<\/p>\n<p><em>Mario Sergio Cortella, nascido em Londrina (PR) em 05\/03\/1954, fil\u00f3sofo e escritor, com Mestrado e Doutorado em Educa\u00e7\u00e3o, professor-titular da PUC-SP (na qual atuou por 35 anos, 1977\/2012), com doc\u00eancia e pesquisa na P\u00f3s-Gradua\u00e7\u00e3o em Educa\u00e7\u00e3o: Curr\u00edculo (1997\/2012) e no Departamento de Teologia e Ci\u00eancias da Religi\u00e3o (1977\/2007); \u00e9 professor-convidado da Funda\u00e7\u00e3o Dom Cabral (desde 1997) e ensinou no GVpec da FGV- SP (1998\/2010). Foi Secret\u00e1rio Municipal de Educa\u00e7\u00e3o de S\u00e3o Paulo (1991-1992), tendo antes sido Assessor Especial e Chefe de Gabinete do Prof. Paulo Freire. Comentarista da R\u00e1dio CBN no Academia CBN (rede nacional, de segunda a sexta-feira) e Escola da Vida (capital paulista as ter\u00e7as e quintas-feiras). \u00c9 autor, entre outras obras, de A Escola e o Conhecimento (Cortez), Nos Labirintos da Moral, com Yves de La Taille (Papirus), N\u00e3o Espere Pelo Epit\u00e1fio! (Vozes), N\u00e3o Nascemos Prontos! (Vozes), Sobre a Esperan\u00e7a: Di\u00e1logo, com Frei Betto (Papirus), O que \u00e9 a Pergunta?, com Silmara Casadei (Cortez), Lideran\u00e7a em Foco, com Eug\u00eanio Mussak (Papirus), Filosofia e Ensino M\u00e9dio: certas raz\u00f5es, alguns sen\u00f5es, uma proposta (Vozes), Viver em Paz para Morrer em Paz: Paix\u00e3o, Sentido e Felicidade (Versar\/Saraiva), Pol\u00edtica: Para N\u00e3o Ser Idiota, com Renato Janine Ribeiro (Papirus), Vida e Carreira: um equil\u00edbrio poss\u00edvel?, com Pedro Mandelli (Papirus), Educa\u00e7\u00e3o e Esperan\u00e7a: sete reflex\u00f5es breves para recusar o bioc\u00eddio (PoliSaber), Escola e Preconceito: Doc\u00eancia, Disc\u00eancia e Dec\u00eancia, com Janete Le\u00e3o Ferraz (\u00c1tica), Vivemos Mais! Vivemos Bem?, com Terezinha Azer\u00eado Rios (Papirus), N\u00e3o Se Desespere! (Vozes), Educa\u00e7\u00e3o, Escola e Doc\u00eancia: novos tempos, novas atitudes (Cortez), \u00c9tica e Vergonha na cara!, com Cl\u00f3vis de Barros Filho (Papirus), Pensatas Pedag\u00f3gicas: N\u00f3s e a Escola (Vozes) e Qual \u00e9 a tua Obra? Inquieta\u00e7\u00f5es Propositivas sobre Gest\u00e3o, Lideran\u00e7a e \u00c9tica (Vozes).<\/em><\/p>\n<p><strong>N\u00ba DE P\u00c1GINAS:\u00a0136<\/strong><\/p>\n<h3><strong><a href=\"http:\/\/franciscanos.org.br\/wp-content\/uploads\/2015\/03\/LIDERANCA-NUA.jpg\"><img loading=\"lazy\" class=\"alignleft size-full wp-image-81493\" src=\"http:\/\/franciscanos.org.br\/wp-content\/uploads\/2015\/03\/LIDERANCA-NUA.jpg\" alt=\"LIDERANCA-NUA\" width=\"200\" height=\"307\" \/><\/a>Lideran\u00e7a Nua e Crua \u2013 <em>decifrando o lado masculino e feminino de liderar<\/em><\/strong><\/h3>\n<p><strong>Livia Mandelli<\/strong><\/p>\n<p>O mundo dos neg\u00f3cios esta conhecendo na \u00faltima d\u00e9cada a atua\u00e7\u00e3o efetiva da mulher em postos de decis\u00e3o nas organiza\u00e7\u00f5es. Entender esta pr\u00e1tica da lideran\u00e7a utilizando a lente feminina se torna essencial para todo profissional que busca de boas perspectivas neste mundo contempor\u00e2neo organizacional.<\/p>\n<p>Este n\u00e3o \u00e9 um livro sobre mulheres ou para mulheres, e sim uma vis\u00e3o sobre o lado feminino do comportamento organizacional refletido diretamente em todas as atitudes dentro das empresas e consequentemente na sua cultura.<br \/>\nAfinal, muito se sabe sobre as pr\u00e1ticas e comportamentos masculinos ao exercer a lideran\u00e7a, mas cada dia mais percebem-se tra\u00e7os de comportamento femininos presentes nas lideran\u00e7as de sucesso. A interposi\u00e7\u00e3o dos comportamentos feminino e masculino \u00e9 a melhor pratica para se obter sucesso como l\u00edder.<\/p>\n<p>Os resultados de estudos realizados no Brasil e na Europa mostram que o impacto deste comportamento da lideran\u00e7a n\u00e3o est\u00e1 claramente definido nem para os l\u00edderes nem para seus seguidores, mas identificam diferen\u00e7as substanciais entre a pr\u00e1tica exercida pela lideran\u00e7a feminina e pela lideran\u00e7a masculina. Dados comprovam que certas particularidades, comprovadamente femininas, trazem grandes benef\u00edcios \u00e0s equipes se usadas com a devida propriedade organizacional. Perceber, entender e aplicar estes conceitos trar\u00e1 grandes benef\u00edcios ao l\u00edder em busca de autoconhecimento e desenvolvimento de seus potenciais.<\/p>\n<p><em>Livia Mandelli \u00e9 S\u00f3cio &#8211; Consultora na \u00e1rea de gest\u00e3o de pessoas na Mandelli &amp; Loriggio Consultores Associados, de S\u00e3o Paulo, empresa de consultoria dedicada ao desenho e \u00e0 condu\u00e7\u00e3o de processos de mudan\u00e7a em organiza\u00e7\u00f5es. Mestre em Lideran\u00e7a pela University of Gloucestershire na Inglaterra, Psicopedagoga Organizacional, MBTI Step I &amp; II Practioner, Coach pela Graduate School of Master Coach\/Sociedade Brasileira de Coaching e Administradora. Articulista da revista NRespostas, revista distribu\u00edda em Bras\u00edlia. Atuou nos \u00faltimos 6 anos em forma\u00e7\u00e3o de times de alto desempenho em empresas de porte m\u00e9dio na Inglaterra. Anteriormente, atuou na ind\u00fastria de turismo e hotelaria brasileira desenvolvendo pap\u00e9is de lideran\u00e7a tanto em gest\u00e3o de pessoas como consultora na \u00e1rea de implanta\u00e7\u00e3o e desenvolvimento.<\/em><\/p>\n<p><strong>N\u00ba DE P\u00c1GINAS: 192<\/strong><\/p>\n<h3><strong><a href=\"http:\/\/franciscanos.org.br\/wp-content\/uploads\/2015\/03\/OS-SETE-PILARES.jpg\"><img loading=\"lazy\" class=\"alignleft size-full wp-image-81494\" src=\"http:\/\/franciscanos.org.br\/wp-content\/uploads\/2015\/03\/OS-SETE-PILARES.jpg\" alt=\"OS-SETE-PILARES\" width=\"200\" height=\"321\" \/><\/a>Os sete pilares da felicidade \u2013 Virtudes para a vida<\/strong><\/h3>\n<p><strong>Notker Wolf<\/strong><\/p>\n<p>Em meio a literatura espiritual que surgiu atrav\u00e9s dos tempos, h\u00e1 um cl\u00e1ssico de 1.500 anos com ensinamentos em sua maioria ca\u00eddos no esquecimento: a Regra de S\u00e3o Bento. Observando-a \u00e0 luz da sabedoria das antigas virtudes, encontraremos coisas surpreendentes, apropriadas para nossa situa\u00e7\u00e3o atual, para nossa vida pessoal.<\/p>\n<p>O Abade-primaz Notker Wolf nos fala de suas experi\u00eancias com as virtudes: coragem, justi\u00e7a, prud\u00eancia, temperan\u00e7a, f\u00e9, amor e esperan\u00e7a. Elas servem como \u201csuportes\u201d da felicidade. Estas sete atitudes cont\u00eam algo capaz de dar estabilidade individual e social. S\u00e3o como \u201ccolunas\u201d, \u201cpilares\u201d que sustentem a felicidade, sobre as quais podemos construir a casa da nossa vida, uma casa sem muros escorregadios, um lugar onde os p\u00e1ssaros tamb\u00e9m podem se alojar, onde mora a leveza e a alegria de viver.<\/p>\n<p><em>Notker Wolf, OSB, \u00e9 doutor em Filosofia, nascido em 1940 em Bad Gr\u00f6nenbach im Allg\u00e4u. Estudou Filosofia, Teologia e Ci\u00eancias Naturais em Roma e Munique. Em 1961 entrou para a Abadia Beneditina de St. Ottilien am Ammersee, sendo eleito arquiabade em 1977. Desde 2000 ele \u00e9, enquanto abade-primaz da Ordem dos Beneditinos, com sede em Roma, o representante m\u00e1ximo de mais de 800 mosteiros e abadias em todo o mundo. Especialmente importante para ele \u00e9 a colabora\u00e7\u00e3o com pa\u00edses como China e Coreia do Norte e outras religi\u00f5es. \u00c9 autor e coeditor de muitas obras de grande sucesso sobre espiritualidade e lideran\u00e7a.<\/em><\/p>\n<p><strong>N\u00ba DE P\u00c1GINAS:\u00a0176<\/strong><\/p>\n<h3><strong>O Caminho \u2013 Subs\u00eddio para encontros de catequese de Primeira Eucaristia<\/strong><\/h3>\n<p><strong>Pe. Thiago Ap. Faccini Paro<\/strong> (organizador)<\/p>\n<p>A cole\u00e7\u00e3o de catequese \u201cO Caminho\u201d surgiu da experi\u00eancia de catequistas da Diocese de Barretos com a inten\u00e7\u00e3o de ajudar a fazer da catequese uma escola de inicia\u00e7\u00e3o crist\u00e3, um aprendizado din\u00e2mico da vida crist\u00e3 centrado na celebra\u00e7\u00e3o e na viv\u00eancia da P\u00e1scoa de Jesus, visando assim responder aos apelos da exig\u00eancia da \u201cnova evangeliza\u00e7\u00e3o\u201d.<\/p>\n<p>Na cole\u00e7\u00e3o \u201cO Caminho\u201d procura-se realizar a intera\u00e7\u00e3o entre catequese e liturgia, compreendendo que as duas s\u00e3o fun\u00e7\u00f5es da \u00fanica miss\u00e3o evangelizadora e pastoral da Igreja: a catequese como educa\u00e7\u00e3o da f\u00e9 e a liturgia como celebra\u00e7\u00e3o da f\u00e9.<\/p>\n<p>A proposta metodol\u00f3gica da cole\u00e7\u00e3o est\u00e1 centrada em duas mesas: a Mesa da Palavra e a Mesa da Partilha, onde a Palavra de Deus se atualizar\u00e1. \u00c9 uma proposta de catequese orante e celebrativa que vivencia o Calend\u00e1rio Lit\u00fargico como princ\u00edpio b\u00e1sico para a educa\u00e7\u00e3o e celebra\u00e7\u00e3o da f\u00e9.<\/p>\n<p>Neste sentido, prop\u00f5e-se que os encontros de catequese aconte\u00e7am de acordo com o calend\u00e1rio lit\u00fargico, iniciando a catequese na primeira semana do Advento e encerrando com a Solenidade de Nosso Senhor Jesus Cristo Rei do Universo.<\/p>\n<p><strong><a href=\"http:\/\/franciscanos.org.br\/wp-content\/uploads\/2015\/03\/O-CAMINHO-1-ETAPA-SUBSIDIO.jpg\"><img loading=\"lazy\" class=\"alignleft size-full wp-image-81495\" src=\"http:\/\/franciscanos.org.br\/wp-content\/uploads\/2015\/03\/O-CAMINHO-1-ETAPA-SUBSIDIO.jpg\" alt=\"O-CAMINHO-1-ETAPA-SUBSIDIO\" width=\"200\" height=\"267\" \/><\/a>LIVRO 1\u00aa ETAPA:<\/strong><\/p>\n<p><strong>N\u00ba DE P\u00c1GINAS: 160<\/strong><\/p>\n<p>&nbsp;<\/p>\n<p>&nbsp;<\/p>\n<p>&nbsp;<\/p>\n<p>&nbsp;<\/p>\n<p>&nbsp;<\/p>\n<p>&nbsp;<\/p>\n<p>&nbsp;<\/p>\n<p><strong><a href=\"http:\/\/franciscanos.org.br\/wp-content\/uploads\/2015\/03\/O-CAMINHO-1-ETAPA.jpg\"><img loading=\"lazy\" class=\"alignleft size-full wp-image-81496\" src=\"http:\/\/franciscanos.org.br\/wp-content\/uploads\/2015\/03\/O-CAMINHO-1-ETAPA.jpg\" alt=\"O-CAMINHO-1-ETAPA\" width=\"200\" height=\"282\" \/><\/a>DI\u00c1RIO CATEQU\u00c9TICO E ESPIRITUAL DO CATEQUIZANDO 1\u00aa ETAPA:<\/strong><\/p>\n<p><strong>N\u00ba DE P\u00c1GINAS:\u00a0224<\/strong><\/p>\n<p>&nbsp;<\/p>\n<p>&nbsp;<\/p>\n<p>&nbsp;<\/p>\n<p>&nbsp;<\/p>\n<p>&nbsp;<\/p>\n<p>&nbsp;<\/p>\n<p>&nbsp;<\/p>\n<p>&nbsp;<\/p>\n<p><strong><a href=\"http:\/\/franciscanos.org.br\/wp-content\/uploads\/2015\/03\/O-CAMINHO-2-ETAPA-SUBSIDIO.jpg\"><img loading=\"lazy\" class=\"alignleft size-full wp-image-81497\" src=\"http:\/\/franciscanos.org.br\/wp-content\/uploads\/2015\/03\/O-CAMINHO-2-ETAPA-SUBSIDIO.jpg\" alt=\"O-CAMINHO-2-ETAPA-SUBSIDIO\" width=\"200\" height=\"267\" \/><\/a>LIVRO 2\u00aa ETAPA:<\/strong><\/p>\n<p><strong>N\u00ba DE P\u00c1GINAS:: 152<\/strong><\/p>\n<p>&nbsp;<\/p>\n<p>&nbsp;<\/p>\n<p>&nbsp;<\/p>\n<p>&nbsp;<\/p>\n<p>&nbsp;<\/p>\n<p>&nbsp;<\/p>\n<p>&nbsp;<\/p>\n<p><strong><a href=\"http:\/\/franciscanos.org.br\/wp-content\/uploads\/2015\/03\/O-CAMINHO-2-ETAPA.jpg\"><img loading=\"lazy\" class=\"alignleft size-full wp-image-81498\" src=\"http:\/\/franciscanos.org.br\/wp-content\/uploads\/2015\/03\/O-CAMINHO-2-ETAPA.jpg\" alt=\"O-CAMINHO-2-ETAPA\" width=\"200\" height=\"282\" \/><\/a>DI\u00c1RIO CATEQU\u00c9TICO E ESPIRITUAL DO CATEQUIZANDO 2\u00aa ETAPA:<\/strong><\/p>\n<p><strong>N\u00ba DE P\u00c1GINAS:\u00a0208<\/strong><\/p>\n","protected":false},"excerpt":{"rendered":"<p>Editora Vozes<\/p>\n","protected":false},"author":1,"featured_media":194592,"comment_status":"open","ping_status":"open","sticky":false,"template":"","format":"standard","meta":[],"categories":[1],"tags":[238],"acf":[],"yoast_head":"<!-- This site is optimized with the Yoast SEO plugin v19.2 - https:\/\/yoast.com\/wordpress\/plugins\/seo\/ -->\n<title>Lan\u00e7amentos da semana - Editora Vozes - Not\u00edcias - Franciscanos<\/title>\n<meta name=\"robots\" content=\"index, follow, max-snippet:-1, max-image-preview:large, max-video-preview:-1\" \/>\n<link rel=\"canonical\" href=\"https:\/\/franciscanos.org.br\/noticias\/lancamentos-da-semana-editora-vozes.html\" \/>\n<meta property=\"og:locale\" content=\"pt_BR\" \/>\n<meta property=\"og:type\" content=\"article\" \/>\n<meta property=\"og:title\" content=\"Lan\u00e7amentos da semana - Editora Vozes - Not\u00edcias - Franciscanos\" \/>\n<meta property=\"og:description\" content=\"Editora Vozes\" \/>\n<meta property=\"og:url\" content=\"https:\/\/franciscanos.org.br\/noticias\/lancamentos-da-semana-editora-vozes.html\" \/>\n<meta property=\"og:site_name\" content=\"Not\u00edcias - Franciscanos\" \/>\n<meta property=\"article:published_time\" content=\"2015-03-16T15:07:28+00:00\" \/>\n<meta property=\"article:modified_time\" content=\"2019-01-24T15:15:39+00:00\" \/>\n<meta property=\"og:image\" content=\"https:\/\/franciscanos.org.br\/noticias\/wp-content\/uploads\/2017\/11\/vozes.png\" \/>\n\t<meta property=\"og:image:width\" content=\"273\" \/>\n\t<meta property=\"og:image:height\" content=\"181\" \/>\n\t<meta property=\"og:image:type\" content=\"image\/png\" \/>\n<meta name=\"author\" content=\"admin\" \/>\n<meta name=\"twitter:card\" content=\"summary_large_image\" \/>\n<meta name=\"twitter:label1\" content=\"Escrito por\" \/>\n\t<meta name=\"twitter:data1\" content=\"admin\" \/>\n\t<meta name=\"twitter:label2\" content=\"Est. tempo de leitura\" \/>\n\t<meta name=\"twitter:data2\" content=\"15 minutos\" \/>\n<script type=\"application\/ld+json\" class=\"yoast-schema-graph\">{\"@context\":\"https:\/\/schema.org\",\"@graph\":[{\"@type\":\"WebSite\",\"@id\":\"https:\/\/franciscanos.org.br\/noticias\/#website\",\"url\":\"https:\/\/franciscanos.org.br\/noticias\/\",\"name\":\"Not\u00edcias - Franciscanos\",\"description\":\"Prov\u00edncia Franciscana da Imaculada Concei\u00e7\u00e3o do Brasil - Ordem dos Frades Menores - OFM\",\"potentialAction\":[{\"@type\":\"SearchAction\",\"target\":{\"@type\":\"EntryPoint\",\"urlTemplate\":\"https:\/\/franciscanos.org.br\/noticias\/?s={search_term_string}\"},\"query-input\":\"required name=search_term_string\"}],\"inLanguage\":\"pt-BR\"},{\"@type\":\"ImageObject\",\"inLanguage\":\"pt-BR\",\"@id\":\"https:\/\/franciscanos.org.br\/noticias\/lancamentos-da-semana-editora-vozes.html#primaryimage\",\"url\":\"https:\/\/franciscanos.org.br\/noticias\/wp-content\/uploads\/2017\/11\/vozes.png\",\"contentUrl\":\"https:\/\/franciscanos.org.br\/noticias\/wp-content\/uploads\/2017\/11\/vozes.png\",\"width\":273,\"height\":181},{\"@type\":\"WebPage\",\"@id\":\"https:\/\/franciscanos.org.br\/noticias\/lancamentos-da-semana-editora-vozes.html#webpage\",\"url\":\"https:\/\/franciscanos.org.br\/noticias\/lancamentos-da-semana-editora-vozes.html\",\"name\":\"Lan\u00e7amentos da semana - Editora Vozes - Not\u00edcias - Franciscanos\",\"isPartOf\":{\"@id\":\"https:\/\/franciscanos.org.br\/noticias\/#website\"},\"primaryImageOfPage\":{\"@id\":\"https:\/\/franciscanos.org.br\/noticias\/lancamentos-da-semana-editora-vozes.html#primaryimage\"},\"datePublished\":\"2015-03-16T15:07:28+00:00\",\"dateModified\":\"2019-01-24T15:15:39+00:00\",\"author\":{\"@id\":\"https:\/\/franciscanos.org.br\/noticias\/#\/schema\/person\/b38fbf43118f02820bd932f2e4b14ad3\"},\"breadcrumb\":{\"@id\":\"https:\/\/franciscanos.org.br\/noticias\/lancamentos-da-semana-editora-vozes.html#breadcrumb\"},\"inLanguage\":\"pt-BR\",\"potentialAction\":[{\"@type\":\"ReadAction\",\"target\":[\"https:\/\/franciscanos.org.br\/noticias\/lancamentos-da-semana-editora-vozes.html\"]}]},{\"@type\":\"BreadcrumbList\",\"@id\":\"https:\/\/franciscanos.org.br\/noticias\/lancamentos-da-semana-editora-vozes.html#breadcrumb\",\"itemListElement\":[{\"@type\":\"ListItem\",\"position\":1,\"name\":\"Home\",\"item\":\"https:\/\/franciscanos.org.br\/noticias\"},{\"@type\":\"ListItem\",\"position\":2,\"name\":\"Lan\u00e7amentos da semana &#8211; Editora Vozes\"}]},{\"@type\":\"Person\",\"@id\":\"https:\/\/franciscanos.org.br\/noticias\/#\/schema\/person\/b38fbf43118f02820bd932f2e4b14ad3\",\"name\":\"admin\",\"image\":{\"@type\":\"ImageObject\",\"inLanguage\":\"pt-BR\",\"@id\":\"https:\/\/franciscanos.org.br\/noticias\/#\/schema\/person\/image\/\",\"url\":\"https:\/\/secure.gravatar.com\/avatar\/e8495742d34d0ba6448ea1c628263b3e?s=96&d=mm&r=g\",\"contentUrl\":\"https:\/\/secure.gravatar.com\/avatar\/e8495742d34d0ba6448ea1c628263b3e?s=96&d=mm&r=g\",\"caption\":\"admin\"},\"url\":\"https:\/\/franciscanos.org.br\/noticias\/author\/admin\"}]}<\/script>\n<!-- \/ Yoast SEO plugin. -->","yoast_head_json":{"title":"Lan\u00e7amentos da semana - Editora Vozes - Not\u00edcias - Franciscanos","robots":{"index":"index","follow":"follow","max-snippet":"max-snippet:-1","max-image-preview":"max-image-preview:large","max-video-preview":"max-video-preview:-1"},"canonical":"https:\/\/franciscanos.org.br\/noticias\/lancamentos-da-semana-editora-vozes.html","og_locale":"pt_BR","og_type":"article","og_title":"Lan\u00e7amentos da semana - Editora Vozes - Not\u00edcias - Franciscanos","og_description":"Editora Vozes","og_url":"https:\/\/franciscanos.org.br\/noticias\/lancamentos-da-semana-editora-vozes.html","og_site_name":"Not\u00edcias - Franciscanos","article_published_time":"2015-03-16T15:07:28+00:00","article_modified_time":"2019-01-24T15:15:39+00:00","og_image":[{"width":273,"height":181,"url":"https:\/\/franciscanos.org.br\/noticias\/wp-content\/uploads\/2017\/11\/vozes.png","type":"image\/png"}],"author":"admin","twitter_card":"summary_large_image","twitter_misc":{"Escrito por":"admin","Est. tempo de leitura":"15 minutos"},"schema":{"@context":"https:\/\/schema.org","@graph":[{"@type":"WebSite","@id":"https:\/\/franciscanos.org.br\/noticias\/#website","url":"https:\/\/franciscanos.org.br\/noticias\/","name":"Not\u00edcias - Franciscanos","description":"Prov\u00edncia Franciscana da Imaculada Concei\u00e7\u00e3o do Brasil - Ordem dos Frades Menores - OFM","potentialAction":[{"@type":"SearchAction","target":{"@type":"EntryPoint","urlTemplate":"https:\/\/franciscanos.org.br\/noticias\/?s={search_term_string}"},"query-input":"required name=search_term_string"}],"inLanguage":"pt-BR"},{"@type":"ImageObject","inLanguage":"pt-BR","@id":"https:\/\/franciscanos.org.br\/noticias\/lancamentos-da-semana-editora-vozes.html#primaryimage","url":"https:\/\/franciscanos.org.br\/noticias\/wp-content\/uploads\/2017\/11\/vozes.png","contentUrl":"https:\/\/franciscanos.org.br\/noticias\/wp-content\/uploads\/2017\/11\/vozes.png","width":273,"height":181},{"@type":"WebPage","@id":"https:\/\/franciscanos.org.br\/noticias\/lancamentos-da-semana-editora-vozes.html#webpage","url":"https:\/\/franciscanos.org.br\/noticias\/lancamentos-da-semana-editora-vozes.html","name":"Lan\u00e7amentos da semana - Editora Vozes - Not\u00edcias - Franciscanos","isPartOf":{"@id":"https:\/\/franciscanos.org.br\/noticias\/#website"},"primaryImageOfPage":{"@id":"https:\/\/franciscanos.org.br\/noticias\/lancamentos-da-semana-editora-vozes.html#primaryimage"},"datePublished":"2015-03-16T15:07:28+00:00","dateModified":"2019-01-24T15:15:39+00:00","author":{"@id":"https:\/\/franciscanos.org.br\/noticias\/#\/schema\/person\/b38fbf43118f02820bd932f2e4b14ad3"},"breadcrumb":{"@id":"https:\/\/franciscanos.org.br\/noticias\/lancamentos-da-semana-editora-vozes.html#breadcrumb"},"inLanguage":"pt-BR","potentialAction":[{"@type":"ReadAction","target":["https:\/\/franciscanos.org.br\/noticias\/lancamentos-da-semana-editora-vozes.html"]}]},{"@type":"BreadcrumbList","@id":"https:\/\/franciscanos.org.br\/noticias\/lancamentos-da-semana-editora-vozes.html#breadcrumb","itemListElement":[{"@type":"ListItem","position":1,"name":"Home","item":"https:\/\/franciscanos.org.br\/noticias"},{"@type":"ListItem","position":2,"name":"Lan\u00e7amentos da semana &#8211; Editora Vozes"}]},{"@type":"Person","@id":"https:\/\/franciscanos.org.br\/noticias\/#\/schema\/person\/b38fbf43118f02820bd932f2e4b14ad3","name":"admin","image":{"@type":"ImageObject","inLanguage":"pt-BR","@id":"https:\/\/franciscanos.org.br\/noticias\/#\/schema\/person\/image\/","url":"https:\/\/secure.gravatar.com\/avatar\/e8495742d34d0ba6448ea1c628263b3e?s=96&d=mm&r=g","contentUrl":"https:\/\/secure.gravatar.com\/avatar\/e8495742d34d0ba6448ea1c628263b3e?s=96&d=mm&r=g","caption":"admin"},"url":"https:\/\/franciscanos.org.br\/noticias\/author\/admin"}]}},"_links":{"self":[{"href":"https:\/\/franciscanos.org.br\/noticias\/wp-json\/wp\/v2\/posts\/81486"}],"collection":[{"href":"https:\/\/franciscanos.org.br\/noticias\/wp-json\/wp\/v2\/posts"}],"about":[{"href":"https:\/\/franciscanos.org.br\/noticias\/wp-json\/wp\/v2\/types\/post"}],"author":[{"embeddable":true,"href":"https:\/\/franciscanos.org.br\/noticias\/wp-json\/wp\/v2\/users\/1"}],"replies":[{"embeddable":true,"href":"https:\/\/franciscanos.org.br\/noticias\/wp-json\/wp\/v2\/comments?post=81486"}],"version-history":[{"count":0,"href":"https:\/\/franciscanos.org.br\/noticias\/wp-json\/wp\/v2\/posts\/81486\/revisions"}],"wp:featuredmedia":[{"embeddable":true,"href":"https:\/\/franciscanos.org.br\/noticias\/wp-json\/wp\/v2\/media\/194592"}],"wp:attachment":[{"href":"https:\/\/franciscanos.org.br\/noticias\/wp-json\/wp\/v2\/media?parent=81486"}],"wp:term":[{"taxonomy":"category","embeddable":true,"href":"https:\/\/franciscanos.org.br\/noticias\/wp-json\/wp\/v2\/categories?post=81486"},{"taxonomy":"post_tag","embeddable":true,"href":"https:\/\/franciscanos.org.br\/noticias\/wp-json\/wp\/v2\/tags?post=81486"}],"curies":[{"name":"wp","href":"https:\/\/api.w.org\/{rel}","templated":true}]}}