{"id":81448,"date":"2015-03-16T08:37:43","date_gmt":"2015-03-16T11:37:43","guid":{"rendered":"http:\/\/franciscanos.org.br\/?p=81448"},"modified":"2020-02-13T09:45:04","modified_gmt":"2020-02-13T12:45:04","slug":"cnbb-apoia-manifestacoes-e-pede-cuidado-para-nao-enfraquecer-democracia","status":"publish","type":"post","link":"https:\/\/franciscanos.org.br\/noticias\/cnbb-apoia-manifestacoes-e-pede-cuidado-para-nao-enfraquecer-democracia.html","title":{"rendered":"CNBB apoia manifesta\u00e7\u00f5es e pede cuidado para n\u00e3o enfraquecer democracia"},"content":{"rendered":"<p><img loading=\"lazy\" src=\"http:\/\/franciscanos.org.br\/wp-content\/uploads\/2015\/03\/cnbb_16.jpg\" alt=\"cnbb_16\" width=\"820\" height=\"399\" \/><\/p>\n<p>\u201cO que n\u00f3s devemos procurar fazer \u00e9 estabelecer cada vez mais um di\u00e1logo entre as diversas institui\u00e7\u00f5es, entre os poderes constitu\u00eddos, a sociedade, as entidades da sociedade civil\u201d, afirmou o arcebispo de Aparecida (SP) e presidente da Confer\u00eancia Nacional dos Bispos do Brasil (CNBB), cardeal Raymundo Damasceno Assis, durante entrevista coletiva nesta quinta-feira, dia 12, na sede da institui\u00e7\u00e3o, em Bras\u00edlia.<\/p>\n<p>Na ocasi\u00e3o foi divulgada a nota da Confer\u00eancia sobre a realidade atual do Brasil. O texto foi aprovado na reuni\u00e3o do Conselho Permanente, ocorrida de 10 a 12 de mar\u00e7o, e tem o objetivo de alertar para o poss\u00edvel enfraquecimento do Estado Democr\u00e1tico de Direito, frente ao \u201cdelicado momento pelo qual passa o pa\u00eds\u201d.<\/p>\n<p>Dom Damasceno ainda ressaltou a necessidade de preservar o Estado Democr\u00e1tico de Direito. \u201cDepois de muitos anos dif\u00edceis pelos quais passamos durante o per\u00edodo do Regime Militar, creio que em nenhum momento deve ser quebrada essa ordem democr\u00e1tica\u201d, salientou.<\/p>\n<p>Quanto \u00e0s manifesta\u00e7\u00f5es, o presidente da CNBB as considerou normais dentro do regime democr\u00e1tico para que as pessoas reivindiquem seus direitos e demonstrem sua insatisfa\u00e7\u00e3o. \u201cN\u00f3s achamos leg\u00edtimas essas manifesta\u00e7\u00f5es contanto que elas transcorram no respeito ao patrim\u00f4nio p\u00fablico, ao patrim\u00f4nio particular, \u00e0s pessoas que participam das manifesta\u00e7\u00f5es. Mas na medida em que elas podem se transformar em manifesta\u00e7\u00f5es de desrespeito \u00e0 ordem p\u00fablica, ao patrim\u00f4nio p\u00fablico, \u00e0s pessoas, evidentemente que isso cria um clima de intranquilidade, de inseguran\u00e7a e de viol\u00eancia que n\u00e3o contribuem em nada para a manuten\u00e7\u00e3o do Estado de Direito, democr\u00e1tico\u201d, enfatizou.<\/p>\n<p>O bispo auxiliar de Bras\u00edlia e secret\u00e1rio geral da CNBB, dom Leonardo Steiner, falou da import\u00e2ncia dos posicionamentos diferentes mostrados nas ruas. \u201cA rea\u00e7\u00e3o que n\u00f3s sentimos tamb\u00e9m \u00e9 que as manifesta\u00e7\u00f5es de rua s\u00e3o de discord\u00e2ncia, muitas vezes ideol\u00f3gica que \u00e9 normal e diria, inclusive, necess\u00e1ria e democr\u00e1tica\u201d, considerou.<\/p>\n<p>Conselho Permanente<\/p>\n<p>Durante a reuni\u00e3o do Conselho Permanente tamb\u00e9m foi dada continuidade \u00e0 prepara\u00e7\u00e3o para a 53\u00aa Assembleia Geral da CNBB; al\u00e9m dos membros terem abordado o Projeto Mission\u00e1rio Intercongregacional que a Igreja no Brasil promove no Haiti, desde 2010, e a cria\u00e7\u00e3o da Escola Nacional de Formadores \u201cJesus Bom Pastor\u201d.<\/p>\n<h3>Leia a nota na \u00edntegra:<\/h3>\n<p><strong>Nota da CNBB sobre a realidade atual do Brasil<\/strong><\/p>\n<p><em>\u201cPratica a justi\u00e7a todos os dias de tua vida e n\u00e3o sigas os caminhos da iniquidade\u201d (Tb 4, 5)<\/em><\/p>\n<p>O Conselho Permanente da Confer\u00eancia Nacional dos Bispos do Brasil-CNBB, reunido em Bras\u00edlia-DF, nos dias 10 a 12 de mar\u00e7o de 2015, manifesta sua preocupa\u00e7\u00e3o diante do delicado momento pelo qual passa o Pa\u00eds. O esc\u00e2ndalo da corrup\u00e7\u00e3o na Petrobras, as recentes medidas de ajuste fiscal adotadas pelo Governo, o aumento da infla\u00e7\u00e3o, a crise na rela\u00e7\u00e3o entre os tr\u00eas Poderes da Rep\u00fablica e diversas manifesta\u00e7\u00f5es de insatisfa\u00e7\u00e3o da popula\u00e7\u00e3o s\u00e3o alguns sinais de uma situa\u00e7\u00e3o cr\u00edtica que, negada ou mal administrada, poder\u00e1 enfraquecer o Estado Democr\u00e1tico de Direito, conquistado com muita luta e sofrimento.<\/p>\n<p>Esta situa\u00e7\u00e3o clama por medidas urgentes. Qualquer resposta, no entanto, que atenda ao mercado e aos interesses partid\u00e1rios antes que \u00e0s necessidades do povo, especialmente dos mais pobres, nega a \u00e9tica e desvia-se do caminho da justi\u00e7a. Cobrar essa resposta \u00e9 direito da popula\u00e7\u00e3o, desde que se preserve a ordem democr\u00e1tica e se respeitem as Institui\u00e7\u00f5es da comunidade pol\u00edtica.<\/p>\n<p>As den\u00fancias de corrup\u00e7\u00e3o na gest\u00e3o do patrim\u00f4nio p\u00fablico exigem rigorosa apura\u00e7\u00e3o dos fatos e responsabiliza\u00e7\u00e3o, perante a lei, de corruptos e corruptores. Enquanto a moralidade p\u00fablica for olhada com desprezo ou considerada empecilho \u00e0 busca do poder e do dinheiro, estaremos longe de uma solu\u00e7\u00e3o para a crise vivida no Brasil. A solu\u00e7\u00e3o passa tamb\u00e9m pelo fim do fisiologismo pol\u00edtico que alimenta a cobi\u00e7a insaci\u00e1vel de agentes p\u00fablicos, comprometidos sobretudo com interesses privados. Urge, ainda, uma reforma pol\u00edtica que renove em suas entranhas o sistema em vigor e reoriente a pol\u00edtica para sua miss\u00e3o origin\u00e1ria de servi\u00e7o ao bem comum.<\/p>\n<p>Comuns em \u00e9pocas de crise, as manifesta\u00e7\u00f5es populares s\u00e3o um direito democr\u00e1tico que deve ser assegurado a todos pelo Estado. O que se espera \u00e9 que sejam pac\u00edficas. \u201cNada justifica a viol\u00eancia, a destrui\u00e7\u00e3o do patrim\u00f4nio p\u00fablico e privado, o desrespeito e a agress\u00e3o a pessoas e Institui\u00e7\u00f5es, o cerceamento \u00e0 liberdade de ir e vir, de pensar e agir diferente, que devem ser repudiados com veem\u00eancia. Quando isso ocorre, negam-se os valores inerentes \u00e0s manifesta\u00e7\u00f5es, instalando-se uma incoer\u00eancia corrosiva, que leva ao seu descr\u00e9dito\u201d (Nota da CNBB 2013).<\/p>\n<p>Nesta hora delicada e exigente, a CNBB conclama as Institui\u00e7\u00f5es e a sociedade brasileira ao di\u00e1logo que supera os radicalismos e impede o \u00f3dio e a divis\u00e3o. Na livre manifesta\u00e7\u00e3o do pensamento, no respeito ao pluralismo e \u00e0s leg\u00edtimas diferen\u00e7as, orientado pela verdade e a justi\u00e7a, este momento poder\u00e1 contribuir para a paz social e o fortalecimento das Institui\u00e7\u00f5es Democr\u00e1ticas.<\/p>\n<p>Deus, que acompanha seu povo e o assiste em suas necessidades, aben\u00e7oe o Brasil e d\u00ea a todos for\u00e7a e sabedoria para contribuir para a justi\u00e7a e a paz. Nossa Senhora Aparecida, padroeira do Brasil, interceda pelo povo brasileiro.<\/p>\n<p>Bras\u00edlia, 12 de mar\u00e7o de 2015.<br \/>\n<strong>Dom Raymundo Cardeal Damasceno Assis, Arcebispo de Aparecida \u2013 SP e Presidente da CNBB<\/strong><\/p>\n<p><strong>Dom Jos\u00e9 Belis\u00e1rio da Silva, OFM, Arcebispo de S\u00e3o Luis do Maranh\u00e3o \u2013 MA e Vice Presidente da CNBB<\/strong><\/p>\n<p><strong>Dom Leonardo Ulrich Steiner, OFM, Bispo Auxiliar de Bras\u00edlia e Secret\u00e1rio Geral da CNBB<\/strong><\/p>\n","protected":false},"excerpt":{"rendered":"<p>Nota<\/p>\n","protected":false},"author":1,"featured_media":219913,"comment_status":"open","ping_status":"open","sticky":false,"template":"","format":"standard","meta":[],"categories":[1],"tags":[],"acf":[],"yoast_head":"<!-- This site is optimized with the Yoast SEO plugin v19.2 - https:\/\/yoast.com\/wordpress\/plugins\/seo\/ -->\n<title>CNBB apoia manifesta\u00e7\u00f5es e pede cuidado para n\u00e3o enfraquecer democracia - Not\u00edcias - Franciscanos<\/title>\n<meta name=\"robots\" content=\"index, follow, max-snippet:-1, max-image-preview:large, max-video-preview:-1\" \/>\n<link rel=\"canonical\" href=\"https:\/\/franciscanos.org.br\/noticias\/cnbb-apoia-manifestacoes-e-pede-cuidado-para-nao-enfraquecer-democracia.html\" \/>\n<meta property=\"og:locale\" content=\"pt_BR\" \/>\n<meta property=\"og:type\" content=\"article\" \/>\n<meta property=\"og:title\" content=\"CNBB apoia manifesta\u00e7\u00f5es e pede cuidado para n\u00e3o enfraquecer democracia - Not\u00edcias - Franciscanos\" \/>\n<meta property=\"og:description\" content=\"Nota\" \/>\n<meta property=\"og:url\" content=\"https:\/\/franciscanos.org.br\/noticias\/cnbb-apoia-manifestacoes-e-pede-cuidado-para-nao-enfraquecer-democracia.html\" \/>\n<meta property=\"og:site_name\" content=\"Not\u00edcias - Franciscanos\" \/>\n<meta property=\"article:published_time\" content=\"2015-03-16T11:37:43+00:00\" \/>\n<meta property=\"article:modified_time\" content=\"2020-02-13T12:45:04+00:00\" \/>\n<meta property=\"og:image\" content=\"https:\/\/franciscanos.org.br\/noticias\/wp-content\/uploads\/2015\/03\/cnbb_16.jpg\" \/>\n\t<meta property=\"og:image:width\" content=\"273\" \/>\n\t<meta property=\"og:image:height\" content=\"181\" \/>\n\t<meta property=\"og:image:type\" content=\"image\/jpeg\" \/>\n<meta name=\"author\" content=\"admin\" \/>\n<meta name=\"twitter:card\" content=\"summary_large_image\" \/>\n<meta name=\"twitter:label1\" content=\"Escrito por\" \/>\n\t<meta name=\"twitter:data1\" content=\"admin\" \/>\n\t<meta name=\"twitter:label2\" content=\"Est. tempo de leitura\" \/>\n\t<meta name=\"twitter:data2\" content=\"5 minutos\" \/>\n<script type=\"application\/ld+json\" class=\"yoast-schema-graph\">{\"@context\":\"https:\/\/schema.org\",\"@graph\":[{\"@type\":\"WebSite\",\"@id\":\"https:\/\/franciscanos.org.br\/noticias\/#website\",\"url\":\"https:\/\/franciscanos.org.br\/noticias\/\",\"name\":\"Not\u00edcias - Franciscanos\",\"description\":\"Prov\u00edncia Franciscana da Imaculada Concei\u00e7\u00e3o do Brasil - Ordem dos Frades Menores - OFM\",\"potentialAction\":[{\"@type\":\"SearchAction\",\"target\":{\"@type\":\"EntryPoint\",\"urlTemplate\":\"https:\/\/franciscanos.org.br\/noticias\/?s={search_term_string}\"},\"query-input\":\"required name=search_term_string\"}],\"inLanguage\":\"pt-BR\"},{\"@type\":\"ImageObject\",\"inLanguage\":\"pt-BR\",\"@id\":\"https:\/\/franciscanos.org.br\/noticias\/cnbb-apoia-manifestacoes-e-pede-cuidado-para-nao-enfraquecer-democracia.html#primaryimage\",\"url\":\"https:\/\/franciscanos.org.br\/noticias\/wp-content\/uploads\/2015\/03\/cnbb_16.jpg\",\"contentUrl\":\"https:\/\/franciscanos.org.br\/noticias\/wp-content\/uploads\/2015\/03\/cnbb_16.jpg\",\"width\":273,\"height\":181},{\"@type\":\"WebPage\",\"@id\":\"https:\/\/franciscanos.org.br\/noticias\/cnbb-apoia-manifestacoes-e-pede-cuidado-para-nao-enfraquecer-democracia.html#webpage\",\"url\":\"https:\/\/franciscanos.org.br\/noticias\/cnbb-apoia-manifestacoes-e-pede-cuidado-para-nao-enfraquecer-democracia.html\",\"name\":\"CNBB apoia manifesta\u00e7\u00f5es e pede cuidado para n\u00e3o enfraquecer democracia - Not\u00edcias - Franciscanos\",\"isPartOf\":{\"@id\":\"https:\/\/franciscanos.org.br\/noticias\/#website\"},\"primaryImageOfPage\":{\"@id\":\"https:\/\/franciscanos.org.br\/noticias\/cnbb-apoia-manifestacoes-e-pede-cuidado-para-nao-enfraquecer-democracia.html#primaryimage\"},\"datePublished\":\"2015-03-16T11:37:43+00:00\",\"dateModified\":\"2020-02-13T12:45:04+00:00\",\"author\":{\"@id\":\"https:\/\/franciscanos.org.br\/noticias\/#\/schema\/person\/b38fbf43118f02820bd932f2e4b14ad3\"},\"breadcrumb\":{\"@id\":\"https:\/\/franciscanos.org.br\/noticias\/cnbb-apoia-manifestacoes-e-pede-cuidado-para-nao-enfraquecer-democracia.html#breadcrumb\"},\"inLanguage\":\"pt-BR\",\"potentialAction\":[{\"@type\":\"ReadAction\",\"target\":[\"https:\/\/franciscanos.org.br\/noticias\/cnbb-apoia-manifestacoes-e-pede-cuidado-para-nao-enfraquecer-democracia.html\"]}]},{\"@type\":\"BreadcrumbList\",\"@id\":\"https:\/\/franciscanos.org.br\/noticias\/cnbb-apoia-manifestacoes-e-pede-cuidado-para-nao-enfraquecer-democracia.html#breadcrumb\",\"itemListElement\":[{\"@type\":\"ListItem\",\"position\":1,\"name\":\"Home\",\"item\":\"https:\/\/franciscanos.org.br\/noticias\"},{\"@type\":\"ListItem\",\"position\":2,\"name\":\"CNBB apoia manifesta\u00e7\u00f5es e pede cuidado para n\u00e3o enfraquecer democracia\"}]},{\"@type\":\"Person\",\"@id\":\"https:\/\/franciscanos.org.br\/noticias\/#\/schema\/person\/b38fbf43118f02820bd932f2e4b14ad3\",\"name\":\"admin\",\"image\":{\"@type\":\"ImageObject\",\"inLanguage\":\"pt-BR\",\"@id\":\"https:\/\/franciscanos.org.br\/noticias\/#\/schema\/person\/image\/\",\"url\":\"https:\/\/secure.gravatar.com\/avatar\/e8495742d34d0ba6448ea1c628263b3e?s=96&d=mm&r=g\",\"contentUrl\":\"https:\/\/secure.gravatar.com\/avatar\/e8495742d34d0ba6448ea1c628263b3e?s=96&d=mm&r=g\",\"caption\":\"admin\"},\"url\":\"https:\/\/franciscanos.org.br\/noticias\/author\/admin\"}]}<\/script>\n<!-- \/ Yoast SEO plugin. -->","yoast_head_json":{"title":"CNBB apoia manifesta\u00e7\u00f5es e pede cuidado para n\u00e3o enfraquecer democracia - Not\u00edcias - Franciscanos","robots":{"index":"index","follow":"follow","max-snippet":"max-snippet:-1","max-image-preview":"max-image-preview:large","max-video-preview":"max-video-preview:-1"},"canonical":"https:\/\/franciscanos.org.br\/noticias\/cnbb-apoia-manifestacoes-e-pede-cuidado-para-nao-enfraquecer-democracia.html","og_locale":"pt_BR","og_type":"article","og_title":"CNBB apoia manifesta\u00e7\u00f5es e pede cuidado para n\u00e3o enfraquecer democracia - Not\u00edcias - Franciscanos","og_description":"Nota","og_url":"https:\/\/franciscanos.org.br\/noticias\/cnbb-apoia-manifestacoes-e-pede-cuidado-para-nao-enfraquecer-democracia.html","og_site_name":"Not\u00edcias - Franciscanos","article_published_time":"2015-03-16T11:37:43+00:00","article_modified_time":"2020-02-13T12:45:04+00:00","og_image":[{"width":273,"height":181,"url":"https:\/\/franciscanos.org.br\/noticias\/wp-content\/uploads\/2015\/03\/cnbb_16.jpg","type":"image\/jpeg"}],"author":"admin","twitter_card":"summary_large_image","twitter_misc":{"Escrito por":"admin","Est. tempo de leitura":"5 minutos"},"schema":{"@context":"https:\/\/schema.org","@graph":[{"@type":"WebSite","@id":"https:\/\/franciscanos.org.br\/noticias\/#website","url":"https:\/\/franciscanos.org.br\/noticias\/","name":"Not\u00edcias - Franciscanos","description":"Prov\u00edncia Franciscana da Imaculada Concei\u00e7\u00e3o do Brasil - Ordem dos Frades Menores - OFM","potentialAction":[{"@type":"SearchAction","target":{"@type":"EntryPoint","urlTemplate":"https:\/\/franciscanos.org.br\/noticias\/?s={search_term_string}"},"query-input":"required name=search_term_string"}],"inLanguage":"pt-BR"},{"@type":"ImageObject","inLanguage":"pt-BR","@id":"https:\/\/franciscanos.org.br\/noticias\/cnbb-apoia-manifestacoes-e-pede-cuidado-para-nao-enfraquecer-democracia.html#primaryimage","url":"https:\/\/franciscanos.org.br\/noticias\/wp-content\/uploads\/2015\/03\/cnbb_16.jpg","contentUrl":"https:\/\/franciscanos.org.br\/noticias\/wp-content\/uploads\/2015\/03\/cnbb_16.jpg","width":273,"height":181},{"@type":"WebPage","@id":"https:\/\/franciscanos.org.br\/noticias\/cnbb-apoia-manifestacoes-e-pede-cuidado-para-nao-enfraquecer-democracia.html#webpage","url":"https:\/\/franciscanos.org.br\/noticias\/cnbb-apoia-manifestacoes-e-pede-cuidado-para-nao-enfraquecer-democracia.html","name":"CNBB apoia manifesta\u00e7\u00f5es e pede cuidado para n\u00e3o enfraquecer democracia - Not\u00edcias - Franciscanos","isPartOf":{"@id":"https:\/\/franciscanos.org.br\/noticias\/#website"},"primaryImageOfPage":{"@id":"https:\/\/franciscanos.org.br\/noticias\/cnbb-apoia-manifestacoes-e-pede-cuidado-para-nao-enfraquecer-democracia.html#primaryimage"},"datePublished":"2015-03-16T11:37:43+00:00","dateModified":"2020-02-13T12:45:04+00:00","author":{"@id":"https:\/\/franciscanos.org.br\/noticias\/#\/schema\/person\/b38fbf43118f02820bd932f2e4b14ad3"},"breadcrumb":{"@id":"https:\/\/franciscanos.org.br\/noticias\/cnbb-apoia-manifestacoes-e-pede-cuidado-para-nao-enfraquecer-democracia.html#breadcrumb"},"inLanguage":"pt-BR","potentialAction":[{"@type":"ReadAction","target":["https:\/\/franciscanos.org.br\/noticias\/cnbb-apoia-manifestacoes-e-pede-cuidado-para-nao-enfraquecer-democracia.html"]}]},{"@type":"BreadcrumbList","@id":"https:\/\/franciscanos.org.br\/noticias\/cnbb-apoia-manifestacoes-e-pede-cuidado-para-nao-enfraquecer-democracia.html#breadcrumb","itemListElement":[{"@type":"ListItem","position":1,"name":"Home","item":"https:\/\/franciscanos.org.br\/noticias"},{"@type":"ListItem","position":2,"name":"CNBB apoia manifesta\u00e7\u00f5es e pede cuidado para n\u00e3o enfraquecer democracia"}]},{"@type":"Person","@id":"https:\/\/franciscanos.org.br\/noticias\/#\/schema\/person\/b38fbf43118f02820bd932f2e4b14ad3","name":"admin","image":{"@type":"ImageObject","inLanguage":"pt-BR","@id":"https:\/\/franciscanos.org.br\/noticias\/#\/schema\/person\/image\/","url":"https:\/\/secure.gravatar.com\/avatar\/e8495742d34d0ba6448ea1c628263b3e?s=96&d=mm&r=g","contentUrl":"https:\/\/secure.gravatar.com\/avatar\/e8495742d34d0ba6448ea1c628263b3e?s=96&d=mm&r=g","caption":"admin"},"url":"https:\/\/franciscanos.org.br\/noticias\/author\/admin"}]}},"_links":{"self":[{"href":"https:\/\/franciscanos.org.br\/noticias\/wp-json\/wp\/v2\/posts\/81448"}],"collection":[{"href":"https:\/\/franciscanos.org.br\/noticias\/wp-json\/wp\/v2\/posts"}],"about":[{"href":"https:\/\/franciscanos.org.br\/noticias\/wp-json\/wp\/v2\/types\/post"}],"author":[{"embeddable":true,"href":"https:\/\/franciscanos.org.br\/noticias\/wp-json\/wp\/v2\/users\/1"}],"replies":[{"embeddable":true,"href":"https:\/\/franciscanos.org.br\/noticias\/wp-json\/wp\/v2\/comments?post=81448"}],"version-history":[{"count":0,"href":"https:\/\/franciscanos.org.br\/noticias\/wp-json\/wp\/v2\/posts\/81448\/revisions"}],"wp:featuredmedia":[{"embeddable":true,"href":"https:\/\/franciscanos.org.br\/noticias\/wp-json\/wp\/v2\/media\/219913"}],"wp:attachment":[{"href":"https:\/\/franciscanos.org.br\/noticias\/wp-json\/wp\/v2\/media?parent=81448"}],"wp:term":[{"taxonomy":"category","embeddable":true,"href":"https:\/\/franciscanos.org.br\/noticias\/wp-json\/wp\/v2\/categories?post=81448"},{"taxonomy":"post_tag","embeddable":true,"href":"https:\/\/franciscanos.org.br\/noticias\/wp-json\/wp\/v2\/tags?post=81448"}],"curies":[{"name":"wp","href":"https:\/\/api.w.org\/{rel}","templated":true}]}}