{"id":81335,"date":"2015-03-13T14:51:11","date_gmt":"2015-03-13T17:51:11","guid":{"rendered":"http:\/\/franciscanos.org.br\/?p=81335"},"modified":"2020-06-10T16:01:01","modified_gmt":"2020-06-10T19:01:01","slug":"revista-de-uma-comunidade-carente-argentina-entrevista-o-papa","status":"publish","type":"post","link":"https:\/\/franciscanos.org.br\/noticias\/revista-de-uma-comunidade-carente-argentina-entrevista-o-papa.html","title":{"rendered":"Revista de comunidade carente argentina entrevista o Papa"},"content":{"rendered":"<p><img loading=\"lazy\" src=\"http:\/\/franciscanos.org.br\/wp-content\/uploads\/2015\/03\/papa_entrevista.jpg\" alt=\"papa_entrevista\" width=\"980\" height=\"478\" \/><\/p>\n<p><em>Por ocasi\u00e3o dos dois anos de pontificado do papa Francisco, os jovens de uma favela da periferia da Grande Buenos Aires lhe enviaram uma s\u00e9rie de perguntas, pensando em publicar as respostas do papa no jornal da comunidade, a revista C\u00e1rcova News. E o papa respondeu.<\/em><\/p>\n<p><strong>C\u00e1rcova News &#8211; O senhor fala muito em periferia. \u00c9 uma palavra que usa muitas vezes. No que o senhor pensa quando fala de periferias? Em n\u00f3s, nas pessoas da favela?<\/strong><\/p>\n<p><strong>PAPA FRANCISCO<\/strong> &#8211; Quando eu falo de periferia, falo de limites. Normalmente, n\u00f3s nos movemos em espa\u00e7os que, de alguma forma, controlamos. Este \u00e9 o centro. Mas, \u00e0 medida que vamos saindo do centro, vamos descobrindo mais coisas. E quando olhamos para o centro a partir dessas novas coisas que descobrimos, a partir das nossas novas posi\u00e7\u00f5es, a partir dessa periferia, vemos que a realidade \u00e9 diferente. Uma coisa \u00e9 ver a realidade a partir do centro e outra coisa \u00e9 v\u00ea-la do \u00faltimo lugar ao qual chegamos. Um exemplo. A Europa, vista a partir de Madri no s\u00e9culo XVI, era uma coisa, mas quando Magalh\u00e3es chega ao fim do continente americano e olha para a Europa, ele entende outras coisas. A realidade \u00e9 vista melhor a partir da periferia do que do centro. Tamb\u00e9m a realidade de uma pessoa, das periferias existenciais e, inclusive, a realidade do pensamento. Voc\u00ea pode ter um pensamento muito armado, mas, quando se confronta com algu\u00e9m que est\u00e1 fora desse pensamento, de alguma forma tem que procurar as raz\u00f5es do seu pr\u00f3prio pensar; come\u00e7a a dialogar, se enriquece a partir da periferia do pensamento do outro.<\/p>\n<p><strong>C\u00e1rcova News &#8211; O senhor conhece os nossos problemas. As drogas avan\u00e7am e n\u00e3o s\u00e3o barradas; entram nas favelas e atacam os nossos jovens. Quem deve nos defender? E n\u00f3s, como podemos nos defender?<\/strong><\/p>\n<p><strong>PAPA FRANCISCO<\/strong> &#8211; \u00c9 verdade, a droga avan\u00e7a e n\u00e3o \u00e9 barrada. H\u00e1 pa\u00edses que j\u00e1 s\u00e3o escravos da droga e isso nos preocupa. O que mais me preocupa \u00e9 o triunfalismo dos traficantes. Essas pessoas j\u00e1 cantam vit\u00f3ria, venceram, triunfaram. E isto \u00e9 uma realidade. H\u00e1 pa\u00edses ou regi\u00f5es onde tudo est\u00e1 sob o dom\u00ednio da droga. A respeito da Argentina, posso dizer s\u00f3 isto: h\u00e1 25 anos, era um lugar de passagem da droga; hoje em dia, \u00e9 um lugar de consumo. E n\u00e3o tenho certeza, mas acredito que tamb\u00e9m de fabrica\u00e7\u00e3o.<\/p>\n<p><strong>C\u00e1rcova News &#8211; Qual \u00e9 a coisa mais importante que temos que dar aos nossos filhos?<\/strong><\/p>\n<p><strong>PAPA FRANCISCO<\/strong> &#8211; O pertencimento, o pertencimento a um lar. O pertencimento se d\u00e1 com amor, com carinho, com tempo, de m\u00e3os dadas, escutando-os, brincando com eles, dando a eles o necess\u00e1rio em cada momento para o seu crescimento. Dando a eles, principalmente, espa\u00e7o para se expressarem. Se voc\u00ea n\u00e3o brinca com o seu filho, o priva da dimens\u00e3o da gratuidade. Se voc\u00ea n\u00e3o d\u00e1 espa\u00e7o para que ele diga o que sente e para que ele possa at\u00e9 discutir com voc\u00ea por sentir-se livre para isso, ent\u00e3o voc\u00ea n\u00e3o est\u00e1 deixando que ele cres\u00e7a. Mas o mais importante \u00e9 a f\u00e9. D\u00f3i muito, em mim, quando encontro jovens que n\u00e3o sabem fazer o sinal da cruz. Esses jovens n\u00e3o receberam a coisa mais importante que um pai e uma m\u00e3e podem dar a eles: a f\u00e9.<\/p>\n<p><strong>C\u00e1rcova News &#8211; O senhor acha que sempre existe a possibilidade de uma mudan\u00e7a, tanto em situa\u00e7\u00f5es dif\u00edceis, de pessoas que foram muito provadas pela vida, como em situa\u00e7\u00f5es sociais ou internacionais que s\u00e3o causa de grandes sofrimentos para a popula\u00e7\u00e3o? De onde vem esse otimismo, inclusive quando seria o caso de nos desesperarmos?<\/strong><\/p>\n<p><strong>PAPA FRANCISCO<\/strong> &#8211; Toda pessoa pode mudar, inclusive as muito provadas. Eu conhe\u00e7o gente que estava abandonada ao deus-dar\u00e1 e que hoje est\u00e1 casada, tem o seu lar. Isto n\u00e3o \u00e9 otimismo; isto \u00e9 certeza de duas coisas. Primeiro, do homem, da pessoa. A pessoa \u00e9 imagem de Deus e Deus n\u00e3o despreza a sua imagem, sempre a resgata de alguma forma. E, segundo, da for\u00e7a do Esp\u00edrito Santo, que vai mudando a consci\u00eancia. N\u00e3o \u00e9 otimismo, \u00e9 f\u00e9 na pessoa, porque ela \u00e9 filha de Deus. Deus n\u00e3o abandona os seus filhos. Eu gosto de repetir que n\u00f3s, os filhos de Deus, fazemos bobagens o tempo todo, erramos, pecamos, mas, quando pedimos perd\u00e3o, Ele sempre nos perdoa. Ele n\u00e3o se cansa de perdoar. Somos n\u00f3s que, quando nos achamos importantes, nos cansamos de pedir perd\u00e3o.<\/p>\n<p><strong>C\u00e1rcova News &#8211; Como podemos ficar convictos e constantes na f\u00e9? Vivemos altos e baixos; em alguns momentos somos conscientes da presen\u00e7a de Deus, de que Deus \u00e9 um companheiro de caminho, mas, em outros, nos esquecemos disso e nos comportamos como se Deus n\u00e3o existisse. Podemos conseguir estabilidade numa quest\u00e3o como a da f\u00e9?<\/strong><\/p>\n<p><strong>PAPA FRANCISCO<\/strong> &#8211; Sim, h\u00e1 altos e baixos. Em alguns momentos, somos conscientes da presen\u00e7a de Deus, outras vezes nos esquecemos dela. A B\u00edblia diz: a vida do homem, da pessoa sobre a terra, \u00e9 um combate. Ou seja, temos que estar em paz e lutando. Preparados para n\u00e3o desfalecer, n\u00e3o baixar a guarda, e, por outro lado, desfrutando de todas as coisas lindas que Deus nos d\u00e1 na vida. Temos que estar alertas. N\u00e3o ser derrotistas, n\u00e3o ser pessimistas. Como ser constante na f\u00e9? Se voc\u00ea n\u00e3o se negar a senti-la, vai senti-la muito perto, vai encontr\u00e1-la no seu cora\u00e7\u00e3o. Outro dia pode ser que voc\u00ea n\u00e3o sinta nada. Mas a f\u00e9 est\u00e1 ali, n\u00e3o est\u00e1? \u00c9 necess\u00e1rio acostumar-se com o fato de que a f\u00e9 n\u00e3o \u00e9 um sentimento. \u00c0s vezes, nosso Senhor nos d\u00e1 a gra\u00e7a de senti-la, mas a f\u00e9 \u00e9 mais do que isso. A f\u00e9 \u00e9 a minha rela\u00e7\u00e3o com Jesus Cristo; eu creio que Ele me salvou. Este \u00e9 o ponto central da f\u00e9. Procure os momentos da sua vida em que voc\u00ea estava mal, perdido, frustrado, e observe como Cristo o salvou. Abrace isto; esta \u00e9 a raiz da sua f\u00e9. Quando voc\u00ea se esquece, quando n\u00e3o sente nada, abrace isto, porque essa \u00e9 a base da sua f\u00e9. E sempre com o Evangelho na m\u00e3o. Leve consigo um Evangelho pequeno, no bolso. Mantenha um Evangelho em casa. \u00c9 a Palavra de Deus. Nele voc\u00ea alimenta a f\u00e9. Afinal, a f\u00e9 \u00e9 um presente, n\u00e3o \u00e9 uma atitude psicol\u00f3gica. E quando lhe d\u00e3o um presente, voc\u00ea tem que receb\u00ea-lo, n\u00e3o \u00e9? Receba, ent\u00e3o, o presente do Evangelho e leia. Leia e escute a Palavra de Deus.<\/p>\n<p><strong>C\u00e1rcova News &#8211; A sua vida tem sido intensa, rica. N\u00f3s tamb\u00e9m queremos viver uma vida plena, intensa. Como fazer para n\u00e3o viver inutilmente? E como podemos saber que n\u00e3o vivemos inutilmente?<\/strong><\/p>\n<p><strong>PAPA FRANCISCO<\/strong> &#8211; Bom, eu vivi muito inutilmente, sabiam? N\u00e3o foi t\u00e3o intensa e t\u00e3o rica. Eu sou um pecador como qualquer outro. Acontece que, simplesmente, nosso Senhor quis que as coisas que eu fa\u00e7o sejam p\u00fablicas, mas quantas vezes h\u00e1 gente que n\u00e3o vemos, e o bem que elas fazem! A intensidade n\u00e3o \u00e9 diretamente proporcional ao que se v\u00ea. A intensidade \u00e9 vivida por dentro. E \u00e9 vivida alimentando-se a f\u00e9. Como? Fazendo obras de fecundidade, obras de amor pelo bem das pessoas. Talvez o pior pecado contra o amor seja o de renegar uma pessoa. H\u00e1 uma pessoa que ama voc\u00ea e voc\u00ea a renega fingindo que nem a conhece. Ela ama voc\u00ea e voc\u00ea a renega! Quem mais nos ama \u00e9 Deus. Renegar a Deus \u00e9 um dos piores pecados que existem. S\u00e3o Pedro cometeu esse pecado, renegou Jesus Cristo\u2026 e foi escolhido papa! Ent\u00e3o, o que me resta? Vamos seguir adiante!<\/p>\n<p>C<strong>\u00e1rcova News &#8211; H\u00e1 pessoas, ao seu redor, que n\u00e3o concordam com o senhor?<\/strong><\/p>\n<p><strong>PAPA FRANCISCO<\/strong> &#8211; Sim, claro.<\/p>\n<p><strong>C\u00e1rcova News &#8211; Como o senhor se comporta com elas?<\/strong><\/p>\n<p><strong>PAPA FRANCISCO<\/strong> &#8211; Nunca me fez mal escutar as pessoas. Cada vez que as escuto, me faz bem. Nas vezes em que n\u00e3o as escutei \u00e9 que me dei mal. Porque, mesmo que voc\u00ea n\u00e3o esteja de acordo, elas sempre, sempre v\u00e3o lhe dar algo ou colocar voc\u00ea numa situa\u00e7\u00e3o em que \u00e9 preciso repensar as coisas. E isso enriquece. Esta \u00e9 a maneira de nos comportarmos com as pessoas das quais discordamos. Agora, se eu n\u00e3o estou de acordo com algu\u00e9m e paro de cumpriment\u00e1-lo, fecho a porta na sua cara ou n\u00e3o o deixo falar, n\u00e3o lhe pergunto nada, \u00e9 evidente que anulo a mim mesmo. Esta \u00e9 a riqueza do di\u00e1logo. Dialogando, escutando, voc\u00ea se enriquece.<\/p>\n<p><strong>C\u00e1rcova News &#8211; A moda de hoje empurra os jovens para as rela\u00e7\u00f5es virtuais. Na favela tamb\u00e9m acontece isto. Como fazer para que as pessoas saiam do seu mundo de fantasia, como ajud\u00e1-las a viver a realidade e as rela\u00e7\u00f5es verdadeiras?<\/strong><\/p>\n<p><strong>PAPA FRANCISCO<\/strong> &#8211; Eu distinguiria entre o mundo da fantasia e as rela\u00e7\u00f5es virtuais. \u00c0s vezes, as rela\u00e7\u00f5es virtuais n\u00e3o s\u00e3o de fantasia; s\u00e3o concretas, s\u00e3o de coisas reais, muito concretas. Mas, evidentemente, o desej\u00e1vel \u00e9 a rela\u00e7\u00e3o n\u00e3o virtual, ou seja, a rela\u00e7\u00e3o f\u00edsica, afetiva, a rela\u00e7\u00e3o no tempo e no contato com as pessoas. E acho que o perigo que n\u00f3s corremos \u00e9 o de ter uma capacidade de informa\u00e7\u00e3o muito grande, de nos movermos virtualmente dentro de toda uma s\u00e9rie de coisas que podem nos fazer virar jovens-museu. Um jovem-museu \u00e9 muito bem informado, mas o que ele faz com tudo o que tem? A maneira de ser fecundo na vida n\u00e3o \u00e9 acumular informa\u00e7\u00e3o ou manter apenas comunica\u00e7\u00f5es virtuais, mas mudar o concreto da exist\u00eancia. Em suma, isto quer dizer amar. Voc\u00ea pode amar outra pessoa, mas, se n\u00e3o aperta a sua m\u00e3o, n\u00e3o lhe d\u00e1 um abra\u00e7o, n\u00e3o \u00e9 amor; se voc\u00ea ama algu\u00e9m para se casar com esse algu\u00e9m, ou seja, com o desejo de se entregar completamente, mas n\u00e3o o abra\u00e7a, n\u00e3o lhe d\u00e1 um beijo, n\u00e3o \u00e9 verdadeiro amor. O amor virtual n\u00e3o existe. Existe a declara\u00e7\u00e3o de amor virtual, mas o verdadeiro amor prev\u00ea o contato f\u00edsico, concreto. Vamos ao essencial da vida. E o essencial \u00e9 isso. Ent\u00e3o, nada de jovens-museu que s\u00f3 estejam informados das coisas virtualmente, e sim jovens que sintam e que, com as pr\u00f3prias m\u00e3os, e isto \u00e9 o concreto, levem a vida adiante. Eu gosto de falar das tr\u00eas linguagens: a linguagem da cabe\u00e7a, a linguagem do cora\u00e7\u00e3o e a linguagem das m\u00e3os. Tem que haver harmonia entre as tr\u00eas, de tal maneira que voc\u00ea pense o que sente e o que faz, sinta o que pensa e o que faz e fa\u00e7a o que sente e o que pensa. Isto \u00e9 o concreto. Ficar somente no virtual \u00e9 como viver numa cabe\u00e7a sem corpo.<\/p>\n<p><strong>C\u00e1rcova News &#8211; H\u00e1 algo que o senhor queira sugerir aos governantes argentinos num ano de elei\u00e7\u00f5es?<\/strong><\/p>\n<p><strong>PAPA FRANCISCO &#8211;<\/strong> Primeiro, uma plataforma eleitoral clara. Que cada um diga: se n\u00f3s formos governo, vamos fazer \u201cisto\u201d. Bem concreto. A plataforma eleitoral \u00e9 muito sadia e ajuda as pessoas a ver o que cada um pensa. Em elei\u00e7\u00f5es de muitos anos atr\u00e1s, houve um caso importante, com alguns jornalistas espertos. Mais ou menos na mesma hora, eles se encontraram com tr\u00eas candidatos. N\u00e3o me lembro se eram candidatos a deputados ou a intendentes. E perguntaram a cada um: \u201cO que o senhor pensa sobre tal coisa?\u201d. Cada um deu a sua resposta e um dos jornalistas disse a um deles: \u201cMas o que o senhor pensa n\u00e3o \u00e9 a mesma coisa que o seu partido pensa. Veja a plataforma eleitoral do seu partido\u2026\u201d. \u00c0s vezes, os pr\u00f3prios candidatos n\u00e3o conhecem a plataforma eleitoral. Um candidato tem que se apresentar \u00e0 sociedade com uma plataforma eleitoral clara, bem estudada, dizendo explicitamente: \u201cSe eu for eleito deputado, intendente, governador, vou fazer \u2018isto\u2019, porque \u00e9 \u2018isto\u2019 o que tem que ser feito\u201d. Segundo, honestidade na apresenta\u00e7\u00e3o da pr\u00f3pria postura. E terceiro, e isso \u00e9 uma das coisas que n\u00f3s temos que conseguir, espero que consigamos, uma campanha eleitoral n\u00e3o financiada. Porque nos financiamentos das campanhas eleitorais entram muitos interesses que depois \u201cmandam a fatura\u201d. Ent\u00e3o, tem que haver independ\u00eancia em rela\u00e7\u00e3o a qualquer um que possa financiar uma campanha eleitoral. \u00c9 um ideal, evidentemente, porque sempre se precisa de dinheiro para a propaganda, para a televis\u00e3o. Mas, em todo caso, que o financiamento seja p\u00fablico. Deste modo, eu, cidad\u00e3o, sei que financio este candidato com esta determinada quantidade de dinheiro. Que seja tudo transparente e limpo.<\/p>\n<p><strong>C\u00e1rcova News &#8211; Quando o senhor vem \u00e0 Argentina?<\/strong><\/p>\n<p><strong>PAPA FRANCISCO &#8211;<\/strong> Pretendo ir em 2016, mas ainda n\u00e3o h\u00e1 nada certo, porque \u00e9 preciso combinar com outras viagens, com outros pa\u00edses.<\/p>\n<p><strong>C\u00e1rcova News &#8211; Ouvimos pela televis\u00e3o not\u00edcias que nos doem, sobre fan\u00e1ticos que querem mat\u00e1-lo. O senhor n\u00e3o tem medo? E n\u00f3s, que o amamos, o que podemos fazer?<\/strong><\/p>\n<p><strong>PAPA FRANCISCO<\/strong> &#8211; Vejam, a vida est\u00e1 nas m\u00e3os de Deus. Eu disse a nosso Senhor: cuida de mim. Mas se a tua vontade for que eu morra ou que me fa\u00e7am algo, s\u00f3 te pe\u00e7o um favor: que n\u00e3o me doa. Porque eu sou muito medroso para a dor f\u00edsica&#8230;<\/p>\n","protected":false},"excerpt":{"rendered":"<p>Dois anos do Pontificado<\/p>\n","protected":false},"author":1,"featured_media":219903,"comment_status":"open","ping_status":"open","sticky":false,"template":"","format":"standard","meta":[],"categories":[1428],"tags":[17],"acf":[],"yoast_head":"<!-- This site is optimized with the Yoast SEO plugin v19.2 - https:\/\/yoast.com\/wordpress\/plugins\/seo\/ -->\n<title>Revista de comunidade carente argentina entrevista o Papa - Not\u00edcias - Franciscanos<\/title>\n<meta name=\"robots\" content=\"index, follow, max-snippet:-1, max-image-preview:large, max-video-preview:-1\" \/>\n<link rel=\"canonical\" href=\"https:\/\/franciscanos.org.br\/noticias\/revista-de-uma-comunidade-carente-argentina-entrevista-o-papa.html\" \/>\n<meta property=\"og:locale\" content=\"pt_BR\" \/>\n<meta property=\"og:type\" content=\"article\" \/>\n<meta property=\"og:title\" content=\"Revista de comunidade carente argentina entrevista o Papa - Not\u00edcias - Franciscanos\" \/>\n<meta property=\"og:description\" content=\"Dois anos do Pontificado\" \/>\n<meta property=\"og:url\" content=\"https:\/\/franciscanos.org.br\/noticias\/revista-de-uma-comunidade-carente-argentina-entrevista-o-papa.html\" \/>\n<meta property=\"og:site_name\" content=\"Not\u00edcias - Franciscanos\" \/>\n<meta property=\"article:published_time\" content=\"2015-03-13T17:51:11+00:00\" \/>\n<meta property=\"article:modified_time\" content=\"2020-06-10T19:01:01+00:00\" \/>\n<meta property=\"og:image\" content=\"https:\/\/franciscanos.org.br\/noticias\/wp-content\/uploads\/2015\/03\/papa_entrevista.jpg\" \/>\n\t<meta property=\"og:image:width\" content=\"273\" \/>\n\t<meta property=\"og:image:height\" content=\"181\" \/>\n\t<meta property=\"og:image:type\" content=\"image\/jpeg\" \/>\n<meta name=\"author\" content=\"admin\" \/>\n<meta name=\"twitter:card\" content=\"summary_large_image\" \/>\n<meta name=\"twitter:label1\" content=\"Escrito por\" \/>\n\t<meta name=\"twitter:data1\" content=\"admin\" \/>\n\t<meta name=\"twitter:label2\" content=\"Est. tempo de leitura\" \/>\n\t<meta name=\"twitter:data2\" content=\"12 minutos\" \/>\n<script type=\"application\/ld+json\" class=\"yoast-schema-graph\">{\"@context\":\"https:\/\/schema.org\",\"@graph\":[{\"@type\":\"WebSite\",\"@id\":\"https:\/\/franciscanos.org.br\/noticias\/#website\",\"url\":\"https:\/\/franciscanos.org.br\/noticias\/\",\"name\":\"Not\u00edcias - Franciscanos\",\"description\":\"Prov\u00edncia Franciscana da Imaculada Concei\u00e7\u00e3o do Brasil - Ordem dos Frades Menores - OFM\",\"potentialAction\":[{\"@type\":\"SearchAction\",\"target\":{\"@type\":\"EntryPoint\",\"urlTemplate\":\"https:\/\/franciscanos.org.br\/noticias\/?s={search_term_string}\"},\"query-input\":\"required name=search_term_string\"}],\"inLanguage\":\"pt-BR\"},{\"@type\":\"ImageObject\",\"inLanguage\":\"pt-BR\",\"@id\":\"https:\/\/franciscanos.org.br\/noticias\/revista-de-uma-comunidade-carente-argentina-entrevista-o-papa.html#primaryimage\",\"url\":\"https:\/\/franciscanos.org.br\/noticias\/wp-content\/uploads\/2015\/03\/papa_entrevista.jpg\",\"contentUrl\":\"https:\/\/franciscanos.org.br\/noticias\/wp-content\/uploads\/2015\/03\/papa_entrevista.jpg\",\"width\":273,\"height\":181},{\"@type\":\"WebPage\",\"@id\":\"https:\/\/franciscanos.org.br\/noticias\/revista-de-uma-comunidade-carente-argentina-entrevista-o-papa.html#webpage\",\"url\":\"https:\/\/franciscanos.org.br\/noticias\/revista-de-uma-comunidade-carente-argentina-entrevista-o-papa.html\",\"name\":\"Revista de comunidade carente argentina entrevista o Papa - Not\u00edcias - Franciscanos\",\"isPartOf\":{\"@id\":\"https:\/\/franciscanos.org.br\/noticias\/#website\"},\"primaryImageOfPage\":{\"@id\":\"https:\/\/franciscanos.org.br\/noticias\/revista-de-uma-comunidade-carente-argentina-entrevista-o-papa.html#primaryimage\"},\"datePublished\":\"2015-03-13T17:51:11+00:00\",\"dateModified\":\"2020-06-10T19:01:01+00:00\",\"author\":{\"@id\":\"https:\/\/franciscanos.org.br\/noticias\/#\/schema\/person\/b38fbf43118f02820bd932f2e4b14ad3\"},\"breadcrumb\":{\"@id\":\"https:\/\/franciscanos.org.br\/noticias\/revista-de-uma-comunidade-carente-argentina-entrevista-o-papa.html#breadcrumb\"},\"inLanguage\":\"pt-BR\",\"potentialAction\":[{\"@type\":\"ReadAction\",\"target\":[\"https:\/\/franciscanos.org.br\/noticias\/revista-de-uma-comunidade-carente-argentina-entrevista-o-papa.html\"]}]},{\"@type\":\"BreadcrumbList\",\"@id\":\"https:\/\/franciscanos.org.br\/noticias\/revista-de-uma-comunidade-carente-argentina-entrevista-o-papa.html#breadcrumb\",\"itemListElement\":[{\"@type\":\"ListItem\",\"position\":1,\"name\":\"Home\",\"item\":\"https:\/\/franciscanos.org.br\/noticias\"},{\"@type\":\"ListItem\",\"position\":2,\"name\":\"Revista de comunidade carente argentina entrevista o Papa\"}]},{\"@type\":\"Person\",\"@id\":\"https:\/\/franciscanos.org.br\/noticias\/#\/schema\/person\/b38fbf43118f02820bd932f2e4b14ad3\",\"name\":\"admin\",\"image\":{\"@type\":\"ImageObject\",\"inLanguage\":\"pt-BR\",\"@id\":\"https:\/\/franciscanos.org.br\/noticias\/#\/schema\/person\/image\/\",\"url\":\"https:\/\/secure.gravatar.com\/avatar\/e8495742d34d0ba6448ea1c628263b3e?s=96&d=mm&r=g\",\"contentUrl\":\"https:\/\/secure.gravatar.com\/avatar\/e8495742d34d0ba6448ea1c628263b3e?s=96&d=mm&r=g\",\"caption\":\"admin\"},\"url\":\"https:\/\/franciscanos.org.br\/noticias\/author\/admin\"}]}<\/script>\n<!-- \/ Yoast SEO plugin. -->","yoast_head_json":{"title":"Revista de comunidade carente argentina entrevista o Papa - Not\u00edcias - Franciscanos","robots":{"index":"index","follow":"follow","max-snippet":"max-snippet:-1","max-image-preview":"max-image-preview:large","max-video-preview":"max-video-preview:-1"},"canonical":"https:\/\/franciscanos.org.br\/noticias\/revista-de-uma-comunidade-carente-argentina-entrevista-o-papa.html","og_locale":"pt_BR","og_type":"article","og_title":"Revista de comunidade carente argentina entrevista o Papa - Not\u00edcias - Franciscanos","og_description":"Dois anos do Pontificado","og_url":"https:\/\/franciscanos.org.br\/noticias\/revista-de-uma-comunidade-carente-argentina-entrevista-o-papa.html","og_site_name":"Not\u00edcias - Franciscanos","article_published_time":"2015-03-13T17:51:11+00:00","article_modified_time":"2020-06-10T19:01:01+00:00","og_image":[{"width":273,"height":181,"url":"https:\/\/franciscanos.org.br\/noticias\/wp-content\/uploads\/2015\/03\/papa_entrevista.jpg","type":"image\/jpeg"}],"author":"admin","twitter_card":"summary_large_image","twitter_misc":{"Escrito por":"admin","Est. tempo de leitura":"12 minutos"},"schema":{"@context":"https:\/\/schema.org","@graph":[{"@type":"WebSite","@id":"https:\/\/franciscanos.org.br\/noticias\/#website","url":"https:\/\/franciscanos.org.br\/noticias\/","name":"Not\u00edcias - Franciscanos","description":"Prov\u00edncia Franciscana da Imaculada Concei\u00e7\u00e3o do Brasil - Ordem dos Frades Menores - OFM","potentialAction":[{"@type":"SearchAction","target":{"@type":"EntryPoint","urlTemplate":"https:\/\/franciscanos.org.br\/noticias\/?s={search_term_string}"},"query-input":"required name=search_term_string"}],"inLanguage":"pt-BR"},{"@type":"ImageObject","inLanguage":"pt-BR","@id":"https:\/\/franciscanos.org.br\/noticias\/revista-de-uma-comunidade-carente-argentina-entrevista-o-papa.html#primaryimage","url":"https:\/\/franciscanos.org.br\/noticias\/wp-content\/uploads\/2015\/03\/papa_entrevista.jpg","contentUrl":"https:\/\/franciscanos.org.br\/noticias\/wp-content\/uploads\/2015\/03\/papa_entrevista.jpg","width":273,"height":181},{"@type":"WebPage","@id":"https:\/\/franciscanos.org.br\/noticias\/revista-de-uma-comunidade-carente-argentina-entrevista-o-papa.html#webpage","url":"https:\/\/franciscanos.org.br\/noticias\/revista-de-uma-comunidade-carente-argentina-entrevista-o-papa.html","name":"Revista de comunidade carente argentina entrevista o Papa - Not\u00edcias - Franciscanos","isPartOf":{"@id":"https:\/\/franciscanos.org.br\/noticias\/#website"},"primaryImageOfPage":{"@id":"https:\/\/franciscanos.org.br\/noticias\/revista-de-uma-comunidade-carente-argentina-entrevista-o-papa.html#primaryimage"},"datePublished":"2015-03-13T17:51:11+00:00","dateModified":"2020-06-10T19:01:01+00:00","author":{"@id":"https:\/\/franciscanos.org.br\/noticias\/#\/schema\/person\/b38fbf43118f02820bd932f2e4b14ad3"},"breadcrumb":{"@id":"https:\/\/franciscanos.org.br\/noticias\/revista-de-uma-comunidade-carente-argentina-entrevista-o-papa.html#breadcrumb"},"inLanguage":"pt-BR","potentialAction":[{"@type":"ReadAction","target":["https:\/\/franciscanos.org.br\/noticias\/revista-de-uma-comunidade-carente-argentina-entrevista-o-papa.html"]}]},{"@type":"BreadcrumbList","@id":"https:\/\/franciscanos.org.br\/noticias\/revista-de-uma-comunidade-carente-argentina-entrevista-o-papa.html#breadcrumb","itemListElement":[{"@type":"ListItem","position":1,"name":"Home","item":"https:\/\/franciscanos.org.br\/noticias"},{"@type":"ListItem","position":2,"name":"Revista de comunidade carente argentina entrevista o Papa"}]},{"@type":"Person","@id":"https:\/\/franciscanos.org.br\/noticias\/#\/schema\/person\/b38fbf43118f02820bd932f2e4b14ad3","name":"admin","image":{"@type":"ImageObject","inLanguage":"pt-BR","@id":"https:\/\/franciscanos.org.br\/noticias\/#\/schema\/person\/image\/","url":"https:\/\/secure.gravatar.com\/avatar\/e8495742d34d0ba6448ea1c628263b3e?s=96&d=mm&r=g","contentUrl":"https:\/\/secure.gravatar.com\/avatar\/e8495742d34d0ba6448ea1c628263b3e?s=96&d=mm&r=g","caption":"admin"},"url":"https:\/\/franciscanos.org.br\/noticias\/author\/admin"}]}},"_links":{"self":[{"href":"https:\/\/franciscanos.org.br\/noticias\/wp-json\/wp\/v2\/posts\/81335"}],"collection":[{"href":"https:\/\/franciscanos.org.br\/noticias\/wp-json\/wp\/v2\/posts"}],"about":[{"href":"https:\/\/franciscanos.org.br\/noticias\/wp-json\/wp\/v2\/types\/post"}],"author":[{"embeddable":true,"href":"https:\/\/franciscanos.org.br\/noticias\/wp-json\/wp\/v2\/users\/1"}],"replies":[{"embeddable":true,"href":"https:\/\/franciscanos.org.br\/noticias\/wp-json\/wp\/v2\/comments?post=81335"}],"version-history":[{"count":1,"href":"https:\/\/franciscanos.org.br\/noticias\/wp-json\/wp\/v2\/posts\/81335\/revisions"}],"predecessor-version":[{"id":223830,"href":"https:\/\/franciscanos.org.br\/noticias\/wp-json\/wp\/v2\/posts\/81335\/revisions\/223830"}],"wp:featuredmedia":[{"embeddable":true,"href":"https:\/\/franciscanos.org.br\/noticias\/wp-json\/wp\/v2\/media\/219903"}],"wp:attachment":[{"href":"https:\/\/franciscanos.org.br\/noticias\/wp-json\/wp\/v2\/media?parent=81335"}],"wp:term":[{"taxonomy":"category","embeddable":true,"href":"https:\/\/franciscanos.org.br\/noticias\/wp-json\/wp\/v2\/categories?post=81335"},{"taxonomy":"post_tag","embeddable":true,"href":"https:\/\/franciscanos.org.br\/noticias\/wp-json\/wp\/v2\/tags?post=81335"}],"curies":[{"name":"wp","href":"https:\/\/api.w.org\/{rel}","templated":true}]}}