{"id":81021,"date":"2015-04-01T07:02:16","date_gmt":"2015-04-01T10:02:16","guid":{"rendered":"http:\/\/franciscanos.org.br\/?p=81021"},"modified":"2019-07-02T08:24:05","modified_gmt":"2019-07-02T11:24:05","slug":"convento-da-penha-divulga-programa-da-festa","status":"publish","type":"post","link":"https:\/\/franciscanos.org.br\/noticias\/convento-da-penha-divulga-programa-da-festa.html","title":{"rendered":"Festa de N. Sra. da Penha come\u00e7a no domingo de P\u00e1scoa"},"content":{"rendered":"<p><img loading=\"lazy\" src=\"http:\/\/franciscanos.org.br\/wp-content\/uploads\/2015\/03\/convento.jpg\" alt=\"convento\" width=\"820\" height=\"433\" \/><\/p>\n<p>Todos os anos, no domingo da P\u00e1scoa, tem in\u00edcio uma das maiores festas religiosas do pa\u00eds: a Festa de Nossa Senhora da Penha. Frei Pedro Pal\u00e1cios, antes de passar desta vida para a eternidade, no ano de 1570 ou 1571, aqui iniciou esta festa que se tornou muito popular em nossos dias. A Festa da Penha, como \u00e9 conhecida, tem origem novamente na devo\u00e7\u00e3o a Nossa Senhora das Alegrias. Uma das alegrias de Maria \u00e9 a ressurrei\u00e7\u00e3o de Jesus, por isso, a festa \u00e9 celebrada na P\u00e1scoa. A Festa tem dura\u00e7\u00e3o de 9 dias, ou seja, inicia no domingo da P\u00e1scoa e culmina na segunda-feira ap\u00f3s a oitava da P\u00e1scoa.<\/p>\n<p>A Festa da Padroeira integra todo o Estado, de Norte a Sul. Caravanas de todas as dioceses se organizam para homenagear a M\u00e3e da Penha. &#8220;As romarias a cada ano refor\u00e7am o car\u00e1ter extremamente devocional desta festa. \u00c9 expressivo o n\u00famero de pessoas que participam das Romarias e diversas missas que comp\u00f5em a festa. Registro aqui, por exemplo, a Romaria dos homens, criada no ano de 1958 e que a cada ano aumenta mais a participa\u00e7\u00e3o das pessoas. Estima-se que no \u00faltimo ano mais de 300.000 pessoas tenham participado desta romaria. Outras grandes romarias tamb\u00e9m acontecem, como a das mulheres, reunindo em torno de 60.000 pessoas&#8221;, explica Frei Valdecir Schwambach.<\/p>\n<p>A cada ano, o n\u00famero de fi\u00e9is tem aumentado. Estima-se que ao longo dos 9 dias, aproximadamente 1 milh\u00e3o de pessoas participam de algum momento da festa: romarias, missas, oitav\u00e1rio ou somente venham ao Convento para prestar sua homenagem pessoal e familiar \u00e0 Padroeira.<br \/>\nO \u00faltimo dia da festa, que \u00e9 o dia da Padroeira, \u00e9 feriado estadual.<\/p>\n<p>Neste ano, a Festa acontecer\u00e1 de 05 a 13 de abril e ter\u00e1 como tema: \u201cMaria, m\u00e3e da fam\u00edlia, santu\u00e1rio da paz\u201d. &#8220;Mais uma vez, queremos que esta seja uma festa para todas as pessoas, transmitindo a todos, valores tais como a f\u00e9, o respeito, a paz, a toler\u00e2ncia, a comunh\u00e3o, o cuidado para com o outro e toda a cria\u00e7\u00e3o&#8221;, espera Frei Valdecir.<br \/>\n<a href=\"http:\/\/franciscanos.org.br\/wp-content\/uploads\/2015\/03\/cartaz_festa.jpg\"><img loading=\"lazy\" class=\"alignright size-full wp-image-81023\" src=\"http:\/\/franciscanos.org.br\/wp-content\/uploads\/2015\/03\/cartaz_festa.jpg\" alt=\"cartaz_festa\" width=\"337\" height=\"500\" \/><\/a><\/p>\n<h3>FESTA DE NOSSA SENHORA DA PENHA<br \/>\n<strong>Vila Velha, Esp\u00edrito Santo, Brasil<\/strong><\/h3>\n<p><strong>DE 05 A 13 DE ABRIL DE 2015<\/strong><\/p>\n<p><strong>Tema: Maria, M\u00e3e da Fam\u00edlia, Santu\u00e1rio da Paz!<\/strong><\/p>\n<p><strong>05\/04 \u2013 DOMINGO DE P\u00c1SCOA \u2013 RESSURREI\u00c7\u00c3O DO SENHOR<\/strong><\/p>\n<p style=\"padding-left: 30px;\"><strong>Missas na Capela:<\/strong> 5h00, 7h00, 9h00 e 11h00<br \/>\n<strong>14h30:<\/strong> Abertura do Oitav\u00e1rio e Missa no Campinho (Estacionamento) do Convento<br \/>\n<strong>Romaria:<\/strong> Cavaleiros \u2013 8h30, saindo de Cobil\u00e2ndia \u2013 Vila Velha<br \/>\n<em>Obs: Missa coordenada pela \u00c1rea de Vila Velha<\/em><br \/>\n<em> (Neste dia, n\u00e3o h\u00e1 atendimento de confiss\u00f5es).<\/em><\/p>\n<p><strong>06\/04 \u2013 SEGUNDA-FEIRA<\/strong><\/p>\n<p style=\"padding-left: 30px;\"><strong>Missas na Capela:<\/strong> 6h00, 7h00, 8h00 e 9h30<br \/>\n<strong>14h30:<\/strong> Oitav\u00e1rio e Missa no Campinho do Convento<br \/>\n<em>Obs: Missa coordenada pela \u00c1rea Serrana<\/em><br \/>\n<strong>Confiss\u00f5es:<\/strong> 8h00 \u00e0s 11h00 e 14h00 \u00e0s 16h00.<\/p>\n<p><strong>07\/04 \u2013 TER\u00c7A-FEIRA<\/strong><\/p>\n<p style=\"padding-left: 30px;\"><strong>Missas na Capela:<\/strong> 6h00, 7h00, 8h00 e 9h30<br \/>\n<strong>14h30<\/strong>: Oitav\u00e1rio e Missa no Campinho<br \/>\n<em>Obs: Missa coordenada pela \u00c1rea Cariacica\/Viana<\/em><br \/>\n<strong>Confiss\u00f5es:<\/strong> 8h00 \u00e0s 11h00 e 14h00 \u00e0s 16h00.<\/p>\n<p><strong>08\/04 \u2013 QUARTA-FEIRA<\/strong><\/p>\n<p style=\"padding-left: 30px;\"><strong>Missas na Capela:<\/strong> 6h00, 7h00, 8h00 e 9h30<br \/>\n<strong>Romaria:<\/strong> Militares \u2013 saindo 14h00 da Prainha<br \/>\n<strong>14h30:<\/strong> Oitav\u00e1rio e Missa no Campinho<br \/>\n<em>Obs: Missa coordenada pela \u00c1rea Benevente<\/em><br \/>\n<strong>Confiss\u00f5es:<\/strong> 8h00 \u00e0s 11h00 e 14h00 \u00e0s 16h00.<\/p>\n<p><strong>09\/04 \u2013 QUINTA-FEIRA<\/strong><\/p>\n<p style=\"padding-left: 30px;\"><strong>Missas na Capela:<\/strong> 6h00, 7h00, 8h00 e 9h30<br \/>\n<strong>14h30:<\/strong> Oitav\u00e1rio e Missa no Campinho<br \/>\n<em>Obs: Missa coordenada pela \u00c1rea Serra<\/em><br \/>\n<strong> Confiss\u00f5es:<\/strong> 8h00 \u00e0s 11h00 e 14h00 \u00e0s 16h00.<\/p>\n<p><strong>10\/04 \u2013 SEXTA-FEIRA<\/strong><\/p>\n<p style=\"padding-left: 30px;\"><strong>Missas na Capela:<\/strong> 6h00, 7h00, 8h00 e 9h30 (Missa dos advogados)<br \/>\n<em>14h30:<\/em> Oitav\u00e1rio e Missa no Campinho<br \/>\n<em>Obs: Missa coordenada pela \u00c1rea Vit\u00f3ria<\/em><br \/>\n<strong>Confiss\u00f5es:<\/strong> 8h00 \u00e0s 11h00 e 14h00 \u00e0s 16h00.<\/p>\n<p><strong>11\/04 \u2013 S\u00c1BADO<\/strong><\/p>\n<p style=\"padding-left: 30px;\"><strong>Missas na Capela:<\/strong> 6h00, 7h30 e 11h00<br \/>\n<strong>8h00:<\/strong> Campinho \u2013 Missa da Diocese de S\u00e3o Mateus (Romaria saindo 7 horas do Port\u00e3o do Convento)<br \/>\n<strong>9h00:<\/strong> Prainha \u2013 Missa das pessoas com defici\u00eancia (Romaria saindo \u00e0s 8 horas da Pra\u00e7a Dq. de Caxias)<br \/>\n<strong>14h30:<\/strong> Oitav\u00e1rio e Missa no Campinho<br \/>\n<em>Obs: Celebra nesta tarde a Diocese de Cachoeiro de Itapemirim (Romaria saindo \u00e0s 14 horas do Port\u00e3o do Convento)<\/em><br \/>\n<strong>23h30:<\/strong> Prainha \u2013 Missa de encerramento da Romaria dos Homens (Romaria saindo \u00e0s 19 horas da Catedral)<br \/>\n<strong>Confiss\u00f5es:<\/strong> 8h00 \u00e0s 11h00 e 14h00 \u00e0s 16h00.<\/p>\n<p><strong>12\/04- DOMINGO<\/strong><\/p>\n<p style=\"padding-left: 30px;\"><strong>Missas na Capela:<\/strong> 5h00, 07h00, 11h00 e 14h00<br \/>\n<strong>9h00:<\/strong> Campinho \u2013 Missa da Diocese de Colatina (Romaria saindo \u00e0s 8 horas do Port\u00e3o do Convento)<br \/>\n<strong>15h30:<\/strong> Prainha \u2013 Oitav\u00e1rio<br \/>\n<strong>16h00:<\/strong> Prainha \u2013 Missa de encerramento da Romaria das Mulheres (Saindo \u00e0s 14h30 do Santu\u00e1rio do Divino Esp\u00edrito Santo)<br \/>\n<strong>Prociss\u00e3o:<\/strong> Mar\u00edtima \u2013 saindo 9 horas da Ilha das Caieiras<br \/>\n<strong>Romaria:<\/strong> Motociclistas \u2013 saindo \u00e0s \u00a010 horas \u2013 Pra\u00e7a Costa Pereira<br \/>\n<em>Obs. Confiss\u00f5es: 8h00 \u00e0s 11h00 e 14h00 \u00e0s 16h00.<\/em><br \/>\n<strong>Show na Prainha<\/strong>: Frei Florival e amigos<\/p>\n<p><strong>13\/04 \u2013 SEGUNDA-FEIRA \u2013 DIA DA PADROEIRA<\/strong><\/p>\n<p style=\"padding-left: 30px;\"><strong>Missas na Capela:<\/strong> 0h00 (meia-noite), 2h00, 6h00, 9h00 e 12h00<br \/>\n<strong>7h00:<\/strong> Campinho \u2013 Missa da CRB e Semin\u00e1rio Nossa Senhora da Penha<br \/>\n<strong>Romaria:<\/strong> Ciclistas \u2013 saindo \u00e0s 8h30 de Cobil\u00e2ndia<br \/>\n<strong>9h00<\/strong>: Bandas de Congo homenageiam a Padroeira no Campinho e recebem a b\u00ean\u00e7\u00e3o.<br \/>\n<strong>10h00:<\/strong> Campinho \u2013 Missa das Pastorais<br \/>\n<strong>16h00:<\/strong> Prainha \u2013 Missa de encerramento da Festa de Nossa Senhora da Penha<br \/>\n<em>Obs: Confiss\u00f5es: 8h00 \u00e0s 11h00 (Capela da Penit\u00eancia) e 14h00 \u00e0s 16h30.<\/em><br \/>\n<strong>Show<\/strong> com Pe. F\u00e1bio de Melo ap\u00f3s a missa<\/p>\n","protected":false},"excerpt":{"rendered":"<p>Festa da Penha 2015<\/p>\n","protected":false},"author":1,"featured_media":207060,"comment_status":"open","ping_status":"open","sticky":false,"template":"","format":"standard","meta":[],"categories":[1],"tags":[245],"acf":[],"yoast_head":"<!-- This site is optimized with the Yoast SEO plugin v19.2 - https:\/\/yoast.com\/wordpress\/plugins\/seo\/ -->\n<title>Festa de N. Sra. da Penha come\u00e7a no domingo de P\u00e1scoa - Not\u00edcias - Franciscanos<\/title>\n<meta name=\"robots\" content=\"index, follow, max-snippet:-1, max-image-preview:large, max-video-preview:-1\" \/>\n<link rel=\"canonical\" href=\"https:\/\/franciscanos.org.br\/noticias\/convento-da-penha-divulga-programa-da-festa.html\" \/>\n<meta property=\"og:locale\" content=\"pt_BR\" \/>\n<meta property=\"og:type\" content=\"article\" \/>\n<meta property=\"og:title\" content=\"Festa de N. Sra. da Penha come\u00e7a no domingo de P\u00e1scoa - Not\u00edcias - Franciscanos\" \/>\n<meta property=\"og:description\" content=\"Festa da Penha 2015\" \/>\n<meta property=\"og:url\" content=\"https:\/\/franciscanos.org.br\/noticias\/convento-da-penha-divulga-programa-da-festa.html\" \/>\n<meta property=\"og:site_name\" content=\"Not\u00edcias - Franciscanos\" \/>\n<meta property=\"article:published_time\" content=\"2015-04-01T10:02:16+00:00\" \/>\n<meta property=\"article:modified_time\" content=\"2019-07-02T11:24:05+00:00\" \/>\n<meta property=\"og:image\" content=\"https:\/\/franciscanos.org.br\/noticias\/wp-content\/uploads\/2015\/04\/convento.jpg\" \/>\n\t<meta property=\"og:image:width\" content=\"273\" \/>\n\t<meta property=\"og:image:height\" content=\"181\" \/>\n\t<meta property=\"og:image:type\" content=\"image\/jpeg\" \/>\n<meta name=\"author\" content=\"admin\" \/>\n<meta name=\"twitter:card\" content=\"summary_large_image\" \/>\n<meta name=\"twitter:label1\" content=\"Escrito por\" \/>\n\t<meta name=\"twitter:data1\" content=\"admin\" \/>\n\t<meta name=\"twitter:label2\" content=\"Est. tempo de leitura\" \/>\n\t<meta name=\"twitter:data2\" content=\"4 minutos\" \/>\n<script type=\"application\/ld+json\" class=\"yoast-schema-graph\">{\"@context\":\"https:\/\/schema.org\",\"@graph\":[{\"@type\":\"WebSite\",\"@id\":\"https:\/\/franciscanos.org.br\/noticias\/#website\",\"url\":\"https:\/\/franciscanos.org.br\/noticias\/\",\"name\":\"Not\u00edcias - Franciscanos\",\"description\":\"Prov\u00edncia Franciscana da Imaculada Concei\u00e7\u00e3o do Brasil - Ordem dos Frades Menores - OFM\",\"potentialAction\":[{\"@type\":\"SearchAction\",\"target\":{\"@type\":\"EntryPoint\",\"urlTemplate\":\"https:\/\/franciscanos.org.br\/noticias\/?s={search_term_string}\"},\"query-input\":\"required name=search_term_string\"}],\"inLanguage\":\"pt-BR\"},{\"@type\":\"ImageObject\",\"inLanguage\":\"pt-BR\",\"@id\":\"https:\/\/franciscanos.org.br\/noticias\/convento-da-penha-divulga-programa-da-festa.html#primaryimage\",\"url\":\"https:\/\/franciscanos.org.br\/noticias\/wp-content\/uploads\/2015\/04\/convento.jpg\",\"contentUrl\":\"https:\/\/franciscanos.org.br\/noticias\/wp-content\/uploads\/2015\/04\/convento.jpg\",\"width\":273,\"height\":181},{\"@type\":\"WebPage\",\"@id\":\"https:\/\/franciscanos.org.br\/noticias\/convento-da-penha-divulga-programa-da-festa.html#webpage\",\"url\":\"https:\/\/franciscanos.org.br\/noticias\/convento-da-penha-divulga-programa-da-festa.html\",\"name\":\"Festa de N. Sra. da Penha come\u00e7a no domingo de P\u00e1scoa - Not\u00edcias - Franciscanos\",\"isPartOf\":{\"@id\":\"https:\/\/franciscanos.org.br\/noticias\/#website\"},\"primaryImageOfPage\":{\"@id\":\"https:\/\/franciscanos.org.br\/noticias\/convento-da-penha-divulga-programa-da-festa.html#primaryimage\"},\"datePublished\":\"2015-04-01T10:02:16+00:00\",\"dateModified\":\"2019-07-02T11:24:05+00:00\",\"author\":{\"@id\":\"https:\/\/franciscanos.org.br\/noticias\/#\/schema\/person\/b38fbf43118f02820bd932f2e4b14ad3\"},\"breadcrumb\":{\"@id\":\"https:\/\/franciscanos.org.br\/noticias\/convento-da-penha-divulga-programa-da-festa.html#breadcrumb\"},\"inLanguage\":\"pt-BR\",\"potentialAction\":[{\"@type\":\"ReadAction\",\"target\":[\"https:\/\/franciscanos.org.br\/noticias\/convento-da-penha-divulga-programa-da-festa.html\"]}]},{\"@type\":\"BreadcrumbList\",\"@id\":\"https:\/\/franciscanos.org.br\/noticias\/convento-da-penha-divulga-programa-da-festa.html#breadcrumb\",\"itemListElement\":[{\"@type\":\"ListItem\",\"position\":1,\"name\":\"Home\",\"item\":\"https:\/\/franciscanos.org.br\/noticias\"},{\"@type\":\"ListItem\",\"position\":2,\"name\":\"Festa de N. Sra. da Penha come\u00e7a no domingo de P\u00e1scoa\"}]},{\"@type\":\"Person\",\"@id\":\"https:\/\/franciscanos.org.br\/noticias\/#\/schema\/person\/b38fbf43118f02820bd932f2e4b14ad3\",\"name\":\"admin\",\"image\":{\"@type\":\"ImageObject\",\"inLanguage\":\"pt-BR\",\"@id\":\"https:\/\/franciscanos.org.br\/noticias\/#\/schema\/person\/image\/\",\"url\":\"https:\/\/secure.gravatar.com\/avatar\/e8495742d34d0ba6448ea1c628263b3e?s=96&d=mm&r=g\",\"contentUrl\":\"https:\/\/secure.gravatar.com\/avatar\/e8495742d34d0ba6448ea1c628263b3e?s=96&d=mm&r=g\",\"caption\":\"admin\"},\"url\":\"https:\/\/franciscanos.org.br\/noticias\/author\/admin\"}]}<\/script>\n<!-- \/ Yoast SEO plugin. -->","yoast_head_json":{"title":"Festa de N. Sra. da Penha come\u00e7a no domingo de P\u00e1scoa - Not\u00edcias - Franciscanos","robots":{"index":"index","follow":"follow","max-snippet":"max-snippet:-1","max-image-preview":"max-image-preview:large","max-video-preview":"max-video-preview:-1"},"canonical":"https:\/\/franciscanos.org.br\/noticias\/convento-da-penha-divulga-programa-da-festa.html","og_locale":"pt_BR","og_type":"article","og_title":"Festa de N. Sra. da Penha come\u00e7a no domingo de P\u00e1scoa - Not\u00edcias - Franciscanos","og_description":"Festa da Penha 2015","og_url":"https:\/\/franciscanos.org.br\/noticias\/convento-da-penha-divulga-programa-da-festa.html","og_site_name":"Not\u00edcias - Franciscanos","article_published_time":"2015-04-01T10:02:16+00:00","article_modified_time":"2019-07-02T11:24:05+00:00","og_image":[{"width":273,"height":181,"url":"https:\/\/franciscanos.org.br\/noticias\/wp-content\/uploads\/2015\/04\/convento.jpg","type":"image\/jpeg"}],"author":"admin","twitter_card":"summary_large_image","twitter_misc":{"Escrito por":"admin","Est. tempo de leitura":"4 minutos"},"schema":{"@context":"https:\/\/schema.org","@graph":[{"@type":"WebSite","@id":"https:\/\/franciscanos.org.br\/noticias\/#website","url":"https:\/\/franciscanos.org.br\/noticias\/","name":"Not\u00edcias - Franciscanos","description":"Prov\u00edncia Franciscana da Imaculada Concei\u00e7\u00e3o do Brasil - Ordem dos Frades Menores - OFM","potentialAction":[{"@type":"SearchAction","target":{"@type":"EntryPoint","urlTemplate":"https:\/\/franciscanos.org.br\/noticias\/?s={search_term_string}"},"query-input":"required name=search_term_string"}],"inLanguage":"pt-BR"},{"@type":"ImageObject","inLanguage":"pt-BR","@id":"https:\/\/franciscanos.org.br\/noticias\/convento-da-penha-divulga-programa-da-festa.html#primaryimage","url":"https:\/\/franciscanos.org.br\/noticias\/wp-content\/uploads\/2015\/04\/convento.jpg","contentUrl":"https:\/\/franciscanos.org.br\/noticias\/wp-content\/uploads\/2015\/04\/convento.jpg","width":273,"height":181},{"@type":"WebPage","@id":"https:\/\/franciscanos.org.br\/noticias\/convento-da-penha-divulga-programa-da-festa.html#webpage","url":"https:\/\/franciscanos.org.br\/noticias\/convento-da-penha-divulga-programa-da-festa.html","name":"Festa de N. Sra. da Penha come\u00e7a no domingo de P\u00e1scoa - Not\u00edcias - Franciscanos","isPartOf":{"@id":"https:\/\/franciscanos.org.br\/noticias\/#website"},"primaryImageOfPage":{"@id":"https:\/\/franciscanos.org.br\/noticias\/convento-da-penha-divulga-programa-da-festa.html#primaryimage"},"datePublished":"2015-04-01T10:02:16+00:00","dateModified":"2019-07-02T11:24:05+00:00","author":{"@id":"https:\/\/franciscanos.org.br\/noticias\/#\/schema\/person\/b38fbf43118f02820bd932f2e4b14ad3"},"breadcrumb":{"@id":"https:\/\/franciscanos.org.br\/noticias\/convento-da-penha-divulga-programa-da-festa.html#breadcrumb"},"inLanguage":"pt-BR","potentialAction":[{"@type":"ReadAction","target":["https:\/\/franciscanos.org.br\/noticias\/convento-da-penha-divulga-programa-da-festa.html"]}]},{"@type":"BreadcrumbList","@id":"https:\/\/franciscanos.org.br\/noticias\/convento-da-penha-divulga-programa-da-festa.html#breadcrumb","itemListElement":[{"@type":"ListItem","position":1,"name":"Home","item":"https:\/\/franciscanos.org.br\/noticias"},{"@type":"ListItem","position":2,"name":"Festa de N. Sra. da Penha come\u00e7a no domingo de P\u00e1scoa"}]},{"@type":"Person","@id":"https:\/\/franciscanos.org.br\/noticias\/#\/schema\/person\/b38fbf43118f02820bd932f2e4b14ad3","name":"admin","image":{"@type":"ImageObject","inLanguage":"pt-BR","@id":"https:\/\/franciscanos.org.br\/noticias\/#\/schema\/person\/image\/","url":"https:\/\/secure.gravatar.com\/avatar\/e8495742d34d0ba6448ea1c628263b3e?s=96&d=mm&r=g","contentUrl":"https:\/\/secure.gravatar.com\/avatar\/e8495742d34d0ba6448ea1c628263b3e?s=96&d=mm&r=g","caption":"admin"},"url":"https:\/\/franciscanos.org.br\/noticias\/author\/admin"}]}},"_links":{"self":[{"href":"https:\/\/franciscanos.org.br\/noticias\/wp-json\/wp\/v2\/posts\/81021"}],"collection":[{"href":"https:\/\/franciscanos.org.br\/noticias\/wp-json\/wp\/v2\/posts"}],"about":[{"href":"https:\/\/franciscanos.org.br\/noticias\/wp-json\/wp\/v2\/types\/post"}],"author":[{"embeddable":true,"href":"https:\/\/franciscanos.org.br\/noticias\/wp-json\/wp\/v2\/users\/1"}],"replies":[{"embeddable":true,"href":"https:\/\/franciscanos.org.br\/noticias\/wp-json\/wp\/v2\/comments?post=81021"}],"version-history":[{"count":0,"href":"https:\/\/franciscanos.org.br\/noticias\/wp-json\/wp\/v2\/posts\/81021\/revisions"}],"wp:featuredmedia":[{"embeddable":true,"href":"https:\/\/franciscanos.org.br\/noticias\/wp-json\/wp\/v2\/media\/207060"}],"wp:attachment":[{"href":"https:\/\/franciscanos.org.br\/noticias\/wp-json\/wp\/v2\/media?parent=81021"}],"wp:term":[{"taxonomy":"category","embeddable":true,"href":"https:\/\/franciscanos.org.br\/noticias\/wp-json\/wp\/v2\/categories?post=81021"},{"taxonomy":"post_tag","embeddable":true,"href":"https:\/\/franciscanos.org.br\/noticias\/wp-json\/wp\/v2\/tags?post=81021"}],"curies":[{"name":"wp","href":"https:\/\/api.w.org\/{rel}","templated":true}]}}