{"id":80660,"date":"2015-03-04T07:51:09","date_gmt":"2015-03-04T10:51:09","guid":{"rendered":"http:\/\/franciscanos.org.br\/?p=80660"},"modified":"2020-06-24T12:10:19","modified_gmt":"2020-06-24T15:10:19","slug":"espirito-vozes","status":"publish","type":"post","link":"https:\/\/franciscanos.org.br\/noticias\/espirito-vozes.html","title":{"rendered":"Entrevista: Frei Volney Berkenbrock fala do Esp\u00edrito Vozes"},"content":{"rendered":"<h4><strong><a href=\"http:\/\/franciscanos.org.br\/wp-content\/uploads\/2015\/03\/espirito-vozes-820.jpg\"><img loading=\"lazy\" src=\"http:\/\/franciscanos.org.br\/wp-content\/uploads\/2015\/03\/espirito-vozes-820.jpg\" alt=\"espirito-vozes-820\" width=\"820\" height=\"373\" \/><\/a><\/strong><\/h4>\n<h4><strong>ENTREVISTA \u2013 FREI VOLNEY BERKENBROCK<\/strong><\/h4>\n<p><strong>Moacir Beggo<\/strong><\/p>\n<p style=\"text-align: justify;\"><em>Com o enredo em aberto, a trama se armando, e o final da hist\u00f3ria ainda distante, n\u00e3o d\u00e1 para prever o futuro do livro. Mas se pode dizer, com certeza, que nunca \u201cessa inven\u00e7\u00e3o genial\u201d sofreu uma amea\u00e7a t\u00e3o frontal com a chegada do livro em formato eletr\u00f4nico, um produto m\u00e1gico e revolucion\u00e1rio que, segundo estudiosos, veio para ficar. Ao mesmo tempo, o mercado livreiro brasileiro foi sacudido com fus\u00f5es e aquisi\u00e7\u00f5es de grupos internacionais.<\/em><\/p>\n<p style=\"text-align: justify;\"><em>Esse cen\u00e1rio, contudo, n\u00e3o tira o sono de <strong>Frei Volney Berkenbrock<\/strong>. \u00c0 frente da gest\u00e3o colegiada da Editora Vozes desde 1999, Frei Volney v\u00ea a editora robusta e mais forte ainda ao completar, no pr\u00f3ximo dia 5 de mar\u00e7o, 114 anos de funda\u00e7\u00e3o. Poucas empresas tiveram esse f\u00f4lego para atuar por tanto tempo neste segmento e, a seu favor ela tem, antes de ser uma empresa, um esp\u00edrito coletivo, um esp\u00edrito unido em torno da evangeliza\u00e7\u00e3o e da cultura.<\/em><\/p>\n<p style=\"text-align: justify;\"><em>Para Frei Volney, essa \u201cinven\u00e7\u00e3o genial\u201d tem vida longa. \u201cUm livro \u00e9 um conte\u00fado. Este conte\u00fado pode ser apresentado em formatos diversos. O formato impresso \u00e9 o mais conhecido, o mais popular e \u2013 de longe \u2013 o mais utilizado\u201d, enfatiza. No mercado, a Vozes cada vez mais valoriza a sua marca, inovando e criando para um mundo plural. A editora cat\u00f3lica l\u00e1 do in\u00edcio do s\u00e9culo passado \u00e9 hoje um centro irradiador de cultura franciscana, humana e crist\u00e3 para diversos segmentos da sociedade brasileira. Nesta entrevista, Frei Volney aprofunda esse papel da Vozes hoje.<\/em><\/p>\n<p><strong><a href=\"http:\/\/franciscanos.org.br\/wp-content\/uploads\/2015\/03\/espirito-vozes-01.jpg\"><img loading=\"lazy\" class=\"alignleft wp-image-80666\" src=\"http:\/\/franciscanos.org.br\/wp-content\/uploads\/2015\/03\/espirito-vozes-01.jpg\" alt=\"espirito-vozes-01\" width=\"496\" height=\"372\" \/><\/a>Site Franciscanos\u00a0&#8211; A centen\u00e1ria Editora Vozes far\u00e1 114 anos no dia 5 de mar\u00e7o pr\u00f3ximo. Como ela consegue essa longevidade? Qual o segredo?<\/strong><\/p>\n<p><strong>Frei Volney Berkenbrock<\/strong> &#8211; Sem d\u00favida, hoje poucas s\u00e3o as empresas que t\u00eam 114 anos. E muito menos as que t\u00eam 114 anos atuando no mesmo segmento, como \u00e9 o caso da Vozes. Uma longevidade de mais de cem anos para uma empresa \u00e9 de fato algo incomum. Constatar isto \u00e9 f\u00e1cil; agora explicar o porqu\u00ea ou ainda dizer qual o segredo que se esconde por tr\u00e1s disto, a\u00ed j\u00e1 \u00e9 outra hist\u00f3ria. \u00c9 \u00f3bvio que a longevidade de uma empresa est\u00e1 ligada a uma s\u00e9rie de fatores, como a perman\u00eancia do segmento de mercado onde ela atua, ter um p\u00fablico fiel, tem uma administra\u00e7\u00e3o adequada a cada \u00e9poca, saber ler os sinais dos tempos e renovar-se continuamente, conjugar dinamicidade com tradi\u00e7\u00e3o etc. Mas penso que n\u00e3o \u00e9 s\u00f3 isto que fez a Vozes permanecer por este tempo todo. A Vozes, antes de ser uma empresa, \u00e9 um esp\u00edrito coletivo, um esp\u00edrito unido em torno da evangeliza\u00e7\u00e3o e da cultura. Sua longevidade se deve, penso, ao fato de nestes 114 anos ter sempre existido um grupo de pessoas que manteve este esp\u00edrito. \u00c9 isto que faz a sua longevidade: a continuidade deste esp\u00edrito ao longo do tempo.<\/p>\n<p><strong>Site Franciscanos\u00a0&#8211; Como \u00e9 administrar esse cat\u00e1logo gigantesco da Vozes (mais de 5 mil t\u00edtulos), a aten\u00e7\u00e3o dada \u00e0s obras que j\u00e1 foram publicadas e a prospec\u00e7\u00e3o para novos autores?<\/strong><\/p>\n<p><strong>Frei Volney Berkenbrock<\/strong> &#8211; O grande respons\u00e1vel pelo cat\u00e1logo da Vozes \u00e9 o seu p\u00fablico. Os leitores \u00e9 que v\u00e3o selecionando e fazendo com que obras publicadas sejam mantidas ou n\u00e3o no cat\u00e1logo. Cabe \u00e0 estrutura da Editora Vozes, com sua gr\u00e1fica, rede de distribuidoras e de livrarias, manter a oferta dos livros em todo o territ\u00f3rio nacional. Esta \u00e9 a tarefa nossa; mas a responsabilidade pela manuten\u00e7\u00e3o do cat\u00e1logo \u00e9 em princ\u00edpio dos leitores. O grande desafio que se coloca, no que tange ao cat\u00e1logo, \u00e9 justamente a escolha de novos t\u00edtulos a serem lan\u00e7ados. Para esta tarefa, a Vozes tem atualmente cinco editoriais: o editorial cultural (respons\u00e1vel pela busca de obras de ci\u00eancias humanas como antropologia, sociologia, ecologia, psicologia, hist\u00f3ria, letras, pedagogia, filosofia etc.), o editorial teol\u00f3gico-espiritual, o editorial catequ\u00e9tico-pastoral, o editorial de produtos sazonais e o editorial dos selos Vozes Nobilis e Vozes de Bolso. Cada editorial \u00e9 coordenado por um(a) editor(a), a quem cabe receber\/buscar e analisar textos tanto nacionais como estrangeiros. As propostas dos editores s\u00e3o levadas ao Conselho Editorial, a quem cabe decidir pela publica\u00e7\u00e3o ou n\u00e3o das propostas. Em m\u00e9dia s\u00e3o analisadas na Vozes mensalmente mais de 150 propostas e o n\u00famero de lan\u00e7amentos mensal \u00e9 em torno de 15 obras.<\/p>\n<table border=\"0\" width=\"450\" cellspacing=\"3\" cellpadding=\"3\" align=\"right\">\n<tbody>\n<tr>\n<td bgcolor=\"#f4f4f4\">\n<table border=\"0\" width=\"450\" cellspacing=\"3\" cellpadding=\"1\">\n<tbody>\n<tr>\n<td bgcolor=\"#FFFFFF\"><img loading=\"lazy\" class=\"\" style=\"line-height: 19px;\" src=\"http:\/\/franciscanos.org.br\/wp-content\/uploads\/2015\/03\/volney1.jpg\" alt=\"volney1\" width=\"500\" height=\"333\" \/><\/td>\n<\/tr>\n<tr>\n<td bgcolor=\"#FFFFFF\">\n<h4><b style=\"line-height: 19px;\">OS FILHOS DA LETRA \u201cV\u201d<\/b><\/h4>\n<p><em>Frei Volney nasceu no dia 24 de novembro de 1960, em Forquilhinha (SC). De um total de seis irm\u00e3os, Volney \u00e9 o terceiro filho de Max Jos\u00e9 Berkenbrock e Elisabeth Herdt Berkenbrock. Uma curiosidade: o casal deu a todos os filhos nomes iniciados com a letra \u201cV\u201d. Assim, por ordem de idade: Vanda, a primeira filha, casada com Ant\u00f4nio Mateus, com quem tem dois filhos: Gislene e Felipe. Vilma, a segunda filha, casada com Eluir Brunel, com quem tem uma filha: \u00c9rica.<\/em><br \/>\n<em> Volney, o primeiro filho. Valda, a ca\u00e7ula das filhas, casada com Osimar Bolsoni, com quem tem duas filhas: Gabriele e Eduarda. Vilson, o segundo filho, falecido aos 22 anos de idade em um acidente automobil\u00edstico em Jaragu\u00e1 do Sul (SC). Valberto, o ca\u00e7ula de todos, casado com S\u00f4nia Pasini, com quem tem dois filhos: Patrick e Fernanda.<\/em><\/p>\n<p><strong><em>Na foto acima, com Anselm Gr\u00fcn<\/em><\/strong><\/td>\n<\/tr>\n<tr>\n<td bgcolor=\"#CCCCCC\">\n<h4><b style=\"line-height: 19px;\">ESTUDIOSO DAS RELIGI\u00d5ES<\/b><\/h4>\n<p>Quando coroinha na sua cidade, cresceu a ideia de ir para o semin\u00e1rio. Assim, aos 11 anos de idade, deixou a fam\u00edlia para estudar no Semin\u00e1rio S\u00e3o Francisco de Assis de Ituporanga, onde cursou a 5\u00aa e 6\u00aa s\u00e9ries, e no Semin\u00e1rio Santo Ant\u00f4nio de Agudos, onde cursou as duas \u00faltimas s\u00e9ries do ensino fundamental e concluiu o ensino m\u00e9dio. Vestiu o h\u00e1bito franciscano no dia 20 de janeiro de 1979 e, tendo terminado em fins de 1985 os estudos de Filosofia e Teologia, foi ordenado sacerdote por Dom Os\u00f3rio Beber em janeiro de 1986. No come\u00e7o de 1988 foi transferido para Bonn, Alemanha, onde iniciou os estudos de p\u00f3s-gradua\u00e7\u00e3o na Rheinische Friedrich-Wilhelm-Universit\u00e4t. Em 1995 recebeu desta universidade o t\u00edtulo de Doutor em Teologia. Al\u00e9m de diretor e membro do conselho editorial da Vozes, Frei Volney \u00e9 professor de Teologia Sistem\u00e1tica no Instituto Teol\u00f3gico Franciscano desde 1995 e professor e pesquisador do Departamento de Ci\u00eancia da Religi\u00e3o no Instituto de Ci\u00eancias Humanas e Letras da Universidade Federal de Juiz de Fora (MG) desde 1998. Leciona neste programa as disciplinas de Hist\u00f3ria das Religi\u00f5es, Estudo Comparado das Religi\u00f5es, Religi\u00f5es Afro-Brasileiras e A Quest\u00e3o da Incultura\u00e7\u00e3o. \u00c9 membro do grupo de pesquisa da \u00e1rea Religi\u00e3o Comparada e Perspectivas de Di\u00e1logo.<\/td>\n<\/tr>\n<\/tbody>\n<\/table>\n<\/td>\n<\/tr>\n<\/tbody>\n<\/table>\n<p><strong>Site Franciscanos\u00a0&#8211; Segundo pesquisa feita na Escola Superior de Propaganda e Marketing (ESPM), em 2012 o mercado religioso editorial movimentou aproximadamente R$ 12 bilh\u00f5es no pa\u00eds. Essa tend\u00eancia continuou nos anos seguintes? Quais as perspectivas para a Vozes neste cen\u00e1rio?<\/strong><\/p>\n<p><strong>Frei Volney Berkenbrock<\/strong> &#8211; Existem diversos institutos de pesquisa no Brasil sobre o mercado de livros e estes usam diferentes metodologias de c\u00e1lculo. Nalgumas se usa uma classifica\u00e7\u00e3o por editora, noutras por g\u00eanero de produtos. Na classifica\u00e7\u00e3o por editora, a Vozes \u00e9 considerada editora religiosa e toda a sua produ\u00e7\u00e3o \u00e9 assim classificada. Noutras se usa uma classifica\u00e7\u00e3o por g\u00eanero de produtos. N\u00e3o saberia dizer qual o m\u00e9todo usado pela ESPM. Pelos dados da GFK, que pesquisa o mercado do varejo do livro e do qual a Vozes participa com seus dados, o livro religioso participou em 2013 com 7,5% do total do mercado, tendo ca\u00eddo esta participa\u00e7\u00e3o para 6,1% no ano de 2014 em n\u00famero de exemplares. Como o livro religioso tem em m\u00e9dia um pre\u00e7o menor, a participa\u00e7\u00e3o no faturamento teria sido de 4,6% em 2013 e 4% em 2014. Seguindo, pois, esta pesquisa, teria havido certa queda na participa\u00e7\u00e3o do livro religioso no mercado brasileiro. \u00c9 muito dif\u00edcil dizer, no entanto, se isto \u00e9 uma tend\u00eancia ou n\u00e3o, pois o lan\u00e7amento de alguns livros religiosos com vendas muito acima da m\u00e9dia (como \u00c1gape e Kair\u00f3s do Padre Marcelo, ou ent\u00e3o Nada a Perder, j\u00e1 no volume 3, de Edir Macedo) desequilibram as estat\u00edsticas. Dentro da Vozes acontece o mesmo fen\u00f4meno: a coloca\u00e7\u00e3o, por exemplo, do livro Encontro Di\u00e1rio com Deus no cat\u00e1logo de vendas da Avon, representa um salto grande no n\u00famero de exemplares. Se formos retirar estes produtos excepcionais que desequilibram as estat\u00edsticas, eu diria que tem havido um crescimento em alguns g\u00eaneros de livros religiosos, destacando sobretudo o crescimento de livros de Espiritualidade.<\/p>\n<p><strong>Site Franciscanos\u00a0&#8211; Nesse mesmo crescimento, 10% foi abocanhado pelo mercado do livro evang\u00e9lico. Isso preocupa as editoras cat\u00f3licas ou mais especificamente a Vozes?<\/strong><\/p>\n<p><strong>Frei Volney Berkenbrock<\/strong> &#8211; N\u00e3o, isto n\u00e3o \u00e9 uma preocupa\u00e7\u00e3o. Na \u00e1rea religiosa, os livros s\u00e3o lan\u00e7ados geralmente para um segmento bastante claro de mercado, e assim sendo n\u00e3o acontece que um segmento abocanhe o outro. \u00c9 claro que o crescimento do n\u00famero de evang\u00e9licos faz crescer o consumo de livros evang\u00e9licos. Mas esta j\u00e1 n\u00e3o \u00e9 uma quest\u00e3o t\u00e3o relacionada com a Vozes. Por outro lado, h\u00e1 o fen\u00f4meno do consumo de livros religiosos, independente da confessionalidade. Por exemplo, livros de estudos b\u00edblicos s\u00e3o consumidos por crist\u00e3os, de um modo geral, independentemente da confiss\u00e3o.<\/p>\n<p><strong>Site Franciscanos\u00a0&#8211; Um dos grandes problemas para a maioria das editoras \u00e9 a distribui\u00e7\u00e3o. A Vozes tem uma boa visibilidade nas livrarias. Qual a pol\u00edtica da editora em rela\u00e7\u00e3o \u00e0 distribui\u00e7\u00e3o?<\/strong><\/p>\n<p><strong>Frei Volney Berkenbrock<\/strong> &#8211; De fato, boa parte dos livros produzidos no Brasil nunca chega \u00e0s livrarias. Podem ser encomendados ou comprados somente nas respectivas editoras, pelo fato de a editora n\u00e3o ter distribui\u00e7\u00e3o. A Vozes mant\u00e9m uma rede pr\u00f3pria de 13 distribuidoras (al\u00e9m de sua rede de livrarias), que cobre todo o territ\u00f3rio nacional. Isto tem a vantagem de estarmos pr\u00f3ximos a praticamente todas as livrarias do Brasil, podermos apresentar a elas os nossos produtos e fazer a reposi\u00e7\u00e3o com uma boa agilidade. Por outro lado, a manuten\u00e7\u00e3o desta rede tem um custo alto. At\u00e9 o momento, a decis\u00e3o da empresa \u00e9 manter esta rede e n\u00e3o terceirizar a distribui\u00e7\u00e3o de seus produtos.<\/p>\n<p><strong>Site Franciscanos- A fus\u00e3o da Companhia das Letras com a Objetiva, consequ\u00eancia direta da aquisi\u00e7\u00e3o de todos os selos liter\u00e1rios da espanhola Santillana pela Penguin Random House (PRH), assusta a Vozes?<\/strong><\/p>\n<p><strong>Frei Volney Berkenbrock<\/strong> &#8211; Sim, \u00e9 preciso estar atento \u00e0s tend\u00eancias do mercado livreiro, como fus\u00f5es e aquisi\u00e7\u00f5es que est\u00e3o ocorrendo. Parece haver uma tend\u00eancia de aglomera\u00e7\u00e3o, de editoras e de selos editoriais com o objetivo de ampliar a participa\u00e7\u00e3o no mercado, com uma estrutura mais enxuta. Justamente atenta a esta tend\u00eancia, a Editora Vozes ampliou o seu leque de selos editoriais. Assim, foi lan\u00e7ado em outubro de 2005 o selo Vozes Nobilis. Trata-se de uma linha editorial especial, com autores de renome e capacidade superior de venda, com livros de um acabamento mais aprimorado. Este selo editorial visa especialmente aumentar a presen\u00e7a da Editora Vozes em livrarias de grande circula\u00e7\u00e3o, como aeroportos e shopping centers. Passados quase 10 anos, este selo \u2013 hoje com cerca de 70 t\u00edtulos &#8211; tem j\u00e1 uma participa\u00e7\u00e3o significativa no faturamento da empresa. Seguindo na mesma linha de ampliar a presen\u00e7a no mercado, a Editora Vozes lan\u00e7ou em 2011 o selo Vozes de Bolso, pelo qual s\u00e3o publicados textos cl\u00e1ssicos em formato de bolso e pre\u00e7os mais acess\u00edveis. Este selo tem tido tamb\u00e9m um desempenho interessante. Em breve, o selo Vozes de Bolso ir\u00e1 lan\u00e7ar uma nova linha de produtos, mas n\u00e3o posso adiantar aqui qual&#8230;<\/p>\n<p><strong>Site Franciscanos<\/strong><em>\u00a0&#8211; <\/em><strong>Nas listas dos livros mais vendidos no Brasil, quase a totalidade deles foi escrita por jornalistas, sejam as biografias, livros de hist\u00f3ria, ou com conte\u00fado memorialista. Ao contr\u00e1rio disso, vemos rar\u00edssimos livros de fic\u00e7\u00e3o nacional nessas listas. Como voc\u00ea analisa essa faceta do mercado editorial brasileiro?<\/strong><\/p>\n<p><strong>Frei Volney Berkenbrock<\/strong> &#8211; A lista de livros mais vendidos concentra cada vez menos obras e autores. \u00c9 a tend\u00eancia de investir muito mais em um n\u00famero menor de produtos. E o caminho mais auspicioso \u00e9 seguir o que \u00e9 feito em outros pa\u00edses, ou seja, publicar aqui autores\/t\u00edtulos que j\u00e1 s\u00e3o sucesso noutros lugares. Neste sentido, \u00e9 bastante l\u00f3gico que a maioria dos livros da lista dos mais vendidos seja de autores estrangeiros. Com isto, o espa\u00e7o dado a autores nacionais de fic\u00e7\u00e3o \u00e9 bem menor. Alguns podem dizer que n\u00e3o temos mais escritores de peso no Brasil, como um Jorge Amado, mas, por outro lado, talvez bons autores de fic\u00e7\u00e3o n\u00e3o estejam recebendo o devido espa\u00e7o\/investimento.<\/p>\n<p><strong>Site Franciscanos\u00a0&#8211; Com tantos livros \u00e0 disposi\u00e7\u00e3o e tantas plataformas de autopublica\u00e7\u00e3o, qual o papel do editor atualmente no mercado editorial?<\/strong><\/p>\n<p><strong>Frei Volney Berkenbrock<\/strong> &#8211; Quanto maior o n\u00famero de obras e de formas de publica\u00e7\u00e3o, mais crucial se torna o papel do editor. Costumo dizer que h\u00e1 uma diferen\u00e7a entre livro e papel impresso em formato de livro. Livro \u00e9 aquilo que tem leitores, que circula, que \u00e9 comentado. H\u00e1 milhares de exemplares de papel impresso em forma de livro, empilhados em dep\u00f3sitos (inclusive da Vozes), mas que n\u00e3o circulam nem encontram leitores. Neste cen\u00e1rio, o papel do editor \u00e9 cada vez mais complexo e decisivo. Mas passou o tempo do editor que sabe das coisas e que \u00e9 o guru. As decis\u00f5es por publica\u00e7\u00e3o ocorrem hoje muito por processo de discuss\u00f5es onde sentam lado a lado editores, diretores, coordenadores de venda, especialistas de marketing, etc.<\/p>\n<p><strong>Site Franciscanos- O que \u00e9 preciso para um produto atingir o \u00eaxito editorial no mercado?<\/strong><\/p>\n<p><strong>Frei Volney Berkenbrock<\/strong> &#8211; Se algu\u00e9m tiver esta f\u00f3rmula, com certeza n\u00e3o ir\u00e1 revelar&#8230;<\/p>\n<p><strong>Site Franciscanos\u00a0&#8211; Hoje, no mercado editorial se fala em mega-seller no lugar de best-seller. De que modo isso interfere na escolha de um novo t\u00edtulo, principalmente pensando em autores estrangeiros? Quem s\u00e3o os mega-sellers da Vozes?<\/strong><\/p>\n<p><strong>Frei Volney Berkenbrock<\/strong> &#8211; Claro que o sonho de uma editora \u00e9 ter um produto seu na lista dos mais vendidos. Mas esta \u00e9 apenas uma faceta do mercado editorial, a que mais aparece para o p\u00fablico. Entretanto n\u00e3o \u00e9 a que mais ocupa a Editora Vozes e \u2013 creio \u2013 a maioria das editoras. A preocupa\u00e7\u00e3o na Vozes ao discutir a publica\u00e7\u00e3o de um t\u00edtulo vai muito mais na linha de por um lado examinar com cuidado o manuscrito ou a proposta de tradu\u00e7\u00e3o e por outro lado pensar no p\u00fablico daquele tipo de conte\u00fado. Concretamente, pensar no leitor de espiritualidade, no estudante ou professor de teologia, no profissional de psicologia, no devoto de algum santo, no estudioso de filosofia e assim por diante. Uma publica\u00e7\u00e3o \u00e9 vi\u00e1vel se conte\u00fado e p\u00fablico se encontram. N\u00e3o precisa, pois, ser um best ou mega-seller. Mas a Vozes tem, sim, seus mega-sellers. Em termos de produtos, a Folhinha do Sagrado Cora\u00e7\u00e3o de Jesus \u00e9 e continua sendo o campe\u00e3o de vendas, com vendas em torno de 550 mil exemplares por ano. Ela \u00e9 seguida pelo Encontro Di\u00e1rio com Deus, um livro com mensagens religiosas para cada dia do ano. Este livro, na edi\u00e7\u00e3o de 2014, j\u00e1 ultrapassou os 400 mil exemplares vendidos num ano. Outro mega-seller \u00e9 o Minutos de Sabedoria, que continua com vendas anuais acima de 200 mil exemplares.<\/p>\n<p><strong>Site Franciscanos\u00a0&#8211; No ano passado, em entrevista ao \u201cO Estado de S. Paulo\u201d, Jason Merkoski, um dos membros da equipe da Amazon que desenvolveu o primeiro leitor de livros digitais Kindle, lan\u00e7ado em 2007, decretou o fim dos livros impressos em sua obra. Mas as vendas de tablets e leitores digitais est\u00e3o se estabilizando sem que isso tivesse acontecido. Pelo visto, o crescimento do livro digital vai demorar?<\/strong><\/p>\n<p><strong>Frei Volney Berkenbrock<\/strong> &#8211; N\u00e3o tenho bola de cristal e por isso n\u00e3o sei se algum dia o livro digital ir\u00e1 substituir o livro impresso. Minha impress\u00e3o \u00e9 que n\u00e3o. Na realidade brasileira, o e-book ainda \u00e9 apenas uma not\u00edcia e uma promessa. A tecnologia existe, existem milhares de t\u00edtulos que j\u00e1 podem ser adquiridos em formato digital, mas o percentual de participa\u00e7\u00e3o do livro digital no mercado do livro \u00e9 ainda muito pequeno. A Editora Vozes tamb\u00e9m oferece t\u00edtulos em formato digital (e-book), j\u00e1 desde 2011. Temos mais de 200 t\u00edtulos em oferta nesta modalidade. J\u00e1 tivemos inclusive um t\u00edtulo livro na lista dos mais vendidos do Brasil no formato digital. Mas o percentual de participa\u00e7\u00e3o deste formato no total de vendas da Vozes est\u00e1 ainda longe de chegar a 1%.<\/p>\n<p><strong>Site Franciscanos\u00a0&#8211; Voc\u00ea acha que existe a possibilidade de o livro digital se popularizar?<\/strong><\/p>\n<p><strong>Frei Volney Berkenbrock<\/strong> &#8211; Penso que pode ser sim uma tend\u00eancia. Mas n\u00e3o acho que a populariza\u00e7\u00e3o do livro digital ande na mesma velocidade e volume que a populariza\u00e7\u00e3o das m\u00eddias para este fim. Estas t\u00eam centenas de outras funcionalidades que a de leitura de um livro. Penso que tamb\u00e9m ser\u00e1 uma quest\u00e3o cultural. Novas gera\u00e7\u00f5es, que cresceram num mundo mais digitalizado, talvez tendam a tornar o livro digital mais popular.<\/p>\n<p><strong>Site Franciscanos\u00a0&#8211; Segundo Robert Darnton, respons\u00e1vel pelo trabalho \u00e0 frente da Biblioteca de Harvard, na Hist\u00f3ria da Comunica\u00e7\u00e3o, uma m\u00eddia n\u00e3o toma o lugar de outra, mas elas vivem num tipo de co-habita\u00e7\u00e3o, que \u00e9 mutuamente ben\u00e9fica. Voc\u00ea acha que isso \u00e9 poss\u00edvel entre os livros impressos e digitais?<\/strong><\/p>\n<p><strong>Frei Volney Berkenbrock<\/strong> &#8211; Para n\u00f3s hoje j\u00e1 est\u00e1 bastante claro que \u00e9 necess\u00e1rio fazer uma distin\u00e7\u00e3o: um livro \u00e9 um conte\u00fado. Este conte\u00fado pode ser apresentado em formatos diversos. O formato impresso \u00e9 o mais conhecido, o mais popular e \u2013 de longe \u2013 o mais utilizado. Ao lado dele apareceram outros formatos: o \u00e1udio-livro, o livro digital, etc. No passado j\u00e1 tivemos outros formatos, dos quais atualmente quase ningu\u00e9m mais ouve falar, como o livro em micro-filme. H\u00e1 uma outra forma de disponibiliza\u00e7\u00e3o de livros hoje, talvez nem tanto conhecida do p\u00fablico geral, mas que tem um certo volume de comercializa\u00e7\u00e3o, que \u00e9 a venda fracionada de conte\u00fado, ou seja, venda apenas de partes ou cap\u00edtulos de um livro. Isto \u00e9 muito utilizado no ensino superior e acontece tanto em forma impressa (apostila) ou arquivo digital (que se disponibiliza para o tablet do aluno). Esta conviv\u00eancia de diversos formatos j\u00e1 existe e certamente continuar\u00e1 existindo.<\/p>\n<p><strong>Site Franciscanos\u00a0&#8211; Ainda segunda Darnton, livros impressos em papel duram s\u00e9culos. J\u00e1 os livros digitais n\u00e3o duram tanto, devido \u00e0s constantes mudan\u00e7as tecnol\u00f3gicas que podem colocar a perder grandes acervos. Esse \u00e9 um outro ponto a favor do livro impresso, n\u00e3o?<\/strong><\/p>\n<p><strong>Frei Volney Berkenbrock<\/strong> &#8211; O formato impresso \u00e9, indubitavelmente, uma inven\u00e7\u00e3o genial. Ele tem in\u00fameras vantagens. O formato digital tem uma s\u00e9rie de quest\u00f5es n\u00e3o resolvidas. As r\u00e1pidas mudan\u00e7as tecnol\u00f3gicas representam um s\u00e9rio problema. Quem garante que certo formato de arquivo digital ser\u00e1 ainda leg\u00edvel por aparelhos produzidos daqui a cinco anos? Mas h\u00e1 outros problemas cruciais como o direito de posse, por exemplo, de um e-book. Onde ele dever\u00e1 ficar armazenado? No aparelho pessoal? E se este queimar? No fornecedor, que deveria manter o acesso permanente ao usu\u00e1rio? Como identificar este usu\u00e1rio (para que s\u00f3 ele tenha acesso e n\u00e3o possa multiplicar o arquivo digital)? Pelo IP do computador? E se ele mudar de computador? Poder\u00edamos assim continuar listando um monte de quest\u00f5es ainda n\u00e3o suficientemente resolvidas e que fazem o futuro do livro em formato digital ser ainda uma grande inc\u00f3gnita.<\/p>\n","protected":false},"excerpt":{"rendered":"<p>Anivers\u00e1rio da Vozes<\/p>\n","protected":false},"author":1,"featured_media":219886,"comment_status":"open","ping_status":"open","sticky":false,"template":"","format":"standard","meta":[],"categories":[758],"tags":[],"acf":[],"yoast_head":"<!-- This site is optimized with the Yoast SEO plugin v19.2 - https:\/\/yoast.com\/wordpress\/plugins\/seo\/ -->\n<title>Entrevista: Frei Volney Berkenbrock fala do Esp\u00edrito Vozes - Not\u00edcias - Franciscanos<\/title>\n<meta name=\"robots\" content=\"index, follow, max-snippet:-1, max-image-preview:large, max-video-preview:-1\" \/>\n<link rel=\"canonical\" href=\"https:\/\/franciscanos.org.br\/noticias\/espirito-vozes.html\" \/>\n<meta property=\"og:locale\" content=\"pt_BR\" \/>\n<meta property=\"og:type\" content=\"article\" \/>\n<meta property=\"og:title\" content=\"Entrevista: Frei Volney Berkenbrock fala do Esp\u00edrito Vozes - Not\u00edcias - Franciscanos\" \/>\n<meta property=\"og:description\" content=\"Anivers\u00e1rio da Vozes\" \/>\n<meta property=\"og:url\" content=\"https:\/\/franciscanos.org.br\/noticias\/espirito-vozes.html\" \/>\n<meta property=\"og:site_name\" content=\"Not\u00edcias - Franciscanos\" \/>\n<meta property=\"article:published_time\" content=\"2015-03-04T10:51:09+00:00\" \/>\n<meta property=\"article:modified_time\" content=\"2020-06-24T15:10:19+00:00\" \/>\n<meta property=\"og:image\" content=\"https:\/\/franciscanos.org.br\/noticias\/wp-content\/uploads\/2015\/03\/espirito-vozes-820.jpg\" \/>\n\t<meta property=\"og:image:width\" content=\"273\" \/>\n\t<meta property=\"og:image:height\" content=\"181\" \/>\n\t<meta property=\"og:image:type\" content=\"image\/jpeg\" \/>\n<meta name=\"author\" content=\"admin\" \/>\n<meta name=\"twitter:card\" content=\"summary_large_image\" \/>\n<meta name=\"twitter:label1\" content=\"Escrito por\" \/>\n\t<meta name=\"twitter:data1\" content=\"admin\" \/>\n\t<meta name=\"twitter:label2\" content=\"Est. tempo de leitura\" \/>\n\t<meta name=\"twitter:data2\" content=\"17 minutos\" \/>\n<script type=\"application\/ld+json\" class=\"yoast-schema-graph\">{\"@context\":\"https:\/\/schema.org\",\"@graph\":[{\"@type\":\"WebSite\",\"@id\":\"https:\/\/franciscanos.org.br\/noticias\/#website\",\"url\":\"https:\/\/franciscanos.org.br\/noticias\/\",\"name\":\"Not\u00edcias - Franciscanos\",\"description\":\"Prov\u00edncia Franciscana da Imaculada Concei\u00e7\u00e3o do Brasil - Ordem dos Frades Menores - OFM\",\"potentialAction\":[{\"@type\":\"SearchAction\",\"target\":{\"@type\":\"EntryPoint\",\"urlTemplate\":\"https:\/\/franciscanos.org.br\/noticias\/?s={search_term_string}\"},\"query-input\":\"required name=search_term_string\"}],\"inLanguage\":\"pt-BR\"},{\"@type\":\"ImageObject\",\"inLanguage\":\"pt-BR\",\"@id\":\"https:\/\/franciscanos.org.br\/noticias\/espirito-vozes.html#primaryimage\",\"url\":\"https:\/\/franciscanos.org.br\/noticias\/wp-content\/uploads\/2015\/03\/espirito-vozes-820.jpg\",\"contentUrl\":\"https:\/\/franciscanos.org.br\/noticias\/wp-content\/uploads\/2015\/03\/espirito-vozes-820.jpg\",\"width\":273,\"height\":181},{\"@type\":\"WebPage\",\"@id\":\"https:\/\/franciscanos.org.br\/noticias\/espirito-vozes.html#webpage\",\"url\":\"https:\/\/franciscanos.org.br\/noticias\/espirito-vozes.html\",\"name\":\"Entrevista: Frei Volney Berkenbrock fala do Esp\u00edrito Vozes - Not\u00edcias - Franciscanos\",\"isPartOf\":{\"@id\":\"https:\/\/franciscanos.org.br\/noticias\/#website\"},\"primaryImageOfPage\":{\"@id\":\"https:\/\/franciscanos.org.br\/noticias\/espirito-vozes.html#primaryimage\"},\"datePublished\":\"2015-03-04T10:51:09+00:00\",\"dateModified\":\"2020-06-24T15:10:19+00:00\",\"author\":{\"@id\":\"https:\/\/franciscanos.org.br\/noticias\/#\/schema\/person\/b38fbf43118f02820bd932f2e4b14ad3\"},\"breadcrumb\":{\"@id\":\"https:\/\/franciscanos.org.br\/noticias\/espirito-vozes.html#breadcrumb\"},\"inLanguage\":\"pt-BR\",\"potentialAction\":[{\"@type\":\"ReadAction\",\"target\":[\"https:\/\/franciscanos.org.br\/noticias\/espirito-vozes.html\"]}]},{\"@type\":\"BreadcrumbList\",\"@id\":\"https:\/\/franciscanos.org.br\/noticias\/espirito-vozes.html#breadcrumb\",\"itemListElement\":[{\"@type\":\"ListItem\",\"position\":1,\"name\":\"Home\",\"item\":\"https:\/\/franciscanos.org.br\/noticias\"},{\"@type\":\"ListItem\",\"position\":2,\"name\":\"Entrevista: Frei Volney Berkenbrock fala do Esp\u00edrito Vozes\"}]},{\"@type\":\"Person\",\"@id\":\"https:\/\/franciscanos.org.br\/noticias\/#\/schema\/person\/b38fbf43118f02820bd932f2e4b14ad3\",\"name\":\"admin\",\"image\":{\"@type\":\"ImageObject\",\"inLanguage\":\"pt-BR\",\"@id\":\"https:\/\/franciscanos.org.br\/noticias\/#\/schema\/person\/image\/\",\"url\":\"https:\/\/secure.gravatar.com\/avatar\/e8495742d34d0ba6448ea1c628263b3e?s=96&d=mm&r=g\",\"contentUrl\":\"https:\/\/secure.gravatar.com\/avatar\/e8495742d34d0ba6448ea1c628263b3e?s=96&d=mm&r=g\",\"caption\":\"admin\"},\"url\":\"https:\/\/franciscanos.org.br\/noticias\/author\/admin\"}]}<\/script>\n<!-- \/ Yoast SEO plugin. -->","yoast_head_json":{"title":"Entrevista: Frei Volney Berkenbrock fala do Esp\u00edrito Vozes - Not\u00edcias - Franciscanos","robots":{"index":"index","follow":"follow","max-snippet":"max-snippet:-1","max-image-preview":"max-image-preview:large","max-video-preview":"max-video-preview:-1"},"canonical":"https:\/\/franciscanos.org.br\/noticias\/espirito-vozes.html","og_locale":"pt_BR","og_type":"article","og_title":"Entrevista: Frei Volney Berkenbrock fala do Esp\u00edrito Vozes - Not\u00edcias - Franciscanos","og_description":"Anivers\u00e1rio da Vozes","og_url":"https:\/\/franciscanos.org.br\/noticias\/espirito-vozes.html","og_site_name":"Not\u00edcias - Franciscanos","article_published_time":"2015-03-04T10:51:09+00:00","article_modified_time":"2020-06-24T15:10:19+00:00","og_image":[{"width":273,"height":181,"url":"https:\/\/franciscanos.org.br\/noticias\/wp-content\/uploads\/2015\/03\/espirito-vozes-820.jpg","type":"image\/jpeg"}],"author":"admin","twitter_card":"summary_large_image","twitter_misc":{"Escrito por":"admin","Est. tempo de leitura":"17 minutos"},"schema":{"@context":"https:\/\/schema.org","@graph":[{"@type":"WebSite","@id":"https:\/\/franciscanos.org.br\/noticias\/#website","url":"https:\/\/franciscanos.org.br\/noticias\/","name":"Not\u00edcias - Franciscanos","description":"Prov\u00edncia Franciscana da Imaculada Concei\u00e7\u00e3o do Brasil - Ordem dos Frades Menores - OFM","potentialAction":[{"@type":"SearchAction","target":{"@type":"EntryPoint","urlTemplate":"https:\/\/franciscanos.org.br\/noticias\/?s={search_term_string}"},"query-input":"required name=search_term_string"}],"inLanguage":"pt-BR"},{"@type":"ImageObject","inLanguage":"pt-BR","@id":"https:\/\/franciscanos.org.br\/noticias\/espirito-vozes.html#primaryimage","url":"https:\/\/franciscanos.org.br\/noticias\/wp-content\/uploads\/2015\/03\/espirito-vozes-820.jpg","contentUrl":"https:\/\/franciscanos.org.br\/noticias\/wp-content\/uploads\/2015\/03\/espirito-vozes-820.jpg","width":273,"height":181},{"@type":"WebPage","@id":"https:\/\/franciscanos.org.br\/noticias\/espirito-vozes.html#webpage","url":"https:\/\/franciscanos.org.br\/noticias\/espirito-vozes.html","name":"Entrevista: Frei Volney Berkenbrock fala do Esp\u00edrito Vozes - Not\u00edcias - Franciscanos","isPartOf":{"@id":"https:\/\/franciscanos.org.br\/noticias\/#website"},"primaryImageOfPage":{"@id":"https:\/\/franciscanos.org.br\/noticias\/espirito-vozes.html#primaryimage"},"datePublished":"2015-03-04T10:51:09+00:00","dateModified":"2020-06-24T15:10:19+00:00","author":{"@id":"https:\/\/franciscanos.org.br\/noticias\/#\/schema\/person\/b38fbf43118f02820bd932f2e4b14ad3"},"breadcrumb":{"@id":"https:\/\/franciscanos.org.br\/noticias\/espirito-vozes.html#breadcrumb"},"inLanguage":"pt-BR","potentialAction":[{"@type":"ReadAction","target":["https:\/\/franciscanos.org.br\/noticias\/espirito-vozes.html"]}]},{"@type":"BreadcrumbList","@id":"https:\/\/franciscanos.org.br\/noticias\/espirito-vozes.html#breadcrumb","itemListElement":[{"@type":"ListItem","position":1,"name":"Home","item":"https:\/\/franciscanos.org.br\/noticias"},{"@type":"ListItem","position":2,"name":"Entrevista: Frei Volney Berkenbrock fala do Esp\u00edrito Vozes"}]},{"@type":"Person","@id":"https:\/\/franciscanos.org.br\/noticias\/#\/schema\/person\/b38fbf43118f02820bd932f2e4b14ad3","name":"admin","image":{"@type":"ImageObject","inLanguage":"pt-BR","@id":"https:\/\/franciscanos.org.br\/noticias\/#\/schema\/person\/image\/","url":"https:\/\/secure.gravatar.com\/avatar\/e8495742d34d0ba6448ea1c628263b3e?s=96&d=mm&r=g","contentUrl":"https:\/\/secure.gravatar.com\/avatar\/e8495742d34d0ba6448ea1c628263b3e?s=96&d=mm&r=g","caption":"admin"},"url":"https:\/\/franciscanos.org.br\/noticias\/author\/admin"}]}},"_links":{"self":[{"href":"https:\/\/franciscanos.org.br\/noticias\/wp-json\/wp\/v2\/posts\/80660"}],"collection":[{"href":"https:\/\/franciscanos.org.br\/noticias\/wp-json\/wp\/v2\/posts"}],"about":[{"href":"https:\/\/franciscanos.org.br\/noticias\/wp-json\/wp\/v2\/types\/post"}],"author":[{"embeddable":true,"href":"https:\/\/franciscanos.org.br\/noticias\/wp-json\/wp\/v2\/users\/1"}],"replies":[{"embeddable":true,"href":"https:\/\/franciscanos.org.br\/noticias\/wp-json\/wp\/v2\/comments?post=80660"}],"version-history":[{"count":1,"href":"https:\/\/franciscanos.org.br\/noticias\/wp-json\/wp\/v2\/posts\/80660\/revisions"}],"predecessor-version":[{"id":223829,"href":"https:\/\/franciscanos.org.br\/noticias\/wp-json\/wp\/v2\/posts\/80660\/revisions\/223829"}],"wp:featuredmedia":[{"embeddable":true,"href":"https:\/\/franciscanos.org.br\/noticias\/wp-json\/wp\/v2\/media\/219886"}],"wp:attachment":[{"href":"https:\/\/franciscanos.org.br\/noticias\/wp-json\/wp\/v2\/media?parent=80660"}],"wp:term":[{"taxonomy":"category","embeddable":true,"href":"https:\/\/franciscanos.org.br\/noticias\/wp-json\/wp\/v2\/categories?post=80660"},{"taxonomy":"post_tag","embeddable":true,"href":"https:\/\/franciscanos.org.br\/noticias\/wp-json\/wp\/v2\/tags?post=80660"}],"curies":[{"name":"wp","href":"https:\/\/api.w.org\/{rel}","templated":true}]}}