{"id":80383,"date":"2015-02-26T13:00:44","date_gmt":"2015-02-26T16:00:44","guid":{"rendered":"http:\/\/franciscanos.org.br\/?p=80383"},"modified":"2019-03-07T12:38:17","modified_gmt":"2019-03-07T15:38:17","slug":"no-alto-do-monte-o-combustivel-necessario-para-a-missao","status":"publish","type":"post","link":"https:\/\/franciscanos.org.br\/noticias\/no-alto-do-monte-o-combustivel-necessario-para-a-missao.html","title":{"rendered":"No alto do monte, o combust\u00edvel para a miss\u00e3o"},"content":{"rendered":"<p><img loading=\"lazy\" src=\"https:\/\/franciscanos.org.br\/noticias\/wp-content\/uploads\/2015\/02\/8203.png\" alt=\"\" width=\"820\" height=\"438\" \/><\/p>\n<p><strong>Frei Gustavo Medella<\/strong><\/p>\n<p>Acompanhando a geografia dos relatos b\u00edblicos destes domingos da Quaresma, vamos perceber que, no domingo passado, o Evangelho de Marcos nos contava que Jesus estava no deserto, lugar da solid\u00e3o, da secura, dos desafios. Neste segundo domingo, o mesmo evangelista relata que Jesus est\u00e1 sobre um alto monte, n\u00e3o mais sozinho, mas em companhia de tr\u00eas de seus seguidores: Pedro, Tiago e Jo\u00e3o. Este trecho b\u00edblico se encontra em Mc 9,2-10.<\/p>\n<p>Na linguagem da B\u00edblia, o deserto \u00e9 lugar de prova\u00e7\u00e3o e de luta solit\u00e1ria. A montanha, por sua vez, se apresenta como ambiente da manifesta\u00e7\u00e3o de Deus. E \u00e9 justamente sobre a manifesta\u00e7\u00e3o luminosa de Deus em Jesus Cristo que o Evangelho deste domingo nos fala, no epis\u00f3dio conhecido como a Transfigura\u00e7\u00e3o do Senhor.<\/p>\n<p>Diante de Pedro, Tiago e Jo\u00e3o, Jesus transfigurou-se e suas roupas ficaram t\u00e3o brancas e brilhantes como nenhuma lavadeira sobre a terra poderia alvejar. Nem o melhor sab\u00e3o, aquele que lava mais branco conforme diz a propaganda, conseguiria tal proeza!<\/p>\n<p>N\u00e3o bastasse esta manifesta\u00e7\u00e3o de esplendor, ainda apareceram Mois\u00e9s e Elias para conversar com Cristo e, para completar a proeza, uma nuvem os encobriu com sua sombra e, desta nuvem, saiu uma voz: \u201cEste \u00e9 o meu Filho amado! Escutai o que ele diz\u201d! Como diz o narrador de futebol: \u201cHaja cora\u00e7\u00e3o, para tanta emo\u00e7\u00e3o!\u201d<\/p>\n<p>E emocionados de verdade ficaram os disc\u00edpulos. Emocionados e com medo, tanto que Pedro n\u00e3o sabia o que dizer. O fato \u00e9 que, passado o epis\u00f3dio, Jesus e seus disc\u00edpulos desceram da montanha, afinal uma grande miss\u00e3o os esperava!<\/p>\n<p>Neste tempo de gasolina com o pre\u00e7o l\u00e1 em cima, podemos arriscar dizer que as boas experi\u00eancias de f\u00e9 que fazemos \u2013 ao modo de Pedro, Tiago e Jo\u00e3o no alto do monte \u2013 s\u00e3o o combust\u00edvel que nos garante for\u00e7a e energia para levarmos adiante a tarefa que Deus nos confia.<\/p>\n","protected":false},"excerpt":{"rendered":"<p>Liturgia Dominical<\/p>\n","protected":false},"author":1,"featured_media":201142,"comment_status":"open","ping_status":"open","sticky":false,"template":"","format":"standard","meta":[],"categories":[1],"tags":[537],"acf":[],"yoast_head":"<!-- This site is optimized with the Yoast SEO plugin v19.2 - https:\/\/yoast.com\/wordpress\/plugins\/seo\/ -->\n<title>No alto do monte, o combust\u00edvel para a miss\u00e3o - Not\u00edcias - Franciscanos<\/title>\n<meta name=\"robots\" content=\"index, follow, max-snippet:-1, max-image-preview:large, max-video-preview:-1\" \/>\n<link rel=\"canonical\" href=\"https:\/\/franciscanos.org.br\/noticias\/no-alto-do-monte-o-combustivel-necessario-para-a-missao.html\" \/>\n<meta property=\"og:locale\" content=\"pt_BR\" \/>\n<meta property=\"og:type\" content=\"article\" \/>\n<meta property=\"og:title\" content=\"No alto do monte, o combust\u00edvel para a miss\u00e3o - Not\u00edcias - Franciscanos\" \/>\n<meta property=\"og:description\" content=\"Liturgia Dominical\" \/>\n<meta property=\"og:url\" content=\"https:\/\/franciscanos.org.br\/noticias\/no-alto-do-monte-o-combustivel-necessario-para-a-missao.html\" \/>\n<meta property=\"og:site_name\" content=\"Not\u00edcias - Franciscanos\" \/>\n<meta property=\"article:published_time\" content=\"2015-02-26T16:00:44+00:00\" \/>\n<meta property=\"article:modified_time\" content=\"2019-03-07T15:38:17+00:00\" \/>\n<meta property=\"og:image\" content=\"https:\/\/franciscanos.org.br\/noticias\/wp-content\/uploads\/2015\/02\/8203-1.png\" \/>\n\t<meta property=\"og:image:width\" content=\"273\" \/>\n\t<meta property=\"og:image:height\" content=\"181\" \/>\n\t<meta property=\"og:image:type\" content=\"image\/png\" \/>\n<meta name=\"author\" content=\"admin\" \/>\n<meta name=\"twitter:card\" content=\"summary_large_image\" \/>\n<meta name=\"twitter:label1\" content=\"Escrito por\" \/>\n\t<meta name=\"twitter:data1\" content=\"admin\" \/>\n\t<meta name=\"twitter:label2\" content=\"Est. tempo de leitura\" \/>\n\t<meta name=\"twitter:data2\" content=\"2 minutos\" \/>\n<script type=\"application\/ld+json\" class=\"yoast-schema-graph\">{\"@context\":\"https:\/\/schema.org\",\"@graph\":[{\"@type\":\"WebSite\",\"@id\":\"https:\/\/franciscanos.org.br\/noticias\/#website\",\"url\":\"https:\/\/franciscanos.org.br\/noticias\/\",\"name\":\"Not\u00edcias - Franciscanos\",\"description\":\"Prov\u00edncia Franciscana da Imaculada Concei\u00e7\u00e3o do Brasil - Ordem dos Frades Menores - OFM\",\"potentialAction\":[{\"@type\":\"SearchAction\",\"target\":{\"@type\":\"EntryPoint\",\"urlTemplate\":\"https:\/\/franciscanos.org.br\/noticias\/?s={search_term_string}\"},\"query-input\":\"required name=search_term_string\"}],\"inLanguage\":\"pt-BR\"},{\"@type\":\"ImageObject\",\"inLanguage\":\"pt-BR\",\"@id\":\"https:\/\/franciscanos.org.br\/noticias\/no-alto-do-monte-o-combustivel-necessario-para-a-missao.html#primaryimage\",\"url\":\"https:\/\/franciscanos.org.br\/noticias\/wp-content\/uploads\/2015\/02\/8203-1.png\",\"contentUrl\":\"https:\/\/franciscanos.org.br\/noticias\/wp-content\/uploads\/2015\/02\/8203-1.png\",\"width\":273,\"height\":181},{\"@type\":\"WebPage\",\"@id\":\"https:\/\/franciscanos.org.br\/noticias\/no-alto-do-monte-o-combustivel-necessario-para-a-missao.html#webpage\",\"url\":\"https:\/\/franciscanos.org.br\/noticias\/no-alto-do-monte-o-combustivel-necessario-para-a-missao.html\",\"name\":\"No alto do monte, o combust\u00edvel para a miss\u00e3o - Not\u00edcias - Franciscanos\",\"isPartOf\":{\"@id\":\"https:\/\/franciscanos.org.br\/noticias\/#website\"},\"primaryImageOfPage\":{\"@id\":\"https:\/\/franciscanos.org.br\/noticias\/no-alto-do-monte-o-combustivel-necessario-para-a-missao.html#primaryimage\"},\"datePublished\":\"2015-02-26T16:00:44+00:00\",\"dateModified\":\"2019-03-07T15:38:17+00:00\",\"author\":{\"@id\":\"https:\/\/franciscanos.org.br\/noticias\/#\/schema\/person\/b38fbf43118f02820bd932f2e4b14ad3\"},\"breadcrumb\":{\"@id\":\"https:\/\/franciscanos.org.br\/noticias\/no-alto-do-monte-o-combustivel-necessario-para-a-missao.html#breadcrumb\"},\"inLanguage\":\"pt-BR\",\"potentialAction\":[{\"@type\":\"ReadAction\",\"target\":[\"https:\/\/franciscanos.org.br\/noticias\/no-alto-do-monte-o-combustivel-necessario-para-a-missao.html\"]}]},{\"@type\":\"BreadcrumbList\",\"@id\":\"https:\/\/franciscanos.org.br\/noticias\/no-alto-do-monte-o-combustivel-necessario-para-a-missao.html#breadcrumb\",\"itemListElement\":[{\"@type\":\"ListItem\",\"position\":1,\"name\":\"Home\",\"item\":\"https:\/\/franciscanos.org.br\/noticias\"},{\"@type\":\"ListItem\",\"position\":2,\"name\":\"No alto do monte, o combust\u00edvel para a miss\u00e3o\"}]},{\"@type\":\"Person\",\"@id\":\"https:\/\/franciscanos.org.br\/noticias\/#\/schema\/person\/b38fbf43118f02820bd932f2e4b14ad3\",\"name\":\"admin\",\"image\":{\"@type\":\"ImageObject\",\"inLanguage\":\"pt-BR\",\"@id\":\"https:\/\/franciscanos.org.br\/noticias\/#\/schema\/person\/image\/\",\"url\":\"https:\/\/secure.gravatar.com\/avatar\/e8495742d34d0ba6448ea1c628263b3e?s=96&d=mm&r=g\",\"contentUrl\":\"https:\/\/secure.gravatar.com\/avatar\/e8495742d34d0ba6448ea1c628263b3e?s=96&d=mm&r=g\",\"caption\":\"admin\"},\"url\":\"https:\/\/franciscanos.org.br\/noticias\/author\/admin\"}]}<\/script>\n<!-- \/ Yoast SEO plugin. -->","yoast_head_json":{"title":"No alto do monte, o combust\u00edvel para a miss\u00e3o - Not\u00edcias - Franciscanos","robots":{"index":"index","follow":"follow","max-snippet":"max-snippet:-1","max-image-preview":"max-image-preview:large","max-video-preview":"max-video-preview:-1"},"canonical":"https:\/\/franciscanos.org.br\/noticias\/no-alto-do-monte-o-combustivel-necessario-para-a-missao.html","og_locale":"pt_BR","og_type":"article","og_title":"No alto do monte, o combust\u00edvel para a miss\u00e3o - Not\u00edcias - Franciscanos","og_description":"Liturgia Dominical","og_url":"https:\/\/franciscanos.org.br\/noticias\/no-alto-do-monte-o-combustivel-necessario-para-a-missao.html","og_site_name":"Not\u00edcias - Franciscanos","article_published_time":"2015-02-26T16:00:44+00:00","article_modified_time":"2019-03-07T15:38:17+00:00","og_image":[{"width":273,"height":181,"url":"https:\/\/franciscanos.org.br\/noticias\/wp-content\/uploads\/2015\/02\/8203-1.png","type":"image\/png"}],"author":"admin","twitter_card":"summary_large_image","twitter_misc":{"Escrito por":"admin","Est. tempo de leitura":"2 minutos"},"schema":{"@context":"https:\/\/schema.org","@graph":[{"@type":"WebSite","@id":"https:\/\/franciscanos.org.br\/noticias\/#website","url":"https:\/\/franciscanos.org.br\/noticias\/","name":"Not\u00edcias - Franciscanos","description":"Prov\u00edncia Franciscana da Imaculada Concei\u00e7\u00e3o do Brasil - Ordem dos Frades Menores - OFM","potentialAction":[{"@type":"SearchAction","target":{"@type":"EntryPoint","urlTemplate":"https:\/\/franciscanos.org.br\/noticias\/?s={search_term_string}"},"query-input":"required name=search_term_string"}],"inLanguage":"pt-BR"},{"@type":"ImageObject","inLanguage":"pt-BR","@id":"https:\/\/franciscanos.org.br\/noticias\/no-alto-do-monte-o-combustivel-necessario-para-a-missao.html#primaryimage","url":"https:\/\/franciscanos.org.br\/noticias\/wp-content\/uploads\/2015\/02\/8203-1.png","contentUrl":"https:\/\/franciscanos.org.br\/noticias\/wp-content\/uploads\/2015\/02\/8203-1.png","width":273,"height":181},{"@type":"WebPage","@id":"https:\/\/franciscanos.org.br\/noticias\/no-alto-do-monte-o-combustivel-necessario-para-a-missao.html#webpage","url":"https:\/\/franciscanos.org.br\/noticias\/no-alto-do-monte-o-combustivel-necessario-para-a-missao.html","name":"No alto do monte, o combust\u00edvel para a miss\u00e3o - Not\u00edcias - Franciscanos","isPartOf":{"@id":"https:\/\/franciscanos.org.br\/noticias\/#website"},"primaryImageOfPage":{"@id":"https:\/\/franciscanos.org.br\/noticias\/no-alto-do-monte-o-combustivel-necessario-para-a-missao.html#primaryimage"},"datePublished":"2015-02-26T16:00:44+00:00","dateModified":"2019-03-07T15:38:17+00:00","author":{"@id":"https:\/\/franciscanos.org.br\/noticias\/#\/schema\/person\/b38fbf43118f02820bd932f2e4b14ad3"},"breadcrumb":{"@id":"https:\/\/franciscanos.org.br\/noticias\/no-alto-do-monte-o-combustivel-necessario-para-a-missao.html#breadcrumb"},"inLanguage":"pt-BR","potentialAction":[{"@type":"ReadAction","target":["https:\/\/franciscanos.org.br\/noticias\/no-alto-do-monte-o-combustivel-necessario-para-a-missao.html"]}]},{"@type":"BreadcrumbList","@id":"https:\/\/franciscanos.org.br\/noticias\/no-alto-do-monte-o-combustivel-necessario-para-a-missao.html#breadcrumb","itemListElement":[{"@type":"ListItem","position":1,"name":"Home","item":"https:\/\/franciscanos.org.br\/noticias"},{"@type":"ListItem","position":2,"name":"No alto do monte, o combust\u00edvel para a miss\u00e3o"}]},{"@type":"Person","@id":"https:\/\/franciscanos.org.br\/noticias\/#\/schema\/person\/b38fbf43118f02820bd932f2e4b14ad3","name":"admin","image":{"@type":"ImageObject","inLanguage":"pt-BR","@id":"https:\/\/franciscanos.org.br\/noticias\/#\/schema\/person\/image\/","url":"https:\/\/secure.gravatar.com\/avatar\/e8495742d34d0ba6448ea1c628263b3e?s=96&d=mm&r=g","contentUrl":"https:\/\/secure.gravatar.com\/avatar\/e8495742d34d0ba6448ea1c628263b3e?s=96&d=mm&r=g","caption":"admin"},"url":"https:\/\/franciscanos.org.br\/noticias\/author\/admin"}]}},"_links":{"self":[{"href":"https:\/\/franciscanos.org.br\/noticias\/wp-json\/wp\/v2\/posts\/80383"}],"collection":[{"href":"https:\/\/franciscanos.org.br\/noticias\/wp-json\/wp\/v2\/posts"}],"about":[{"href":"https:\/\/franciscanos.org.br\/noticias\/wp-json\/wp\/v2\/types\/post"}],"author":[{"embeddable":true,"href":"https:\/\/franciscanos.org.br\/noticias\/wp-json\/wp\/v2\/users\/1"}],"replies":[{"embeddable":true,"href":"https:\/\/franciscanos.org.br\/noticias\/wp-json\/wp\/v2\/comments?post=80383"}],"version-history":[{"count":0,"href":"https:\/\/franciscanos.org.br\/noticias\/wp-json\/wp\/v2\/posts\/80383\/revisions"}],"wp:featuredmedia":[{"embeddable":true,"href":"https:\/\/franciscanos.org.br\/noticias\/wp-json\/wp\/v2\/media\/201142"}],"wp:attachment":[{"href":"https:\/\/franciscanos.org.br\/noticias\/wp-json\/wp\/v2\/media?parent=80383"}],"wp:term":[{"taxonomy":"category","embeddable":true,"href":"https:\/\/franciscanos.org.br\/noticias\/wp-json\/wp\/v2\/categories?post=80383"},{"taxonomy":"post_tag","embeddable":true,"href":"https:\/\/franciscanos.org.br\/noticias\/wp-json\/wp\/v2\/tags?post=80383"}],"curies":[{"name":"wp","href":"https:\/\/api.w.org\/{rel}","templated":true}]}}