{"id":79952,"date":"2015-02-20T09:32:41","date_gmt":"2015-02-20T11:32:41","guid":{"rendered":"http:\/\/franciscanos.org.br\/?p=79952"},"modified":"2019-09-13T13:25:14","modified_gmt":"2019-09-13T16:25:14","slug":"favs-tem-18-jovens-na-etapa-do-aspirantado","status":"publish","type":"post","link":"https:\/\/franciscanos.org.br\/noticias\/favs-tem-18-jovens-na-etapa-do-aspirantado.html","title":{"rendered":"FAVs t\u00eam 18 jovens na etapa do aspirantado"},"content":{"rendered":"<p><img loading=\"lazy\" src=\"http:\/\/franciscanos.org.br\/wp-content\/uploads\/2015\/02\/amparo.jpg\" alt=\"amparo\" width=\"820\" height=\"451\" \/><\/p>\n<p>Pelo 5\u00ba ano consecutivo, a Prov\u00edncia Franciscana da Imaculada Concei\u00e7\u00e3o do Brasil \u00a0tem a alegria de acolher nossos jovens aspirantes nas Fraternidades de Acolhimento Vocacional (FAV) <strong>(na foto acima a Fraternidade de Amparo)<\/strong>, cujo objetivo \u00e9 propor ao jovem o acompanhamento e o discernimento vocacional, atrav\u00e9s da experi\u00eancia concreta do nosso carisma na perspectiva do \u201cVinde e Vede\u201d (Jo 1,39).<\/p>\n<p>Partindo do princ\u00edpio de que a melhor anima\u00e7\u00e3o vocacional consiste no testemunho alegre da radicalidade de nossa vida franciscana, atrav\u00e9s da ora\u00e7\u00e3o, da devo\u00e7\u00e3o e da vida em fraternidade e em minoridade, a cada ano o Governo Provincial, com seu Definit\u00f3rio, nomeia diferentes fraternidades para acolher e acompanhar os aspirantes durante o primeiro semestre do ano. Al\u00e9m da FAV, todas as fraternidades da Prov\u00edncia s\u00e3o chamadas a colaborar no acompanhamento dos jovens, proporcionado per\u00edodos de conviv\u00eancia e forma\u00e7\u00e3o.<\/p>\n<p>Neste ano, 18 jovens iniciar\u00e3o esta etapa de discernimento (veja quadro) at\u00e9 julho. A segunda etapa do Aspirantado se dar\u00e1 no Semin\u00e1rio S\u00e3o Francisco de Assis, em Ituporanga, no segundo semestre.<\/p>\n<p>\u201cA acolhida dos aspirantes na fraternidade estimula n\u00e3o s\u00f3 o crescimento dos pr\u00f3prios jovens, mas tamb\u00e9m dos nossos frades e fraternidades, dentro de uma rela\u00e7\u00e3o rec\u00edproca de crescimento e forma\u00e7\u00e3o. Afinal, a forma\u00e7\u00e3o franciscana n\u00e3o se refere somente a um per\u00edodo determinado de aprendizado de conte\u00fados necess\u00e1rios \u00e0 realiza\u00e7\u00e3o de uma tarefa, pois trata-se de um processo que envolve toda a vida de um frade menor (CCGG 135)\u201d, explica o coordenador do Servi\u00e7o de Anima\u00e7\u00e3o Vocacional, Frei Diego Atalino de Melo.<\/p>\n<p>Frei Diego agradece a todas as fraternidades que ao longo destes cinco anos j\u00e1 foram FAVs, bem como aquelas que durante este ano receberam esta miss\u00e3o confiada pela Prov\u00edncia. \u201cQue a presen\u00e7a destes jovens aspirantes seja tamb\u00e9m est\u00edmulo vocacional para todos n\u00f3s e que o Bom Deus nos fa\u00e7a sempre perseverar no chamado que um dia recebemos\u201d, espera o coordenador.<\/p>\n<h3><span style=\"color: #993300;\"><strong>AS FAVS E OS 18 ASPIRANTES<\/strong><\/span><\/h3>\n<p><a href=\"http:\/\/franciscanos.org.br\/wp-content\/uploads\/2015\/02\/pro-site-aspirantes1.jpg\"><img loading=\"lazy\" class=\"alignleft size-full wp-image-79979\" src=\"http:\/\/franciscanos.org.br\/wp-content\/uploads\/2015\/02\/pro-site-aspirantes1.jpg\" alt=\"pro-site-aspirantes\" width=\"820\" height=\"1033\" \/><\/a><\/p>\n","protected":false},"excerpt":{"rendered":"<p>Vocacional<\/p>\n","protected":false},"author":1,"featured_media":210901,"comment_status":"open","ping_status":"open","sticky":false,"template":"","format":"standard","meta":[],"categories":[1],"tags":[],"acf":[],"yoast_head":"<!-- This site is optimized with the Yoast SEO plugin v19.2 - https:\/\/yoast.com\/wordpress\/plugins\/seo\/ -->\n<title>FAVs t\u00eam 18 jovens na etapa do aspirantado - Not\u00edcias - Franciscanos<\/title>\n<meta name=\"robots\" content=\"index, follow, max-snippet:-1, max-image-preview:large, max-video-preview:-1\" \/>\n<link rel=\"canonical\" href=\"https:\/\/franciscanos.org.br\/noticias\/favs-tem-18-jovens-na-etapa-do-aspirantado.html\" \/>\n<meta property=\"og:locale\" content=\"pt_BR\" \/>\n<meta property=\"og:type\" content=\"article\" \/>\n<meta property=\"og:title\" content=\"FAVs t\u00eam 18 jovens na etapa do aspirantado - Not\u00edcias - Franciscanos\" \/>\n<meta property=\"og:description\" content=\"Vocacional\" \/>\n<meta property=\"og:url\" content=\"https:\/\/franciscanos.org.br\/noticias\/favs-tem-18-jovens-na-etapa-do-aspirantado.html\" \/>\n<meta property=\"og:site_name\" content=\"Not\u00edcias - Franciscanos\" \/>\n<meta property=\"article:published_time\" content=\"2015-02-20T11:32:41+00:00\" \/>\n<meta property=\"article:modified_time\" content=\"2019-09-13T16:25:14+00:00\" \/>\n<meta property=\"og:image\" content=\"https:\/\/franciscanos.org.br\/noticias\/wp-content\/uploads\/2015\/02\/amparo.jpg\" \/>\n\t<meta property=\"og:image:width\" content=\"273\" \/>\n\t<meta property=\"og:image:height\" content=\"181\" \/>\n\t<meta property=\"og:image:type\" content=\"image\/jpeg\" \/>\n<meta name=\"author\" content=\"admin\" \/>\n<meta name=\"twitter:card\" content=\"summary_large_image\" \/>\n<meta name=\"twitter:label1\" content=\"Escrito por\" \/>\n\t<meta name=\"twitter:data1\" content=\"admin\" \/>\n\t<meta name=\"twitter:label2\" content=\"Est. tempo de leitura\" \/>\n\t<meta name=\"twitter:data2\" content=\"2 minutos\" \/>\n<script type=\"application\/ld+json\" class=\"yoast-schema-graph\">{\"@context\":\"https:\/\/schema.org\",\"@graph\":[{\"@type\":\"WebSite\",\"@id\":\"https:\/\/franciscanos.org.br\/noticias\/#website\",\"url\":\"https:\/\/franciscanos.org.br\/noticias\/\",\"name\":\"Not\u00edcias - Franciscanos\",\"description\":\"Prov\u00edncia Franciscana da Imaculada Concei\u00e7\u00e3o do Brasil - Ordem dos Frades Menores - OFM\",\"potentialAction\":[{\"@type\":\"SearchAction\",\"target\":{\"@type\":\"EntryPoint\",\"urlTemplate\":\"https:\/\/franciscanos.org.br\/noticias\/?s={search_term_string}\"},\"query-input\":\"required name=search_term_string\"}],\"inLanguage\":\"pt-BR\"},{\"@type\":\"ImageObject\",\"inLanguage\":\"pt-BR\",\"@id\":\"https:\/\/franciscanos.org.br\/noticias\/favs-tem-18-jovens-na-etapa-do-aspirantado.html#primaryimage\",\"url\":\"https:\/\/franciscanos.org.br\/noticias\/wp-content\/uploads\/2015\/02\/amparo.jpg\",\"contentUrl\":\"https:\/\/franciscanos.org.br\/noticias\/wp-content\/uploads\/2015\/02\/amparo.jpg\",\"width\":273,\"height\":181},{\"@type\":\"WebPage\",\"@id\":\"https:\/\/franciscanos.org.br\/noticias\/favs-tem-18-jovens-na-etapa-do-aspirantado.html#webpage\",\"url\":\"https:\/\/franciscanos.org.br\/noticias\/favs-tem-18-jovens-na-etapa-do-aspirantado.html\",\"name\":\"FAVs t\u00eam 18 jovens na etapa do aspirantado - Not\u00edcias - Franciscanos\",\"isPartOf\":{\"@id\":\"https:\/\/franciscanos.org.br\/noticias\/#website\"},\"primaryImageOfPage\":{\"@id\":\"https:\/\/franciscanos.org.br\/noticias\/favs-tem-18-jovens-na-etapa-do-aspirantado.html#primaryimage\"},\"datePublished\":\"2015-02-20T11:32:41+00:00\",\"dateModified\":\"2019-09-13T16:25:14+00:00\",\"author\":{\"@id\":\"https:\/\/franciscanos.org.br\/noticias\/#\/schema\/person\/b38fbf43118f02820bd932f2e4b14ad3\"},\"breadcrumb\":{\"@id\":\"https:\/\/franciscanos.org.br\/noticias\/favs-tem-18-jovens-na-etapa-do-aspirantado.html#breadcrumb\"},\"inLanguage\":\"pt-BR\",\"potentialAction\":[{\"@type\":\"ReadAction\",\"target\":[\"https:\/\/franciscanos.org.br\/noticias\/favs-tem-18-jovens-na-etapa-do-aspirantado.html\"]}]},{\"@type\":\"BreadcrumbList\",\"@id\":\"https:\/\/franciscanos.org.br\/noticias\/favs-tem-18-jovens-na-etapa-do-aspirantado.html#breadcrumb\",\"itemListElement\":[{\"@type\":\"ListItem\",\"position\":1,\"name\":\"Home\",\"item\":\"https:\/\/franciscanos.org.br\/noticias\"},{\"@type\":\"ListItem\",\"position\":2,\"name\":\"FAVs t\u00eam 18 jovens na etapa do aspirantado\"}]},{\"@type\":\"Person\",\"@id\":\"https:\/\/franciscanos.org.br\/noticias\/#\/schema\/person\/b38fbf43118f02820bd932f2e4b14ad3\",\"name\":\"admin\",\"image\":{\"@type\":\"ImageObject\",\"inLanguage\":\"pt-BR\",\"@id\":\"https:\/\/franciscanos.org.br\/noticias\/#\/schema\/person\/image\/\",\"url\":\"https:\/\/secure.gravatar.com\/avatar\/e8495742d34d0ba6448ea1c628263b3e?s=96&d=mm&r=g\",\"contentUrl\":\"https:\/\/secure.gravatar.com\/avatar\/e8495742d34d0ba6448ea1c628263b3e?s=96&d=mm&r=g\",\"caption\":\"admin\"},\"url\":\"https:\/\/franciscanos.org.br\/noticias\/author\/admin\"}]}<\/script>\n<!-- \/ Yoast SEO plugin. -->","yoast_head_json":{"title":"FAVs t\u00eam 18 jovens na etapa do aspirantado - Not\u00edcias - Franciscanos","robots":{"index":"index","follow":"follow","max-snippet":"max-snippet:-1","max-image-preview":"max-image-preview:large","max-video-preview":"max-video-preview:-1"},"canonical":"https:\/\/franciscanos.org.br\/noticias\/favs-tem-18-jovens-na-etapa-do-aspirantado.html","og_locale":"pt_BR","og_type":"article","og_title":"FAVs t\u00eam 18 jovens na etapa do aspirantado - Not\u00edcias - Franciscanos","og_description":"Vocacional","og_url":"https:\/\/franciscanos.org.br\/noticias\/favs-tem-18-jovens-na-etapa-do-aspirantado.html","og_site_name":"Not\u00edcias - Franciscanos","article_published_time":"2015-02-20T11:32:41+00:00","article_modified_time":"2019-09-13T16:25:14+00:00","og_image":[{"width":273,"height":181,"url":"https:\/\/franciscanos.org.br\/noticias\/wp-content\/uploads\/2015\/02\/amparo.jpg","type":"image\/jpeg"}],"author":"admin","twitter_card":"summary_large_image","twitter_misc":{"Escrito por":"admin","Est. tempo de leitura":"2 minutos"},"schema":{"@context":"https:\/\/schema.org","@graph":[{"@type":"WebSite","@id":"https:\/\/franciscanos.org.br\/noticias\/#website","url":"https:\/\/franciscanos.org.br\/noticias\/","name":"Not\u00edcias - Franciscanos","description":"Prov\u00edncia Franciscana da Imaculada Concei\u00e7\u00e3o do Brasil - Ordem dos Frades Menores - OFM","potentialAction":[{"@type":"SearchAction","target":{"@type":"EntryPoint","urlTemplate":"https:\/\/franciscanos.org.br\/noticias\/?s={search_term_string}"},"query-input":"required name=search_term_string"}],"inLanguage":"pt-BR"},{"@type":"ImageObject","inLanguage":"pt-BR","@id":"https:\/\/franciscanos.org.br\/noticias\/favs-tem-18-jovens-na-etapa-do-aspirantado.html#primaryimage","url":"https:\/\/franciscanos.org.br\/noticias\/wp-content\/uploads\/2015\/02\/amparo.jpg","contentUrl":"https:\/\/franciscanos.org.br\/noticias\/wp-content\/uploads\/2015\/02\/amparo.jpg","width":273,"height":181},{"@type":"WebPage","@id":"https:\/\/franciscanos.org.br\/noticias\/favs-tem-18-jovens-na-etapa-do-aspirantado.html#webpage","url":"https:\/\/franciscanos.org.br\/noticias\/favs-tem-18-jovens-na-etapa-do-aspirantado.html","name":"FAVs t\u00eam 18 jovens na etapa do aspirantado - Not\u00edcias - Franciscanos","isPartOf":{"@id":"https:\/\/franciscanos.org.br\/noticias\/#website"},"primaryImageOfPage":{"@id":"https:\/\/franciscanos.org.br\/noticias\/favs-tem-18-jovens-na-etapa-do-aspirantado.html#primaryimage"},"datePublished":"2015-02-20T11:32:41+00:00","dateModified":"2019-09-13T16:25:14+00:00","author":{"@id":"https:\/\/franciscanos.org.br\/noticias\/#\/schema\/person\/b38fbf43118f02820bd932f2e4b14ad3"},"breadcrumb":{"@id":"https:\/\/franciscanos.org.br\/noticias\/favs-tem-18-jovens-na-etapa-do-aspirantado.html#breadcrumb"},"inLanguage":"pt-BR","potentialAction":[{"@type":"ReadAction","target":["https:\/\/franciscanos.org.br\/noticias\/favs-tem-18-jovens-na-etapa-do-aspirantado.html"]}]},{"@type":"BreadcrumbList","@id":"https:\/\/franciscanos.org.br\/noticias\/favs-tem-18-jovens-na-etapa-do-aspirantado.html#breadcrumb","itemListElement":[{"@type":"ListItem","position":1,"name":"Home","item":"https:\/\/franciscanos.org.br\/noticias"},{"@type":"ListItem","position":2,"name":"FAVs t\u00eam 18 jovens na etapa do aspirantado"}]},{"@type":"Person","@id":"https:\/\/franciscanos.org.br\/noticias\/#\/schema\/person\/b38fbf43118f02820bd932f2e4b14ad3","name":"admin","image":{"@type":"ImageObject","inLanguage":"pt-BR","@id":"https:\/\/franciscanos.org.br\/noticias\/#\/schema\/person\/image\/","url":"https:\/\/secure.gravatar.com\/avatar\/e8495742d34d0ba6448ea1c628263b3e?s=96&d=mm&r=g","contentUrl":"https:\/\/secure.gravatar.com\/avatar\/e8495742d34d0ba6448ea1c628263b3e?s=96&d=mm&r=g","caption":"admin"},"url":"https:\/\/franciscanos.org.br\/noticias\/author\/admin"}]}},"_links":{"self":[{"href":"https:\/\/franciscanos.org.br\/noticias\/wp-json\/wp\/v2\/posts\/79952"}],"collection":[{"href":"https:\/\/franciscanos.org.br\/noticias\/wp-json\/wp\/v2\/posts"}],"about":[{"href":"https:\/\/franciscanos.org.br\/noticias\/wp-json\/wp\/v2\/types\/post"}],"author":[{"embeddable":true,"href":"https:\/\/franciscanos.org.br\/noticias\/wp-json\/wp\/v2\/users\/1"}],"replies":[{"embeddable":true,"href":"https:\/\/franciscanos.org.br\/noticias\/wp-json\/wp\/v2\/comments?post=79952"}],"version-history":[{"count":0,"href":"https:\/\/franciscanos.org.br\/noticias\/wp-json\/wp\/v2\/posts\/79952\/revisions"}],"wp:featuredmedia":[{"embeddable":true,"href":"https:\/\/franciscanos.org.br\/noticias\/wp-json\/wp\/v2\/media\/210901"}],"wp:attachment":[{"href":"https:\/\/franciscanos.org.br\/noticias\/wp-json\/wp\/v2\/media?parent=79952"}],"wp:term":[{"taxonomy":"category","embeddable":true,"href":"https:\/\/franciscanos.org.br\/noticias\/wp-json\/wp\/v2\/categories?post=79952"},{"taxonomy":"post_tag","embeddable":true,"href":"https:\/\/franciscanos.org.br\/noticias\/wp-json\/wp\/v2\/tags?post=79952"}],"curies":[{"name":"wp","href":"https:\/\/api.w.org\/{rel}","templated":true}]}}