{"id":79948,"date":"2015-02-20T09:23:32","date_gmt":"2015-02-20T11:23:32","guid":{"rendered":"http:\/\/franciscanos.org.br\/?p=79948"},"modified":"2020-02-13T09:25:33","modified_gmt":"2020-02-13T12:25:33","slug":"frente-da-comunicacao-aposta-em-projetos-conjuntos","status":"publish","type":"post","link":"https:\/\/franciscanos.org.br\/noticias\/frente-da-comunicacao-aposta-em-projetos-conjuntos.html","title":{"rendered":"Frente da Comunica\u00e7\u00e3o aposta em projetos conjuntos"},"content":{"rendered":"<p><img loading=\"lazy\" src=\"http:\/\/franciscanos.org.br\/wp-content\/uploads\/2015\/02\/caminhos.jpg\" alt=\"caminhos\" width=\"820\" height=\"288\" \/><\/p>\n<p>O programa de r\u00e1dio Sala Franciscana, uma iniciativa da Prov\u00edncia que est\u00e1 no ar h\u00e1 dois anos e meio, entra em uma nova fase neste m\u00eas de mar\u00e7o. Contando desde o in\u00edcio com o apoio da Funda\u00e7\u00e3o Cultural Celinauta, especificamente da R\u00e1dio Celinauta, AM, de Pato Branco no Paran\u00e1, a atra\u00e7\u00e3o agora passa a ser editada e gerada a partir da emissora do sudoeste paranaense. Al\u00e9m de cuidar da distribui\u00e7\u00e3o do programa, a R\u00e1dio Celinauta tamb\u00e9m passa a fazer parte de rede de emissoras que leva ao ar a Sala Franciscana, formada, a partir de agora, pela R\u00e1dio 9 de Julho, de S\u00e3o Paulo, R\u00e1dio Imperial, de Petr\u00f3polis, RJ, R\u00e1dio Celinauta, de Pato Branco, PR, R\u00e1dio Coroado, de Curitibanos, SC, e R\u00e1dio Mirandela, de Nil\u00f3polis, RJ. Desde sua estreia, o programa vinha sendo montado na R\u00e1dio 9 de Julho, primeira emissora que o levou ao ar.<\/p>\n<p>Criado com o objetivo de oferecer uma programa\u00e7\u00e3o de r\u00e1dio com caracter\u00edstica franciscana, com forma\u00e7\u00e3o, informa\u00e7\u00e3o e devo\u00e7\u00e3o, o Programa Sala Franciscana tem ainda como objetivo promover a comunh\u00e3o entre as diferentes express\u00f5es evangelizadoras da Prov\u00edncia pela via da comunica\u00e7\u00e3o. E \u00e9 por este motivo que, nesta nova fase, o programa vai trazer quadros espec\u00edficos, como o \u201cUSF em Foco\u201d, produzido e apresentado pela equipe de comunica\u00e7\u00e3o da Universidade S\u00e3o Francisco, o \u201cSolidariedade em A\u00e7\u00e3o\u201d, de responsabilidade do Servi\u00e7o Franciscano de Solidariedae (Sefras), o \u201cJuventude e Voca\u00e7\u00e3o\u201d, do Servi\u00e7o de Anima\u00e7\u00e3o Vocacional (SAV) e a \u201cDica de leitura da Editora Vozes\u201d.<\/p>\n<p>Com grande aceita\u00e7\u00e3o e carisma junto ao p\u00fablico ouvinte, Frei Alexandre Rohling (Xand\u00e3o), estreia um novo quadro, chamado de \u201cVoc\u00ea sabia?\u201d, onde apresenta uma s\u00e9rie de curiosidades. Outros frades com participa\u00e7\u00e3o fixa na Sala Franciscana s\u00e3o Frei Nelson Rabelo, Frei Renato Pezenti, Frei Alvaci Mendes da Luz e Frei Felipe Gabriel Alves, no quadro \u201cSimplesmente Falando\u201d. Tamb\u00e9m deve fazer parte deste grupo Frei Valdir Nunes Ribeiro, representando a R\u00e1dio Coroado, de Curitibanos.<\/p>\n<p>Esta transi\u00e7\u00e3o na caminhada do Programa Sala Franciscana, embora seja algo discreto, indica um direcionamento pr\u00e1tico das propostas surgidas nos dois encontros Provinciais da Frente de Evangeliza\u00e7\u00e3o da Comunica\u00e7\u00e3o, realizados em 2013 e 2014 em Rondinha. O pedido de maior aproxima\u00e7\u00e3o entre os diferentes trabalhos, da busca de um direcionamento provincial, da partilha mais efetiva de conte\u00fados e produ\u00e7\u00f5es encontra um in\u00edcio de resposta nesta iniciativa.<\/p>\n<p><strong>\u00a0<\/strong><\/p>\n<p><strong>Trabalho conjunto tamb\u00e9m na <em>Web<\/em>TV Franciscanos e junto \u00e0 RCR<\/strong><\/p>\n<p>Al\u00e9m de ocupar papel central nesta nova fase do Programa Sala Franciscana, a Funda\u00e7\u00e3o Cultural Celinauta tamb\u00e9m passa a ter participa\u00e7\u00e3o fundamental na nova fase do Programa \u201cEvangelho Dominical\u201d, da <em>Web<\/em>TV Franciscanos, que agora passa a se chamar \u201cCaminhos do Evangelho\u201d. O programa ser\u00e1 exibido semanalmente na TV Sudoeste, de Pato Branco, e tamb\u00e9m contar\u00e1 com o apoio daquela emissora na parte de montagem e edi\u00e7\u00e3o. Outra iniciativa que envolveu diretamente a Celinauta foi a produ\u00e7\u00e3o de uma s\u00e9rie de entrevistas para r\u00e1dio em torno da Campanha da Fraternidade 2015, que mobilizou a equipe de r\u00e1dio da emissora e est\u00e1 sendo veiculada e distribu\u00edda para r\u00e1dios de todo o Brasil pelo site da Rede Cat\u00f3lica de R\u00e1dio (RCR).<\/p>\n","protected":false},"excerpt":{"rendered":"<p>Prov\u00edncia<\/p>\n","protected":false},"author":1,"featured_media":219872,"comment_status":"open","ping_status":"open","sticky":false,"template":"","format":"standard","meta":[],"categories":[1],"tags":[],"acf":[],"yoast_head":"<!-- This site is optimized with the Yoast SEO plugin v19.2 - https:\/\/yoast.com\/wordpress\/plugins\/seo\/ -->\n<title>Frente da Comunica\u00e7\u00e3o aposta em projetos conjuntos - Not\u00edcias - Franciscanos<\/title>\n<meta name=\"robots\" content=\"index, follow, max-snippet:-1, max-image-preview:large, max-video-preview:-1\" \/>\n<link rel=\"canonical\" href=\"https:\/\/franciscanos.org.br\/noticias\/frente-da-comunicacao-aposta-em-projetos-conjuntos.html\" \/>\n<meta property=\"og:locale\" content=\"pt_BR\" \/>\n<meta property=\"og:type\" content=\"article\" \/>\n<meta property=\"og:title\" content=\"Frente da Comunica\u00e7\u00e3o aposta em projetos conjuntos - Not\u00edcias - Franciscanos\" \/>\n<meta property=\"og:description\" content=\"Prov\u00edncia\" \/>\n<meta property=\"og:url\" content=\"https:\/\/franciscanos.org.br\/noticias\/frente-da-comunicacao-aposta-em-projetos-conjuntos.html\" \/>\n<meta property=\"og:site_name\" content=\"Not\u00edcias - Franciscanos\" \/>\n<meta property=\"article:published_time\" content=\"2015-02-20T11:23:32+00:00\" \/>\n<meta property=\"article:modified_time\" content=\"2020-02-13T12:25:33+00:00\" \/>\n<meta property=\"og:image\" content=\"https:\/\/franciscanos.org.br\/noticias\/wp-content\/uploads\/2015\/02\/caminhos.jpg\" \/>\n\t<meta property=\"og:image:width\" content=\"273\" \/>\n\t<meta property=\"og:image:height\" content=\"181\" \/>\n\t<meta property=\"og:image:type\" content=\"image\/jpeg\" \/>\n<meta name=\"author\" content=\"admin\" \/>\n<meta name=\"twitter:card\" content=\"summary_large_image\" \/>\n<meta name=\"twitter:label1\" content=\"Escrito por\" \/>\n\t<meta name=\"twitter:data1\" content=\"admin\" \/>\n\t<meta name=\"twitter:label2\" content=\"Est. tempo de leitura\" \/>\n\t<meta name=\"twitter:data2\" content=\"3 minutos\" \/>\n<script type=\"application\/ld+json\" class=\"yoast-schema-graph\">{\"@context\":\"https:\/\/schema.org\",\"@graph\":[{\"@type\":\"WebSite\",\"@id\":\"https:\/\/franciscanos.org.br\/noticias\/#website\",\"url\":\"https:\/\/franciscanos.org.br\/noticias\/\",\"name\":\"Not\u00edcias - Franciscanos\",\"description\":\"Prov\u00edncia Franciscana da Imaculada Concei\u00e7\u00e3o do Brasil - Ordem dos Frades Menores - OFM\",\"potentialAction\":[{\"@type\":\"SearchAction\",\"target\":{\"@type\":\"EntryPoint\",\"urlTemplate\":\"https:\/\/franciscanos.org.br\/noticias\/?s={search_term_string}\"},\"query-input\":\"required name=search_term_string\"}],\"inLanguage\":\"pt-BR\"},{\"@type\":\"ImageObject\",\"inLanguage\":\"pt-BR\",\"@id\":\"https:\/\/franciscanos.org.br\/noticias\/frente-da-comunicacao-aposta-em-projetos-conjuntos.html#primaryimage\",\"url\":\"https:\/\/franciscanos.org.br\/noticias\/wp-content\/uploads\/2015\/02\/caminhos.jpg\",\"contentUrl\":\"https:\/\/franciscanos.org.br\/noticias\/wp-content\/uploads\/2015\/02\/caminhos.jpg\",\"width\":273,\"height\":181},{\"@type\":\"WebPage\",\"@id\":\"https:\/\/franciscanos.org.br\/noticias\/frente-da-comunicacao-aposta-em-projetos-conjuntos.html#webpage\",\"url\":\"https:\/\/franciscanos.org.br\/noticias\/frente-da-comunicacao-aposta-em-projetos-conjuntos.html\",\"name\":\"Frente da Comunica\u00e7\u00e3o aposta em projetos conjuntos - Not\u00edcias - Franciscanos\",\"isPartOf\":{\"@id\":\"https:\/\/franciscanos.org.br\/noticias\/#website\"},\"primaryImageOfPage\":{\"@id\":\"https:\/\/franciscanos.org.br\/noticias\/frente-da-comunicacao-aposta-em-projetos-conjuntos.html#primaryimage\"},\"datePublished\":\"2015-02-20T11:23:32+00:00\",\"dateModified\":\"2020-02-13T12:25:33+00:00\",\"author\":{\"@id\":\"https:\/\/franciscanos.org.br\/noticias\/#\/schema\/person\/b38fbf43118f02820bd932f2e4b14ad3\"},\"breadcrumb\":{\"@id\":\"https:\/\/franciscanos.org.br\/noticias\/frente-da-comunicacao-aposta-em-projetos-conjuntos.html#breadcrumb\"},\"inLanguage\":\"pt-BR\",\"potentialAction\":[{\"@type\":\"ReadAction\",\"target\":[\"https:\/\/franciscanos.org.br\/noticias\/frente-da-comunicacao-aposta-em-projetos-conjuntos.html\"]}]},{\"@type\":\"BreadcrumbList\",\"@id\":\"https:\/\/franciscanos.org.br\/noticias\/frente-da-comunicacao-aposta-em-projetos-conjuntos.html#breadcrumb\",\"itemListElement\":[{\"@type\":\"ListItem\",\"position\":1,\"name\":\"Home\",\"item\":\"https:\/\/franciscanos.org.br\/noticias\"},{\"@type\":\"ListItem\",\"position\":2,\"name\":\"Frente da Comunica\u00e7\u00e3o aposta em projetos conjuntos\"}]},{\"@type\":\"Person\",\"@id\":\"https:\/\/franciscanos.org.br\/noticias\/#\/schema\/person\/b38fbf43118f02820bd932f2e4b14ad3\",\"name\":\"admin\",\"image\":{\"@type\":\"ImageObject\",\"inLanguage\":\"pt-BR\",\"@id\":\"https:\/\/franciscanos.org.br\/noticias\/#\/schema\/person\/image\/\",\"url\":\"https:\/\/secure.gravatar.com\/avatar\/e8495742d34d0ba6448ea1c628263b3e?s=96&d=mm&r=g\",\"contentUrl\":\"https:\/\/secure.gravatar.com\/avatar\/e8495742d34d0ba6448ea1c628263b3e?s=96&d=mm&r=g\",\"caption\":\"admin\"},\"url\":\"https:\/\/franciscanos.org.br\/noticias\/author\/admin\"}]}<\/script>\n<!-- \/ Yoast SEO plugin. -->","yoast_head_json":{"title":"Frente da Comunica\u00e7\u00e3o aposta em projetos conjuntos - Not\u00edcias - Franciscanos","robots":{"index":"index","follow":"follow","max-snippet":"max-snippet:-1","max-image-preview":"max-image-preview:large","max-video-preview":"max-video-preview:-1"},"canonical":"https:\/\/franciscanos.org.br\/noticias\/frente-da-comunicacao-aposta-em-projetos-conjuntos.html","og_locale":"pt_BR","og_type":"article","og_title":"Frente da Comunica\u00e7\u00e3o aposta em projetos conjuntos - Not\u00edcias - Franciscanos","og_description":"Prov\u00edncia","og_url":"https:\/\/franciscanos.org.br\/noticias\/frente-da-comunicacao-aposta-em-projetos-conjuntos.html","og_site_name":"Not\u00edcias - Franciscanos","article_published_time":"2015-02-20T11:23:32+00:00","article_modified_time":"2020-02-13T12:25:33+00:00","og_image":[{"width":273,"height":181,"url":"https:\/\/franciscanos.org.br\/noticias\/wp-content\/uploads\/2015\/02\/caminhos.jpg","type":"image\/jpeg"}],"author":"admin","twitter_card":"summary_large_image","twitter_misc":{"Escrito por":"admin","Est. tempo de leitura":"3 minutos"},"schema":{"@context":"https:\/\/schema.org","@graph":[{"@type":"WebSite","@id":"https:\/\/franciscanos.org.br\/noticias\/#website","url":"https:\/\/franciscanos.org.br\/noticias\/","name":"Not\u00edcias - Franciscanos","description":"Prov\u00edncia Franciscana da Imaculada Concei\u00e7\u00e3o do Brasil - Ordem dos Frades Menores - OFM","potentialAction":[{"@type":"SearchAction","target":{"@type":"EntryPoint","urlTemplate":"https:\/\/franciscanos.org.br\/noticias\/?s={search_term_string}"},"query-input":"required name=search_term_string"}],"inLanguage":"pt-BR"},{"@type":"ImageObject","inLanguage":"pt-BR","@id":"https:\/\/franciscanos.org.br\/noticias\/frente-da-comunicacao-aposta-em-projetos-conjuntos.html#primaryimage","url":"https:\/\/franciscanos.org.br\/noticias\/wp-content\/uploads\/2015\/02\/caminhos.jpg","contentUrl":"https:\/\/franciscanos.org.br\/noticias\/wp-content\/uploads\/2015\/02\/caminhos.jpg","width":273,"height":181},{"@type":"WebPage","@id":"https:\/\/franciscanos.org.br\/noticias\/frente-da-comunicacao-aposta-em-projetos-conjuntos.html#webpage","url":"https:\/\/franciscanos.org.br\/noticias\/frente-da-comunicacao-aposta-em-projetos-conjuntos.html","name":"Frente da Comunica\u00e7\u00e3o aposta em projetos conjuntos - Not\u00edcias - Franciscanos","isPartOf":{"@id":"https:\/\/franciscanos.org.br\/noticias\/#website"},"primaryImageOfPage":{"@id":"https:\/\/franciscanos.org.br\/noticias\/frente-da-comunicacao-aposta-em-projetos-conjuntos.html#primaryimage"},"datePublished":"2015-02-20T11:23:32+00:00","dateModified":"2020-02-13T12:25:33+00:00","author":{"@id":"https:\/\/franciscanos.org.br\/noticias\/#\/schema\/person\/b38fbf43118f02820bd932f2e4b14ad3"},"breadcrumb":{"@id":"https:\/\/franciscanos.org.br\/noticias\/frente-da-comunicacao-aposta-em-projetos-conjuntos.html#breadcrumb"},"inLanguage":"pt-BR","potentialAction":[{"@type":"ReadAction","target":["https:\/\/franciscanos.org.br\/noticias\/frente-da-comunicacao-aposta-em-projetos-conjuntos.html"]}]},{"@type":"BreadcrumbList","@id":"https:\/\/franciscanos.org.br\/noticias\/frente-da-comunicacao-aposta-em-projetos-conjuntos.html#breadcrumb","itemListElement":[{"@type":"ListItem","position":1,"name":"Home","item":"https:\/\/franciscanos.org.br\/noticias"},{"@type":"ListItem","position":2,"name":"Frente da Comunica\u00e7\u00e3o aposta em projetos conjuntos"}]},{"@type":"Person","@id":"https:\/\/franciscanos.org.br\/noticias\/#\/schema\/person\/b38fbf43118f02820bd932f2e4b14ad3","name":"admin","image":{"@type":"ImageObject","inLanguage":"pt-BR","@id":"https:\/\/franciscanos.org.br\/noticias\/#\/schema\/person\/image\/","url":"https:\/\/secure.gravatar.com\/avatar\/e8495742d34d0ba6448ea1c628263b3e?s=96&d=mm&r=g","contentUrl":"https:\/\/secure.gravatar.com\/avatar\/e8495742d34d0ba6448ea1c628263b3e?s=96&d=mm&r=g","caption":"admin"},"url":"https:\/\/franciscanos.org.br\/noticias\/author\/admin"}]}},"_links":{"self":[{"href":"https:\/\/franciscanos.org.br\/noticias\/wp-json\/wp\/v2\/posts\/79948"}],"collection":[{"href":"https:\/\/franciscanos.org.br\/noticias\/wp-json\/wp\/v2\/posts"}],"about":[{"href":"https:\/\/franciscanos.org.br\/noticias\/wp-json\/wp\/v2\/types\/post"}],"author":[{"embeddable":true,"href":"https:\/\/franciscanos.org.br\/noticias\/wp-json\/wp\/v2\/users\/1"}],"replies":[{"embeddable":true,"href":"https:\/\/franciscanos.org.br\/noticias\/wp-json\/wp\/v2\/comments?post=79948"}],"version-history":[{"count":0,"href":"https:\/\/franciscanos.org.br\/noticias\/wp-json\/wp\/v2\/posts\/79948\/revisions"}],"wp:featuredmedia":[{"embeddable":true,"href":"https:\/\/franciscanos.org.br\/noticias\/wp-json\/wp\/v2\/media\/219872"}],"wp:attachment":[{"href":"https:\/\/franciscanos.org.br\/noticias\/wp-json\/wp\/v2\/media?parent=79948"}],"wp:term":[{"taxonomy":"category","embeddable":true,"href":"https:\/\/franciscanos.org.br\/noticias\/wp-json\/wp\/v2\/categories?post=79948"},{"taxonomy":"post_tag","embeddable":true,"href":"https:\/\/franciscanos.org.br\/noticias\/wp-json\/wp\/v2\/tags?post=79948"}],"curies":[{"name":"wp","href":"https:\/\/api.w.org\/{rel}","templated":true}]}}