{"id":79926,"date":"2015-02-20T09:01:37","date_gmt":"2015-02-20T11:01:37","guid":{"rendered":"http:\/\/franciscanos.org.br\/?p=79926"},"modified":"2019-04-23T12:56:09","modified_gmt":"2019-04-23T15:56:09","slug":"o-lado-bom-da-tentacao","status":"publish","type":"post","link":"https:\/\/franciscanos.org.br\/noticias\/o-lado-bom-da-tentacao.html","title":{"rendered":"O lado bom da tenta\u00e7\u00e3o"},"content":{"rendered":"<p><img loading=\"lazy\" class=\"alignnone size-full wp-image-196804\" src=\"https:\/\/franciscanos.org.br\/noticias\/wp-content\/uploads\/2015\/02\/deserto.jpg\" alt=\"\" width=\"820\" height=\"342\" srcset=\"https:\/\/franciscanos.org.br\/noticias\/wp-content\/uploads\/2015\/02\/deserto.jpg 820w, https:\/\/franciscanos.org.br\/noticias\/wp-content\/uploads\/2015\/02\/deserto-450x188.jpg 450w, https:\/\/franciscanos.org.br\/noticias\/wp-content\/uploads\/2015\/02\/deserto-768x320.jpg 768w, https:\/\/franciscanos.org.br\/noticias\/wp-content\/uploads\/2015\/02\/deserto-150x63.jpg 150w\" sizes=\"(max-width: 820px) 100vw, 820px\" \/><\/p>\n<p><strong>Frei Gustavo Medella<\/strong><\/p>\n<p>Jesus \u00e9 conduzido para o deserto pelo Esp\u00edrito e ali permanece durante quarenta dias, sendo tentado por Satan\u00e1s. \u00c9 o que nos conta o Evangelho de Marcos 1,12-15, que faz parte da liturgia deste primeiro domingo da Quaresma. O texto de Marcos \u00e9 mais enxuto e n\u00e3o especifica a que tenta\u00e7\u00f5es Jesus foi submetido. No entanto, abre uma importante porta de reflex\u00e3o para nos debru\u00e7armos sobre este tema que marca profundamente a condi\u00e7\u00e3o humana.<\/p>\n<p>O que significa a tenta\u00e7\u00e3o em nossa vida di\u00e1ria? Se, por um lado, trata-se de uma amea\u00e7a atrav\u00e9s da qual podemos colocar tudo a perder, por outro \u00e9 uma ocasi\u00e3o de nos tornarmos mais fortes e determinados nas escolhas que abra\u00e7amos. A tenta\u00e7\u00e3o \u00e9 uma oportunidade importante de entrarmos em di\u00e1logo sincero com nossos desejos, anseios, medos e inseguran\u00e7as. Sem m\u00e1scaras, sem fingimento, olharmos para nossas for\u00e7as e fraquezas, reconhecendo-nos necessitados do aux\u00edlio de Deus, aquele que tem o poder de iluminar os nossos passos.<\/p>\n<p>Normalmente, a tenta\u00e7\u00e3o aparece nos momentos de crise, quando nossas for\u00e7as est\u00e3o abaladas, quando experimentamos a solid\u00e3o e a secura do deserto, os ventos e solavancos de um mar agitado. Assim como os imprevistos do tempo, ela pode ou n\u00e3o enviar um avido pr\u00e9vio, seja no casamento, no trabalho, na vida de f\u00e9. Se pensarmos na realidade da \u00e1rvore, o vento que balan\u00e7a seus galhos e o tronco pode ser comparado a uma tenta\u00e7\u00e3o, que amea\u00e7a derrub\u00e1-la mas, por outro lado, faz com que ela tamb\u00e9m aprofunde suas ra\u00edzes, adquirindo mais for\u00e7a e solidez.<\/p>\n<p>\u00c9 nos momentos de tenta\u00e7\u00e3o que necessitamos refor\u00e7ar a nossa confian\u00e7a em Deus, aprofundar nossas ra\u00edzes existenciais. \u00c9 justamente nestas horas que devemos cantar com o poeta: \u201cNavegar \u00e9 preciso!\u201d<\/p>\n<p>Ao ser tentado no deserto, Jesus nos ensina que a tenta\u00e7\u00e3o de fato existe. No entanto, diante dela n\u00e3o devemos nos amedrontar. A tenta\u00e7\u00e3o n\u00e3o deve ser temida, negada, evitada ou reprimida, mas precisa ser superada. E \u00e9 com a for\u00e7a de Deus que seremos capazes de dar estes passos necess\u00e1rios para o nosso crescimento humano e espiritual.<\/p>\n","protected":false},"excerpt":{"rendered":"<p>Liturgia dominical<\/p>\n","protected":false},"author":1,"featured_media":203039,"comment_status":"open","ping_status":"open","sticky":false,"template":"","format":"standard","meta":[],"categories":[1],"tags":[537],"acf":[],"yoast_head":"<!-- This site is optimized with the Yoast SEO plugin v19.2 - https:\/\/yoast.com\/wordpress\/plugins\/seo\/ -->\n<title>O lado bom da tenta\u00e7\u00e3o - Not\u00edcias - Franciscanos<\/title>\n<meta name=\"robots\" content=\"index, follow, max-snippet:-1, max-image-preview:large, max-video-preview:-1\" \/>\n<link rel=\"canonical\" href=\"https:\/\/franciscanos.org.br\/noticias\/o-lado-bom-da-tentacao.html\" \/>\n<meta property=\"og:locale\" content=\"pt_BR\" \/>\n<meta property=\"og:type\" content=\"article\" \/>\n<meta property=\"og:title\" content=\"O lado bom da tenta\u00e7\u00e3o - Not\u00edcias - Franciscanos\" \/>\n<meta property=\"og:description\" content=\"Liturgia dominical\" \/>\n<meta property=\"og:url\" content=\"https:\/\/franciscanos.org.br\/noticias\/o-lado-bom-da-tentacao.html\" \/>\n<meta property=\"og:site_name\" content=\"Not\u00edcias - Franciscanos\" \/>\n<meta property=\"article:published_time\" content=\"2015-02-20T11:01:37+00:00\" \/>\n<meta property=\"article:modified_time\" content=\"2019-04-23T15:56:09+00:00\" \/>\n<meta property=\"og:image\" content=\"https:\/\/franciscanos.org.br\/noticias\/wp-content\/uploads\/2015\/02\/deserto-1.jpg\" \/>\n\t<meta property=\"og:image:width\" content=\"273\" \/>\n\t<meta property=\"og:image:height\" content=\"181\" \/>\n\t<meta property=\"og:image:type\" content=\"image\/jpeg\" \/>\n<meta name=\"author\" content=\"admin\" \/>\n<meta name=\"twitter:card\" content=\"summary_large_image\" \/>\n<meta name=\"twitter:label1\" content=\"Escrito por\" \/>\n\t<meta name=\"twitter:data1\" content=\"admin\" \/>\n\t<meta name=\"twitter:label2\" content=\"Est. tempo de leitura\" \/>\n\t<meta name=\"twitter:data2\" content=\"2 minutos\" \/>\n<script type=\"application\/ld+json\" class=\"yoast-schema-graph\">{\"@context\":\"https:\/\/schema.org\",\"@graph\":[{\"@type\":\"WebSite\",\"@id\":\"https:\/\/franciscanos.org.br\/noticias\/#website\",\"url\":\"https:\/\/franciscanos.org.br\/noticias\/\",\"name\":\"Not\u00edcias - Franciscanos\",\"description\":\"Prov\u00edncia Franciscana da Imaculada Concei\u00e7\u00e3o do Brasil - Ordem dos Frades Menores - OFM\",\"potentialAction\":[{\"@type\":\"SearchAction\",\"target\":{\"@type\":\"EntryPoint\",\"urlTemplate\":\"https:\/\/franciscanos.org.br\/noticias\/?s={search_term_string}\"},\"query-input\":\"required name=search_term_string\"}],\"inLanguage\":\"pt-BR\"},{\"@type\":\"ImageObject\",\"inLanguage\":\"pt-BR\",\"@id\":\"https:\/\/franciscanos.org.br\/noticias\/o-lado-bom-da-tentacao.html#primaryimage\",\"url\":\"https:\/\/franciscanos.org.br\/noticias\/wp-content\/uploads\/2015\/02\/deserto-1.jpg\",\"contentUrl\":\"https:\/\/franciscanos.org.br\/noticias\/wp-content\/uploads\/2015\/02\/deserto-1.jpg\",\"width\":273,\"height\":181},{\"@type\":\"WebPage\",\"@id\":\"https:\/\/franciscanos.org.br\/noticias\/o-lado-bom-da-tentacao.html#webpage\",\"url\":\"https:\/\/franciscanos.org.br\/noticias\/o-lado-bom-da-tentacao.html\",\"name\":\"O lado bom da tenta\u00e7\u00e3o - Not\u00edcias - Franciscanos\",\"isPartOf\":{\"@id\":\"https:\/\/franciscanos.org.br\/noticias\/#website\"},\"primaryImageOfPage\":{\"@id\":\"https:\/\/franciscanos.org.br\/noticias\/o-lado-bom-da-tentacao.html#primaryimage\"},\"datePublished\":\"2015-02-20T11:01:37+00:00\",\"dateModified\":\"2019-04-23T15:56:09+00:00\",\"author\":{\"@id\":\"https:\/\/franciscanos.org.br\/noticias\/#\/schema\/person\/b38fbf43118f02820bd932f2e4b14ad3\"},\"breadcrumb\":{\"@id\":\"https:\/\/franciscanos.org.br\/noticias\/o-lado-bom-da-tentacao.html#breadcrumb\"},\"inLanguage\":\"pt-BR\",\"potentialAction\":[{\"@type\":\"ReadAction\",\"target\":[\"https:\/\/franciscanos.org.br\/noticias\/o-lado-bom-da-tentacao.html\"]}]},{\"@type\":\"BreadcrumbList\",\"@id\":\"https:\/\/franciscanos.org.br\/noticias\/o-lado-bom-da-tentacao.html#breadcrumb\",\"itemListElement\":[{\"@type\":\"ListItem\",\"position\":1,\"name\":\"Home\",\"item\":\"https:\/\/franciscanos.org.br\/noticias\"},{\"@type\":\"ListItem\",\"position\":2,\"name\":\"O lado bom da tenta\u00e7\u00e3o\"}]},{\"@type\":\"Person\",\"@id\":\"https:\/\/franciscanos.org.br\/noticias\/#\/schema\/person\/b38fbf43118f02820bd932f2e4b14ad3\",\"name\":\"admin\",\"image\":{\"@type\":\"ImageObject\",\"inLanguage\":\"pt-BR\",\"@id\":\"https:\/\/franciscanos.org.br\/noticias\/#\/schema\/person\/image\/\",\"url\":\"https:\/\/secure.gravatar.com\/avatar\/e8495742d34d0ba6448ea1c628263b3e?s=96&d=mm&r=g\",\"contentUrl\":\"https:\/\/secure.gravatar.com\/avatar\/e8495742d34d0ba6448ea1c628263b3e?s=96&d=mm&r=g\",\"caption\":\"admin\"},\"url\":\"https:\/\/franciscanos.org.br\/noticias\/author\/admin\"}]}<\/script>\n<!-- \/ Yoast SEO plugin. -->","yoast_head_json":{"title":"O lado bom da tenta\u00e7\u00e3o - Not\u00edcias - Franciscanos","robots":{"index":"index","follow":"follow","max-snippet":"max-snippet:-1","max-image-preview":"max-image-preview:large","max-video-preview":"max-video-preview:-1"},"canonical":"https:\/\/franciscanos.org.br\/noticias\/o-lado-bom-da-tentacao.html","og_locale":"pt_BR","og_type":"article","og_title":"O lado bom da tenta\u00e7\u00e3o - Not\u00edcias - Franciscanos","og_description":"Liturgia dominical","og_url":"https:\/\/franciscanos.org.br\/noticias\/o-lado-bom-da-tentacao.html","og_site_name":"Not\u00edcias - Franciscanos","article_published_time":"2015-02-20T11:01:37+00:00","article_modified_time":"2019-04-23T15:56:09+00:00","og_image":[{"width":273,"height":181,"url":"https:\/\/franciscanos.org.br\/noticias\/wp-content\/uploads\/2015\/02\/deserto-1.jpg","type":"image\/jpeg"}],"author":"admin","twitter_card":"summary_large_image","twitter_misc":{"Escrito por":"admin","Est. tempo de leitura":"2 minutos"},"schema":{"@context":"https:\/\/schema.org","@graph":[{"@type":"WebSite","@id":"https:\/\/franciscanos.org.br\/noticias\/#website","url":"https:\/\/franciscanos.org.br\/noticias\/","name":"Not\u00edcias - Franciscanos","description":"Prov\u00edncia Franciscana da Imaculada Concei\u00e7\u00e3o do Brasil - Ordem dos Frades Menores - OFM","potentialAction":[{"@type":"SearchAction","target":{"@type":"EntryPoint","urlTemplate":"https:\/\/franciscanos.org.br\/noticias\/?s={search_term_string}"},"query-input":"required name=search_term_string"}],"inLanguage":"pt-BR"},{"@type":"ImageObject","inLanguage":"pt-BR","@id":"https:\/\/franciscanos.org.br\/noticias\/o-lado-bom-da-tentacao.html#primaryimage","url":"https:\/\/franciscanos.org.br\/noticias\/wp-content\/uploads\/2015\/02\/deserto-1.jpg","contentUrl":"https:\/\/franciscanos.org.br\/noticias\/wp-content\/uploads\/2015\/02\/deserto-1.jpg","width":273,"height":181},{"@type":"WebPage","@id":"https:\/\/franciscanos.org.br\/noticias\/o-lado-bom-da-tentacao.html#webpage","url":"https:\/\/franciscanos.org.br\/noticias\/o-lado-bom-da-tentacao.html","name":"O lado bom da tenta\u00e7\u00e3o - Not\u00edcias - Franciscanos","isPartOf":{"@id":"https:\/\/franciscanos.org.br\/noticias\/#website"},"primaryImageOfPage":{"@id":"https:\/\/franciscanos.org.br\/noticias\/o-lado-bom-da-tentacao.html#primaryimage"},"datePublished":"2015-02-20T11:01:37+00:00","dateModified":"2019-04-23T15:56:09+00:00","author":{"@id":"https:\/\/franciscanos.org.br\/noticias\/#\/schema\/person\/b38fbf43118f02820bd932f2e4b14ad3"},"breadcrumb":{"@id":"https:\/\/franciscanos.org.br\/noticias\/o-lado-bom-da-tentacao.html#breadcrumb"},"inLanguage":"pt-BR","potentialAction":[{"@type":"ReadAction","target":["https:\/\/franciscanos.org.br\/noticias\/o-lado-bom-da-tentacao.html"]}]},{"@type":"BreadcrumbList","@id":"https:\/\/franciscanos.org.br\/noticias\/o-lado-bom-da-tentacao.html#breadcrumb","itemListElement":[{"@type":"ListItem","position":1,"name":"Home","item":"https:\/\/franciscanos.org.br\/noticias"},{"@type":"ListItem","position":2,"name":"O lado bom da tenta\u00e7\u00e3o"}]},{"@type":"Person","@id":"https:\/\/franciscanos.org.br\/noticias\/#\/schema\/person\/b38fbf43118f02820bd932f2e4b14ad3","name":"admin","image":{"@type":"ImageObject","inLanguage":"pt-BR","@id":"https:\/\/franciscanos.org.br\/noticias\/#\/schema\/person\/image\/","url":"https:\/\/secure.gravatar.com\/avatar\/e8495742d34d0ba6448ea1c628263b3e?s=96&d=mm&r=g","contentUrl":"https:\/\/secure.gravatar.com\/avatar\/e8495742d34d0ba6448ea1c628263b3e?s=96&d=mm&r=g","caption":"admin"},"url":"https:\/\/franciscanos.org.br\/noticias\/author\/admin"}]}},"_links":{"self":[{"href":"https:\/\/franciscanos.org.br\/noticias\/wp-json\/wp\/v2\/posts\/79926"}],"collection":[{"href":"https:\/\/franciscanos.org.br\/noticias\/wp-json\/wp\/v2\/posts"}],"about":[{"href":"https:\/\/franciscanos.org.br\/noticias\/wp-json\/wp\/v2\/types\/post"}],"author":[{"embeddable":true,"href":"https:\/\/franciscanos.org.br\/noticias\/wp-json\/wp\/v2\/users\/1"}],"replies":[{"embeddable":true,"href":"https:\/\/franciscanos.org.br\/noticias\/wp-json\/wp\/v2\/comments?post=79926"}],"version-history":[{"count":0,"href":"https:\/\/franciscanos.org.br\/noticias\/wp-json\/wp\/v2\/posts\/79926\/revisions"}],"wp:featuredmedia":[{"embeddable":true,"href":"https:\/\/franciscanos.org.br\/noticias\/wp-json\/wp\/v2\/media\/203039"}],"wp:attachment":[{"href":"https:\/\/franciscanos.org.br\/noticias\/wp-json\/wp\/v2\/media?parent=79926"}],"wp:term":[{"taxonomy":"category","embeddable":true,"href":"https:\/\/franciscanos.org.br\/noticias\/wp-json\/wp\/v2\/categories?post=79926"},{"taxonomy":"post_tag","embeddable":true,"href":"https:\/\/franciscanos.org.br\/noticias\/wp-json\/wp\/v2\/tags?post=79926"}],"curies":[{"name":"wp","href":"https:\/\/api.w.org\/{rel}","templated":true}]}}