{"id":79550,"date":"2015-02-11T07:31:23","date_gmt":"2015-02-11T09:31:23","guid":{"rendered":"http:\/\/franciscanos.org.br\/?p=79550"},"modified":"2019-01-24T13:27:29","modified_gmt":"2019-01-24T15:27:29","slug":"as-principais-obras-de-santa-teresa-de-jesus-sao-relancadas","status":"publish","type":"post","link":"https:\/\/franciscanos.org.br\/noticias\/as-principais-obras-de-santa-teresa-de-jesus-sao-relancadas.html","title":{"rendered":"As principais obras de Santa Teresa de Jesus s\u00e3o relan\u00e7adas"},"content":{"rendered":"<p>Santa Teresa de Jesus foi uma freira carmelita, m\u00edstica e santa cat\u00f3lica do s\u00e9culo XVI, importante por suas obras sobre a vida contemplativa atrav\u00e9s da raz\u00e3o mental e por sua atua\u00e7\u00e3o durante a Contra Reforma. Foi tamb\u00e9m uma das reformadoras da Ordem Carmelita e \u00e9 considerada uma fundadora dos Carmelitas Descal\u00e7os juntamente com S\u00e3o Jo\u00e3o da Cruz, outro m\u00edstico que publicamos.<\/p>\n<p>As obras de Santa Teresa de Jesus t\u00eam o objetivo de ajudar suas irm\u00e3s religiosas na pr\u00e1tica espiritual e na devo\u00e7\u00e3o valorizando a alma e o esp\u00edrito, e deixando o corpo em segundo plano. Este ano completa-se 500 anos de seu nascimento e em comemora\u00e7\u00e3o a Editora Vozes relan\u00e7a suas principais obras.<\/p>\n<p>&nbsp;<\/p>\n<table border=\"0\" width=\"100%\" cellspacing=\"2\" cellpadding=\"2\">\n<tbody>\n<tr bgcolor=\"#E6CEC2\">\n<td colspan=\"2\">\n<h4><strong>Castelo interior ou Moradas<\/strong><\/h4>\n<\/td>\n<td colspan=\"2\"><\/td>\n<\/tr>\n<tr>\n<td valign=\"top\" bgcolor=\"#F8EDE9\"><a href=\"http:\/\/franciscanos.org.br\/wp-content\/uploads\/2015\/02\/castelo-interior.jpg\"><img loading=\"lazy\" class=\"alignleft size-full wp-image-79552\" src=\"http:\/\/franciscanos.org.br\/wp-content\/uploads\/2015\/02\/castelo-interior.jpg\" alt=\"castelo-interior\" width=\"200\" height=\"332\" \/><\/a><\/td>\n<td valign=\"top\" bgcolor=\"#F8EDE9\">Este livro foi escrito por Santa Teresa parasuas Irm\u00e3s e filhas, as Monjas Carmelitas Descal\u00e7as<\/p>\n<p>para esclarecer algumas d\u00favidas delas<\/p>\n<p>em mat\u00e9ria de ora\u00e7\u00e3o.<\/p>\n<p><strong>N\u00ba DE P\u00c1GINAS: 272<\/strong><\/td>\n<td valign=\"top\" bgcolor=\"#F8EDE9\"><\/td>\n<td valign=\"top\" bgcolor=\"#F8EDE9\"><\/td>\n<\/tr>\n<tr bgcolor=\"#E6CEC2\">\n<td colspan=\"2\">\n<h4><strong>Caminho de perfei\u00e7\u00e3o<\/strong><\/h4>\n<\/td>\n<td colspan=\"2\"><span style=\"color: #333333; font-family: Georgia, 'Times New Roman', 'Bitstream Charter', Times, serif; font-size: small;\"><span style=\"line-height: 19px;\">\u00a0<\/span><\/span><\/td>\n<\/tr>\n<tr>\n<td valign=\"top\" bgcolor=\"#F8EDE9\"><a href=\"http:\/\/franciscanos.org.br\/wp-content\/uploads\/2015\/02\/caminho-da-perfeicao.jpg\"><img loading=\"lazy\" class=\"alignleft size-full wp-image-79553\" src=\"http:\/\/franciscanos.org.br\/wp-content\/uploads\/2015\/02\/caminho-da-perfeicao.jpg\" alt=\"caminho-da-perfeicao\" width=\"200\" height=\"331\" \/><\/a><\/td>\n<td valign=\"top\" bgcolor=\"#F8EDE9\">Esta foi a primeira obra de Santa Teresa publicada,onde ela busca apontar alguns rem\u00e9dios para certas tenta\u00e7\u00f5es mi\u00fadas,<\/p>\n<p>sugerias pelo dem\u00f4nio, das quais talvez n\u00e3o fa\u00e7amos caso,<\/p>\n<p>justamente por serem t\u00e3o pequenas.<\/p>\n<p><strong>N\u00ba DE P\u00c1GINAS: 256<\/strong><\/td>\n<td valign=\"top\" bgcolor=\"#F8EDE9\"><\/td>\n<td valign=\"top\" bgcolor=\"#F8EDE9\"><\/td>\n<\/tr>\n<tr bgcolor=\"#E6CEC2\">\n<td colspan=\"2\">\n<h4><strong>Livro da Vida<\/strong><\/h4>\n<\/td>\n<td colspan=\"2\"><\/td>\n<\/tr>\n<tr>\n<td valign=\"top\" bgcolor=\"#F8EDE9\"><a href=\"http:\/\/franciscanos.org.br\/wp-content\/uploads\/2015\/02\/livro-da-vida.jpg\"><img loading=\"lazy\" class=\"alignleft size-full wp-image-79554\" src=\"http:\/\/franciscanos.org.br\/wp-content\/uploads\/2015\/02\/livro-da-vida.jpg\" alt=\"livro-da-vida\" width=\"200\" height=\"325\" \/><\/a><\/td>\n<td valign=\"top\" bgcolor=\"#F8EDE9\">Nesta obra Santa Teresa fala sobre as coisas que n\u00f3s mais precisamos:O amor de Deus e do pr\u00f3ximo; a vida sobrenatural de ora\u00e7\u00e3o e de f\u00e9; e a<\/p>\n<p>dedica\u00e7\u00e3o ilimitada \u00e0 Igreja de Deus. E nos convida \u00e0 orar, pois<\/p>\n<p>segundo ela \u00e9 pela ora\u00e7\u00e3o que nos elevaremos a Deus.<\/p>\n<p><strong>N\u00ba DE P\u00c1GINAS: 432<\/strong><\/td>\n<td valign=\"top\" bgcolor=\"#F8EDE9\"><\/td>\n<td valign=\"top\" bgcolor=\"#F8EDE9\"><\/td>\n<\/tr>\n<tr bgcolor=\"#E6CEC2\">\n<td colspan=\"2\">\n<h4><strong>\u00a0<\/strong><\/h4>\n<\/td>\n<\/tr>\n<\/tbody>\n<\/table>\n<p style=\"padding-left: 30px;\"><em><br \/>\nSanta Teresa de \u00c1vila \u00e9 sempre lembrada por sua viva e arguta intelig\u00eancia, a for\u00e7a persuasiva de seus argumentos, seu estilo vivo e atraente e seu profundo bom senso. Terceira dos nove filhos da fam\u00edlia, nasceu em 28 de mar\u00e7o de 1515, tornando-se ainda precoce, confidente da m\u00e3e e a preferida do pai e dos irm\u00e3os. Falecendo-lhe a m\u00e3e quando tinha 14 anos, entrou como interna no mosteiro das monjas agostinianas. Aos 20 anos, entrou no Convento da Encarna\u00e7\u00e3o, das Carmelitas. Os fen\u00f4menos m\u00edsticos que experimentava (arroubos e \u00eaxtases na igreja, em p\u00fablico) deixavam desconcertados seus confessores e diretores, gerando coment\u00e1rios de toda a pequena \u00c1vila de ent\u00e3o. V\u00eam de Deus? V\u00eam do dem\u00f4nio? Cada um tinha sua opini\u00e3o. Foi preciso que dois santos, S\u00e3o Francisco de B\u00f3rgia e S\u00e3o Pedro de Alc\u00e2ntara, com sua autoridade, lhe confirmassem a origem divina dessas experi\u00eancias e a incentivassem a n\u00e3o opor obst\u00e1culos \u00e0 a\u00e7\u00e3o do Senhor. Faleceu em 4 de outubro de 1582, foi canonizada em 1622 e proclamada Doutora da Igreja em 1970 pelo Papa Paulo VI.<\/em><\/p>\n","protected":false},"excerpt":{"rendered":"<p>Editora Vozes<\/p>\n","protected":false},"author":1,"featured_media":194592,"comment_status":"open","ping_status":"open","sticky":false,"template":"","format":"standard","meta":[],"categories":[1],"tags":[238],"acf":[],"yoast_head":"<!-- This site is optimized with the Yoast SEO plugin v19.2 - https:\/\/yoast.com\/wordpress\/plugins\/seo\/ -->\n<title>As principais obras de Santa Teresa de Jesus s\u00e3o relan\u00e7adas - Not\u00edcias - Franciscanos<\/title>\n<meta name=\"robots\" content=\"index, follow, max-snippet:-1, max-image-preview:large, max-video-preview:-1\" \/>\n<link rel=\"canonical\" href=\"https:\/\/franciscanos.org.br\/noticias\/as-principais-obras-de-santa-teresa-de-jesus-sao-relancadas.html\" \/>\n<meta property=\"og:locale\" content=\"pt_BR\" \/>\n<meta property=\"og:type\" content=\"article\" \/>\n<meta property=\"og:title\" content=\"As principais obras de Santa Teresa de Jesus s\u00e3o relan\u00e7adas - Not\u00edcias - Franciscanos\" \/>\n<meta property=\"og:description\" content=\"Editora Vozes\" \/>\n<meta property=\"og:url\" content=\"https:\/\/franciscanos.org.br\/noticias\/as-principais-obras-de-santa-teresa-de-jesus-sao-relancadas.html\" \/>\n<meta property=\"og:site_name\" content=\"Not\u00edcias - Franciscanos\" \/>\n<meta property=\"article:published_time\" content=\"2015-02-11T09:31:23+00:00\" \/>\n<meta property=\"article:modified_time\" content=\"2019-01-24T15:27:29+00:00\" \/>\n<meta property=\"og:image\" content=\"https:\/\/franciscanos.org.br\/noticias\/wp-content\/uploads\/2017\/11\/vozes.png\" \/>\n\t<meta property=\"og:image:width\" content=\"273\" \/>\n\t<meta property=\"og:image:height\" content=\"181\" \/>\n\t<meta property=\"og:image:type\" content=\"image\/png\" \/>\n<meta name=\"author\" content=\"admin\" \/>\n<meta name=\"twitter:card\" content=\"summary_large_image\" \/>\n<meta name=\"twitter:label1\" content=\"Escrito por\" \/>\n\t<meta name=\"twitter:data1\" content=\"admin\" \/>\n\t<meta name=\"twitter:label2\" content=\"Est. tempo de leitura\" \/>\n\t<meta name=\"twitter:data2\" content=\"2 minutos\" \/>\n<script type=\"application\/ld+json\" class=\"yoast-schema-graph\">{\"@context\":\"https:\/\/schema.org\",\"@graph\":[{\"@type\":\"WebSite\",\"@id\":\"https:\/\/franciscanos.org.br\/noticias\/#website\",\"url\":\"https:\/\/franciscanos.org.br\/noticias\/\",\"name\":\"Not\u00edcias - Franciscanos\",\"description\":\"Prov\u00edncia Franciscana da Imaculada Concei\u00e7\u00e3o do Brasil - Ordem dos Frades Menores - OFM\",\"potentialAction\":[{\"@type\":\"SearchAction\",\"target\":{\"@type\":\"EntryPoint\",\"urlTemplate\":\"https:\/\/franciscanos.org.br\/noticias\/?s={search_term_string}\"},\"query-input\":\"required name=search_term_string\"}],\"inLanguage\":\"pt-BR\"},{\"@type\":\"ImageObject\",\"inLanguage\":\"pt-BR\",\"@id\":\"https:\/\/franciscanos.org.br\/noticias\/as-principais-obras-de-santa-teresa-de-jesus-sao-relancadas.html#primaryimage\",\"url\":\"https:\/\/franciscanos.org.br\/noticias\/wp-content\/uploads\/2017\/11\/vozes.png\",\"contentUrl\":\"https:\/\/franciscanos.org.br\/noticias\/wp-content\/uploads\/2017\/11\/vozes.png\",\"width\":273,\"height\":181},{\"@type\":\"WebPage\",\"@id\":\"https:\/\/franciscanos.org.br\/noticias\/as-principais-obras-de-santa-teresa-de-jesus-sao-relancadas.html#webpage\",\"url\":\"https:\/\/franciscanos.org.br\/noticias\/as-principais-obras-de-santa-teresa-de-jesus-sao-relancadas.html\",\"name\":\"As principais obras de Santa Teresa de Jesus s\u00e3o relan\u00e7adas - Not\u00edcias - Franciscanos\",\"isPartOf\":{\"@id\":\"https:\/\/franciscanos.org.br\/noticias\/#website\"},\"primaryImageOfPage\":{\"@id\":\"https:\/\/franciscanos.org.br\/noticias\/as-principais-obras-de-santa-teresa-de-jesus-sao-relancadas.html#primaryimage\"},\"datePublished\":\"2015-02-11T09:31:23+00:00\",\"dateModified\":\"2019-01-24T15:27:29+00:00\",\"author\":{\"@id\":\"https:\/\/franciscanos.org.br\/noticias\/#\/schema\/person\/b38fbf43118f02820bd932f2e4b14ad3\"},\"breadcrumb\":{\"@id\":\"https:\/\/franciscanos.org.br\/noticias\/as-principais-obras-de-santa-teresa-de-jesus-sao-relancadas.html#breadcrumb\"},\"inLanguage\":\"pt-BR\",\"potentialAction\":[{\"@type\":\"ReadAction\",\"target\":[\"https:\/\/franciscanos.org.br\/noticias\/as-principais-obras-de-santa-teresa-de-jesus-sao-relancadas.html\"]}]},{\"@type\":\"BreadcrumbList\",\"@id\":\"https:\/\/franciscanos.org.br\/noticias\/as-principais-obras-de-santa-teresa-de-jesus-sao-relancadas.html#breadcrumb\",\"itemListElement\":[{\"@type\":\"ListItem\",\"position\":1,\"name\":\"Home\",\"item\":\"https:\/\/franciscanos.org.br\/noticias\"},{\"@type\":\"ListItem\",\"position\":2,\"name\":\"As principais obras de Santa Teresa de Jesus s\u00e3o relan\u00e7adas\"}]},{\"@type\":\"Person\",\"@id\":\"https:\/\/franciscanos.org.br\/noticias\/#\/schema\/person\/b38fbf43118f02820bd932f2e4b14ad3\",\"name\":\"admin\",\"image\":{\"@type\":\"ImageObject\",\"inLanguage\":\"pt-BR\",\"@id\":\"https:\/\/franciscanos.org.br\/noticias\/#\/schema\/person\/image\/\",\"url\":\"https:\/\/secure.gravatar.com\/avatar\/e8495742d34d0ba6448ea1c628263b3e?s=96&d=mm&r=g\",\"contentUrl\":\"https:\/\/secure.gravatar.com\/avatar\/e8495742d34d0ba6448ea1c628263b3e?s=96&d=mm&r=g\",\"caption\":\"admin\"},\"url\":\"https:\/\/franciscanos.org.br\/noticias\/author\/admin\"}]}<\/script>\n<!-- \/ Yoast SEO plugin. -->","yoast_head_json":{"title":"As principais obras de Santa Teresa de Jesus s\u00e3o relan\u00e7adas - Not\u00edcias - Franciscanos","robots":{"index":"index","follow":"follow","max-snippet":"max-snippet:-1","max-image-preview":"max-image-preview:large","max-video-preview":"max-video-preview:-1"},"canonical":"https:\/\/franciscanos.org.br\/noticias\/as-principais-obras-de-santa-teresa-de-jesus-sao-relancadas.html","og_locale":"pt_BR","og_type":"article","og_title":"As principais obras de Santa Teresa de Jesus s\u00e3o relan\u00e7adas - Not\u00edcias - Franciscanos","og_description":"Editora Vozes","og_url":"https:\/\/franciscanos.org.br\/noticias\/as-principais-obras-de-santa-teresa-de-jesus-sao-relancadas.html","og_site_name":"Not\u00edcias - Franciscanos","article_published_time":"2015-02-11T09:31:23+00:00","article_modified_time":"2019-01-24T15:27:29+00:00","og_image":[{"width":273,"height":181,"url":"https:\/\/franciscanos.org.br\/noticias\/wp-content\/uploads\/2017\/11\/vozes.png","type":"image\/png"}],"author":"admin","twitter_card":"summary_large_image","twitter_misc":{"Escrito por":"admin","Est. tempo de leitura":"2 minutos"},"schema":{"@context":"https:\/\/schema.org","@graph":[{"@type":"WebSite","@id":"https:\/\/franciscanos.org.br\/noticias\/#website","url":"https:\/\/franciscanos.org.br\/noticias\/","name":"Not\u00edcias - Franciscanos","description":"Prov\u00edncia Franciscana da Imaculada Concei\u00e7\u00e3o do Brasil - Ordem dos Frades Menores - OFM","potentialAction":[{"@type":"SearchAction","target":{"@type":"EntryPoint","urlTemplate":"https:\/\/franciscanos.org.br\/noticias\/?s={search_term_string}"},"query-input":"required name=search_term_string"}],"inLanguage":"pt-BR"},{"@type":"ImageObject","inLanguage":"pt-BR","@id":"https:\/\/franciscanos.org.br\/noticias\/as-principais-obras-de-santa-teresa-de-jesus-sao-relancadas.html#primaryimage","url":"https:\/\/franciscanos.org.br\/noticias\/wp-content\/uploads\/2017\/11\/vozes.png","contentUrl":"https:\/\/franciscanos.org.br\/noticias\/wp-content\/uploads\/2017\/11\/vozes.png","width":273,"height":181},{"@type":"WebPage","@id":"https:\/\/franciscanos.org.br\/noticias\/as-principais-obras-de-santa-teresa-de-jesus-sao-relancadas.html#webpage","url":"https:\/\/franciscanos.org.br\/noticias\/as-principais-obras-de-santa-teresa-de-jesus-sao-relancadas.html","name":"As principais obras de Santa Teresa de Jesus s\u00e3o relan\u00e7adas - Not\u00edcias - Franciscanos","isPartOf":{"@id":"https:\/\/franciscanos.org.br\/noticias\/#website"},"primaryImageOfPage":{"@id":"https:\/\/franciscanos.org.br\/noticias\/as-principais-obras-de-santa-teresa-de-jesus-sao-relancadas.html#primaryimage"},"datePublished":"2015-02-11T09:31:23+00:00","dateModified":"2019-01-24T15:27:29+00:00","author":{"@id":"https:\/\/franciscanos.org.br\/noticias\/#\/schema\/person\/b38fbf43118f02820bd932f2e4b14ad3"},"breadcrumb":{"@id":"https:\/\/franciscanos.org.br\/noticias\/as-principais-obras-de-santa-teresa-de-jesus-sao-relancadas.html#breadcrumb"},"inLanguage":"pt-BR","potentialAction":[{"@type":"ReadAction","target":["https:\/\/franciscanos.org.br\/noticias\/as-principais-obras-de-santa-teresa-de-jesus-sao-relancadas.html"]}]},{"@type":"BreadcrumbList","@id":"https:\/\/franciscanos.org.br\/noticias\/as-principais-obras-de-santa-teresa-de-jesus-sao-relancadas.html#breadcrumb","itemListElement":[{"@type":"ListItem","position":1,"name":"Home","item":"https:\/\/franciscanos.org.br\/noticias"},{"@type":"ListItem","position":2,"name":"As principais obras de Santa Teresa de Jesus s\u00e3o relan\u00e7adas"}]},{"@type":"Person","@id":"https:\/\/franciscanos.org.br\/noticias\/#\/schema\/person\/b38fbf43118f02820bd932f2e4b14ad3","name":"admin","image":{"@type":"ImageObject","inLanguage":"pt-BR","@id":"https:\/\/franciscanos.org.br\/noticias\/#\/schema\/person\/image\/","url":"https:\/\/secure.gravatar.com\/avatar\/e8495742d34d0ba6448ea1c628263b3e?s=96&d=mm&r=g","contentUrl":"https:\/\/secure.gravatar.com\/avatar\/e8495742d34d0ba6448ea1c628263b3e?s=96&d=mm&r=g","caption":"admin"},"url":"https:\/\/franciscanos.org.br\/noticias\/author\/admin"}]}},"_links":{"self":[{"href":"https:\/\/franciscanos.org.br\/noticias\/wp-json\/wp\/v2\/posts\/79550"}],"collection":[{"href":"https:\/\/franciscanos.org.br\/noticias\/wp-json\/wp\/v2\/posts"}],"about":[{"href":"https:\/\/franciscanos.org.br\/noticias\/wp-json\/wp\/v2\/types\/post"}],"author":[{"embeddable":true,"href":"https:\/\/franciscanos.org.br\/noticias\/wp-json\/wp\/v2\/users\/1"}],"replies":[{"embeddable":true,"href":"https:\/\/franciscanos.org.br\/noticias\/wp-json\/wp\/v2\/comments?post=79550"}],"version-history":[{"count":0,"href":"https:\/\/franciscanos.org.br\/noticias\/wp-json\/wp\/v2\/posts\/79550\/revisions"}],"wp:featuredmedia":[{"embeddable":true,"href":"https:\/\/franciscanos.org.br\/noticias\/wp-json\/wp\/v2\/media\/194592"}],"wp:attachment":[{"href":"https:\/\/franciscanos.org.br\/noticias\/wp-json\/wp\/v2\/media?parent=79550"}],"wp:term":[{"taxonomy":"category","embeddable":true,"href":"https:\/\/franciscanos.org.br\/noticias\/wp-json\/wp\/v2\/categories?post=79550"},{"taxonomy":"post_tag","embeddable":true,"href":"https:\/\/franciscanos.org.br\/noticias\/wp-json\/wp\/v2\/tags?post=79550"}],"curies":[{"name":"wp","href":"https:\/\/api.w.org\/{rel}","templated":true}]}}