{"id":79365,"date":"2015-02-09T19:44:35","date_gmt":"2015-02-09T21:44:35","guid":{"rendered":"http:\/\/franciscanos.org.br\/?p=79365"},"modified":"2020-02-13T09:18:59","modified_gmt":"2020-02-13T12:18:59","slug":"convento-sao-francisco-celebra-o-envio-dos-seus-jovens-aspirantes","status":"publish","type":"post","link":"https:\/\/franciscanos.org.br\/noticias\/convento-sao-francisco-celebra-o-envio-dos-seus-jovens-aspirantes.html","title":{"rendered":"Convento S\u00e3o Francisco celebra o envio dos aspirantes"},"content":{"rendered":"<p><strong><a href=\"http:\/\/franciscanos.org.br\/wp-content\/uploads\/2015\/02\/8201.png\"><img loading=\"lazy\" src=\"http:\/\/franciscanos.org.br\/wp-content\/uploads\/2015\/02\/8201.png\" alt=\"820\" width=\"820\" height=\"413\" \/><\/a><\/strong><\/p>\n<p><strong>\u00c9rika Augusto<\/strong><\/p>\n<p>Na manh\u00e3 deste domingo, dia 8 de fevereiro, o Convento S\u00e3o Francisco de Assis, no centro de S\u00e3o Paulo, celebrou o envio de 8 jovens aspirantes \u00e0 Ordem dos Frades Menores. S\u00e3o eles: Rodrigo, Ivan, Carlos Henrique, Renan, Danilo, Mois\u00e9s, Guilherme e Fl\u00e1vio. Estes jovens ir\u00e3o para as Fraternidades de Acolhimento Vocacional (FAVs) nas pr\u00f3ximas semanas, dando in\u00edcio ao seu caminho dentro da Ordem Franciscana.<\/p>\n<p>A igreja estava repleta de fi\u00e9is, al\u00e9m da comunidade local, familiares e amigos dos aspirantes estiveram presentes, para celebrar com estes jovens este momento t\u00e3o especial.<\/p>\n<p>Em sua homilia, Frei Alvaci Mendes da Luz, coordenador do PVF (Pr\u00f3-Voca\u00e7\u00f5es e Miss\u00f5es Franciscanas) e animador deste grupo de vocacionados, falou sobre os desafios da vida religiosa e da sua responsabilidade diante do acompanhamento destes jovens.<\/p>\n<p>\u201cA gente n\u00e3o consegue olhar e dizer se eles ir\u00e3o perseverar ou n\u00e3o. O que a gente sabe \u00e9 que existe um, desejo, uma vontade e um chamado\u201d, afirmou o frade.<\/p>\n<p>Sobre o Evangelho deste domingo, Frei Alvaci destacou o aspecto mission\u00e1rio da miss\u00e3o de Jesus Cristo. \u201cJesus veio anunciar um Reino que s\u00f3 acontece se cada um de n\u00f3s fizer tamb\u00e9m a mesma coisa que Ele fez: partir em miss\u00e3o, estar com as pessoas, visitar os doentes\u201d, acrescentou.<\/p>\n<p>O animador vocacional deixou uma palavra de \u00e2nimo para os jovens. \u201cSejam corajosos, eu acho que Jesus est\u00e1 bem cansado de pastores abatidos, pastores que n\u00e3o tem coragem de andar\u201d, aconselhou.<\/p>\n<p>Frei Alvaci pediu ainda que a comunidade local, os familiares e amigos rezassem por estes jovens, para que eles possam perseverar neste caminho. O frade partilhou um conselho de sua m\u00e3e, em certa ocasi\u00e3o: \u201ccomece bem, mas termine bem\u201d. E animou os jovens a permanecerem fi\u00e9is \u00e0s coisas de Deus, lembrando sempre do frescor deste chamado, retornando cada dia ao come\u00e7o, trazendo \u00e0 mem\u00f3ria aos motivos que os fizeram dizer sim.<\/p>\n<p>Para Ivan Carlos, que ir\u00e1 para Vila Velha nesta primeira etapa da forma\u00e7\u00e3o, a celebra\u00e7\u00e3o de envio foi um momento especial, de recorda\u00e7\u00e3o do caminho. \u201cCheguei cedo ao convento e no in\u00edcio fiquei um pouco nervoso. Quando\u00a0iniciou a\u00a0prociss\u00e3o de entrada, ao\u00a0ver meus familiares e amigos nos bancos\u00a0j\u00e1 percebi\u00a0que seria dif\u00edcil segurar a emo\u00e7\u00e3o\u201d, afirmou.<\/p>\n<p>Durante a prociss\u00e3o do ofert\u00f3rio, foram entregues os s\u00edmbolos franciscanos junto ao p\u00e3o e o vinho. Ap\u00f3s a comunh\u00e3o, Frei Alvaci chamou Frei Alexandre Rohling, Frei Albino Gabriel, Frei Odorico Decker e Frei S\u00e9rgio Calixto para entregar aos jovens uma lembran\u00e7a, um pequeno crucifixo de S\u00e3o Dami\u00e3o. O frade destacou a diferen\u00e7a de carismas e miss\u00f5es entre os frades. Cada um a seu modo, serve a Deus e aos irm\u00e3os.<\/p>\n<p>Ap\u00f3s a missa, os jovens receberam com alegria os cumprimentos da comunidade, dos seus familiares e amigos. O clima foi de alegria e confraterniza\u00e7\u00e3o. Ap\u00f3s a missa os aspirantes e os vocacionados de 2015 se reuniram para o primeiro encontro do ano.<\/p>\n<p><img class=\"ngg_displayed_gallery mceItem\" src=\"http:\/\/franciscanos.org.br\/index.php\/nextgen-attach_to_post\/preview\/id--79502\" alt=\"\" \/><\/p>\n","protected":false},"excerpt":{"rendered":"<p>SAV<\/p>\n","protected":false},"author":1,"featured_media":219852,"comment_status":"open","ping_status":"open","sticky":false,"template":"","format":"standard","meta":[],"categories":[1],"tags":[],"acf":[],"yoast_head":"<!-- This site is optimized with the Yoast SEO plugin v19.2 - https:\/\/yoast.com\/wordpress\/plugins\/seo\/ -->\n<title>Convento S\u00e3o Francisco celebra o envio dos aspirantes - Not\u00edcias - Franciscanos<\/title>\n<meta name=\"robots\" content=\"index, follow, max-snippet:-1, max-image-preview:large, max-video-preview:-1\" \/>\n<link rel=\"canonical\" href=\"https:\/\/franciscanos.org.br\/noticias\/convento-sao-francisco-celebra-o-envio-dos-seus-jovens-aspirantes.html\" \/>\n<meta property=\"og:locale\" content=\"pt_BR\" \/>\n<meta property=\"og:type\" content=\"article\" \/>\n<meta property=\"og:title\" content=\"Convento S\u00e3o Francisco celebra o envio dos aspirantes - Not\u00edcias - Franciscanos\" \/>\n<meta property=\"og:description\" content=\"SAV\" \/>\n<meta property=\"og:url\" content=\"https:\/\/franciscanos.org.br\/noticias\/convento-sao-francisco-celebra-o-envio-dos-seus-jovens-aspirantes.html\" \/>\n<meta property=\"og:site_name\" content=\"Not\u00edcias - Franciscanos\" \/>\n<meta property=\"article:published_time\" content=\"2015-02-09T21:44:35+00:00\" \/>\n<meta property=\"article:modified_time\" content=\"2020-02-13T12:18:59+00:00\" \/>\n<meta property=\"og:image\" content=\"https:\/\/franciscanos.org.br\/noticias\/wp-content\/uploads\/2015\/02\/8201-1.png\" \/>\n\t<meta property=\"og:image:width\" content=\"273\" \/>\n\t<meta property=\"og:image:height\" content=\"181\" \/>\n\t<meta property=\"og:image:type\" content=\"image\/png\" \/>\n<meta name=\"author\" content=\"admin\" \/>\n<meta name=\"twitter:card\" content=\"summary_large_image\" \/>\n<meta name=\"twitter:label1\" content=\"Escrito por\" \/>\n\t<meta name=\"twitter:data1\" content=\"admin\" \/>\n\t<meta name=\"twitter:label2\" content=\"Est. tempo de leitura\" \/>\n\t<meta name=\"twitter:data2\" content=\"3 minutos\" \/>\n<script type=\"application\/ld+json\" class=\"yoast-schema-graph\">{\"@context\":\"https:\/\/schema.org\",\"@graph\":[{\"@type\":\"WebSite\",\"@id\":\"https:\/\/franciscanos.org.br\/noticias\/#website\",\"url\":\"https:\/\/franciscanos.org.br\/noticias\/\",\"name\":\"Not\u00edcias - Franciscanos\",\"description\":\"Prov\u00edncia Franciscana da Imaculada Concei\u00e7\u00e3o do Brasil - Ordem dos Frades Menores - OFM\",\"potentialAction\":[{\"@type\":\"SearchAction\",\"target\":{\"@type\":\"EntryPoint\",\"urlTemplate\":\"https:\/\/franciscanos.org.br\/noticias\/?s={search_term_string}\"},\"query-input\":\"required name=search_term_string\"}],\"inLanguage\":\"pt-BR\"},{\"@type\":\"ImageObject\",\"inLanguage\":\"pt-BR\",\"@id\":\"https:\/\/franciscanos.org.br\/noticias\/convento-sao-francisco-celebra-o-envio-dos-seus-jovens-aspirantes.html#primaryimage\",\"url\":\"https:\/\/franciscanos.org.br\/noticias\/wp-content\/uploads\/2015\/02\/8201-1.png\",\"contentUrl\":\"https:\/\/franciscanos.org.br\/noticias\/wp-content\/uploads\/2015\/02\/8201-1.png\",\"width\":273,\"height\":181},{\"@type\":\"WebPage\",\"@id\":\"https:\/\/franciscanos.org.br\/noticias\/convento-sao-francisco-celebra-o-envio-dos-seus-jovens-aspirantes.html#webpage\",\"url\":\"https:\/\/franciscanos.org.br\/noticias\/convento-sao-francisco-celebra-o-envio-dos-seus-jovens-aspirantes.html\",\"name\":\"Convento S\u00e3o Francisco celebra o envio dos aspirantes - Not\u00edcias - Franciscanos\",\"isPartOf\":{\"@id\":\"https:\/\/franciscanos.org.br\/noticias\/#website\"},\"primaryImageOfPage\":{\"@id\":\"https:\/\/franciscanos.org.br\/noticias\/convento-sao-francisco-celebra-o-envio-dos-seus-jovens-aspirantes.html#primaryimage\"},\"datePublished\":\"2015-02-09T21:44:35+00:00\",\"dateModified\":\"2020-02-13T12:18:59+00:00\",\"author\":{\"@id\":\"https:\/\/franciscanos.org.br\/noticias\/#\/schema\/person\/b38fbf43118f02820bd932f2e4b14ad3\"},\"breadcrumb\":{\"@id\":\"https:\/\/franciscanos.org.br\/noticias\/convento-sao-francisco-celebra-o-envio-dos-seus-jovens-aspirantes.html#breadcrumb\"},\"inLanguage\":\"pt-BR\",\"potentialAction\":[{\"@type\":\"ReadAction\",\"target\":[\"https:\/\/franciscanos.org.br\/noticias\/convento-sao-francisco-celebra-o-envio-dos-seus-jovens-aspirantes.html\"]}]},{\"@type\":\"BreadcrumbList\",\"@id\":\"https:\/\/franciscanos.org.br\/noticias\/convento-sao-francisco-celebra-o-envio-dos-seus-jovens-aspirantes.html#breadcrumb\",\"itemListElement\":[{\"@type\":\"ListItem\",\"position\":1,\"name\":\"Home\",\"item\":\"https:\/\/franciscanos.org.br\/noticias\"},{\"@type\":\"ListItem\",\"position\":2,\"name\":\"Convento S\u00e3o Francisco celebra o envio dos aspirantes\"}]},{\"@type\":\"Person\",\"@id\":\"https:\/\/franciscanos.org.br\/noticias\/#\/schema\/person\/b38fbf43118f02820bd932f2e4b14ad3\",\"name\":\"admin\",\"image\":{\"@type\":\"ImageObject\",\"inLanguage\":\"pt-BR\",\"@id\":\"https:\/\/franciscanos.org.br\/noticias\/#\/schema\/person\/image\/\",\"url\":\"https:\/\/secure.gravatar.com\/avatar\/e8495742d34d0ba6448ea1c628263b3e?s=96&d=mm&r=g\",\"contentUrl\":\"https:\/\/secure.gravatar.com\/avatar\/e8495742d34d0ba6448ea1c628263b3e?s=96&d=mm&r=g\",\"caption\":\"admin\"},\"url\":\"https:\/\/franciscanos.org.br\/noticias\/author\/admin\"}]}<\/script>\n<!-- \/ Yoast SEO plugin. -->","yoast_head_json":{"title":"Convento S\u00e3o Francisco celebra o envio dos aspirantes - Not\u00edcias - Franciscanos","robots":{"index":"index","follow":"follow","max-snippet":"max-snippet:-1","max-image-preview":"max-image-preview:large","max-video-preview":"max-video-preview:-1"},"canonical":"https:\/\/franciscanos.org.br\/noticias\/convento-sao-francisco-celebra-o-envio-dos-seus-jovens-aspirantes.html","og_locale":"pt_BR","og_type":"article","og_title":"Convento S\u00e3o Francisco celebra o envio dos aspirantes - Not\u00edcias - Franciscanos","og_description":"SAV","og_url":"https:\/\/franciscanos.org.br\/noticias\/convento-sao-francisco-celebra-o-envio-dos-seus-jovens-aspirantes.html","og_site_name":"Not\u00edcias - Franciscanos","article_published_time":"2015-02-09T21:44:35+00:00","article_modified_time":"2020-02-13T12:18:59+00:00","og_image":[{"width":273,"height":181,"url":"https:\/\/franciscanos.org.br\/noticias\/wp-content\/uploads\/2015\/02\/8201-1.png","type":"image\/png"}],"author":"admin","twitter_card":"summary_large_image","twitter_misc":{"Escrito por":"admin","Est. tempo de leitura":"3 minutos"},"schema":{"@context":"https:\/\/schema.org","@graph":[{"@type":"WebSite","@id":"https:\/\/franciscanos.org.br\/noticias\/#website","url":"https:\/\/franciscanos.org.br\/noticias\/","name":"Not\u00edcias - Franciscanos","description":"Prov\u00edncia Franciscana da Imaculada Concei\u00e7\u00e3o do Brasil - Ordem dos Frades Menores - OFM","potentialAction":[{"@type":"SearchAction","target":{"@type":"EntryPoint","urlTemplate":"https:\/\/franciscanos.org.br\/noticias\/?s={search_term_string}"},"query-input":"required name=search_term_string"}],"inLanguage":"pt-BR"},{"@type":"ImageObject","inLanguage":"pt-BR","@id":"https:\/\/franciscanos.org.br\/noticias\/convento-sao-francisco-celebra-o-envio-dos-seus-jovens-aspirantes.html#primaryimage","url":"https:\/\/franciscanos.org.br\/noticias\/wp-content\/uploads\/2015\/02\/8201-1.png","contentUrl":"https:\/\/franciscanos.org.br\/noticias\/wp-content\/uploads\/2015\/02\/8201-1.png","width":273,"height":181},{"@type":"WebPage","@id":"https:\/\/franciscanos.org.br\/noticias\/convento-sao-francisco-celebra-o-envio-dos-seus-jovens-aspirantes.html#webpage","url":"https:\/\/franciscanos.org.br\/noticias\/convento-sao-francisco-celebra-o-envio-dos-seus-jovens-aspirantes.html","name":"Convento S\u00e3o Francisco celebra o envio dos aspirantes - Not\u00edcias - Franciscanos","isPartOf":{"@id":"https:\/\/franciscanos.org.br\/noticias\/#website"},"primaryImageOfPage":{"@id":"https:\/\/franciscanos.org.br\/noticias\/convento-sao-francisco-celebra-o-envio-dos-seus-jovens-aspirantes.html#primaryimage"},"datePublished":"2015-02-09T21:44:35+00:00","dateModified":"2020-02-13T12:18:59+00:00","author":{"@id":"https:\/\/franciscanos.org.br\/noticias\/#\/schema\/person\/b38fbf43118f02820bd932f2e4b14ad3"},"breadcrumb":{"@id":"https:\/\/franciscanos.org.br\/noticias\/convento-sao-francisco-celebra-o-envio-dos-seus-jovens-aspirantes.html#breadcrumb"},"inLanguage":"pt-BR","potentialAction":[{"@type":"ReadAction","target":["https:\/\/franciscanos.org.br\/noticias\/convento-sao-francisco-celebra-o-envio-dos-seus-jovens-aspirantes.html"]}]},{"@type":"BreadcrumbList","@id":"https:\/\/franciscanos.org.br\/noticias\/convento-sao-francisco-celebra-o-envio-dos-seus-jovens-aspirantes.html#breadcrumb","itemListElement":[{"@type":"ListItem","position":1,"name":"Home","item":"https:\/\/franciscanos.org.br\/noticias"},{"@type":"ListItem","position":2,"name":"Convento S\u00e3o Francisco celebra o envio dos aspirantes"}]},{"@type":"Person","@id":"https:\/\/franciscanos.org.br\/noticias\/#\/schema\/person\/b38fbf43118f02820bd932f2e4b14ad3","name":"admin","image":{"@type":"ImageObject","inLanguage":"pt-BR","@id":"https:\/\/franciscanos.org.br\/noticias\/#\/schema\/person\/image\/","url":"https:\/\/secure.gravatar.com\/avatar\/e8495742d34d0ba6448ea1c628263b3e?s=96&d=mm&r=g","contentUrl":"https:\/\/secure.gravatar.com\/avatar\/e8495742d34d0ba6448ea1c628263b3e?s=96&d=mm&r=g","caption":"admin"},"url":"https:\/\/franciscanos.org.br\/noticias\/author\/admin"}]}},"_links":{"self":[{"href":"https:\/\/franciscanos.org.br\/noticias\/wp-json\/wp\/v2\/posts\/79365"}],"collection":[{"href":"https:\/\/franciscanos.org.br\/noticias\/wp-json\/wp\/v2\/posts"}],"about":[{"href":"https:\/\/franciscanos.org.br\/noticias\/wp-json\/wp\/v2\/types\/post"}],"author":[{"embeddable":true,"href":"https:\/\/franciscanos.org.br\/noticias\/wp-json\/wp\/v2\/users\/1"}],"replies":[{"embeddable":true,"href":"https:\/\/franciscanos.org.br\/noticias\/wp-json\/wp\/v2\/comments?post=79365"}],"version-history":[{"count":0,"href":"https:\/\/franciscanos.org.br\/noticias\/wp-json\/wp\/v2\/posts\/79365\/revisions"}],"wp:featuredmedia":[{"embeddable":true,"href":"https:\/\/franciscanos.org.br\/noticias\/wp-json\/wp\/v2\/media\/219852"}],"wp:attachment":[{"href":"https:\/\/franciscanos.org.br\/noticias\/wp-json\/wp\/v2\/media?parent=79365"}],"wp:term":[{"taxonomy":"category","embeddable":true,"href":"https:\/\/franciscanos.org.br\/noticias\/wp-json\/wp\/v2\/categories?post=79365"},{"taxonomy":"post_tag","embeddable":true,"href":"https:\/\/franciscanos.org.br\/noticias\/wp-json\/wp\/v2\/tags?post=79365"}],"curies":[{"name":"wp","href":"https:\/\/api.w.org\/{rel}","templated":true}]}}