{"id":79190,"date":"2015-02-09T08:26:35","date_gmt":"2015-02-09T10:26:35","guid":{"rendered":"http:\/\/franciscanos.org.br\/?p=79190"},"modified":"2020-06-10T16:06:24","modified_gmt":"2020-06-10T19:06:24","slug":"papa-visita-acampamento-de-imigrantes-antes-de-missa","status":"publish","type":"post","link":"https:\/\/franciscanos.org.br\/noticias\/papa-visita-acampamento-de-imigrantes-antes-de-missa.html","title":{"rendered":"Papa visita acampamento de imigrantes em Roma"},"content":{"rendered":"<p><img loading=\"lazy\" src=\"http:\/\/franciscanos.org.br\/wp-content\/uploads\/2015\/02\/papa_visita.jpg\" alt=\"papa_visita\" width=\"820\" height=\"330\" \/><\/p>\n<p><strong>Cidade do Vaticano<\/strong> &#8211; O Papa Francisco visitou na tarde deste domingo (08\/02) a par\u00f3quia S. Miguel Arcanjo em Pietralata \u2013 bairro localizado na periferia nordeste de Roma.<\/p>\n<p>Tratou-se de sua oitava visita oficial a uma par\u00f3quia da Diocese. Paulo VI visitou esta par\u00f3quia em dezembro de 1963 para a inaugura\u00e7\u00e3o de casas populares, e Jo\u00e3o Paulo II em novembro de 1991.\u00a0No caminho a Pietralata, Francisco decidiu mudar o programa e, com o p\u00e1roco Aristide Sana, parar num acampamento prec\u00e1rio que abriga equatorianos, poloneses, russos, eritreus e ciganos. Surpresos, os moradores acolheram o Pont\u00edfice com festa, abra\u00e7os e apertos de m\u00e3os, rezaram juntos o Pai-Nosso em espanhol e Francisco concedeu-lhes a sua b\u00ean\u00e7\u00e3o.<\/p>\n<p>J\u00e1 diante da par\u00f3quia, o Papa foi recebido por uma multid\u00e3o de fi\u00e9is, com v\u00e1rios \u201cselfies\u201d e com um presente inusitado de um pizzaiolo: uma pizza com o rosto de Francisco e uma frase: \u201cUm dom para retribuir a sua bondade\u201d. Tamb\u00e9m estavam presentes Vig\u00e1rio para a Diocese de Roma, Card. Agostino Vallini, e o Bispo Auxiliar Dom Guerino Di Tora.<\/p>\n<p>Seguindo a programa\u00e7\u00e3o, Francisco se encontrou com doentes, com moradores de rua assistidos pela Comunidade de Santo Eg\u00eddio &#8211; aos quais doou sacos de dormir. Ao se reunir com crian\u00e7as e jovens que se preparam para a Primeira Comunh\u00e3o e a Crisma, o Papa respondeu a perguntas de dois deles &#8211; ocasi\u00e3o em que pediu paz e falou das guerras na Ucr\u00e2nia e na \u00c1frica. A seguir, foi a vez das fam\u00edlias, a quem aconselhou &#8220;paci\u00eancia&#8221; para fazer durar o matrim\u00f4nio. &#8220;Nunca terminem o dia sem fazer as pazes&#8221;, afirmou.<\/p>\n<p>Como tem feito em todas estas visitas, o Papa confessou alguns paroquianos antes de celebrar a Missa. A homilia centrou-se na figura de Jesus que \u201cprega, que cura\u201d, pedindo que as pessoas estejam dispon\u00edveis para ouvir a palavra de Cristo.<\/p>\n<p>\u201cDeixo que Jesus pregue para mim ou sei tudo? Escuto Jesus ou prefiro ouvir outra coisa?\u201d, perguntou, pedindo um \u201ccontato di\u00e1rio com o Evangelho\u201d, repetindo o apelo para que cada cat\u00f3lico tenha uma edi\u00e7\u00e3o de bolso do Evangelho para consultar em qualquer momento do dia.<\/p>\n<p>O Papa falou das invejas e divis\u00f5es que \u201co diabo semeia\u201d, mesmo no seio das fam\u00edlias. \u201cDeixa-se curar por Jesus. Cada um sabe onde tem a ferida\u201d, pediu aos presentes.<\/p>\n<p>No final da Missa, Francisco recebeu alguns presentes oferecidos pela comunidade paroquial e parou em ora\u00e7\u00e3o diante da imagem de Nossa Senhora, antes do regresso ao Vaticano.<\/p>\n","protected":false},"excerpt":{"rendered":"<p>Visita surpresa<\/p>\n","protected":false},"author":1,"featured_media":219837,"comment_status":"open","ping_status":"open","sticky":false,"template":"","format":"standard","meta":[],"categories":[1428],"tags":[1651],"acf":[],"yoast_head":"<!-- This site is optimized with the Yoast SEO plugin v19.2 - https:\/\/yoast.com\/wordpress\/plugins\/seo\/ -->\n<title>Papa visita acampamento de imigrantes em Roma - Not\u00edcias - Franciscanos<\/title>\n<meta name=\"robots\" content=\"index, follow, max-snippet:-1, max-image-preview:large, max-video-preview:-1\" \/>\n<link rel=\"canonical\" href=\"https:\/\/franciscanos.org.br\/noticias\/papa-visita-acampamento-de-imigrantes-antes-de-missa.html\" \/>\n<meta property=\"og:locale\" content=\"pt_BR\" \/>\n<meta property=\"og:type\" content=\"article\" \/>\n<meta property=\"og:title\" content=\"Papa visita acampamento de imigrantes em Roma - Not\u00edcias - Franciscanos\" \/>\n<meta property=\"og:description\" content=\"Visita surpresa\" \/>\n<meta property=\"og:url\" content=\"https:\/\/franciscanos.org.br\/noticias\/papa-visita-acampamento-de-imigrantes-antes-de-missa.html\" \/>\n<meta property=\"og:site_name\" content=\"Not\u00edcias - Franciscanos\" \/>\n<meta property=\"article:published_time\" content=\"2015-02-09T10:26:35+00:00\" \/>\n<meta property=\"article:modified_time\" content=\"2020-06-10T19:06:24+00:00\" \/>\n<meta property=\"og:image\" content=\"https:\/\/franciscanos.org.br\/noticias\/wp-content\/uploads\/2015\/02\/papa_visita.jpg\" \/>\n\t<meta property=\"og:image:width\" content=\"273\" \/>\n\t<meta property=\"og:image:height\" content=\"181\" \/>\n\t<meta property=\"og:image:type\" content=\"image\/jpeg\" \/>\n<meta name=\"author\" content=\"admin\" \/>\n<meta name=\"twitter:card\" content=\"summary_large_image\" \/>\n<meta name=\"twitter:label1\" content=\"Escrito por\" \/>\n\t<meta name=\"twitter:data1\" content=\"admin\" \/>\n\t<meta name=\"twitter:label2\" content=\"Est. tempo de leitura\" \/>\n\t<meta name=\"twitter:data2\" content=\"2 minutos\" \/>\n<script type=\"application\/ld+json\" class=\"yoast-schema-graph\">{\"@context\":\"https:\/\/schema.org\",\"@graph\":[{\"@type\":\"WebSite\",\"@id\":\"https:\/\/franciscanos.org.br\/noticias\/#website\",\"url\":\"https:\/\/franciscanos.org.br\/noticias\/\",\"name\":\"Not\u00edcias - Franciscanos\",\"description\":\"Prov\u00edncia Franciscana da Imaculada Concei\u00e7\u00e3o do Brasil - Ordem dos Frades Menores - OFM\",\"potentialAction\":[{\"@type\":\"SearchAction\",\"target\":{\"@type\":\"EntryPoint\",\"urlTemplate\":\"https:\/\/franciscanos.org.br\/noticias\/?s={search_term_string}\"},\"query-input\":\"required name=search_term_string\"}],\"inLanguage\":\"pt-BR\"},{\"@type\":\"ImageObject\",\"inLanguage\":\"pt-BR\",\"@id\":\"https:\/\/franciscanos.org.br\/noticias\/papa-visita-acampamento-de-imigrantes-antes-de-missa.html#primaryimage\",\"url\":\"https:\/\/franciscanos.org.br\/noticias\/wp-content\/uploads\/2015\/02\/papa_visita.jpg\",\"contentUrl\":\"https:\/\/franciscanos.org.br\/noticias\/wp-content\/uploads\/2015\/02\/papa_visita.jpg\",\"width\":273,\"height\":181},{\"@type\":\"WebPage\",\"@id\":\"https:\/\/franciscanos.org.br\/noticias\/papa-visita-acampamento-de-imigrantes-antes-de-missa.html#webpage\",\"url\":\"https:\/\/franciscanos.org.br\/noticias\/papa-visita-acampamento-de-imigrantes-antes-de-missa.html\",\"name\":\"Papa visita acampamento de imigrantes em Roma - Not\u00edcias - Franciscanos\",\"isPartOf\":{\"@id\":\"https:\/\/franciscanos.org.br\/noticias\/#website\"},\"primaryImageOfPage\":{\"@id\":\"https:\/\/franciscanos.org.br\/noticias\/papa-visita-acampamento-de-imigrantes-antes-de-missa.html#primaryimage\"},\"datePublished\":\"2015-02-09T10:26:35+00:00\",\"dateModified\":\"2020-06-10T19:06:24+00:00\",\"author\":{\"@id\":\"https:\/\/franciscanos.org.br\/noticias\/#\/schema\/person\/b38fbf43118f02820bd932f2e4b14ad3\"},\"breadcrumb\":{\"@id\":\"https:\/\/franciscanos.org.br\/noticias\/papa-visita-acampamento-de-imigrantes-antes-de-missa.html#breadcrumb\"},\"inLanguage\":\"pt-BR\",\"potentialAction\":[{\"@type\":\"ReadAction\",\"target\":[\"https:\/\/franciscanos.org.br\/noticias\/papa-visita-acampamento-de-imigrantes-antes-de-missa.html\"]}]},{\"@type\":\"BreadcrumbList\",\"@id\":\"https:\/\/franciscanos.org.br\/noticias\/papa-visita-acampamento-de-imigrantes-antes-de-missa.html#breadcrumb\",\"itemListElement\":[{\"@type\":\"ListItem\",\"position\":1,\"name\":\"Home\",\"item\":\"https:\/\/franciscanos.org.br\/noticias\"},{\"@type\":\"ListItem\",\"position\":2,\"name\":\"Papa visita acampamento de imigrantes em Roma\"}]},{\"@type\":\"Person\",\"@id\":\"https:\/\/franciscanos.org.br\/noticias\/#\/schema\/person\/b38fbf43118f02820bd932f2e4b14ad3\",\"name\":\"admin\",\"image\":{\"@type\":\"ImageObject\",\"inLanguage\":\"pt-BR\",\"@id\":\"https:\/\/franciscanos.org.br\/noticias\/#\/schema\/person\/image\/\",\"url\":\"https:\/\/secure.gravatar.com\/avatar\/e8495742d34d0ba6448ea1c628263b3e?s=96&d=mm&r=g\",\"contentUrl\":\"https:\/\/secure.gravatar.com\/avatar\/e8495742d34d0ba6448ea1c628263b3e?s=96&d=mm&r=g\",\"caption\":\"admin\"},\"url\":\"https:\/\/franciscanos.org.br\/noticias\/author\/admin\"}]}<\/script>\n<!-- \/ Yoast SEO plugin. -->","yoast_head_json":{"title":"Papa visita acampamento de imigrantes em Roma - Not\u00edcias - Franciscanos","robots":{"index":"index","follow":"follow","max-snippet":"max-snippet:-1","max-image-preview":"max-image-preview:large","max-video-preview":"max-video-preview:-1"},"canonical":"https:\/\/franciscanos.org.br\/noticias\/papa-visita-acampamento-de-imigrantes-antes-de-missa.html","og_locale":"pt_BR","og_type":"article","og_title":"Papa visita acampamento de imigrantes em Roma - Not\u00edcias - Franciscanos","og_description":"Visita surpresa","og_url":"https:\/\/franciscanos.org.br\/noticias\/papa-visita-acampamento-de-imigrantes-antes-de-missa.html","og_site_name":"Not\u00edcias - Franciscanos","article_published_time":"2015-02-09T10:26:35+00:00","article_modified_time":"2020-06-10T19:06:24+00:00","og_image":[{"width":273,"height":181,"url":"https:\/\/franciscanos.org.br\/noticias\/wp-content\/uploads\/2015\/02\/papa_visita.jpg","type":"image\/jpeg"}],"author":"admin","twitter_card":"summary_large_image","twitter_misc":{"Escrito por":"admin","Est. tempo de leitura":"2 minutos"},"schema":{"@context":"https:\/\/schema.org","@graph":[{"@type":"WebSite","@id":"https:\/\/franciscanos.org.br\/noticias\/#website","url":"https:\/\/franciscanos.org.br\/noticias\/","name":"Not\u00edcias - Franciscanos","description":"Prov\u00edncia Franciscana da Imaculada Concei\u00e7\u00e3o do Brasil - Ordem dos Frades Menores - OFM","potentialAction":[{"@type":"SearchAction","target":{"@type":"EntryPoint","urlTemplate":"https:\/\/franciscanos.org.br\/noticias\/?s={search_term_string}"},"query-input":"required name=search_term_string"}],"inLanguage":"pt-BR"},{"@type":"ImageObject","inLanguage":"pt-BR","@id":"https:\/\/franciscanos.org.br\/noticias\/papa-visita-acampamento-de-imigrantes-antes-de-missa.html#primaryimage","url":"https:\/\/franciscanos.org.br\/noticias\/wp-content\/uploads\/2015\/02\/papa_visita.jpg","contentUrl":"https:\/\/franciscanos.org.br\/noticias\/wp-content\/uploads\/2015\/02\/papa_visita.jpg","width":273,"height":181},{"@type":"WebPage","@id":"https:\/\/franciscanos.org.br\/noticias\/papa-visita-acampamento-de-imigrantes-antes-de-missa.html#webpage","url":"https:\/\/franciscanos.org.br\/noticias\/papa-visita-acampamento-de-imigrantes-antes-de-missa.html","name":"Papa visita acampamento de imigrantes em Roma - Not\u00edcias - Franciscanos","isPartOf":{"@id":"https:\/\/franciscanos.org.br\/noticias\/#website"},"primaryImageOfPage":{"@id":"https:\/\/franciscanos.org.br\/noticias\/papa-visita-acampamento-de-imigrantes-antes-de-missa.html#primaryimage"},"datePublished":"2015-02-09T10:26:35+00:00","dateModified":"2020-06-10T19:06:24+00:00","author":{"@id":"https:\/\/franciscanos.org.br\/noticias\/#\/schema\/person\/b38fbf43118f02820bd932f2e4b14ad3"},"breadcrumb":{"@id":"https:\/\/franciscanos.org.br\/noticias\/papa-visita-acampamento-de-imigrantes-antes-de-missa.html#breadcrumb"},"inLanguage":"pt-BR","potentialAction":[{"@type":"ReadAction","target":["https:\/\/franciscanos.org.br\/noticias\/papa-visita-acampamento-de-imigrantes-antes-de-missa.html"]}]},{"@type":"BreadcrumbList","@id":"https:\/\/franciscanos.org.br\/noticias\/papa-visita-acampamento-de-imigrantes-antes-de-missa.html#breadcrumb","itemListElement":[{"@type":"ListItem","position":1,"name":"Home","item":"https:\/\/franciscanos.org.br\/noticias"},{"@type":"ListItem","position":2,"name":"Papa visita acampamento de imigrantes em Roma"}]},{"@type":"Person","@id":"https:\/\/franciscanos.org.br\/noticias\/#\/schema\/person\/b38fbf43118f02820bd932f2e4b14ad3","name":"admin","image":{"@type":"ImageObject","inLanguage":"pt-BR","@id":"https:\/\/franciscanos.org.br\/noticias\/#\/schema\/person\/image\/","url":"https:\/\/secure.gravatar.com\/avatar\/e8495742d34d0ba6448ea1c628263b3e?s=96&d=mm&r=g","contentUrl":"https:\/\/secure.gravatar.com\/avatar\/e8495742d34d0ba6448ea1c628263b3e?s=96&d=mm&r=g","caption":"admin"},"url":"https:\/\/franciscanos.org.br\/noticias\/author\/admin"}]}},"_links":{"self":[{"href":"https:\/\/franciscanos.org.br\/noticias\/wp-json\/wp\/v2\/posts\/79190"}],"collection":[{"href":"https:\/\/franciscanos.org.br\/noticias\/wp-json\/wp\/v2\/posts"}],"about":[{"href":"https:\/\/franciscanos.org.br\/noticias\/wp-json\/wp\/v2\/types\/post"}],"author":[{"embeddable":true,"href":"https:\/\/franciscanos.org.br\/noticias\/wp-json\/wp\/v2\/users\/1"}],"replies":[{"embeddable":true,"href":"https:\/\/franciscanos.org.br\/noticias\/wp-json\/wp\/v2\/comments?post=79190"}],"version-history":[{"count":1,"href":"https:\/\/franciscanos.org.br\/noticias\/wp-json\/wp\/v2\/posts\/79190\/revisions"}],"predecessor-version":[{"id":226107,"href":"https:\/\/franciscanos.org.br\/noticias\/wp-json\/wp\/v2\/posts\/79190\/revisions\/226107"}],"wp:featuredmedia":[{"embeddable":true,"href":"https:\/\/franciscanos.org.br\/noticias\/wp-json\/wp\/v2\/media\/219837"}],"wp:attachment":[{"href":"https:\/\/franciscanos.org.br\/noticias\/wp-json\/wp\/v2\/media?parent=79190"}],"wp:term":[{"taxonomy":"category","embeddable":true,"href":"https:\/\/franciscanos.org.br\/noticias\/wp-json\/wp\/v2\/categories?post=79190"},{"taxonomy":"post_tag","embeddable":true,"href":"https:\/\/franciscanos.org.br\/noticias\/wp-json\/wp\/v2\/tags?post=79190"}],"curies":[{"name":"wp","href":"https:\/\/api.w.org\/{rel}","templated":true}]}}