{"id":79170,"date":"2015-02-06T00:36:54","date_gmt":"2015-02-06T02:36:54","guid":{"rendered":"http:\/\/franciscanos.org.br\/?p=79170"},"modified":"2019-07-09T09:37:00","modified_gmt":"2019-07-09T12:37:00","slug":"seminario-de-malange-tem-casa-cheia-65-vocacionados","status":"publish","type":"post","link":"https:\/\/franciscanos.org.br\/noticias\/seminario-de-malange-tem-casa-cheia-65-vocacionados.html","title":{"rendered":"Semin\u00e1rio de Malange em festa: 65 vocacionados"},"content":{"rendered":"<p><img loading=\"lazy\" src=\"http:\/\/franciscanos.org.br\/wp-content\/uploads\/2015\/02\/malange_alto.jpg\" alt=\"malange_alto\" width=\"820\" height=\"332\" \/><\/p>\n<p><strong>Frei Alo\u00edsio Paulo<\/strong><\/p>\n<div id=\"attachment_79172\" style=\"width: 263px\" class=\"wp-caption alignleft\"><a href=\"http:\/\/franciscanos.org.br\/wp-content\/uploads\/2015\/02\/malange_3.jpg\"><img aria-describedby=\"caption-attachment-79172\" loading=\"lazy\" class=\"wp-image-79172 size-full\" src=\"http:\/\/franciscanos.org.br\/wp-content\/uploads\/2015\/02\/malange_3.jpg\" alt=\"malange_3\" width=\"253\" height=\"450\" \/><\/a><p id=\"caption-attachment-79172\" class=\"wp-caption-text\">Frei Jos\u00e9 Ant\u00f4nio, presidente da Funda\u00e7\u00e3o<\/p><\/div>\n<p><strong>Malange (Angola)<\/strong> &#8211; Na continua\u00e7\u00e3o das festas do Jubileu dos 25 anos da presen\u00e7a da Ordem dos Frades Menores em Angola e na comemora\u00e7\u00e3o dos 10 anos de funcionamento do Semin\u00e1rio Monte Alverne de Malange, Deus nos presenteia chamando 65 vocacionados a abra\u00e7ar a vida franciscana. Entre eles, 23 far\u00e3o o aspirantado, que \u00e9 o ano de prepara\u00e7\u00e3o ao postulantado.<\/p>\n<p>Os seminaristas e aspirantes prov\u00eam de diversas regi\u00f5es de Angola e tamb\u00e9m do pa\u00eds vizinho S\u00e3o Tom\u00e9. No semin\u00e1rio, eles recebem forma\u00e7\u00e3o acad\u00eamica como tamb\u00e9m a forma\u00e7\u00e3o espec\u00edfica franciscana. Al\u00e9m dos estudos h\u00e1 atividades pastorais nas aldeias e no bairro que circunda o semin\u00e1rio.<a href=\"http:\/\/franciscanos.org.br\/wp-content\/uploads\/2015\/02\/malange_2.jpg\"><img loading=\"lazy\" class=\"alignright size-full wp-image-79173\" src=\"http:\/\/franciscanos.org.br\/wp-content\/uploads\/2015\/02\/malange_2.jpg\" alt=\"malange_2\" width=\"299\" height=\"450\" \/><\/a><\/p>\n<p>Muitos desses jovens que ingressam em nosso semin\u00e1rio foram acompanhados por diversas irm\u00e3s, irm\u00e3os e padres de outras congrega\u00e7\u00f5es ou mesmo diocesanos. A eles s\u00f3 temos que agradecer o empenho, generosidade e disponibilidade em mostrar o caminho de S\u00e3o Francisco como possibilidade de vida.<\/p>\n<p>Queremos agradecer \u00e0 Prov\u00edncia da Imaculada Concei\u00e7\u00e3o por ter acreditado e acreditar neste projeto, que, olhando para frente, acena para uma primavera de b\u00ean\u00e7\u00e3os tendo em vista o grande n\u00famero de perseveran\u00e7a. Tamb\u00e9m n\u00e3o podemos deixar de agradecer aos nossos benfeitores que s\u00e3o mission\u00e1rios, como n\u00f3s, atrav\u00e9s da generosidade da ora\u00e7\u00e3o e da doa\u00e7\u00e3o. Como se diz aqui: &#8220;Estamos juntos&#8221;.<\/p>\n<p>Recentemente, em Kibala, 13 jovens ingressaram no Postulantado.<\/p>\n<p>&nbsp;<\/p>\n<p>&nbsp;<\/p>\n<p><img loading=\"lazy\" src=\"http:\/\/franciscanos.org.br\/wp-content\/uploads\/2015\/02\/malange_baixo.jpg\" alt=\"malange_baixo\" width=\"820\" height=\"461\" \/><\/p>\n","protected":false},"excerpt":{"rendered":"<p>Miss\u00e3o de Angola<\/p>\n","protected":false},"author":1,"featured_media":207435,"comment_status":"open","ping_status":"open","sticky":false,"template":"","format":"standard","meta":[],"categories":[1],"tags":[360],"acf":[],"yoast_head":"<!-- This site is optimized with the Yoast SEO plugin v19.2 - https:\/\/yoast.com\/wordpress\/plugins\/seo\/ -->\n<title>Semin\u00e1rio de Malange em festa: 65 vocacionados - Not\u00edcias - Franciscanos<\/title>\n<meta name=\"robots\" content=\"index, follow, max-snippet:-1, max-image-preview:large, max-video-preview:-1\" \/>\n<link rel=\"canonical\" href=\"https:\/\/franciscanos.org.br\/noticias\/seminario-de-malange-tem-casa-cheia-65-vocacionados.html\" \/>\n<meta property=\"og:locale\" content=\"pt_BR\" \/>\n<meta property=\"og:type\" content=\"article\" \/>\n<meta property=\"og:title\" content=\"Semin\u00e1rio de Malange em festa: 65 vocacionados - Not\u00edcias - Franciscanos\" \/>\n<meta property=\"og:description\" content=\"Miss\u00e3o de Angola\" \/>\n<meta property=\"og:url\" content=\"https:\/\/franciscanos.org.br\/noticias\/seminario-de-malange-tem-casa-cheia-65-vocacionados.html\" \/>\n<meta property=\"og:site_name\" content=\"Not\u00edcias - Franciscanos\" \/>\n<meta property=\"article:published_time\" content=\"2015-02-06T02:36:54+00:00\" \/>\n<meta property=\"article:modified_time\" content=\"2019-07-09T12:37:00+00:00\" \/>\n<meta property=\"og:image\" content=\"https:\/\/franciscanos.org.br\/noticias\/wp-content\/uploads\/2015\/02\/malange_baixo.jpg\" \/>\n\t<meta property=\"og:image:width\" content=\"273\" \/>\n\t<meta property=\"og:image:height\" content=\"181\" \/>\n\t<meta property=\"og:image:type\" content=\"image\/jpeg\" \/>\n<meta name=\"author\" content=\"admin\" \/>\n<meta name=\"twitter:card\" content=\"summary_large_image\" \/>\n<meta name=\"twitter:label1\" content=\"Escrito por\" \/>\n\t<meta name=\"twitter:data1\" content=\"admin\" \/>\n\t<meta name=\"twitter:label2\" content=\"Est. tempo de leitura\" \/>\n\t<meta name=\"twitter:data2\" content=\"1 minuto\" \/>\n<script type=\"application\/ld+json\" class=\"yoast-schema-graph\">{\"@context\":\"https:\/\/schema.org\",\"@graph\":[{\"@type\":\"WebSite\",\"@id\":\"https:\/\/franciscanos.org.br\/noticias\/#website\",\"url\":\"https:\/\/franciscanos.org.br\/noticias\/\",\"name\":\"Not\u00edcias - Franciscanos\",\"description\":\"Prov\u00edncia Franciscana da Imaculada Concei\u00e7\u00e3o do Brasil - Ordem dos Frades Menores - OFM\",\"potentialAction\":[{\"@type\":\"SearchAction\",\"target\":{\"@type\":\"EntryPoint\",\"urlTemplate\":\"https:\/\/franciscanos.org.br\/noticias\/?s={search_term_string}\"},\"query-input\":\"required name=search_term_string\"}],\"inLanguage\":\"pt-BR\"},{\"@type\":\"ImageObject\",\"inLanguage\":\"pt-BR\",\"@id\":\"https:\/\/franciscanos.org.br\/noticias\/seminario-de-malange-tem-casa-cheia-65-vocacionados.html#primaryimage\",\"url\":\"https:\/\/franciscanos.org.br\/noticias\/wp-content\/uploads\/2015\/02\/malange_baixo.jpg\",\"contentUrl\":\"https:\/\/franciscanos.org.br\/noticias\/wp-content\/uploads\/2015\/02\/malange_baixo.jpg\",\"width\":273,\"height\":181},{\"@type\":\"WebPage\",\"@id\":\"https:\/\/franciscanos.org.br\/noticias\/seminario-de-malange-tem-casa-cheia-65-vocacionados.html#webpage\",\"url\":\"https:\/\/franciscanos.org.br\/noticias\/seminario-de-malange-tem-casa-cheia-65-vocacionados.html\",\"name\":\"Semin\u00e1rio de Malange em festa: 65 vocacionados - Not\u00edcias - Franciscanos\",\"isPartOf\":{\"@id\":\"https:\/\/franciscanos.org.br\/noticias\/#website\"},\"primaryImageOfPage\":{\"@id\":\"https:\/\/franciscanos.org.br\/noticias\/seminario-de-malange-tem-casa-cheia-65-vocacionados.html#primaryimage\"},\"datePublished\":\"2015-02-06T02:36:54+00:00\",\"dateModified\":\"2019-07-09T12:37:00+00:00\",\"author\":{\"@id\":\"https:\/\/franciscanos.org.br\/noticias\/#\/schema\/person\/b38fbf43118f02820bd932f2e4b14ad3\"},\"breadcrumb\":{\"@id\":\"https:\/\/franciscanos.org.br\/noticias\/seminario-de-malange-tem-casa-cheia-65-vocacionados.html#breadcrumb\"},\"inLanguage\":\"pt-BR\",\"potentialAction\":[{\"@type\":\"ReadAction\",\"target\":[\"https:\/\/franciscanos.org.br\/noticias\/seminario-de-malange-tem-casa-cheia-65-vocacionados.html\"]}]},{\"@type\":\"BreadcrumbList\",\"@id\":\"https:\/\/franciscanos.org.br\/noticias\/seminario-de-malange-tem-casa-cheia-65-vocacionados.html#breadcrumb\",\"itemListElement\":[{\"@type\":\"ListItem\",\"position\":1,\"name\":\"Home\",\"item\":\"https:\/\/franciscanos.org.br\/noticias\"},{\"@type\":\"ListItem\",\"position\":2,\"name\":\"Semin\u00e1rio de Malange em festa: 65 vocacionados\"}]},{\"@type\":\"Person\",\"@id\":\"https:\/\/franciscanos.org.br\/noticias\/#\/schema\/person\/b38fbf43118f02820bd932f2e4b14ad3\",\"name\":\"admin\",\"image\":{\"@type\":\"ImageObject\",\"inLanguage\":\"pt-BR\",\"@id\":\"https:\/\/franciscanos.org.br\/noticias\/#\/schema\/person\/image\/\",\"url\":\"https:\/\/secure.gravatar.com\/avatar\/e8495742d34d0ba6448ea1c628263b3e?s=96&d=mm&r=g\",\"contentUrl\":\"https:\/\/secure.gravatar.com\/avatar\/e8495742d34d0ba6448ea1c628263b3e?s=96&d=mm&r=g\",\"caption\":\"admin\"},\"url\":\"https:\/\/franciscanos.org.br\/noticias\/author\/admin\"}]}<\/script>\n<!-- \/ Yoast SEO plugin. -->","yoast_head_json":{"title":"Semin\u00e1rio de Malange em festa: 65 vocacionados - Not\u00edcias - Franciscanos","robots":{"index":"index","follow":"follow","max-snippet":"max-snippet:-1","max-image-preview":"max-image-preview:large","max-video-preview":"max-video-preview:-1"},"canonical":"https:\/\/franciscanos.org.br\/noticias\/seminario-de-malange-tem-casa-cheia-65-vocacionados.html","og_locale":"pt_BR","og_type":"article","og_title":"Semin\u00e1rio de Malange em festa: 65 vocacionados - Not\u00edcias - Franciscanos","og_description":"Miss\u00e3o de Angola","og_url":"https:\/\/franciscanos.org.br\/noticias\/seminario-de-malange-tem-casa-cheia-65-vocacionados.html","og_site_name":"Not\u00edcias - Franciscanos","article_published_time":"2015-02-06T02:36:54+00:00","article_modified_time":"2019-07-09T12:37:00+00:00","og_image":[{"width":273,"height":181,"url":"https:\/\/franciscanos.org.br\/noticias\/wp-content\/uploads\/2015\/02\/malange_baixo.jpg","type":"image\/jpeg"}],"author":"admin","twitter_card":"summary_large_image","twitter_misc":{"Escrito por":"admin","Est. tempo de leitura":"1 minuto"},"schema":{"@context":"https:\/\/schema.org","@graph":[{"@type":"WebSite","@id":"https:\/\/franciscanos.org.br\/noticias\/#website","url":"https:\/\/franciscanos.org.br\/noticias\/","name":"Not\u00edcias - Franciscanos","description":"Prov\u00edncia Franciscana da Imaculada Concei\u00e7\u00e3o do Brasil - Ordem dos Frades Menores - OFM","potentialAction":[{"@type":"SearchAction","target":{"@type":"EntryPoint","urlTemplate":"https:\/\/franciscanos.org.br\/noticias\/?s={search_term_string}"},"query-input":"required name=search_term_string"}],"inLanguage":"pt-BR"},{"@type":"ImageObject","inLanguage":"pt-BR","@id":"https:\/\/franciscanos.org.br\/noticias\/seminario-de-malange-tem-casa-cheia-65-vocacionados.html#primaryimage","url":"https:\/\/franciscanos.org.br\/noticias\/wp-content\/uploads\/2015\/02\/malange_baixo.jpg","contentUrl":"https:\/\/franciscanos.org.br\/noticias\/wp-content\/uploads\/2015\/02\/malange_baixo.jpg","width":273,"height":181},{"@type":"WebPage","@id":"https:\/\/franciscanos.org.br\/noticias\/seminario-de-malange-tem-casa-cheia-65-vocacionados.html#webpage","url":"https:\/\/franciscanos.org.br\/noticias\/seminario-de-malange-tem-casa-cheia-65-vocacionados.html","name":"Semin\u00e1rio de Malange em festa: 65 vocacionados - Not\u00edcias - Franciscanos","isPartOf":{"@id":"https:\/\/franciscanos.org.br\/noticias\/#website"},"primaryImageOfPage":{"@id":"https:\/\/franciscanos.org.br\/noticias\/seminario-de-malange-tem-casa-cheia-65-vocacionados.html#primaryimage"},"datePublished":"2015-02-06T02:36:54+00:00","dateModified":"2019-07-09T12:37:00+00:00","author":{"@id":"https:\/\/franciscanos.org.br\/noticias\/#\/schema\/person\/b38fbf43118f02820bd932f2e4b14ad3"},"breadcrumb":{"@id":"https:\/\/franciscanos.org.br\/noticias\/seminario-de-malange-tem-casa-cheia-65-vocacionados.html#breadcrumb"},"inLanguage":"pt-BR","potentialAction":[{"@type":"ReadAction","target":["https:\/\/franciscanos.org.br\/noticias\/seminario-de-malange-tem-casa-cheia-65-vocacionados.html"]}]},{"@type":"BreadcrumbList","@id":"https:\/\/franciscanos.org.br\/noticias\/seminario-de-malange-tem-casa-cheia-65-vocacionados.html#breadcrumb","itemListElement":[{"@type":"ListItem","position":1,"name":"Home","item":"https:\/\/franciscanos.org.br\/noticias"},{"@type":"ListItem","position":2,"name":"Semin\u00e1rio de Malange em festa: 65 vocacionados"}]},{"@type":"Person","@id":"https:\/\/franciscanos.org.br\/noticias\/#\/schema\/person\/b38fbf43118f02820bd932f2e4b14ad3","name":"admin","image":{"@type":"ImageObject","inLanguage":"pt-BR","@id":"https:\/\/franciscanos.org.br\/noticias\/#\/schema\/person\/image\/","url":"https:\/\/secure.gravatar.com\/avatar\/e8495742d34d0ba6448ea1c628263b3e?s=96&d=mm&r=g","contentUrl":"https:\/\/secure.gravatar.com\/avatar\/e8495742d34d0ba6448ea1c628263b3e?s=96&d=mm&r=g","caption":"admin"},"url":"https:\/\/franciscanos.org.br\/noticias\/author\/admin"}]}},"_links":{"self":[{"href":"https:\/\/franciscanos.org.br\/noticias\/wp-json\/wp\/v2\/posts\/79170"}],"collection":[{"href":"https:\/\/franciscanos.org.br\/noticias\/wp-json\/wp\/v2\/posts"}],"about":[{"href":"https:\/\/franciscanos.org.br\/noticias\/wp-json\/wp\/v2\/types\/post"}],"author":[{"embeddable":true,"href":"https:\/\/franciscanos.org.br\/noticias\/wp-json\/wp\/v2\/users\/1"}],"replies":[{"embeddable":true,"href":"https:\/\/franciscanos.org.br\/noticias\/wp-json\/wp\/v2\/comments?post=79170"}],"version-history":[{"count":0,"href":"https:\/\/franciscanos.org.br\/noticias\/wp-json\/wp\/v2\/posts\/79170\/revisions"}],"wp:featuredmedia":[{"embeddable":true,"href":"https:\/\/franciscanos.org.br\/noticias\/wp-json\/wp\/v2\/media\/207435"}],"wp:attachment":[{"href":"https:\/\/franciscanos.org.br\/noticias\/wp-json\/wp\/v2\/media?parent=79170"}],"wp:term":[{"taxonomy":"category","embeddable":true,"href":"https:\/\/franciscanos.org.br\/noticias\/wp-json\/wp\/v2\/categories?post=79170"},{"taxonomy":"post_tag","embeddable":true,"href":"https:\/\/franciscanos.org.br\/noticias\/wp-json\/wp\/v2\/tags?post=79170"}],"curies":[{"name":"wp","href":"https:\/\/api.w.org\/{rel}","templated":true}]}}