{"id":79111,"date":"2015-02-05T16:43:34","date_gmt":"2015-02-05T18:43:34","guid":{"rendered":"http:\/\/franciscanos.org.br\/?p=79111"},"modified":"2019-09-18T13:33:39","modified_gmt":"2019-09-18T16:33:39","slug":"a-solicitude-de-deus-que-nos-desconcerta","status":"publish","type":"post","link":"https:\/\/franciscanos.org.br\/noticias\/a-solicitude-de-deus-que-nos-desconcerta.html","title":{"rendered":"A solicitude de Deus que nos desconcerta"},"content":{"rendered":"<p><img loading=\"lazy\" class=\"alignnone size-full wp-image-196811\" src=\"https:\/\/franciscanos.org.br\/noticias\/wp-content\/uploads\/2015\/02\/liturgia_dom.jpg\" alt=\"\" width=\"820\" height=\"514\" srcset=\"https:\/\/franciscanos.org.br\/noticias\/wp-content\/uploads\/2015\/02\/liturgia_dom.jpg 820w, https:\/\/franciscanos.org.br\/noticias\/wp-content\/uploads\/2015\/02\/liturgia_dom-450x282.jpg 450w, https:\/\/franciscanos.org.br\/noticias\/wp-content\/uploads\/2015\/02\/liturgia_dom-768x481.jpg 768w, https:\/\/franciscanos.org.br\/noticias\/wp-content\/uploads\/2015\/02\/liturgia_dom-150x94.jpg 150w\" sizes=\"(max-width: 820px) 100vw, 820px\" \/><\/p>\n<p><strong>Frei Gustavo Medella<\/strong><\/p>\n<p>As considera\u00e7\u00f5es de J\u00f3 diante da fragilidade da pr\u00f3pria vida trazem em si resigna\u00e7\u00e3o e certa melancolia. Colocam-nos face a face com o prec\u00e1rio e provis\u00f3rio que a vida humana traz em si. Chegam a espantar. Causam-nos desconforto. S\u00e3o desconcertantes e fazem parecer rid\u00edcula qualquer atitude de prepot\u00eancia, arrog\u00e2ncia e orgulho que possamos trazer em nosso iludido cora\u00e7\u00e3o. &#8220;Lembra-te que minha vida \u00e9 apenas um sopro&#8221; (J\u00f3 7,7).<\/p>\n<p>E \u00e9 neste &#8220;sopro&#8221; de cinquenta, sessenta, &#8220;setenta e poucos&#8221; anos &#8211; ou pouco mais ou pouco menos &#8211; que somos chamados a dar o melhor de n\u00f3s, a nos superar. S\u00e3o Paulo encontrou o sentido de sua vida na prega\u00e7\u00e3o do Evangelho. Entregou-se todo inteiro \u00e0 causa do Cristo: &#8220;Pregar o Evangelho para mim n\u00e3o \u00e9 motivo de gl\u00f3ria. \u00c9 antes uma necessidade para mim, uma imposi\u00e7\u00e3o. Ai de mim se eu n\u00e3o pregar o Evangelho&#8221; (1Cor 9,16). Esta entrega generosa de S\u00e3o Paulo o faz grande em sua pequenez e confere a ele a maturidade de quem se doa integralmente, sem grande preocupa\u00e7\u00e3o com qualquer reconhecimento ou resultado: &#8220;Com todos, eu me fiz tudo, para certamente salvar alguns&#8221; (1Cor 9,22b).<\/p>\n<p>Se desconcertante \u00e9 a constata\u00e7\u00e3o de nossa fragilidade, tamb\u00e9m nos desconcerta a solicitude de Deus em assumi-la de modo integral, como o faz em Jesus Cristo. No Evangelho temos a gra\u00e7a de encontrar este Deus que est\u00e1 sempre ocupado em oferecer cura e salva\u00e7\u00e3o, em olhar nos olhos de cada necessitado, em estender a m\u00e3o a quem est\u00e1 ca\u00eddo, assim com fez com a sogra de Sim\u00e3o Pedro (cf. Mc 1,31). Jesus \u00e9 Deus que &#8220;conforta os cora\u00e7\u00f5es despeda\u00e7ados, ele enfaixa suas feridas e as cura&#8221;, conforme rezamos no Salmo (Sl 146,3).<\/p>\n<p>Se temos muitos motivos para ficarmos espantados, mais ainda s\u00e3o as raz\u00f5es para nos sentirmos gratos e felizes, sem ceder ao des\u00e2nimo e ao desespero. Na companhia de Cristo e dos irm\u00e3os podemos chegar longe, alcan\u00e7ar lugares aos quais jamais ter\u00edamos acesso se caminh\u00e1ssemos sozinhos. Sigamos em frente, com os olhos fixos em Jesus!<\/p>\n","protected":false},"excerpt":{"rendered":"<p>Liturgia dominical<\/p>\n","protected":false},"author":1,"featured_media":211181,"comment_status":"open","ping_status":"open","sticky":false,"template":"","format":"standard","meta":[],"categories":[1],"tags":[537],"acf":[],"yoast_head":"<!-- This site is optimized with the Yoast SEO plugin v19.2 - https:\/\/yoast.com\/wordpress\/plugins\/seo\/ -->\n<title>A solicitude de Deus que nos desconcerta - Not\u00edcias - Franciscanos<\/title>\n<meta name=\"robots\" content=\"index, follow, max-snippet:-1, max-image-preview:large, max-video-preview:-1\" \/>\n<link rel=\"canonical\" href=\"https:\/\/franciscanos.org.br\/noticias\/a-solicitude-de-deus-que-nos-desconcerta.html\" \/>\n<meta property=\"og:locale\" content=\"pt_BR\" \/>\n<meta property=\"og:type\" content=\"article\" \/>\n<meta property=\"og:title\" content=\"A solicitude de Deus que nos desconcerta - Not\u00edcias - Franciscanos\" \/>\n<meta property=\"og:description\" content=\"Liturgia dominical\" \/>\n<meta property=\"og:url\" content=\"https:\/\/franciscanos.org.br\/noticias\/a-solicitude-de-deus-que-nos-desconcerta.html\" \/>\n<meta property=\"og:site_name\" content=\"Not\u00edcias - Franciscanos\" \/>\n<meta property=\"article:published_time\" content=\"2015-02-05T18:43:34+00:00\" \/>\n<meta property=\"article:modified_time\" content=\"2019-09-18T16:33:39+00:00\" \/>\n<meta property=\"og:image\" content=\"https:\/\/franciscanos.org.br\/noticias\/wp-content\/uploads\/2015\/02\/liturgia_dom-1.jpg\" \/>\n\t<meta property=\"og:image:width\" content=\"273\" \/>\n\t<meta property=\"og:image:height\" content=\"181\" \/>\n\t<meta property=\"og:image:type\" content=\"image\/jpeg\" \/>\n<meta name=\"author\" content=\"admin\" \/>\n<meta name=\"twitter:card\" content=\"summary_large_image\" \/>\n<meta name=\"twitter:label1\" content=\"Escrito por\" \/>\n\t<meta name=\"twitter:data1\" content=\"admin\" \/>\n\t<meta name=\"twitter:label2\" content=\"Est. tempo de leitura\" \/>\n\t<meta name=\"twitter:data2\" content=\"2 minutos\" \/>\n<script type=\"application\/ld+json\" class=\"yoast-schema-graph\">{\"@context\":\"https:\/\/schema.org\",\"@graph\":[{\"@type\":\"WebSite\",\"@id\":\"https:\/\/franciscanos.org.br\/noticias\/#website\",\"url\":\"https:\/\/franciscanos.org.br\/noticias\/\",\"name\":\"Not\u00edcias - Franciscanos\",\"description\":\"Prov\u00edncia Franciscana da Imaculada Concei\u00e7\u00e3o do Brasil - Ordem dos Frades Menores - OFM\",\"potentialAction\":[{\"@type\":\"SearchAction\",\"target\":{\"@type\":\"EntryPoint\",\"urlTemplate\":\"https:\/\/franciscanos.org.br\/noticias\/?s={search_term_string}\"},\"query-input\":\"required name=search_term_string\"}],\"inLanguage\":\"pt-BR\"},{\"@type\":\"ImageObject\",\"inLanguage\":\"pt-BR\",\"@id\":\"https:\/\/franciscanos.org.br\/noticias\/a-solicitude-de-deus-que-nos-desconcerta.html#primaryimage\",\"url\":\"https:\/\/franciscanos.org.br\/noticias\/wp-content\/uploads\/2015\/02\/liturgia_dom-1.jpg\",\"contentUrl\":\"https:\/\/franciscanos.org.br\/noticias\/wp-content\/uploads\/2015\/02\/liturgia_dom-1.jpg\",\"width\":273,\"height\":181},{\"@type\":\"WebPage\",\"@id\":\"https:\/\/franciscanos.org.br\/noticias\/a-solicitude-de-deus-que-nos-desconcerta.html#webpage\",\"url\":\"https:\/\/franciscanos.org.br\/noticias\/a-solicitude-de-deus-que-nos-desconcerta.html\",\"name\":\"A solicitude de Deus que nos desconcerta - Not\u00edcias - Franciscanos\",\"isPartOf\":{\"@id\":\"https:\/\/franciscanos.org.br\/noticias\/#website\"},\"primaryImageOfPage\":{\"@id\":\"https:\/\/franciscanos.org.br\/noticias\/a-solicitude-de-deus-que-nos-desconcerta.html#primaryimage\"},\"datePublished\":\"2015-02-05T18:43:34+00:00\",\"dateModified\":\"2019-09-18T16:33:39+00:00\",\"author\":{\"@id\":\"https:\/\/franciscanos.org.br\/noticias\/#\/schema\/person\/b38fbf43118f02820bd932f2e4b14ad3\"},\"breadcrumb\":{\"@id\":\"https:\/\/franciscanos.org.br\/noticias\/a-solicitude-de-deus-que-nos-desconcerta.html#breadcrumb\"},\"inLanguage\":\"pt-BR\",\"potentialAction\":[{\"@type\":\"ReadAction\",\"target\":[\"https:\/\/franciscanos.org.br\/noticias\/a-solicitude-de-deus-que-nos-desconcerta.html\"]}]},{\"@type\":\"BreadcrumbList\",\"@id\":\"https:\/\/franciscanos.org.br\/noticias\/a-solicitude-de-deus-que-nos-desconcerta.html#breadcrumb\",\"itemListElement\":[{\"@type\":\"ListItem\",\"position\":1,\"name\":\"Home\",\"item\":\"https:\/\/franciscanos.org.br\/noticias\"},{\"@type\":\"ListItem\",\"position\":2,\"name\":\"A solicitude de Deus que nos desconcerta\"}]},{\"@type\":\"Person\",\"@id\":\"https:\/\/franciscanos.org.br\/noticias\/#\/schema\/person\/b38fbf43118f02820bd932f2e4b14ad3\",\"name\":\"admin\",\"image\":{\"@type\":\"ImageObject\",\"inLanguage\":\"pt-BR\",\"@id\":\"https:\/\/franciscanos.org.br\/noticias\/#\/schema\/person\/image\/\",\"url\":\"https:\/\/secure.gravatar.com\/avatar\/e8495742d34d0ba6448ea1c628263b3e?s=96&d=mm&r=g\",\"contentUrl\":\"https:\/\/secure.gravatar.com\/avatar\/e8495742d34d0ba6448ea1c628263b3e?s=96&d=mm&r=g\",\"caption\":\"admin\"},\"url\":\"https:\/\/franciscanos.org.br\/noticias\/author\/admin\"}]}<\/script>\n<!-- \/ Yoast SEO plugin. -->","yoast_head_json":{"title":"A solicitude de Deus que nos desconcerta - Not\u00edcias - Franciscanos","robots":{"index":"index","follow":"follow","max-snippet":"max-snippet:-1","max-image-preview":"max-image-preview:large","max-video-preview":"max-video-preview:-1"},"canonical":"https:\/\/franciscanos.org.br\/noticias\/a-solicitude-de-deus-que-nos-desconcerta.html","og_locale":"pt_BR","og_type":"article","og_title":"A solicitude de Deus que nos desconcerta - Not\u00edcias - Franciscanos","og_description":"Liturgia dominical","og_url":"https:\/\/franciscanos.org.br\/noticias\/a-solicitude-de-deus-que-nos-desconcerta.html","og_site_name":"Not\u00edcias - Franciscanos","article_published_time":"2015-02-05T18:43:34+00:00","article_modified_time":"2019-09-18T16:33:39+00:00","og_image":[{"width":273,"height":181,"url":"https:\/\/franciscanos.org.br\/noticias\/wp-content\/uploads\/2015\/02\/liturgia_dom-1.jpg","type":"image\/jpeg"}],"author":"admin","twitter_card":"summary_large_image","twitter_misc":{"Escrito por":"admin","Est. tempo de leitura":"2 minutos"},"schema":{"@context":"https:\/\/schema.org","@graph":[{"@type":"WebSite","@id":"https:\/\/franciscanos.org.br\/noticias\/#website","url":"https:\/\/franciscanos.org.br\/noticias\/","name":"Not\u00edcias - Franciscanos","description":"Prov\u00edncia Franciscana da Imaculada Concei\u00e7\u00e3o do Brasil - Ordem dos Frades Menores - OFM","potentialAction":[{"@type":"SearchAction","target":{"@type":"EntryPoint","urlTemplate":"https:\/\/franciscanos.org.br\/noticias\/?s={search_term_string}"},"query-input":"required name=search_term_string"}],"inLanguage":"pt-BR"},{"@type":"ImageObject","inLanguage":"pt-BR","@id":"https:\/\/franciscanos.org.br\/noticias\/a-solicitude-de-deus-que-nos-desconcerta.html#primaryimage","url":"https:\/\/franciscanos.org.br\/noticias\/wp-content\/uploads\/2015\/02\/liturgia_dom-1.jpg","contentUrl":"https:\/\/franciscanos.org.br\/noticias\/wp-content\/uploads\/2015\/02\/liturgia_dom-1.jpg","width":273,"height":181},{"@type":"WebPage","@id":"https:\/\/franciscanos.org.br\/noticias\/a-solicitude-de-deus-que-nos-desconcerta.html#webpage","url":"https:\/\/franciscanos.org.br\/noticias\/a-solicitude-de-deus-que-nos-desconcerta.html","name":"A solicitude de Deus que nos desconcerta - Not\u00edcias - Franciscanos","isPartOf":{"@id":"https:\/\/franciscanos.org.br\/noticias\/#website"},"primaryImageOfPage":{"@id":"https:\/\/franciscanos.org.br\/noticias\/a-solicitude-de-deus-que-nos-desconcerta.html#primaryimage"},"datePublished":"2015-02-05T18:43:34+00:00","dateModified":"2019-09-18T16:33:39+00:00","author":{"@id":"https:\/\/franciscanos.org.br\/noticias\/#\/schema\/person\/b38fbf43118f02820bd932f2e4b14ad3"},"breadcrumb":{"@id":"https:\/\/franciscanos.org.br\/noticias\/a-solicitude-de-deus-que-nos-desconcerta.html#breadcrumb"},"inLanguage":"pt-BR","potentialAction":[{"@type":"ReadAction","target":["https:\/\/franciscanos.org.br\/noticias\/a-solicitude-de-deus-que-nos-desconcerta.html"]}]},{"@type":"BreadcrumbList","@id":"https:\/\/franciscanos.org.br\/noticias\/a-solicitude-de-deus-que-nos-desconcerta.html#breadcrumb","itemListElement":[{"@type":"ListItem","position":1,"name":"Home","item":"https:\/\/franciscanos.org.br\/noticias"},{"@type":"ListItem","position":2,"name":"A solicitude de Deus que nos desconcerta"}]},{"@type":"Person","@id":"https:\/\/franciscanos.org.br\/noticias\/#\/schema\/person\/b38fbf43118f02820bd932f2e4b14ad3","name":"admin","image":{"@type":"ImageObject","inLanguage":"pt-BR","@id":"https:\/\/franciscanos.org.br\/noticias\/#\/schema\/person\/image\/","url":"https:\/\/secure.gravatar.com\/avatar\/e8495742d34d0ba6448ea1c628263b3e?s=96&d=mm&r=g","contentUrl":"https:\/\/secure.gravatar.com\/avatar\/e8495742d34d0ba6448ea1c628263b3e?s=96&d=mm&r=g","caption":"admin"},"url":"https:\/\/franciscanos.org.br\/noticias\/author\/admin"}]}},"_links":{"self":[{"href":"https:\/\/franciscanos.org.br\/noticias\/wp-json\/wp\/v2\/posts\/79111"}],"collection":[{"href":"https:\/\/franciscanos.org.br\/noticias\/wp-json\/wp\/v2\/posts"}],"about":[{"href":"https:\/\/franciscanos.org.br\/noticias\/wp-json\/wp\/v2\/types\/post"}],"author":[{"embeddable":true,"href":"https:\/\/franciscanos.org.br\/noticias\/wp-json\/wp\/v2\/users\/1"}],"replies":[{"embeddable":true,"href":"https:\/\/franciscanos.org.br\/noticias\/wp-json\/wp\/v2\/comments?post=79111"}],"version-history":[{"count":0,"href":"https:\/\/franciscanos.org.br\/noticias\/wp-json\/wp\/v2\/posts\/79111\/revisions"}],"wp:featuredmedia":[{"embeddable":true,"href":"https:\/\/franciscanos.org.br\/noticias\/wp-json\/wp\/v2\/media\/211181"}],"wp:attachment":[{"href":"https:\/\/franciscanos.org.br\/noticias\/wp-json\/wp\/v2\/media?parent=79111"}],"wp:term":[{"taxonomy":"category","embeddable":true,"href":"https:\/\/franciscanos.org.br\/noticias\/wp-json\/wp\/v2\/categories?post=79111"},{"taxonomy":"post_tag","embeddable":true,"href":"https:\/\/franciscanos.org.br\/noticias\/wp-json\/wp\/v2\/tags?post=79111"}],"curies":[{"name":"wp","href":"https:\/\/api.w.org\/{rel}","templated":true}]}}